{"end_date": "2026-08-31", "name": "LCP-AN-PS", "info_url": "https://epg.pw/channels/448577/20260830.html", "country": "France", "description": null, "error_message": "", "provider": "", "source_url": "https://epg.pw/api/epg.json?channel_id=448577&date=20260830&timezone=None", "epg_list": [{"desc": "Retour sur la lutte qui opposa Edouard Balladur \u00e0 Jacques Chirac lors de l'\u00e9lection pr\u00e9sidentielle de 1995, tenant les \u00e9lecteurs en haleine.", "start_date": "2026-08-30T00:00:00+00:00", "title": "Balladur - Chirac : mensonges et trahisons"}, {"desc": "En Corse, \u00e0 bord de son c\u00e9l\u00e8bre combi, Nathalie Schraen-Guirma emprunte la route qui relie les beaux plus villages de la Balagne en compagnie de Michel Fugain.", "start_date": "2026-08-30T01:06:00+00:00", "title": "Sur les routes mythiques de France"}, {"desc": "Sur les coteaux rocheux et dans les plaines de Corse s'\u00e9tendent de pr\u00e9cieuses vignes qui ont contribu\u00e9 \u00e0 fa\u00e7onner le territoire et les traditions locales.", "start_date": "2026-08-30T02:00:00+00:00", "title": "Patrimoines de France"}, {"desc": null, "start_date": "2026-08-30T02:31:00+00:00", "title": "Manger, c'est voter"}, {"desc": null, "start_date": "2026-08-30T03:01:00+00:00", "title": "1000 pays pour demain"}, {"desc": "En Corse, \u00e0 bord de son c\u00e9l\u00e8bre combi, Nathalie Schraen-Guirma emprunte la route qui relie les beaux plus villages de la Balagne en compagnie de Michel Fugain.", "start_date": "2026-08-30T03:30:00+00:00", "title": "Sur les routes mythiques de France"}, {"desc": "Sur les coteaux rocheux et dans les plaines de Corse s'\u00e9tendent de pr\u00e9cieuses vignes qui ont contribu\u00e9 \u00e0 fa\u00e7onner le territoire et les traditions locales.", "start_date": "2026-08-30T04:29:00+00:00", "title": "Patrimoines de France"}, {"desc": "Un d\u00e9jeuner partag\u00e9 avec Jean-Philippe Tanguy, d\u00e9put\u00e9 RN de la Somme pour parler de la p\u00e9nurie d'oeufs. Depuis plusieurs semaines, les rayons sont clairsem\u00e9s.", "start_date": "2026-08-30T05:01:00+00:00", "title": "Politiques, \u00e0 table !"}, {"desc": "Vous ne le savez pas, mais votre cadre de v\u00e9lo vient peut-\u00eatre de votre machine \u00e0 caf\u00e9... et plus largement des 500 millions de capsules consomm\u00e9es chaque ann\u00e9e en France.", "start_date": "2026-08-30T05:56:00+00:00", "title": "Seconde vie"}, {"desc": "Cette semaine, le plateau accueille Bartabas, l'homme de sc\u00e8ne et de chevaux qu'on ne pr\u00e9sente plus, pour un \u00e9tonnant r\u00e9cit intitul\u00e9 \"Les Cogne-Trottoirs\", publi\u00e9 chez Gallimard, et la jeune Pauline Peyrade, elle-m\u00eame autrice de th\u00e9\u00e2tre, qui publie son second roman, \"Les Habitantes\", aux Editions de Minuit.", "start_date": "2026-08-30T06:00:00+00:00", "title": "Au bonheur des livres"}, {"desc": "Dans la capitale fran\u00e7aise, au XIXe si\u00e8cle, le luxe c\u00f4toie la mis\u00e8re, et la soci\u00e9t\u00e9 bourgeoise croise dans ses rues le Paris des marges, \u00e0 commencer par les prostitu\u00e9es.", "start_date": "2026-08-30T06:29:00+00:00", "title": "Patrimoines de France"}, {"desc": "Ce sont de futurs gymnastes, nageurs, patineurs, joueurs de hockey, de tennis ou de football mais leur enfance est sacrifi\u00e9e sur l'autel du sport de haut niveau.", "start_date": "2026-08-30T06:58:00+00:00", "title": "Futurs champions, le prix de la gloire"}, {"desc": "Des arch\u00e9ologues fran\u00e7ais m\u00e8nent une mission en Egypte dans le Palais des hi\u00e9roglyphes, l'immense monument fun\u00e9raire d'un pr\u00eatre d\u00e9nomm\u00e9 Padiamenop\u00e9.", "start_date": "2026-08-30T08:29:00+00:00", "title": "Le palais des hi\u00e9roglyphes - Sur les traces de Champollion"}, {"desc": null, "start_date": "2026-08-30T10:00:00+00:00", "title": "Le Grand Jury"}, {"desc": "Immigr\u00e9 italien fascin\u00e9 par l'Am\u00e9rique, le jeune Ivo Livi r\u00eavait d'\u00eatre Fred Astaire ou Gary Cooper. Il deviendra Yves Montand : portrait d'un acteur et chanteur engag\u00e9.", "start_date": "2026-08-30T11:00:00+00:00", "title": "Montand est \u00e0 nous"}, {"desc": "Un d\u00e9jeuner partag\u00e9 avec Fr\u00e9d\u00e9ric Comyn, artisan boulanger, p\u00e2tissier et chocolatier pour parler du k\u00e9bab l'un des sandwichs les plus consomm\u00e9s en France.", "start_date": "2026-08-30T13:01:00+00:00", "title": "Politiques, \u00e0 table !"}, {"desc": "Nano-habitats: des logements respectueux de l'environnement. Conservation du b\u00e2ti existant, mat\u00e9riaux recycl\u00e9s, espaces modulables et r\u00e9utilisables... quand le b\u00e2timent se met \u00e0 l'heure du d\u00e9veloppement durable.", "start_date": "2026-08-30T13:59:00+00:00", "title": "Construire pour l'avenir"}, {"desc": "A Brest, Franck d\u00e9veloppe des traitements r\u00e9volutionnaires pour soigner les grands br\u00fbl\u00e9s, Christophe met en place un \u00e9cosyst\u00e8me pour aider Brest \u00e0 devenir un des leaders de l'\u00e9olien en mer, Yves trouve des solutions pour rendre plus inclusifs les sports nautiques. Enfin, Ma\u00eblle et Alicia misent sur le mod\u00e8le gagnant de l'interg\u00e9n\u00e9rationnel dans les cr\u00e8ches et les maisons de retraite.", "start_date": "2026-08-30T14:02:00+00:00", "title": "Notre futur a de l'avenir"}, {"desc": "Dans son nouvel album r\u00e9alis\u00e9 avec Benjamin Biolay, Jeanne Cherhal retrouve ses th\u00e8mes de pr\u00e9dilection : sa f\u00e9minit\u00e9 et ses relations amoureuses. Ses huit albums regorgent de textes li\u00e9s \u00e0 l'amour qu'elle porte aux hommes. Si elle \"a toujours senti que le f\u00e9minisme et l'amour des hommes pouvaient cohabiter\", elle reconna\u00eet que c'est un enjeu majeur de l'\u00e9poque.", "start_date": "2026-08-30T14:29:00+00:00", "title": "Quai n\u00b08"}, {"desc": "Calogero est un auteur-compositeur-interpr\u00e8te reconnu pour ses m\u00e9lodies pop et ses textes sensibles, qu'il partage avec le public depuis plus de vingt ans. Ancien membre du groupe Les Charts, il s'est impos\u00e9 en solo comme l'une des figures majeures de la chanson fran\u00e7aise contemporaine. Son dernier album, \" X \", contient un titre dans lequel il \u00e9voque ses difficult\u00e9s scolaires.", "start_date": "2026-08-30T14:55:00+00:00", "title": "Quai n\u00b08"}, {"desc": "Comme de nombreuses villes fran\u00e7aises, Clermont-Ferrand fait face \u00e0 une vague de violence d'une ampleur in\u00e9dite en raison de l'explosion du narcotrafic.", "start_date": "2026-08-30T15:22:00+00:00", "title": "Dans ma ville"}, {"desc": "Dans une \u00e9poque travers\u00e9e par des luttes informationnelles incessantes et des attaques multi-champs, le r\u00e9armement moral se pr\u00e9sente comme in\u00e9vitable.", "start_date": "2026-08-30T15:37:00+00:00", "title": "Le journal de la D\u00e9fense"}, {"desc": "Depuis plus de deux si\u00e8cles, les s\u00e9maphores veillent. Sentinelles silencieuses, ils sont pr\u00e8s d'une soixantaine aujourd'hui \u00e0 jalonner strat\u00e9giquement le littoral fran\u00e7ais. Mais le public ignore souvent que ces silhouettes alti\u00e8res implant\u00e9es dans les plus beaux paysages c\u00f4tiers sont arm\u00e9es par la Marine nationale.", "start_date": "2026-08-30T16:02:00+00:00", "title": "Le journal de la D\u00e9fense"}, {"desc": null, "start_date": "2026-08-30T16:29:00+00:00", "title": "A table *2026"}, {"desc": "Le vin, un patrimoine fran\u00e7ais en danger : Le vin n'a plus la cote, et dans certaines r\u00e9gions historiques, on arrache m\u00eame des milliers d'hectares de vignes. Depuis 2023, les vignerons bordelais ont retir\u00e9 18 000 hectares de leur vignoble. Dans les ann\u00e9es 1960, un Fran\u00e7ais consommait plus de 120 litres de vin par an, alors qu'aujourd'hui la moyenne se situe autour de 40 litres. En une g\u00e9n\u00e9ration, ", "start_date": "2026-08-30T16:33:00+00:00", "title": "VIP Very Important Paysans"}, {"desc": "Handicap : repenser l'habitat pour permettre le maintien \u00e0 domicile.", "start_date": "2026-08-30T17:31:00+00:00", "title": "Construire pour l'avenir"}, {"desc": "Gros plan sur la commission d'enqu\u00eate parlementaire consacr\u00e9e au traitement judiciaire de l'inceste, \u00e0 travers les t\u00e9moignages exclusifs des d\u00e9put\u00e9s qui l'ont port\u00e9e.", "start_date": "2026-08-30T17:34:00+00:00", "title": "Inceste, du silence \u00e0 la loi"}, {"desc": null, "start_date": "2026-08-30T18:27:00+00:00", "title": "A table *2026"}, {"desc": null, "start_date": "2026-08-30T18:30:00+00:00", "title": "QE, l'\u00e9mission qui augmente votre Quotient \u00e9conomique"}, {"desc": "Hamida Aman, journaliste, a fond\u00e9 Radio Begum et Begum TV, \u00e0 destination des femmes et jeunes filles afghanes.", "start_date": "2026-08-30T18:59:00+00:00", "title": "Troph\u00e9es m\u00e9diaClub'Elles 2026"}, {"desc": "Le village de Villeneuve, soumis \u00e0 l'occupant allemand, est le th\u00e9\u00e2tre des luttes entre r\u00e9sistants et collaborateurs. Une camarade de Marcel est arr\u00eat\u00e9e.", "start_date": "2026-08-30T19:00:00+00:00", "title": "Un village fran\u00e7ais"}, {"desc": "Alors qu'il vient de se porter volontaire pour une op\u00e9ration, Marcel doit se rendre au chevet de son p\u00e8re mourant, \u00e0 qui il ne parlait plus depuis des ann\u00e9es.", "start_date": "2026-08-30T19:50:00+00:00", "title": "Un village fran\u00e7ais"}, {"desc": "La liaison secr\u00e8te de Lucienne avec Kurt est d\u00e9couverte par le directeur de l'\u00e9cole. Lucienne, enceinte, songe \u00e0 avorter pour \u00e9viter le scandale.", "start_date": "2026-08-30T20:39:00+00:00", "title": "Un village fran\u00e7ais"}, {"desc": "Ce proc\u00e8s d'assises, tourn\u00e9 \u00e0 Saint-Omer doit juger de la culpabilit\u00e9 d'une m\u00e8re, d\u00e9j\u00e0 condamn\u00e9e en premi\u00e8re instance pour violence volontaire sur son enfant.", "start_date": "2026-08-30T21:26:00+00:00", "title": "Justice en France"}, {"desc": "La Martinique est devenue, en 2023, la cinqui\u00e8me zone bleue de la plan\u00e8te, une r\u00e9gion o\u00f9 la population jouit d'une long\u00e9vit\u00e9 hors-norme. Enqu\u00eate.", "start_date": "2026-08-30T22:26:00+00:00", "title": "Martinique, terre de centenaires"}, {"desc": "Vivre dans les communes aux alentours de Roissy, c'est subir des nuisances sonores au quotidien, de jour comme de nuit. Avec ses 470 000 d\u00e9collages ou atterrissages en 2024, dont 17 000 la nuit, l'a\u00e9roport n'offre pas de r\u00e9pit \u00e0 ses riverains. Or les nuisances sonores repr\u00e9sentent un vrai danger pour la sant\u00e9. Mais comment les r\u00e9duire ?", "start_date": "2026-08-30T23:19:00+00:00", "title": "Circo"}, {"desc": "Partout en France, les villes touristiques sont confront\u00e9es \u00e0 la crise du logement : de plus en plus de touristes en centre-ville et de moins en moins d'habitants.", "start_date": "2026-08-30T23:32:00+00:00", "title": "Circo"}, {"desc": "En France, 523 communes sont confront\u00e9es \u00e0 l'\u00e9rosion c\u00f4ti\u00e8re mais c'est en Camargue que le ph\u00e9nom\u00e8ne est le plus inqui\u00e9tant. Le niveau de la mer y augmente de pr\u00e8s de 4 mm par an.", "start_date": "2026-08-30T23:45:00+00:00", "title": "Dans ma ville"}, {"desc": "Immigr\u00e9 italien fascin\u00e9 par l'Am\u00e9rique, le jeune Ivo Livi r\u00eavait d'\u00eatre Fred Astaire ou Gary Cooper. Il deviendra Yves Montand : portrait d'un acteur et chanteur engag\u00e9.", "start_date": "2026-08-31T05:19:00+00:00", "title": "Montand est \u00e0 nous"}, {"desc": "Mardi 21 juillet, les d\u00e9put\u00e9s se sont prononc\u00e9s sur le projet de loi de protection des enfants, apr\u00e8s en avoir d\u00e9battu dans l'h\u00e9micycle du 15 au 17 juillet. Au cours de l'examen du texte, les d\u00e9put\u00e9s ont notamment vot\u00e9 en faveur de la cr\u00e9ation d'une \"ordonnance de protection de l'enfant\" en cas de suspicion d'inceste ou de maltraitance.", "start_date": "2026-08-31T07:01:00+00:00", "title": "La s\u00e9ance est ouverte !"}, {"desc": "Adepte des bons mots et des formules chocs, Guillaume Bigot a toujours \u00e9t\u00e9 un \u00e9lectron libre, en tout cas jusqu'\u00e0 son \u00e9lection \u00e0 l'Assembl\u00e9e sous les couleurs du RN.", "start_date": "2026-08-31T08:30:00+00:00", "title": "La politique et moi"}, {"desc": "G\u00e9raldine Bannier a \u00e9t\u00e9 \u00e9lue maire sans vraiment le vouloir, mais elle a pris go\u00fbt \u00e0 la politique et si\u00e8ge d\u00e9sormais au sein du groupe D\u00e9mocrate \u00e0 l'Assembl\u00e9e.", "start_date": "2026-08-31T08:44:00+00:00", "title": "La politique et moi"}, {"desc": "Pour sa 8e \u00e9dition, la c\u00e9r\u00e9monie des Troph\u00e9es m\u00e9diaClub'Elles s'est tenue le mercredi 4 f\u00e9vrier 2026, dans les prestigieux salons de l'H\u00f4tel de Lassay, \u00e0 l'Assembl\u00e9e nationale.", "start_date": "2026-08-31T08:58:00+00:00", "title": "Troph\u00e9es m\u00e9diaClub'Elles 2026"}, {"desc": null, "start_date": "2026-08-31T09:00:00+00:00", "title": "100% S\u00e9nat"}, {"desc": "Le proc\u00e8s pour espionnage des Rosenberg, une couple de juifs am\u00e9ricains, fut un pr\u00e9lude de la guerre froide avant de devenir le symbole d'une parodie de justice.", "start_date": "2026-08-31T10:31:00+00:00", "title": "Les Rosenberg, des espions au coeur de l'Am\u00e9rique"}, {"desc": null, "start_date": "2026-08-31T11:30:00+00:00", "title": "Masterclass"}, {"desc": "A Brest, Franck d\u00e9veloppe des traitements r\u00e9volutionnaires pour soigner les grands br\u00fbl\u00e9s, Christophe met en place un \u00e9cosyst\u00e8me pour aider Brest \u00e0 devenir un des leaders de l'\u00e9olien en mer, Yves trouve des solutions pour rendre plus inclusifs les sports nautiques. Enfin, Ma\u00eblle et Alicia misent sur le mod\u00e8le gagnant de l'interg\u00e9n\u00e9rationnel dans les cr\u00e8ches et les maisons de retraite.", "start_date": "2026-08-31T12:02:00+00:00", "title": "Notre futur a de l'avenir"}, {"desc": null, "start_date": "2026-08-31T12:27:00+00:00", "title": "A table *2026"}, {"desc": null, "start_date": "2026-08-31T12:31:00+00:00", "title": "QE, l'\u00e9mission qui augmente votre Quotient \u00e9conomique"}, {"desc": "Le vin, un patrimoine fran\u00e7ais en danger : Le vin n'a plus la cote, et dans certaines r\u00e9gions historiques, on arrache m\u00eame des milliers d'hectares de vignes. Depuis 2023, les vignerons bordelais ont retir\u00e9 18 000 hectares de leur vignoble. Dans les ann\u00e9es 1960, un Fran\u00e7ais consommait plus de 120 litres de vin par an, alors qu'aujourd'hui la moyenne se situe autour de 40 litres. En une g\u00e9n\u00e9ration, ", "start_date": "2026-08-31T13:01:00+00:00", "title": "VIP Very Important Paysans"}, {"desc": "Et si Victor Hugo \u00e9tait un extraordinaire politique, visionnaire et pr\u00e9curseur, en plus d'\u00eatre un \u00e9crivain de g\u00e9nie ? Ses d\u00e9tracteurs ont beau dire qu'il a beaucoup vari\u00e9 politiquement, il est toujours rest\u00e9 fid\u00e8le \u00e0 ses id\u00e9es, incarnant la R\u00e9publique dans l'exil, cherchant toute sa vie un parti pour soutenir ses id\u00e9es.", "start_date": "2026-08-31T13:59:00+00:00", "title": "Visages des assembl\u00e9es"}, {"desc": "Dans une \u00e9poque travers\u00e9e par des luttes informationnelles incessantes et des attaques multi-champs, le r\u00e9armement moral se pr\u00e9sente comme in\u00e9vitable.", "start_date": "2026-08-31T14:03:00+00:00", "title": "Le journal de la D\u00e9fense"}, {"desc": "Depuis leur cr\u00e9ation en f\u00e9vrier 2019, les Troph\u00e9es m\u00e9diaClub'Elles c\u00e9l\u00e8brent les femmes et les hommes engag\u00e9s pour une meilleure repr\u00e9sentation des femmes dans les m\u00e9dias. Pour sa 8e \u00e9dition, la c\u00e9r\u00e9monie des Troph\u00e9es m\u00e9diaClub'Elles s'est tenue le mercredi 4 f\u00e9vrier 2026, dans les prestigieux salons de l'H\u00f4tel de Lassay, \u00e0 l'Assembl\u00e9e nationale. Hafsia Herzi, r\u00e9alisatrice du film \"La Petite Derni", "start_date": "2026-08-31T14:28:00+00:00", "title": "Troph\u00e9es m\u00e9diaClub'Elles 2026"}, {"desc": "L'art de la politique, de la diplomatie se pratique devant une blanquette de veau fumante ou entre la poire et le fromage, loin des lieux habituels du pouvoir.", "start_date": "2026-08-31T14:54:00+00:00", "title": "R\u00e9gimes pr\u00e9sidentiels"}, {"desc": null, "start_date": "2026-08-31T16:00:00+00:00", "title": "Sens public"}, {"desc": "Un d\u00e9jeuner partag\u00e9 avec S\u00e9bastien Peytavie, d\u00e9put\u00e9 \"\u00c9cologiste et Social\" de Dordogne pour parler de la salinit\u00e9 excessive des sols en Camargue.", "start_date": "2026-08-31T17:31:00+00:00", "title": "Politiques, \u00e0 table !"}, {"desc": "Vivre dans les communes aux alentours de Roissy, c'est subir des nuisances sonores au quotidien, de jour comme de nuit. Avec ses 470 000 d\u00e9collages ou atterrissages en 2024, dont 17 000 la nuit, l'a\u00e9roport n'offre pas de r\u00e9pit \u00e0 ses riverains. Or les nuisances sonores repr\u00e9sentent un vrai danger pour la sant\u00e9. Mais comment les r\u00e9duire ?", "start_date": "2026-08-31T18:26:00+00:00", "title": "Circo"}, {"desc": "Durant les Ann\u00e9es folles, la joueuse de tennis Suzanne Lenglen, a laiss\u00e9 son empreinte non seulement sur les courts de tennis mais aussi dans l'histoire de l'\u00e9mancipation f\u00e9minine.", "start_date": "2026-08-31T18:40:00+00:00", "title": "Suzanne Lenglen, le court de la libert\u00e9"}, {"desc": "De l'\u00e9galit\u00e9 \u00e9conomique au d\u00e9bat sur le nombre de sets \u00e0 jouer par match, quels sont les d\u00e9fis du tennis f\u00e9minin professionnel aujourd'hui ? Pour en d\u00e9battre, Jean-Pierre Gratien re\u00e7oit In\u00e8s Lagdiri-Nastasi, journaliste et commentatrice pour France T\u00e9l\u00e9visions ; Murielle Magellan, romanci\u00e8re et r\u00e9alisatrice, et Camille Pin, ancienne joueuse de tennis professionnelle.", "start_date": "2026-08-31T19:40:00+00:00", "title": "D\u00e9batDoc"}, {"desc": null, "start_date": "2026-08-31T20:00:00+00:00", "title": "Sens public"}, {"desc": "Mai 1940. La France conna\u00eet la d\u00e9faite la plus terrible de son histoire. Ce documentaire offre un regard sur les \u00e9v\u00e9nements qui ont conduit \u00e0 ce camouflet.", "start_date": "2026-08-31T21:31:00+00:00", "title": "Mai 40 - Les 30 jours du d\u00e9sastre"}, {"desc": "Le 23 juin 2026, Marc Bloch entre au Panth\u00e9on, aussi bien en tant que r\u00e9sistant qu'en tant qu'historien. Celui qui, entre les deux guerres mondiales auxquelles il participa en premi\u00e8re ligne, r\u00e9volutionna la pratique et l'enseignement de l'histoire en France devient ainsi le premier historien \u00e0 rejoindre les grands personnages de la Nation.", "start_date": "2026-08-31T22:31:00+00:00", "title": "D\u00e9batDoc"}, {"desc": "Dans une \u00e9poque travers\u00e9e par des luttes informationnelles incessantes et des attaques multi-champs, le r\u00e9armement moral se pr\u00e9sente comme in\u00e9vitable.", "start_date": "2026-08-31T22:52:00+00:00", "title": "Le journal de la D\u00e9fense"}, {"desc": "Mardi 21 juillet, les d\u00e9put\u00e9s se sont prononc\u00e9s sur le projet de loi de protection des enfants, apr\u00e8s en avoir d\u00e9battu dans l'h\u00e9micycle du 15 au 17 juillet. Au cours de l'examen du texte, les d\u00e9put\u00e9s ont notamment vot\u00e9 en faveur de la cr\u00e9ation d'une \"ordonnance de protection de l'enfant\" en cas de suspicion d'inceste ou de maltraitance.", "start_date": "2026-08-31T23:19:00+00:00", "title": "La s\u00e9ance est ouverte !"}], "offset": "+00:00", "timezone": "UTC", "error_code": -1, "start_date": "2026-08-30", "icon": ""}