{"end_date": "2026-09-01", "name": "LCP-AN-PS", "info_url": "https://epg.pw/channels/448577/20260831.html", "country": "France", "description": null, "error_message": "", "provider": "", "source_url": "https://epg.pw/api/epg.json?channel_id=448577&date=20260831&timezone=None", "epg_list": [{"desc": "Immigr\u00e9 italien fascin\u00e9 par l'Am\u00e9rique, le jeune Ivo Livi r\u00eavait d'\u00eatre Fred Astaire ou Gary Cooper. Il deviendra Yves Montand : portrait d'un acteur et chanteur engag\u00e9.", "start_date": "2026-08-31T05:19:00+00:00", "title": "Montand est \u00e0 nous"}, {"desc": "Mardi 21 juillet, les d\u00e9put\u00e9s se sont prononc\u00e9s sur le projet de loi de protection des enfants, apr\u00e8s en avoir d\u00e9battu dans l'h\u00e9micycle du 15 au 17 juillet. Au cours de l'examen du texte, les d\u00e9put\u00e9s ont notamment vot\u00e9 en faveur de la cr\u00e9ation d'une \"ordonnance de protection de l'enfant\" en cas de suspicion d'inceste ou de maltraitance.", "start_date": "2026-08-31T07:01:00+00:00", "title": "La s\u00e9ance est ouverte !"}, {"desc": "Adepte des bons mots et des formules chocs, Guillaume Bigot a toujours \u00e9t\u00e9 un \u00e9lectron libre, en tout cas jusqu'\u00e0 son \u00e9lection \u00e0 l'Assembl\u00e9e sous les couleurs du RN.", "start_date": "2026-08-31T08:30:00+00:00", "title": "La politique et moi"}, {"desc": "G\u00e9raldine Bannier a \u00e9t\u00e9 \u00e9lue maire sans vraiment le vouloir, mais elle a pris go\u00fbt \u00e0 la politique et si\u00e8ge d\u00e9sormais au sein du groupe D\u00e9mocrate \u00e0 l'Assembl\u00e9e.", "start_date": "2026-08-31T08:44:00+00:00", "title": "La politique et moi"}, {"desc": "Pour sa 8e \u00e9dition, la c\u00e9r\u00e9monie des Troph\u00e9es m\u00e9diaClub'Elles s'est tenue le mercredi 4 f\u00e9vrier 2026, dans les prestigieux salons de l'H\u00f4tel de Lassay, \u00e0 l'Assembl\u00e9e nationale.", "start_date": "2026-08-31T08:58:00+00:00", "title": "Troph\u00e9es m\u00e9diaClub'Elles 2026"}, {"desc": null, "start_date": "2026-08-31T09:00:00+00:00", "title": "100% S\u00e9nat"}, {"desc": "Le proc\u00e8s pour espionnage des Rosenberg, une couple de juifs am\u00e9ricains, fut un pr\u00e9lude de la guerre froide avant de devenir le symbole d'une parodie de justice.", "start_date": "2026-08-31T10:31:00+00:00", "title": "Les Rosenberg, des espions au coeur de l'Am\u00e9rique"}, {"desc": null, "start_date": "2026-08-31T11:30:00+00:00", "title": "Masterclass"}, {"desc": "A Brest, Franck d\u00e9veloppe des traitements r\u00e9volutionnaires pour soigner les grands br\u00fbl\u00e9s, Christophe met en place un \u00e9cosyst\u00e8me pour aider Brest \u00e0 devenir un des leaders de l'\u00e9olien en mer, Yves trouve des solutions pour rendre plus inclusifs les sports nautiques. Enfin, Ma\u00eblle et Alicia misent sur le mod\u00e8le gagnant de l'interg\u00e9n\u00e9rationnel dans les cr\u00e8ches et les maisons de retraite.", "start_date": "2026-08-31T12:02:00+00:00", "title": "Notre futur a de l'avenir"}, {"desc": null, "start_date": "2026-08-31T12:27:00+00:00", "title": "A table *2026"}, {"desc": null, "start_date": "2026-08-31T12:31:00+00:00", "title": "QE, l'\u00e9mission qui augmente votre Quotient \u00e9conomique"}, {"desc": "Le vin, un patrimoine fran\u00e7ais en danger : Le vin n'a plus la cote, et dans certaines r\u00e9gions historiques, on arrache m\u00eame des milliers d'hectares de vignes. Depuis 2023, les vignerons bordelais ont retir\u00e9 18 000 hectares de leur vignoble. Dans les ann\u00e9es 1960, un Fran\u00e7ais consommait plus de 120 litres de vin par an, alors qu'aujourd'hui la moyenne se situe autour de 40 litres. En une g\u00e9n\u00e9ration, ", "start_date": "2026-08-31T13:01:00+00:00", "title": "VIP Very Important Paysans"}, {"desc": "Et si Victor Hugo \u00e9tait un extraordinaire politique, visionnaire et pr\u00e9curseur, en plus d'\u00eatre un \u00e9crivain de g\u00e9nie ? Ses d\u00e9tracteurs ont beau dire qu'il a beaucoup vari\u00e9 politiquement, il est toujours rest\u00e9 fid\u00e8le \u00e0 ses id\u00e9es, incarnant la R\u00e9publique dans l'exil, cherchant toute sa vie un parti pour soutenir ses id\u00e9es.", "start_date": "2026-08-31T13:59:00+00:00", "title": "Visages des assembl\u00e9es"}, {"desc": "Dans une \u00e9poque travers\u00e9e par des luttes informationnelles incessantes et des attaques multi-champs, le r\u00e9armement moral se pr\u00e9sente comme in\u00e9vitable.", "start_date": "2026-08-31T14:03:00+00:00", "title": "Le journal de la D\u00e9fense"}, {"desc": "Depuis leur cr\u00e9ation en f\u00e9vrier 2019, les Troph\u00e9es m\u00e9diaClub'Elles c\u00e9l\u00e8brent les femmes et les hommes engag\u00e9s pour une meilleure repr\u00e9sentation des femmes dans les m\u00e9dias. Pour sa 8e \u00e9dition, la c\u00e9r\u00e9monie des Troph\u00e9es m\u00e9diaClub'Elles s'est tenue le mercredi 4 f\u00e9vrier 2026, dans les prestigieux salons de l'H\u00f4tel de Lassay, \u00e0 l'Assembl\u00e9e nationale. Hafsia Herzi, r\u00e9alisatrice du film \"La Petite Derni", "start_date": "2026-08-31T14:28:00+00:00", "title": "Troph\u00e9es m\u00e9diaClub'Elles 2026"}, {"desc": "L'art de la politique, de la diplomatie se pratique devant une blanquette de veau fumante ou entre la poire et le fromage, loin des lieux habituels du pouvoir.", "start_date": "2026-08-31T14:54:00+00:00", "title": "R\u00e9gimes pr\u00e9sidentiels"}, {"desc": null, "start_date": "2026-08-31T16:00:00+00:00", "title": "Sens public"}, {"desc": "Un d\u00e9jeuner partag\u00e9 avec S\u00e9bastien Peytavie, d\u00e9put\u00e9 \"\u00c9cologiste et Social\" de Dordogne pour parler de la salinit\u00e9 excessive des sols en Camargue.", "start_date": "2026-08-31T17:31:00+00:00", "title": "Politiques, \u00e0 table !"}, {"desc": "Vivre dans les communes aux alentours de Roissy, c'est subir des nuisances sonores au quotidien, de jour comme de nuit. Avec ses 470 000 d\u00e9collages ou atterrissages en 2024, dont 17 000 la nuit, l'a\u00e9roport n'offre pas de r\u00e9pit \u00e0 ses riverains. Or les nuisances sonores repr\u00e9sentent un vrai danger pour la sant\u00e9. Mais comment les r\u00e9duire ?", "start_date": "2026-08-31T18:26:00+00:00", "title": "Circo"}, {"desc": "Durant les Ann\u00e9es folles, la joueuse de tennis Suzanne Lenglen, a laiss\u00e9 son empreinte non seulement sur les courts de tennis mais aussi dans l'histoire de l'\u00e9mancipation f\u00e9minine.", "start_date": "2026-08-31T18:40:00+00:00", "title": "Suzanne Lenglen, le court de la libert\u00e9"}, {"desc": "De l'\u00e9galit\u00e9 \u00e9conomique au d\u00e9bat sur le nombre de sets \u00e0 jouer par match, quels sont les d\u00e9fis du tennis f\u00e9minin professionnel aujourd'hui ? Pour en d\u00e9battre, Jean-Pierre Gratien re\u00e7oit In\u00e8s Lagdiri-Nastasi, journaliste et commentatrice pour France T\u00e9l\u00e9visions ; Murielle Magellan, romanci\u00e8re et r\u00e9alisatrice, et Camille Pin, ancienne joueuse de tennis professionnelle.", "start_date": "2026-08-31T19:40:00+00:00", "title": "D\u00e9batDoc"}, {"desc": null, "start_date": "2026-08-31T20:00:00+00:00", "title": "Sens public"}, {"desc": "Mai 1940. La France conna\u00eet la d\u00e9faite la plus terrible de son histoire. Ce documentaire offre un regard sur les \u00e9v\u00e9nements qui ont conduit \u00e0 ce camouflet.", "start_date": "2026-08-31T21:31:00+00:00", "title": "Mai 40 - Les 30 jours du d\u00e9sastre"}, {"desc": "Le 23 juin 2026, Marc Bloch entre au Panth\u00e9on, aussi bien en tant que r\u00e9sistant qu'en tant qu'historien. Celui qui, entre les deux guerres mondiales auxquelles il participa en premi\u00e8re ligne, r\u00e9volutionna la pratique et l'enseignement de l'histoire en France devient ainsi le premier historien \u00e0 rejoindre les grands personnages de la Nation.", "start_date": "2026-08-31T22:31:00+00:00", "title": "D\u00e9batDoc"}, {"desc": "Dans une \u00e9poque travers\u00e9e par des luttes informationnelles incessantes et des attaques multi-champs, le r\u00e9armement moral se pr\u00e9sente comme in\u00e9vitable.", "start_date": "2026-08-31T22:52:00+00:00", "title": "Le journal de la D\u00e9fense"}, {"desc": "Mardi 21 juillet, les d\u00e9put\u00e9s se sont prononc\u00e9s sur le projet de loi de protection des enfants, apr\u00e8s en avoir d\u00e9battu dans l'h\u00e9micycle du 15 au 17 juillet. Au cours de l'examen du texte, les d\u00e9put\u00e9s ont notamment vot\u00e9 en faveur de la cr\u00e9ation d'une \"ordonnance de protection de l'enfant\" en cas de suspicion d'inceste ou de maltraitance.", "start_date": "2026-08-31T23:19:00+00:00", "title": "La s\u00e9ance est ouverte !"}, {"desc": "La commission des affaires culturelles auditionne Christophe Leribault, pr\u00e9sident-directeur du mus\u00e9e du Louvre depuis f\u00e9vrier 2026, succ\u00e9dant \u00e0 Laurence des Cars.", "start_date": "2026-09-01T00:46:00+00:00", "title": "La s\u00e9ance est ouverte !"}, {"desc": "Adepte des bons mots et des formules chocs, Guillaume Bigot a toujours \u00e9t\u00e9 un \u00e9lectron libre, en tout cas jusqu'\u00e0 son \u00e9lection \u00e0 l'Assembl\u00e9e sous les couleurs du RN.", "start_date": "2026-09-01T02:11:00+00:00", "title": "La politique et moi"}, {"desc": null, "start_date": "2026-09-01T02:26:00+00:00", "title": "Histoires de timbres"}, {"desc": null, "start_date": "2026-09-01T02:30:00+00:00", "title": "100% S\u00e9nat"}, {"desc": null, "start_date": "2026-09-01T04:00:00+00:00", "title": "Sens public"}, {"desc": "Il est l'un des rares humoristes \u00e0 faire rire tous les publics, de gauche comme de droite. Habitu\u00e9 des micros de France Inter Alex Vizorek officie d\u00e9sormais sur RTL.", "start_date": "2026-09-01T05:31:00+00:00", "title": "Un monde, un regard"}, {"desc": "Le syndicat polonais Solidarnosc a \u00e9t\u00e9, en 1980, \u00e0 la pointe de l'opposition au r\u00e9gime du g\u00e9n\u00e9ral Jaruzelski et a mobilis\u00e9 des millions de personnes.", "start_date": "2026-09-01T06:00:00+00:00", "title": "Solidarnosc, la premi\u00e8re br\u00e8che"}, {"desc": "Mercredi 8 juillet, les d\u00e9put\u00e9s ont d\u00e9finitivement adopt\u00e9 le projet de loi sur la justice criminelle et le respect des victimes. Le \"plaider-coupable\" criminel, mesure phare mais largement contest\u00e9e, a \u00e9t\u00e9 \u00e9cart\u00e9 du projet de loi au cours de son examen.", "start_date": "2026-09-01T07:01:00+00:00", "title": "La s\u00e9ance est ouverte !"}, {"desc": "Il a \u00e9t\u00e9 entrepreneur, patron de start up et consultant chez McKinsey. Devenu d\u00e9put\u00e9 en 2022, Paul Midy se bat aujourd'hui pour mieux r\u00e9guler Internet.", "start_date": "2026-09-01T08:29:00+00:00", "title": "La politique et moi"}, {"desc": "Emmanuel Tach\u00e9 a fait carri\u00e8re dans les milieux de la mode, de la culture et des m\u00e9dias, tout en s'engageant en politique d\u00e8s ses 18 ans. Il si\u00e8ge d\u00e9sormais au RN.", "start_date": "2026-09-01T08:43:00+00:00", "title": "La politique et moi"}, {"desc": "Depuis leur cr\u00e9ation en f\u00e9vrier 2019, les Troph\u00e9es m\u00e9diaClub'Elles c\u00e9l\u00e8brent les femmes et les hommes engag\u00e9s pour une meilleure repr\u00e9sentation des femmes dans les m\u00e9dias. Pour sa 8e \u00e9dition, la c\u00e9r\u00e9monie des Troph\u00e9es m\u00e9diaClub'Elles s'est tenue le mercredi 4 f\u00e9vrier 2026, dans les prestigieux salons de l'H\u00f4tel de Lassay, \u00e0 l'Assembl\u00e9e nationale. Lio, chanteuse, actrice et ic\u00f4ne du documentaire \"L", "start_date": "2026-09-01T08:58:00+00:00", "title": "Troph\u00e9es m\u00e9diaClub'Elles 2026"}, {"desc": null, "start_date": "2026-09-01T09:00:00+00:00", "title": "100% S\u00e9nat"}, {"desc": "L'art de la politique, de la diplomatie se pratique devant une blanquette de veau fumante ou entre la poire et le fromage, loin des lieux habituels du pouvoir.", "start_date": "2026-09-01T10:28:00+00:00", "title": "R\u00e9gimes pr\u00e9sidentiels"}, {"desc": "Poids des dipl\u00f4mes, de la chance et de l'intuition dans la r\u00e9ussite d'une carri\u00e8re, capacit\u00e9 \u00e0 g\u00e9rer des situations de crise, place de la singularit\u00e9 et de l'originalit\u00e9 pour se d\u00e9marquer en entreprise, culture du retour d'exp\u00e9rience, prime \u00e0 la prise de d\u00e9cision : face aux jeunes, Olivier Roussat, directeur g\u00e9n\u00e9ral du groupe Bouygues, nous fait partager son exp\u00e9rience et ses convictions.", "start_date": "2026-09-01T11:35:00+00:00", "title": "Masterclass"}, {"desc": "G\u00e9rard Plantier, jeune et brillant \u00e9conomiste, conseiller au minist\u00e8re des Finances, a \u00e9t\u00e9 assassin\u00e9. Le vol semble \u00eatre le principal mobile de ce meurtre.", "start_date": "2026-09-01T12:01:00+00:00", "title": "Madame le juge"}, {"desc": "\"Notre futur a de l'avenir\" pose ses cam\u00e9ras \u00e0 Lyon, m\u00e9tropole ambitieuse et innovante, \u00e0 la rencontre de Th\u00e9o, Aneta, Anthony et Romain qui s'engagent pour l'environnement.", "start_date": "2026-09-01T13:34:00+00:00", "title": "Notre futur a de l'avenir"}, {"desc": "Depuis plus de deux si\u00e8cles, les s\u00e9maphores veillent. Sentinelles silencieuses, ils sont pr\u00e8s d'une soixantaine aujourd'hui \u00e0 jalonner strat\u00e9giquement le littoral fran\u00e7ais. Mais le public ignore souvent que ces silhouettes alti\u00e8res implant\u00e9es dans les plus beaux paysages c\u00f4tiers sont arm\u00e9es par la Marine nationale.", "start_date": "2026-09-01T14:03:00+00:00", "title": "Le journal de la D\u00e9fense"}, {"desc": "Au d\u00e9but du XXe si\u00e8cle, l'Art Nouveau et ses ondulations inspir\u00e9es par la nature vont s'inviter dans un Paris perc\u00e9 de grandes avenues rectilignes.", "start_date": "2026-09-01T14:30:00+00:00", "title": "Patrimoines de France"}, {"desc": "Nadia Comaneci, prodige de la gymnastique, m\u00e9daill\u00e9e aux JO de Montr\u00e9al 1976, a affront\u00e9 \u00e0 la fois le regard des juges et celui de la dictature de Ceausescu.", "start_date": "2026-09-01T14:58:00+00:00", "title": "Nadia Comaneci, la gymnaste et le dictateur"}, {"desc": null, "start_date": "2026-09-01T16:00:00+00:00", "title": "Sens public"}, {"desc": "Bruno Fuligni, historien de l'Assembl\u00e9e nationale, visite les lieux les plus secrets du Palais Bourbon, sur les traces de Napol\u00e9on Bonaparte.", "start_date": "2026-09-01T17:30:00+00:00", "title": "Hors s\u00e9ance"}, {"desc": "Les fresques de la biblioth\u00e8que de l'Assembl\u00e9e sont restaur\u00e9es en 2024. LCP propose un autre regard sur l'actualit\u00e9 parlementaire \u00e0 travers des \u00e9pisodes d\u00e9di\u00e9s.", "start_date": "2026-09-01T17:34:00+00:00", "title": "Hors s\u00e9ance"}, {"desc": "Sur le plateau de Saclay dans l'Essonne, on comptait 13 fermes en 2008. Aujourd'hui, il y en a 27. Leur nombre a doubl\u00e9 gr\u00e2ce \u00e0 une loi qui a permis de stopper l'urbanisation.", "start_date": "2026-09-01T17:38:00+00:00", "title": "Politiques, \u00e0 table !"}, {"desc": "En Bourgogne, la soci\u00e9t\u00e9 PlastiLoop recycle une partie des 20 tonnes de pots de fleurs en plastique jet\u00e9s chaque ann\u00e9e. Transform\u00e9s en granul\u00e9s, ils retrouveront une seconde vie.", "start_date": "2026-09-01T18:36:00+00:00", "title": "Seconde vie"}, {"desc": "En Russie, critiquer la guerre en Ukraine ou le r\u00e9gime est devenu un crime. Malgr\u00e9 la peur, certains d\u00e9noncent le r\u00e9gime r\u00e9pressif de Vladimir Poutine.", "start_date": "2026-09-01T18:39:00+00:00", "title": "Politzek, les voix qui d\u00e9fient le Kremlin"}, {"desc": "Depuis qu'il a d\u00e9cr\u00e9t\u00e9 l'invasion de l'Ukraine en f\u00e9vrier 2022, Vladimir Poutine a largement renforc\u00e9 son contr\u00f4le sur la soci\u00e9t\u00e9 civile \u00e0 travers la censure, la propagande et la r\u00e9pression. Malgr\u00e9 tout, des voix s'\u00e9l\u00e8vent dans le pays pour imaginer une autre Russie. Quelles sont leurs marges de manoeuvre pour agir ?", "start_date": "2026-09-01T19:39:00+00:00", "title": "D\u00e9batDoc"}, {"desc": null, "start_date": "2026-09-01T20:00:00+00:00", "title": "Sens public"}, {"desc": "Au fil d'un demi-si\u00e8cle d'engagement, Val\u00e9ry Giscard d'Estaing a incarn\u00e9 le r\u00eave d'une Europe forte. Son parcours tisse la chronique d'un id\u00e9al confront\u00e9 aux r\u00e9alit\u00e9s du pouvoir.", "start_date": "2026-09-01T21:31:00+00:00", "title": "Giscard et l'Europe, chronique d'un r\u00eave inachev\u00e9"}, {"desc": "20 ans apr\u00e8s le \"non\" des Fran\u00e7ais au r\u00e9f\u00e9rendum pour une constitution europ\u00e9enne, l'Union europ\u00e9enne reste au centre de nombreux d\u00e9bats en France. Si le \"Frexit\" ne semble plus \u00e0 l'ordre du jour, l'Union europ\u00e9enne reste consid\u00e9r\u00e9e par certains comme technocratique ou d\u00e9connect\u00e9e, et par d'autres comme la condition m\u00eame de la souverainet\u00e9. Quel rapport les Fran\u00e7ais entretiennent-ils avec l'UE ?", "start_date": "2026-09-01T22:31:00+00:00", "title": "D\u00e9batDoc"}, {"desc": "\"Orion 26\" est un exercice d'engagement majeur qui a mobilis\u00e9 jusqu'\u00e0 12 500 militaires, 1 800 v\u00e9hicules tactiques, 140 a\u00e9ronefs ainsi que 1200 drones.", "start_date": "2026-09-01T22:52:00+00:00", "title": "Le journal de la D\u00e9fense"}, {"desc": "Mercredi 8 juillet, les d\u00e9put\u00e9s ont d\u00e9finitivement adopt\u00e9 le projet de loi sur la justice criminelle et le respect des victimes. Le \"plaider-coupable\" criminel, mesure phare mais largement contest\u00e9e, a \u00e9t\u00e9 \u00e9cart\u00e9 du projet de loi au cours de son examen.", "start_date": "2026-09-01T23:20:00+00:00", "title": "La s\u00e9ance est ouverte !"}], "offset": "+00:00", "timezone": "UTC", "error_code": -1, "start_date": "2026-08-31", "icon": ""}