{"end_date": "2026-09-01", "name": "Le Figaro TV", "info_url": "https://epg.pw/channels/448596/20260830.html", "country": "France", "description": null, "error_message": "", "provider": "", "source_url": "https://epg.pw/api/epg.json?channel_id=448596&date=20260830&timezone=None", "epg_list": [{"desc": "A 55 kilom\u00e8tres de Paris, Milly-la-For\u00eat, principalement connue pour ses plantes m\u00e9dicinales et aromatiques, a \u00e9galement \u00e9t\u00e9 marqu\u00e9e par le passage de Jean Cocteau.", "start_date": "2026-08-30T00:00:00+00:00", "title": "Mon beau village d'Ile-de-France"}, {"desc": "Rencontre avec Mathias Kiss, un artiste d\u00e9corateur form\u00e9 aupr\u00e8s des Compagnons du devoir du tour de France et des Monuments historiques, qui d\u00e9construit les codes des habitats pour les r\u00e9inventer. Promenade dans Paris, \u00e0 la d\u00e9couverte de ses nombreux passages couverts, une curiosit\u00e9 architecturale pleine de charme et de bonnes adresses. Enfin, gros plan sur des objets pris\u00e9s, avec l'artiste Marion", "start_date": "2026-08-30T00:30:00+00:00", "title": "Version fran\u00e7aise"}, {"desc": "Retrouvez tous vos programmes de nuit.", "start_date": "2026-08-30T01:00:00+00:00", "title": "Programmes de la nuit"}, {"desc": "Eug\u00e9nie Basti\u00e9, avec Natacha Polony et Mathieu Bock-C\u00f4t\u00e9, revient sur deux cents ans de libert\u00e9 dans les m\u00e9dias. Libert\u00e9 de penser, de d\u00e9battre, libert\u00e9 de d\u00e9fendre ses opinions.", "start_date": "2026-08-30T04:00:00+00:00", "title": "Le Club Le Figaro Id\u00e9es"}, {"desc": "Tous les jours sur Le Figaro TV, d\u00e9couvrez la m\u00e9t\u00e9o de la r\u00e9gion \u00cele-de-France.", "start_date": "2026-08-30T04:58:00+00:00", "title": "La m\u00e9t\u00e9o"}, {"desc": "Le Golf de Saint-Cloud est une institution du golf fran\u00e7ais. Fond\u00e9 en 1913 et dessin\u00e9 par le c\u00e9l\u00e8bre architecte Harry Colt, ce club d'exception abrite deux parcours r\u00e9put\u00e9s, dont le mythique parcours Vert. Depuis plus d'un si\u00e8cle, il perp\u00e9tue une tradition d'excellence et accueille les passionn\u00e9s de la discipline.", "start_date": "2026-08-30T05:00:00+00:00", "title": "Echapp\u00e9es Golf"}, {"desc": "Situ\u00e9 \u00e0 Chambourcy, le club priv\u00e9 de Joyenval, ouvert en 1992 au c\u0153ur de la for\u00eat de Marly, a \u00e9t\u00e9 imagin\u00e9 par l'architecte am\u00e9ricain Robert Trent Jones Sr. Joyenval compte deux parcours de 18 trous : Marly, parcours de championnat, et Retz, aux allures de links. Le domaine de 220 hectares s'inscrit sur un site historique li\u00e9 au D\u00e9sert de Retz, ancien domaine de chasse des rois de France.", "start_date": "2026-08-30T05:30:00+00:00", "title": "Echapp\u00e9es Golf"}, {"desc": "Le chef Jean-S\u00e9bastien Bompoil et Marie Visot proposent un d\u00e9licieux potage de topinambours, accompagn\u00e9 d'un oeuf poch\u00e9 \u00e0 la perfection.", "start_date": "2026-08-30T06:00:00+00:00", "title": "La cuisine du Figaro"}, {"desc": "Toutes les \u00e9tapes pour pr\u00e9parer une d\u00e9licieuse tarte tatin aux pommes, accompagn\u00e9e d'un caramel fait maison, un dessert d'exception, \u00e0 faire facilement chez soi.", "start_date": "2026-08-30T06:30:00+00:00", "title": "La cuisine du Figaro"}, {"desc": "Tous les jours sur Le Figaro TV, d\u00e9couvrez la m\u00e9t\u00e9o de la r\u00e9gion \u00cele-de-France.", "start_date": "2026-08-30T06:58:00+00:00", "title": "La m\u00e9t\u00e9o"}, {"desc": "Dans le Pays de Gu\u00e9rande, Lionel et Fran\u00e7oise produisent un sel ramass\u00e9 et tri\u00e9 \u00e0 la main, tandis que Corinne, une jeune agricultrice, fait pousser des plantes grasses.", "start_date": "2026-08-30T07:00:00+00:00", "title": "Epicerie fine"}, {"desc": "Le petit \u00e9peautre, c\u00e9r\u00e9ale mill\u00e9naire longtemps d\u00e9laiss\u00e9e, est aujourd'hui produite par des passionn\u00e9s comme Thierry Baurain et sa famille dans le Pays de Forcalquier. Non loin de l\u00e0, la famille Yernaux s'emploie \u00e0 maintenir un autre produit typique : un fromage local entour\u00e9 de feuilles de ch\u00e2taigniers, le Banon.", "start_date": "2026-08-30T07:30:00+00:00", "title": "Epicerie fine"}, {"desc": "Dans le Toulonnais, la terre sait offrir aux habitants des fruits savoureux. B\u00e9atrice Lambert r\u00e9colte la figue de Solli\u00e8s, Bernard Simondi s'affaire autour de tomates anciennes.", "start_date": "2026-08-30T08:00:00+00:00", "title": "Epicerie fine"}, {"desc": "Au c\u0153ur du Pays Basque, dans le Labourd, Panpi et Leire cultivent le piment d'Espelette, dont la r\u00e9putation n'est plus \u00e0 faire. Plus haut dans les terres, Christian Aguerre \u00e9l\u00e8ve des porcs Kintoa, une race end\u00e9mique dont la typicit\u00e9 vient d'\u00eatre reconnue par une appellation d'origine contr\u00f4l\u00e9e.", "start_date": "2026-08-30T08:30:00+00:00", "title": "Epicerie fine"}, {"desc": "Au programme : d\u00e9couverte des p\u00e2tisseries de l'Eclair de G\u00e9nie, entretien avec le directeur artistique de la maison Lacroix, balade litt\u00e9raire, et rencontre avec un plumassier.", "start_date": "2026-08-30T09:00:00+00:00", "title": "Version fran\u00e7aise"}, {"desc": "Au programme : le d\u00e9tail chic c'est le bouton de manchette, portrait de la designeuse Olivia Putman, une balade pour cin\u00e9phile, et les ateliers de Dimitri Samal.", "start_date": "2026-08-30T09:30:00+00:00", "title": "Version fran\u00e7aise"}, {"desc": "Tous les jours sur Le Figaro TV, d\u00e9couvrez la m\u00e9t\u00e9o de la r\u00e9gion \u00cele-de-France.", "start_date": "2026-08-30T09:58:00+00:00", "title": "La m\u00e9t\u00e9o"}, {"desc": "Au programme : les cr\u00e9ations de la Petite Papeterie Fran\u00e7aise, la d\u00e9couverte de Fred Le Chevalier, les bonnes adresses de Boulogne et avis \u00e0 tous les becs sucr\u00e9s fan de caramel.", "start_date": "2026-08-30T10:00:00+00:00", "title": "Version fran\u00e7aise"}, {"desc": "Au programme : les ceintures de la Maison Boinet, St\u00e9phanie Coudert et ses inspirations, balade culturelle au coeur de Saint-Cloud, et la Brasserie Gallia.", "start_date": "2026-08-30T10:30:00+00:00", "title": "Version fran\u00e7aise"}, {"desc": "Eug\u00e9nie Basti\u00e9, avec Natacha Polony et Mathieu Bock-C\u00f4t\u00e9, revient sur deux cents ans de libert\u00e9 dans les m\u00e9dias. Libert\u00e9 de penser, de d\u00e9battre, libert\u00e9 de d\u00e9fendre ses opinions.", "start_date": "2026-08-30T11:00:00+00:00", "title": "Le Club Le Figaro Id\u00e9es"}, {"desc": "Tous les jours sur Le Figaro TV, d\u00e9couvrez la m\u00e9t\u00e9o de la r\u00e9gion \u00cele-de-France.", "start_date": "2026-08-30T11:58:00+00:00", "title": "La m\u00e9t\u00e9o"}, {"desc": "La mode illustre l'\u00e9volution des moeurs : gros plan sur l'art et la mani\u00e8re de s'habiller des anciens Romains, marqu\u00e9s par l'influence des peuples conquis.", "start_date": "2026-08-30T12:00:00+00:00", "title": "Histoire du look"}, {"desc": "Le Moyen-Age marque une v\u00e9ritable r\u00e9volution dans l'habillement : le v\u00eatement f\u00e9minin se distingue du masculin et la mode fait son apparition.", "start_date": "2026-08-30T13:00:00+00:00", "title": "Histoire du look"}, {"desc": "Du XVIe au XVIIIe si\u00e8cle, modeler le corps est \u00e9lev\u00e9 au rang d'art, comme en t\u00e9moignent les corsets balein\u00e9s, les fraises gigantesques, perruques et autre fioritures.", "start_date": "2026-08-30T14:00:00+00:00", "title": "Histoire du look"}, {"desc": "L'inventivit\u00e9 de la mode au XIXe si\u00e8cle \u00e9volue consid\u00e9rablement gr\u00e2ce aux progr\u00e8s de l'industrie textile et \u00e0 l'invention de la machine \u00e0 coudre.", "start_date": "2026-08-30T15:00:00+00:00", "title": "Histoire du look"}, {"desc": null, "start_date": "2026-08-30T16:00:00+00:00", "title": "Le grand oral 2027"}, {"desc": "Tous les jours sur Le Figaro TV, d\u00e9couvrez la m\u00e9t\u00e9o de la r\u00e9gion \u00cele-de-France.", "start_date": "2026-08-30T16:58:00+00:00", "title": "La m\u00e9t\u00e9o"}, {"desc": "Un entretien exclusif men\u00e9 en duo par Ga\u00ebtan de Cap\u00e8le et Olivia D\u00e9troyat, avec un grand dirigeant fran\u00e7ais, afin de mieux conna\u00eetre sa personnalit\u00e9, d\u00e9couvrir sa strat\u00e9gie et mieux comprendre le monde de l'\u00e9conomie et de l'entreprise.", "start_date": "2026-08-30T17:00:00+00:00", "title": "Esprit d'entreprise"}, {"desc": "Situ\u00e9 \u00e0 Chambourcy, le club priv\u00e9 de Joyenval, ouvert en 1992 au c\u0153ur de la for\u00eat de Marly, a \u00e9t\u00e9 imagin\u00e9 par l'architecte am\u00e9ricain Robert Trent Jones Sr. Joyenval compte deux parcours de 18 trous : Marly, parcours de championnat, et Retz, aux allures de links. Le domaine de 220 hectares s'inscrit sur un site historique li\u00e9 au D\u00e9sert de Retz, ancien domaine de chasse des rois de France.", "start_date": "2026-08-30T17:30:00+00:00", "title": "Echapp\u00e9es Golf"}, {"desc": "Tous les jours sur Le Figaro TV, d\u00e9couvrez la m\u00e9t\u00e9o de la r\u00e9gion \u00cele-de-France.", "start_date": "2026-08-30T17:58:00+00:00", "title": "La m\u00e9t\u00e9o"}, {"desc": "En plein coeur du Cantal, le chef \u00e9toil\u00e9 Renaud Darmanin, \u00e0 la t\u00eate de l'Auberge de la Tour \u00e0 Marcol\u00e8s depuis 2010, s'offre un plongeon dans les coulisses de l'histoire en relevant un d\u00e9fi original. En effet, il se voit charg\u00e9 de revisiter la cuisine gauloise, en m\u00ealant tradition et modernit\u00e9 pour tenter de recr\u00e9er des saveurs ancestrales.", "start_date": "2026-08-30T18:00:00+00:00", "title": "La cuisine de nos anc\u00eatres"}, {"desc": "Tous les jours sur Le Figaro TV, d\u00e9couvrez la m\u00e9t\u00e9o de la r\u00e9gion \u00cele-de-France.", "start_date": "2026-08-30T18:58:00+00:00", "title": "La m\u00e9t\u00e9o"}, {"desc": null, "start_date": "2026-08-30T19:00:00+00:00", "title": "Le Figaro la nuit"}, {"desc": "Situ\u00e9e au nord de Paris, la commune d'Ambleville abrite un ch\u00e2teau du XVe si\u00e8cle, class\u00e9 monument historique. Ce lieu charg\u00e9 d'histoire appartient \u00e0 la famille Coutau-B\u00e9garie.", "start_date": "2026-08-30T20:00:00+00:00", "title": "Une vie de ch\u00e2teau"}, {"desc": "Le ch\u00e2teau de la Roche-Guyon, avec son style unique, invite \u00e0 un voyage temporel. Sa tour m\u00e9di\u00e9vale, dominant la colline, et son potager-fruitier ajoutent au charme du lieu.", "start_date": "2026-08-30T20:30:00+00:00", "title": "Une vie de ch\u00e2teau"}, {"desc": "L'\u00e9l\u00e9gance du XVIIe si\u00e8cle \u00e0 travers les salons richement d\u00e9cor\u00e9s et les meubles d'\u00e9poque du Ch\u00e2teau de Sceaux, qui abrite \u00e9galement le Mus\u00e9e de l'Ile-de-France.", "start_date": "2026-08-30T21:00:00+00:00", "title": "Une vie de ch\u00e2teau"}, {"desc": "Monument historique install\u00e9 dans le pays du Vexin, le ch\u00e2teau de Montgeroult est une propri\u00e9t\u00e9 familiale. Il fut la demeure de la c\u00e9l\u00e8bre compositrice H\u00e9l\u00e8ne de Nervo.", "start_date": "2026-08-30T21:30:00+00:00", "title": "Une vie de ch\u00e2teau"}, {"desc": "Tous les jours sur Le Figaro TV, d\u00e9couvrez la m\u00e9t\u00e9o de la r\u00e9gion \u00cele-de-France.", "start_date": "2026-08-30T21:58:00+00:00", "title": "La m\u00e9t\u00e9o"}, {"desc": "Construit au XVIIe si\u00e8cle, le ch\u00e2teau de Rentilly est devenu un lieu d'exposition. C'est l'occasion de faire dialoguer l'architecture historique avec la cr\u00e9ation contemporaine.", "start_date": "2026-08-30T22:00:00+00:00", "title": "Une vie de ch\u00e2teau"}, {"desc": "Situ\u00e9 au nord de Paris, le village d'Auvers-sur-Oise doit sa renomm\u00e9e aux multiples peintres venus trouver l'inspiration, notamment Vincent Van Gogh.", "start_date": "2026-08-30T22:30:00+00:00", "title": "Mon beau village d'Ile-de-France"}, {"desc": "\u00c0 une centaine de kilom\u00e8tres de la capitale, la ville fortifi\u00e9e de Ch\u00e2teau-Landon poss\u00e8de un large patrimoine m\u00e9di\u00e9val et semble avoir \u00e9t\u00e9 fig\u00e9 dans le temps.", "start_date": "2026-08-30T23:00:00+00:00", "title": "Mon beau village d'Ile-de-France"}, {"desc": "\u00c0 la limite de la Normandie se situe La Roche-Guyon. Domin\u00e9 par un donjon lui-m\u00eame reli\u00e9 au ch\u00e2teau par des escaliers souterrains, le village regorge de r\u00e9cits historiques.", "start_date": "2026-08-30T23:30:00+00:00", "title": "Mon beau village d'Ile-de-France"}, {"desc": "Gr\u00e2ce \u00e0 sa station thermale, son th\u00e9\u00e2tre et sa base nautique, la ville d'Enghien-les-Bains se pr\u00e9sente comme une v\u00e9ritable station baln\u00e9aire en Ile-de-France.", "start_date": "2026-08-31T00:00:00+00:00", "title": "Mon beau village d'Ile-de-France"}, {"desc": null, "start_date": "2026-08-31T00:30:00+00:00", "title": "Le Figaro la nuit"}, {"desc": "Retrouvez tous vos programmes de nuit.", "start_date": "2026-08-31T01:30:00+00:00", "title": "Programmes de la nuit"}, {"desc": "D\u00e8s sa naissance, le Figaro fut un journal auquel collabor\u00e8rent les \u00e9crivains. De Marcel Proust \u00e0 Michel Houellebecq, d'Emile Zola \u00e0 Jean d'Ormesson, de Colette \u00e0 Marguerite Yourcenar, les colonnes du quotidien ont accueilli une multitude de grandes plumes. Cette \u00e9mission revient sur ces collaborations en compagnie de Sylvain Tesson et Alain Finkielkraut.", "start_date": "2026-08-31T04:00:00+00:00", "title": "Le Club Le Figaro Culture"}, {"desc": "Plongez au c\u0153ur du patrimoine francilien avec les chroniques de Bienvenue en \u00cele-de-France. Chaque \u00e9pisode vous invite \u00e0 d\u00e9couvrir l'histoire riche et souvent m\u00e9connue de la r\u00e9gion : lieux embl\u00e9matiques, figures marquantes, expositions incontournables... L'\u00cele-de-France comme vous ne l'avez jamais vue, entre pass\u00e9 glorieux et initiatives contemporaines.", "start_date": "2026-08-31T04:55:00+00:00", "title": "Bienvenue en Ile-de-France"}, {"desc": "Tous les jours sur Le Figaro TV, d\u00e9couvrez la m\u00e9t\u00e9o de la r\u00e9gion \u00cele-de-France.", "start_date": "2026-08-31T04:58:00+00:00", "title": "La m\u00e9t\u00e9o"}, {"desc": null, "start_date": "2026-08-31T05:00:00+00:00", "title": "Le Figaro la nuit"}, {"desc": "Le Golf de Saint-Cloud est une institution du golf fran\u00e7ais. Fond\u00e9 en 1913 et dessin\u00e9 par le c\u00e9l\u00e8bre architecte Harry Colt, ce club d'exception abrite deux parcours r\u00e9put\u00e9s, dont le mythique parcours Vert. Depuis plus d'un si\u00e8cle, il perp\u00e9tue une tradition d'excellence et accueille les passionn\u00e9s de la discipline.", "start_date": "2026-08-31T06:00:00+00:00", "title": "Echapp\u00e9es Golf"}, {"desc": "Situ\u00e9 \u00e0 Chambourcy, le club priv\u00e9 de Joyenval, ouvert en 1992 au c\u0153ur de la for\u00eat de Marly, a \u00e9t\u00e9 imagin\u00e9 par l'architecte am\u00e9ricain Robert Trent Jones Sr. Joyenval compte deux parcours de 18 trous : Marly, parcours de championnat, et Retz, aux allures de links. Le domaine de 220 hectares s'inscrit sur un site historique li\u00e9 au D\u00e9sert de Retz, ancien domaine de chasse des rois de France.", "start_date": "2026-08-31T06:30:00+00:00", "title": "Echapp\u00e9es Golf"}, {"desc": "Tous les jours sur Le Figaro TV, d\u00e9couvrez la m\u00e9t\u00e9o de la r\u00e9gion \u00cele-de-France.", "start_date": "2026-08-31T06:58:00+00:00", "title": "La m\u00e9t\u00e9o"}, {"desc": null, "start_date": "2026-08-31T07:00:00+00:00", "title": "Version fran\u00e7aise"}, {"desc": "Sans l'\u00e9lan de producteurs comme Fabrice, la production de moutarde aurait pu disparaitre du Dijonnais. C'est aussi le sort qui a bien failli \u00eatre jet\u00e9 sur la production du Cassis.", "start_date": "2026-08-31T07:30:00+00:00", "title": "Epicerie fine"}, {"desc": "Depuis l'Antiquit\u00e9, l'or fait r\u00eaver les hommes. Symbole de richesse et de pouvoir, ce m\u00e9tal mythique est fa\u00e7onn\u00e9 chaque jour par des hommes et des femmes.", "start_date": "2026-08-31T08:00:00+00:00", "title": "De l'or dans les mains"}, {"desc": "Fond\u00e9e il y a plus de mille ans, Trondheim, joyau nich\u00e9 au c\u0153ur d'un fjord majestueux, fut tour \u00e0 tour capitale royale, th\u00e9\u00e2tre de batailles d\u00e9cisives et carrefour de cultures.", "start_date": "2026-08-31T09:00:00+00:00", "title": "Chroniques d'une cit\u00e9"}, {"desc": "Tous les jours sur Le Figaro TV, d\u00e9couvrez la m\u00e9t\u00e9o de la r\u00e9gion \u00cele-de-France.", "start_date": "2026-08-31T09:58:00+00:00", "title": "La m\u00e9t\u00e9o"}, {"desc": "Chaque jour, Vincent Roux, Anne-Emmanuelle Isaac et Timoth\u00e9 Dhellemes vous donnent rendez-vous en direct, avec trois invit\u00e9s, pour un \u00e9change dynamique sur les sujets br\u00fblants de l'actualit\u00e9 politique et culturelle.", "start_date": "2026-08-31T10:00:00+00:00", "title": "Points de vue"}, {"desc": "Situ\u00e9 \u00e0 Chambourcy, le club priv\u00e9 de Joyenval, ouvert en 1992 au c\u0153ur de la for\u00eat de Marly, a \u00e9t\u00e9 imagin\u00e9 par l'architecte am\u00e9ricain Robert Trent Jones Sr. Joyenval compte deux parcours de 18 trous : Marly, parcours de championnat, et Retz, aux allures de links. Le domaine de 220 hectares s'inscrit sur un site historique li\u00e9 au D\u00e9sert de Retz, ancien domaine de chasse des rois de France.", "start_date": "2026-08-31T11:00:00+00:00", "title": "Echapp\u00e9es Golf"}, {"desc": "De la r\u00e9colte de la rhubarbe \u00e0 la cuisson et au conditionnement, toutes les \u00e9tapes de confection d'une pr\u00e9paration de fruit 100% francilienne et biologique.", "start_date": "2026-08-31T11:30:00+00:00", "title": "Le panier Francilien"}, {"desc": "Une plong\u00e9e au c\u0153ur de la Brasserie Rabourdin pour d\u00e9couvrir les secrets de fabrication de leurs bi\u00e8res artisanales. De la r\u00e9colte de l'orge \u00e0 la production de bi\u00e8re blanche, gros plan sur les diff\u00e9rentes \u00e9tapes de confection de cette boisson 100% francilienne et biologique.", "start_date": "2026-08-31T11:45:00+00:00", "title": "Le panier Francilien"}, {"desc": "Tous les jours sur Le Figaro TV, d\u00e9couvrez la m\u00e9t\u00e9o de la r\u00e9gion \u00cele-de-France.", "start_date": "2026-08-31T11:58:00+00:00", "title": "La m\u00e9t\u00e9o"}, {"desc": "D\u00e9couverte de la Miellerie Veron et des secrets de fabrication de leurs succulents miels de producteurs, de la r\u00e9colte dans les ruches au marquage de la reine et \u00e0 l'extraction.", "start_date": "2026-08-31T12:00:00+00:00", "title": "Le panier Francilien"}, {"desc": "Une d\u00e9couverte de l'entreprise Les Fleurs Champ\u00eatres et de la fabrication de leurs bouquets de fleurs coup\u00e9es et s\u00e9ch\u00e9es, de la r\u00e9colte dans les champs au semis et au s\u00e9chage.", "start_date": "2026-08-31T12:15:00+00:00", "title": "Le panier Francilien"}, {"desc": "La ville de Provins propose de nombreuses activit\u00e9s touristiques. R\u00e9put\u00e9e pour ses roses et ses f\u00eates m\u00e9di\u00e9vales, elle se d\u00e9marque par ses structures m\u00e9di\u00e9vales.", "start_date": "2026-08-31T12:30:00+00:00", "title": "Mon beau village d'Ile-de-France"}, {"desc": "Propri\u00e9taire du ch\u00e2teau de Choisel depuis 1969, le marquis Henri-Fran\u00e7ois de Breteuil fait d\u00e9couvrir l'histoire singuli\u00e8re de son h\u00e9ritage familial.", "start_date": "2026-08-31T13:00:00+00:00", "title": "Une vie de ch\u00e2teau"}, {"desc": "Situ\u00e9 dans l'Essonne, le ch\u00e2teau de Saint-Jean-De-Beauregard est une demeure familiale occup\u00e9e depuis plusieurs d\u00e9cennies par Fran\u00e7ois de Curel.", "start_date": "2026-08-31T13:30:00+00:00", "title": "Une vie de ch\u00e2teau"}, {"desc": "Situ\u00e9 au Bourget, le mus\u00e9e de l'Air et de l'Espace est l'un des plus anciens mus\u00e9e a\u00e9ronautique au monde. Depuis 1921, il conserve les collections d'a\u00e9rostations, d'a\u00e9ronautique, et de l'espace.", "start_date": "2026-08-31T14:00:00+00:00", "title": "Un pas au Mus\u00e9e"}, {"desc": "Le m\u00e9tier de ferronnier, o\u00f9 le savoir-faire traditionnel s'allie \u00e0 des techniques modernes. Ces artisans fa\u00e7onnent avec pr\u00e9cision des \u0153uvres prestigieuses.", "start_date": "2026-08-31T15:00:00+00:00", "title": "M\u00e9tiers d'art, les secrets de l'excellence"}, {"desc": "Depuis l'Antiquit\u00e9, l'or fait r\u00eaver les hommes. Symbole de richesse et de pouvoir, ce m\u00e9tal mythique est fa\u00e7onn\u00e9 chaque jour par des hommes et des femmes.", "start_date": "2026-08-31T15:30:00+00:00", "title": "De l'or dans les mains"}, {"desc": "Chaque jour, Damien Canivez, Nicolas Vollaire et Sarah Lecoeuvre vous guident dans un tour d'horizon de l'actualit\u00e9 t\u00e9l\u00e9visuelle aux c\u00f4t\u00e9s d'une personnalit\u00e9. Ensemble, ils explorent les coulisses des programmes, d\u00e9cryptent les tendances et partagent des anecdotes in\u00e9dites, rendant l'univers de la t\u00e9l\u00e9 plus accessible et vivant que jamais !", "start_date": "2026-08-31T16:30:00+00:00", "title": "Le Buzz TV"}, {"desc": "Tous les jours sur Le Figaro TV, d\u00e9couvrez la m\u00e9t\u00e9o de la r\u00e9gion \u00cele-de-France.", "start_date": "2026-08-31T16:58:00+00:00", "title": "La m\u00e9t\u00e9o"}, {"desc": "producteur de l'exp\u00e9rience \"Dans les pas d'une Etoile\".", "start_date": "2026-08-31T17:00:00+00:00", "title": "Bienvenue en Ile-de-France"}, {"desc": "Tous les jours sur Le Figaro TV, d\u00e9couvrez la m\u00e9t\u00e9o de la r\u00e9gion \u00cele-de-France.", "start_date": "2026-08-31T17:58:00+00:00", "title": "La m\u00e9t\u00e9o"}, {"desc": "Chaque jour, Vincent Roux, Anne-Emmanuelle Isaac et Timoth\u00e9 Dhellemes vous donnent rendez-vous en direct, avec trois invit\u00e9s, pour un \u00e9change dynamique sur les sujets br\u00fblants de l'actualit\u00e9 politique et culturelle.", "start_date": "2026-08-31T18:00:00+00:00", "title": "Points de vue"}, {"desc": "Tous les jours sur Le Figaro TV, d\u00e9couvrez la m\u00e9t\u00e9o de la r\u00e9gion \u00cele-de-France.", "start_date": "2026-08-31T18:58:00+00:00", "title": "La m\u00e9t\u00e9o"}, {"desc": "Fond\u00e9e il y a plus de mille ans, Trondheim, joyau nich\u00e9 au c\u0153ur d'un fjord majestueux, fut tour \u00e0 tour capitale royale, th\u00e9\u00e2tre de batailles d\u00e9cisives et carrefour de cultures.", "start_date": "2026-08-31T20:00:00+00:00", "title": "Chroniques d'une cit\u00e9"}, {"desc": "Guillaume Perrault invite les t\u00e9l\u00e9spectateurs \u00e0 s'offrir un voyage dans le temps \u00e0 ses c\u00f4t\u00e9s, \u00e0 la d\u00e9couverte des grands moments de l'histoire de France et celle du monde. Dans cet \u00e9pisode, il re\u00e7oit Hugo Coniez, auteur agr\u00e9g\u00e9 d'histoire, et Olivier Dard, professeur \u00e0 la Sorbonne, sp\u00e9cialiste de la vie politique de l'entre-deux-guerres. Ensemble, ils \u00e9voquent la figure de Georges Mandel.", "start_date": "2026-08-31T21:00:00+00:00", "title": "Parlez-moi d'Histoire"}, {"desc": "Dans le Pays de Gu\u00e9rande, Lionel et Fran\u00e7oise produisent un sel ramass\u00e9 et tri\u00e9 \u00e0 la main, tandis que Corinne, une jeune agricultrice, fait pousser des plantes grasses.", "start_date": "2026-08-31T21:30:00+00:00", "title": "Epicerie fine"}, {"desc": "Tous les jours sur Le Figaro TV, d\u00e9couvrez la m\u00e9t\u00e9o de la r\u00e9gion \u00cele-de-France.", "start_date": "2026-08-31T21:58:00+00:00", "title": "La m\u00e9t\u00e9o"}, {"desc": "Chaque jour, Vincent Roux, Anne-Emmanuelle Isaac et Timoth\u00e9 Dhellemes vous donnent rendez-vous en direct, avec trois invit\u00e9s, pour un \u00e9change dynamique sur les sujets br\u00fblants de l'actualit\u00e9 politique et culturelle.", "start_date": "2026-08-31T22:00:00+00:00", "title": "Points de vue"}, {"desc": "L'art de diriger en 2026 : Luis Fernandez et le g\u00e9n\u00e9ral Lecointre sont les invit\u00e9s de notre \u00e9mission sp\u00e9ciale au Grand Palais.", "start_date": "2026-08-31T23:00:00+00:00", "title": "Esprits libres"}, {"desc": "Guillaume Perrault invite les t\u00e9l\u00e9spectateurs \u00e0 s'offrir un voyage dans le temps \u00e0 ses c\u00f4t\u00e9s, \u00e0 la d\u00e9couverte des grands moments de l'histoire de France et celle du monde. Dans cet \u00e9pisode, il re\u00e7oit Hugo Coniez, auteur agr\u00e9g\u00e9 d'histoire, et Olivier Dard, professeur \u00e0 la Sorbonne, sp\u00e9cialiste de la vie politique de l'entre-deux-guerres. Ensemble, ils \u00e9voquent la figure de Georges Mandel.", "start_date": "2026-09-01T00:00:00+00:00", "title": "Parlez-moi d'Histoire"}], "offset": "+00:00", "timezone": "UTC", "error_code": -1, "start_date": "2026-08-30", "icon": ""}