{"end_date": "2026-09-02", "name": "Le Figaro TV", "info_url": "https://epg.pw/channels/448596/20260831.html", "country": "France", "description": null, "error_message": "", "provider": "", "source_url": "https://epg.pw/api/epg.json?channel_id=448596&date=20260831&timezone=None", "epg_list": [{"desc": "Gr\u00e2ce \u00e0 sa station thermale, son th\u00e9\u00e2tre et sa base nautique, la ville d'Enghien-les-Bains se pr\u00e9sente comme une v\u00e9ritable station baln\u00e9aire en Ile-de-France.", "start_date": "2026-08-31T00:00:00+00:00", "title": "Mon beau village d'Ile-de-France"}, {"desc": null, "start_date": "2026-08-31T00:30:00+00:00", "title": "Le Figaro la nuit"}, {"desc": "Retrouvez tous vos programmes de nuit.", "start_date": "2026-08-31T01:30:00+00:00", "title": "Programmes de la nuit"}, {"desc": "D\u00e8s sa naissance, le Figaro fut un journal auquel collabor\u00e8rent les \u00e9crivains. De Marcel Proust \u00e0 Michel Houellebecq, d'Emile Zola \u00e0 Jean d'Ormesson, de Colette \u00e0 Marguerite Yourcenar, les colonnes du quotidien ont accueilli une multitude de grandes plumes. Cette \u00e9mission revient sur ces collaborations en compagnie de Sylvain Tesson et Alain Finkielkraut.", "start_date": "2026-08-31T04:00:00+00:00", "title": "Le Club Le Figaro Culture"}, {"desc": "Plongez au c\u0153ur du patrimoine francilien avec les chroniques de Bienvenue en \u00cele-de-France. Chaque \u00e9pisode vous invite \u00e0 d\u00e9couvrir l'histoire riche et souvent m\u00e9connue de la r\u00e9gion : lieux embl\u00e9matiques, figures marquantes, expositions incontournables... L'\u00cele-de-France comme vous ne l'avez jamais vue, entre pass\u00e9 glorieux et initiatives contemporaines.", "start_date": "2026-08-31T04:55:00+00:00", "title": "Bienvenue en Ile-de-France"}, {"desc": "Tous les jours sur Le Figaro TV, d\u00e9couvrez la m\u00e9t\u00e9o de la r\u00e9gion \u00cele-de-France.", "start_date": "2026-08-31T04:58:00+00:00", "title": "La m\u00e9t\u00e9o"}, {"desc": null, "start_date": "2026-08-31T05:00:00+00:00", "title": "Le Figaro la nuit"}, {"desc": "Le Golf de Saint-Cloud est une institution du golf fran\u00e7ais. Fond\u00e9 en 1913 et dessin\u00e9 par le c\u00e9l\u00e8bre architecte Harry Colt, ce club d'exception abrite deux parcours r\u00e9put\u00e9s, dont le mythique parcours Vert. Depuis plus d'un si\u00e8cle, il perp\u00e9tue une tradition d'excellence et accueille les passionn\u00e9s de la discipline.", "start_date": "2026-08-31T06:00:00+00:00", "title": "Echapp\u00e9es Golf"}, {"desc": "Situ\u00e9 \u00e0 Chambourcy, le club priv\u00e9 de Joyenval, ouvert en 1992 au c\u0153ur de la for\u00eat de Marly, a \u00e9t\u00e9 imagin\u00e9 par l'architecte am\u00e9ricain Robert Trent Jones Sr. Joyenval compte deux parcours de 18 trous : Marly, parcours de championnat, et Retz, aux allures de links. Le domaine de 220 hectares s'inscrit sur un site historique li\u00e9 au D\u00e9sert de Retz, ancien domaine de chasse des rois de France.", "start_date": "2026-08-31T06:30:00+00:00", "title": "Echapp\u00e9es Golf"}, {"desc": "Tous les jours sur Le Figaro TV, d\u00e9couvrez la m\u00e9t\u00e9o de la r\u00e9gion \u00cele-de-France.", "start_date": "2026-08-31T06:58:00+00:00", "title": "La m\u00e9t\u00e9o"}, {"desc": null, "start_date": "2026-08-31T07:00:00+00:00", "title": "Version fran\u00e7aise"}, {"desc": "Sans l'\u00e9lan de producteurs comme Fabrice, la production de moutarde aurait pu disparaitre du Dijonnais. C'est aussi le sort qui a bien failli \u00eatre jet\u00e9 sur la production du Cassis.", "start_date": "2026-08-31T07:30:00+00:00", "title": "Epicerie fine"}, {"desc": "Depuis l'Antiquit\u00e9, l'or fait r\u00eaver les hommes. Symbole de richesse et de pouvoir, ce m\u00e9tal mythique est fa\u00e7onn\u00e9 chaque jour par des hommes et des femmes.", "start_date": "2026-08-31T08:00:00+00:00", "title": "De l'or dans les mains"}, {"desc": "Fond\u00e9e il y a plus de mille ans, Trondheim, joyau nich\u00e9 au c\u0153ur d'un fjord majestueux, fut tour \u00e0 tour capitale royale, th\u00e9\u00e2tre de batailles d\u00e9cisives et carrefour de cultures.", "start_date": "2026-08-31T09:00:00+00:00", "title": "Chroniques d'une cit\u00e9"}, {"desc": "Tous les jours sur Le Figaro TV, d\u00e9couvrez la m\u00e9t\u00e9o de la r\u00e9gion \u00cele-de-France.", "start_date": "2026-08-31T09:58:00+00:00", "title": "La m\u00e9t\u00e9o"}, {"desc": "Chaque jour, Vincent Roux, Anne-Emmanuelle Isaac et Timoth\u00e9 Dhellemes vous donnent rendez-vous en direct, avec trois invit\u00e9s, pour un \u00e9change dynamique sur les sujets br\u00fblants de l'actualit\u00e9 politique et culturelle.", "start_date": "2026-08-31T10:00:00+00:00", "title": "Points de vue"}, {"desc": "Situ\u00e9 \u00e0 Chambourcy, le club priv\u00e9 de Joyenval, ouvert en 1992 au c\u0153ur de la for\u00eat de Marly, a \u00e9t\u00e9 imagin\u00e9 par l'architecte am\u00e9ricain Robert Trent Jones Sr. Joyenval compte deux parcours de 18 trous : Marly, parcours de championnat, et Retz, aux allures de links. Le domaine de 220 hectares s'inscrit sur un site historique li\u00e9 au D\u00e9sert de Retz, ancien domaine de chasse des rois de France.", "start_date": "2026-08-31T11:00:00+00:00", "title": "Echapp\u00e9es Golf"}, {"desc": "De la r\u00e9colte de la rhubarbe \u00e0 la cuisson et au conditionnement, toutes les \u00e9tapes de confection d'une pr\u00e9paration de fruit 100% francilienne et biologique.", "start_date": "2026-08-31T11:30:00+00:00", "title": "Le panier Francilien"}, {"desc": "Une plong\u00e9e au c\u0153ur de la Brasserie Rabourdin pour d\u00e9couvrir les secrets de fabrication de leurs bi\u00e8res artisanales. De la r\u00e9colte de l'orge \u00e0 la production de bi\u00e8re blanche, gros plan sur les diff\u00e9rentes \u00e9tapes de confection de cette boisson 100% francilienne et biologique.", "start_date": "2026-08-31T11:45:00+00:00", "title": "Le panier Francilien"}, {"desc": "Tous les jours sur Le Figaro TV, d\u00e9couvrez la m\u00e9t\u00e9o de la r\u00e9gion \u00cele-de-France.", "start_date": "2026-08-31T11:58:00+00:00", "title": "La m\u00e9t\u00e9o"}, {"desc": "D\u00e9couverte de la Miellerie Veron et des secrets de fabrication de leurs succulents miels de producteurs, de la r\u00e9colte dans les ruches au marquage de la reine et \u00e0 l'extraction.", "start_date": "2026-08-31T12:00:00+00:00", "title": "Le panier Francilien"}, {"desc": "Une d\u00e9couverte de l'entreprise Les Fleurs Champ\u00eatres et de la fabrication de leurs bouquets de fleurs coup\u00e9es et s\u00e9ch\u00e9es, de la r\u00e9colte dans les champs au semis et au s\u00e9chage.", "start_date": "2026-08-31T12:15:00+00:00", "title": "Le panier Francilien"}, {"desc": "La ville de Provins propose de nombreuses activit\u00e9s touristiques. R\u00e9put\u00e9e pour ses roses et ses f\u00eates m\u00e9di\u00e9vales, elle se d\u00e9marque par ses structures m\u00e9di\u00e9vales.", "start_date": "2026-08-31T12:30:00+00:00", "title": "Mon beau village d'Ile-de-France"}, {"desc": "Propri\u00e9taire du ch\u00e2teau de Choisel depuis 1969, le marquis Henri-Fran\u00e7ois de Breteuil fait d\u00e9couvrir l'histoire singuli\u00e8re de son h\u00e9ritage familial.", "start_date": "2026-08-31T13:00:00+00:00", "title": "Une vie de ch\u00e2teau"}, {"desc": "Situ\u00e9 dans l'Essonne, le ch\u00e2teau de Saint-Jean-De-Beauregard est une demeure familiale occup\u00e9e depuis plusieurs d\u00e9cennies par Fran\u00e7ois de Curel.", "start_date": "2026-08-31T13:30:00+00:00", "title": "Une vie de ch\u00e2teau"}, {"desc": "Situ\u00e9 au Bourget, le mus\u00e9e de l'Air et de l'Espace est l'un des plus anciens mus\u00e9e a\u00e9ronautique au monde. Depuis 1921, il conserve les collections d'a\u00e9rostations, d'a\u00e9ronautique, et de l'espace.", "start_date": "2026-08-31T14:00:00+00:00", "title": "Un pas au Mus\u00e9e"}, {"desc": "Le m\u00e9tier de ferronnier, o\u00f9 le savoir-faire traditionnel s'allie \u00e0 des techniques modernes. Ces artisans fa\u00e7onnent avec pr\u00e9cision des \u0153uvres prestigieuses.", "start_date": "2026-08-31T15:00:00+00:00", "title": "M\u00e9tiers d'art, les secrets de l'excellence"}, {"desc": "Depuis l'Antiquit\u00e9, l'or fait r\u00eaver les hommes. Symbole de richesse et de pouvoir, ce m\u00e9tal mythique est fa\u00e7onn\u00e9 chaque jour par des hommes et des femmes.", "start_date": "2026-08-31T15:30:00+00:00", "title": "De l'or dans les mains"}, {"desc": "Chaque jour, Damien Canivez, Nicolas Vollaire et Sarah Lecoeuvre vous guident dans un tour d'horizon de l'actualit\u00e9 t\u00e9l\u00e9visuelle aux c\u00f4t\u00e9s d'une personnalit\u00e9. Ensemble, ils explorent les coulisses des programmes, d\u00e9cryptent les tendances et partagent des anecdotes in\u00e9dites, rendant l'univers de la t\u00e9l\u00e9 plus accessible et vivant que jamais !", "start_date": "2026-08-31T16:30:00+00:00", "title": "Le Buzz TV"}, {"desc": "Tous les jours sur Le Figaro TV, d\u00e9couvrez la m\u00e9t\u00e9o de la r\u00e9gion \u00cele-de-France.", "start_date": "2026-08-31T16:58:00+00:00", "title": "La m\u00e9t\u00e9o"}, {"desc": "producteur de l'exp\u00e9rience \"Dans les pas d'une Etoile\".", "start_date": "2026-08-31T17:00:00+00:00", "title": "Bienvenue en Ile-de-France"}, {"desc": "Tous les jours sur Le Figaro TV, d\u00e9couvrez la m\u00e9t\u00e9o de la r\u00e9gion \u00cele-de-France.", "start_date": "2026-08-31T17:58:00+00:00", "title": "La m\u00e9t\u00e9o"}, {"desc": "Chaque jour, Vincent Roux, Anne-Emmanuelle Isaac et Timoth\u00e9 Dhellemes vous donnent rendez-vous en direct, avec trois invit\u00e9s, pour un \u00e9change dynamique sur les sujets br\u00fblants de l'actualit\u00e9 politique et culturelle.", "start_date": "2026-08-31T18:00:00+00:00", "title": "Points de vue"}, {"desc": "Tous les jours sur Le Figaro TV, d\u00e9couvrez la m\u00e9t\u00e9o de la r\u00e9gion \u00cele-de-France.", "start_date": "2026-08-31T18:58:00+00:00", "title": "La m\u00e9t\u00e9o"}, {"desc": "Fond\u00e9e il y a plus de mille ans, Trondheim, joyau nich\u00e9 au c\u0153ur d'un fjord majestueux, fut tour \u00e0 tour capitale royale, th\u00e9\u00e2tre de batailles d\u00e9cisives et carrefour de cultures.", "start_date": "2026-08-31T20:00:00+00:00", "title": "Chroniques d'une cit\u00e9"}, {"desc": "Guillaume Perrault invite les t\u00e9l\u00e9spectateurs \u00e0 s'offrir un voyage dans le temps \u00e0 ses c\u00f4t\u00e9s, \u00e0 la d\u00e9couverte des grands moments de l'histoire de France et celle du monde. Dans cet \u00e9pisode, il re\u00e7oit Hugo Coniez, auteur agr\u00e9g\u00e9 d'histoire, et Olivier Dard, professeur \u00e0 la Sorbonne, sp\u00e9cialiste de la vie politique de l'entre-deux-guerres. Ensemble, ils \u00e9voquent la figure de Georges Mandel.", "start_date": "2026-08-31T21:00:00+00:00", "title": "Parlez-moi d'Histoire"}, {"desc": "Dans le Pays de Gu\u00e9rande, Lionel et Fran\u00e7oise produisent un sel ramass\u00e9 et tri\u00e9 \u00e0 la main, tandis que Corinne, une jeune agricultrice, fait pousser des plantes grasses.", "start_date": "2026-08-31T21:30:00+00:00", "title": "Epicerie fine"}, {"desc": "Tous les jours sur Le Figaro TV, d\u00e9couvrez la m\u00e9t\u00e9o de la r\u00e9gion \u00cele-de-France.", "start_date": "2026-08-31T21:58:00+00:00", "title": "La m\u00e9t\u00e9o"}, {"desc": "Chaque jour, Vincent Roux, Anne-Emmanuelle Isaac et Timoth\u00e9 Dhellemes vous donnent rendez-vous en direct, avec trois invit\u00e9s, pour un \u00e9change dynamique sur les sujets br\u00fblants de l'actualit\u00e9 politique et culturelle.", "start_date": "2026-08-31T22:00:00+00:00", "title": "Points de vue"}, {"desc": "L'art de diriger en 2026 : Luis Fernandez et le g\u00e9n\u00e9ral Lecointre sont les invit\u00e9s de notre \u00e9mission sp\u00e9ciale au Grand Palais.", "start_date": "2026-08-31T23:00:00+00:00", "title": "Esprits libres"}, {"desc": "Guillaume Perrault invite les t\u00e9l\u00e9spectateurs \u00e0 s'offrir un voyage dans le temps \u00e0 ses c\u00f4t\u00e9s, \u00e0 la d\u00e9couverte des grands moments de l'histoire de France et celle du monde. Dans cet \u00e9pisode, il re\u00e7oit Hugo Coniez, auteur agr\u00e9g\u00e9 d'histoire, et Olivier Dard, professeur \u00e0 la Sorbonne, sp\u00e9cialiste de la vie politique de l'entre-deux-guerres. Ensemble, ils \u00e9voquent la figure de Georges Mandel.", "start_date": "2026-09-01T00:00:00+00:00", "title": "Parlez-moi d'Histoire"}, {"desc": "producteur de l'exp\u00e9rience \"Dans les pas d'une Etoile\".", "start_date": "2026-09-01T00:30:00+00:00", "title": "Bienvenue en Ile-de-France"}, {"desc": "Retrouvez tous vos programmes de nuit.", "start_date": "2026-09-01T01:30:00+00:00", "title": "Programmes de la nuit"}, {"desc": "Chaque jour, Vincent Roux, Anne-Emmanuelle Isaac et Timoth\u00e9 Dhellemes vous donnent rendez-vous en direct, avec trois invit\u00e9s, pour un \u00e9change dynamique sur les sujets br\u00fblants de l'actualit\u00e9 politique et culturelle.", "start_date": "2026-09-01T04:00:00+00:00", "title": "Points de vue"}, {"desc": "Plongez au c\u0153ur du patrimoine francilien avec les chroniques de Bienvenue en \u00cele-de-France. Chaque \u00e9pisode vous invite \u00e0 d\u00e9couvrir l'histoire riche et souvent m\u00e9connue de la r\u00e9gion : lieux embl\u00e9matiques, figures marquantes, expositions incontournables... L'\u00cele-de-France comme vous ne l'avez jamais vue, entre pass\u00e9 glorieux et initiatives contemporaines.", "start_date": "2026-09-01T04:55:00+00:00", "title": "Bienvenue en Ile-de-France"}, {"desc": "Tous les jours sur Le Figaro TV, d\u00e9couvrez la m\u00e9t\u00e9o de la r\u00e9gion \u00cele-de-France.", "start_date": "2026-09-01T04:58:00+00:00", "title": "La m\u00e9t\u00e9o"}, {"desc": "producteur de l'exp\u00e9rience \"Dans les pas d'une Etoile\".", "start_date": "2026-09-01T05:00:00+00:00", "title": "Bienvenue en Ile-de-France"}, {"desc": "L'art de diriger en 2026 : Luis Fernandez et le g\u00e9n\u00e9ral Lecointre sont les invit\u00e9s de notre \u00e9mission sp\u00e9ciale au Grand Palais.", "start_date": "2026-09-01T06:00:00+00:00", "title": "Esprits libres"}, {"desc": "Tous les jours sur Le Figaro TV, d\u00e9couvrez la m\u00e9t\u00e9o de la r\u00e9gion \u00cele-de-France.", "start_date": "2026-09-01T06:58:00+00:00", "title": "La m\u00e9t\u00e9o"}, {"desc": "Au programme : d\u00e9couverte des p\u00e2tisseries de l'Eclair de G\u00e9nie, entretien avec le directeur artistique de la maison Lacroix, balade litt\u00e9raire, et rencontre avec un plumassier.", "start_date": "2026-09-01T07:00:00+00:00", "title": "Version fran\u00e7aise"}, {"desc": "Dans le Pays de Gu\u00e9rande, Lionel et Fran\u00e7oise produisent un sel ramass\u00e9 et tri\u00e9 \u00e0 la main, tandis que Corinne, une jeune agricultrice, fait pousser des plantes grasses.", "start_date": "2026-09-01T07:30:00+00:00", "title": "Epicerie fine"}, {"desc": "Entre vestiges, r\u00e9cits et innovations techniques, l'histoire de Rochefort r\u00e9v\u00e8le la puissance d'un chantier naval qui fit rayonner la France bien au-del\u00e0 de ses fronti\u00e8res.", "start_date": "2026-09-01T09:00:00+00:00", "title": "Chroniques d'une cit\u00e9"}, {"desc": "Tous les jours sur Le Figaro TV, d\u00e9couvrez la m\u00e9t\u00e9o de la r\u00e9gion \u00cele-de-France.", "start_date": "2026-09-01T09:58:00+00:00", "title": "La m\u00e9t\u00e9o"}, {"desc": "Chaque jour, Vincent Roux, Anne-Emmanuelle Isaac et Timoth\u00e9 Dhellemes vous donnent rendez-vous en direct, avec trois invit\u00e9s, pour un \u00e9change dynamique sur les sujets br\u00fblants de l'actualit\u00e9 politique et culturelle.", "start_date": "2026-09-01T10:00:00+00:00", "title": "Points de vue"}, {"desc": "producteur de l'exp\u00e9rience \"Dans les pas d'une Etoile\".", "start_date": "2026-09-01T11:00:00+00:00", "title": "Bienvenue en Ile-de-France"}, {"desc": "Tous les jours sur Le Figaro TV, d\u00e9couvrez la m\u00e9t\u00e9o de la r\u00e9gion \u00cele-de-France.", "start_date": "2026-09-01T11:58:00+00:00", "title": "La m\u00e9t\u00e9o"}, {"desc": "Les secrets de fabrication de la moutarde de Provins, de la r\u00e9colte dans les champs \u00e0 la transformation, une moutarde 100% francilienne et biologique.", "start_date": "2026-09-01T12:00:00+00:00", "title": "Le panier Francilien"}, {"desc": "Au coeur de la ferme Viltain, d\u00e9couverte de la transformation du lait de vache, de l'\u00e9levage des animaux \u00e0 la traite, jusqu'\u00e0 la fabrication des produits.", "start_date": "2026-09-01T12:15:00+00:00", "title": "Le panier Francilien"}, {"desc": "Nich\u00e9 sur les rives de la Seine, le village de Samois-sur-Seine, lieu vivant, accueille des \u00e9v\u00e9nements artistiques qui perp\u00e9tuent son h\u00e9ritage cr\u00e9atif.", "start_date": "2026-09-01T12:30:00+00:00", "title": "Mon beau village d'Ile-de-France"}, {"desc": "Situ\u00e9e en Seine-et-Marne, Nemours abrite un ch\u00e2teau du XIIe si\u00e8cle, initialement b\u00e2ti \u00e0 des fins d\u00e9fensives. Au fil des si\u00e8cles, l'\u00e9difice a connu de nombreuses \u00e9volutions.", "start_date": "2026-09-01T13:00:00+00:00", "title": "Une vie de ch\u00e2teau"}, {"desc": "Le ch\u00e2teau de Thoiry, dont l'histoire est marqu\u00e9e par la famille des comtes de La Panouse, est un v\u00e9ritable symbole de l'\u00e9sot\u00e9risme fran\u00e7ais de la Renaissance.", "start_date": "2026-09-01T13:30:00+00:00", "title": "Une vie de ch\u00e2teau"}, {"desc": "Le Mus\u00e9e de l'Arm\u00e9e, situ\u00e9 au c\u0153ur de l'H\u00f4tel national des Invalides, dans le VIIe arrondissement, est une r\u00e9f\u00e9rence en collection militaire. Cr\u00e9\u00e9 en 1905, il regroupe pr\u00e8s de 500 000 objets retra\u00e7ant l'histoire militaire de la France, de ses grandes figures, du Moyen \u00c2ge \u00e0 aujourd'hui.", "start_date": "2026-09-01T14:00:00+00:00", "title": "Un pas au Mus\u00e9e"}, {"desc": "L'univers du plumassier, o\u00f9 des objets et ornements sont minutieusement confectionn\u00e9s \u00e0 partir de plumes d'oiseaux. Cet art d\u00e9licat est incarn\u00e9 par Nelly Saunier et la Maison F\u00e9vrier, qui collaborent notamment avec le Moulin Rouge et les grandes maisons de haute couture.", "start_date": "2026-09-01T15:00:00+00:00", "title": "M\u00e9tiers d'art, les secrets de l'excellence"}, {"desc": "Chaque jour, Damien Canivez, Nicolas Vollaire et Sarah Lecoeuvre vous guident dans un tour d'horizon de l'actualit\u00e9 t\u00e9l\u00e9visuelle aux c\u00f4t\u00e9s d'une personnalit\u00e9. Ensemble, ils explorent les coulisses des programmes, d\u00e9cryptent les tendances et partagent des anecdotes in\u00e9dites, rendant l'univers de la t\u00e9l\u00e9 plus accessible et vivant que jamais !", "start_date": "2026-09-01T16:30:00+00:00", "title": "Le Buzz TV"}, {"desc": "Tous les jours sur Le Figaro TV, d\u00e9couvrez la m\u00e9t\u00e9o de la r\u00e9gion \u00cele-de-France.", "start_date": "2026-09-01T16:58:00+00:00", "title": "La m\u00e9t\u00e9o"}, {"desc": "metteur en sc\u00e8ne et Raphaele Volkoff, com\u00e9dienne de la pi\u00e8ce \"Le go\u00fbt de la framboise\".", "start_date": "2026-09-01T17:00:00+00:00", "title": "Bienvenue en Ile-de-France"}, {"desc": "Tous les jours sur Le Figaro TV, d\u00e9couvrez la m\u00e9t\u00e9o de la r\u00e9gion \u00cele-de-France.", "start_date": "2026-09-01T17:58:00+00:00", "title": "La m\u00e9t\u00e9o"}, {"desc": "Chaque jour, Vincent Roux, Anne-Emmanuelle Isaac et Timoth\u00e9 Dhellemes vous donnent rendez-vous en direct, avec trois invit\u00e9s, pour un \u00e9change dynamique sur les sujets br\u00fblants de l'actualit\u00e9 politique et culturelle.", "start_date": "2026-09-01T18:00:00+00:00", "title": "Points de vue"}, {"desc": "Tous les jours sur Le Figaro TV, d\u00e9couvrez la m\u00e9t\u00e9o de la r\u00e9gion \u00cele-de-France.", "start_date": "2026-09-01T18:58:00+00:00", "title": "La m\u00e9t\u00e9o"}, {"desc": "Laetitia, Issa, Sandra et Maxime partent explorer les territoires oubli\u00e9s du monde afin de fabriquer des voyages in\u00e9dits pour des touristes en qu\u00eate d'aventure.", "start_date": "2026-09-01T19:00:00+00:00", "title": "Chasseurs d'aventures"}, {"desc": "Entre vestiges, r\u00e9cits et innovations techniques, l'histoire de Rochefort r\u00e9v\u00e8le la puissance d'un chantier naval qui fit rayonner la France bien au-del\u00e0 de ses fronti\u00e8res.", "start_date": "2026-09-01T20:00:00+00:00", "title": "Chroniques d'une cit\u00e9"}, {"desc": null, "start_date": "2026-09-01T21:00:00+00:00", "title": "Plan\u00e9tarium"}, {"desc": "Situ\u00e9 \u00e0 Chambourcy, le club priv\u00e9 de Joyenval, ouvert en 1992 au c\u0153ur de la for\u00eat de Marly, a \u00e9t\u00e9 imagin\u00e9 par l'architecte am\u00e9ricain Robert Trent Jones Sr. Joyenval compte deux parcours de 18 trous : Marly, parcours de championnat, et Retz, aux allures de links. Le domaine de 220 hectares s'inscrit sur un site historique li\u00e9 au D\u00e9sert de Retz, ancien domaine de chasse des rois de France.", "start_date": "2026-09-01T21:30:00+00:00", "title": "Echapp\u00e9es Golf"}, {"desc": "Tous les jours sur Le Figaro TV, d\u00e9couvrez la m\u00e9t\u00e9o de la r\u00e9gion \u00cele-de-France.", "start_date": "2026-09-01T21:58:00+00:00", "title": "La m\u00e9t\u00e9o"}, {"desc": "Chaque jour, Vincent Roux, Anne-Emmanuelle Isaac et Timoth\u00e9 Dhellemes vous donnent rendez-vous en direct, avec trois invit\u00e9s, pour un \u00e9change dynamique sur les sujets br\u00fblants de l'actualit\u00e9 politique et culturelle.", "start_date": "2026-09-01T22:00:00+00:00", "title": "Points de vue"}, {"desc": "Ouverture de la Sagrada Familia : les coulisses d'une folie architecturale. Retrouvez Le Club Le Figaro Culture pr\u00e9sent\u00e9 par Jean-Christophe Buisson.", "start_date": "2026-09-01T23:00:00+00:00", "title": "Le Club Le Figaro Culture"}, {"desc": null, "start_date": "2026-09-02T00:00:00+00:00", "title": "Plan\u00e9tarium"}], "offset": "+00:00", "timezone": "UTC", "error_code": -1, "start_date": "2026-08-31", "icon": ""}