{"end_date": "2026-09-03", "name": "Le Figaro TV", "info_url": "https://epg.pw/channels/448596/20260901.html", "country": "France", "description": null, "error_message": "", "provider": "", "source_url": "https://epg.pw/api/epg.json?channel_id=448596&date=20260901&timezone=None", "epg_list": [{"desc": "Guillaume Perrault invite les t\u00e9l\u00e9spectateurs \u00e0 s'offrir un voyage dans le temps \u00e0 ses c\u00f4t\u00e9s, \u00e0 la d\u00e9couverte des grands moments de l'histoire de France et celle du monde. Dans cet \u00e9pisode, il re\u00e7oit Hugo Coniez, auteur agr\u00e9g\u00e9 d'histoire, et Olivier Dard, professeur \u00e0 la Sorbonne, sp\u00e9cialiste de la vie politique de l'entre-deux-guerres. Ensemble, ils \u00e9voquent la figure de Georges Mandel.", "start_date": "2026-09-01T00:00:00+00:00", "title": "Parlez-moi d'Histoire"}, {"desc": "producteur de l'exp\u00e9rience \"Dans les pas d'une Etoile\".", "start_date": "2026-09-01T00:30:00+00:00", "title": "Bienvenue en Ile-de-France"}, {"desc": "Retrouvez tous vos programmes de nuit.", "start_date": "2026-09-01T01:30:00+00:00", "title": "Programmes de la nuit"}, {"desc": "Chaque jour, Vincent Roux, Anne-Emmanuelle Isaac et Timoth\u00e9 Dhellemes vous donnent rendez-vous en direct, avec trois invit\u00e9s, pour un \u00e9change dynamique sur les sujets br\u00fblants de l'actualit\u00e9 politique et culturelle.", "start_date": "2026-09-01T04:00:00+00:00", "title": "Points de vue"}, {"desc": "Plongez au c\u0153ur du patrimoine francilien avec les chroniques de Bienvenue en \u00cele-de-France. Chaque \u00e9pisode vous invite \u00e0 d\u00e9couvrir l'histoire riche et souvent m\u00e9connue de la r\u00e9gion : lieux embl\u00e9matiques, figures marquantes, expositions incontournables... L'\u00cele-de-France comme vous ne l'avez jamais vue, entre pass\u00e9 glorieux et initiatives contemporaines.", "start_date": "2026-09-01T04:55:00+00:00", "title": "Bienvenue en Ile-de-France"}, {"desc": "Tous les jours sur Le Figaro TV, d\u00e9couvrez la m\u00e9t\u00e9o de la r\u00e9gion \u00cele-de-France.", "start_date": "2026-09-01T04:58:00+00:00", "title": "La m\u00e9t\u00e9o"}, {"desc": "producteur de l'exp\u00e9rience \"Dans les pas d'une Etoile\".", "start_date": "2026-09-01T05:00:00+00:00", "title": "Bienvenue en Ile-de-France"}, {"desc": "L'art de diriger en 2026 : Luis Fernandez et le g\u00e9n\u00e9ral Lecointre sont les invit\u00e9s de notre \u00e9mission sp\u00e9ciale au Grand Palais.", "start_date": "2026-09-01T06:00:00+00:00", "title": "Esprits libres"}, {"desc": "Tous les jours sur Le Figaro TV, d\u00e9couvrez la m\u00e9t\u00e9o de la r\u00e9gion \u00cele-de-France.", "start_date": "2026-09-01T06:58:00+00:00", "title": "La m\u00e9t\u00e9o"}, {"desc": "Au programme : d\u00e9couverte des p\u00e2tisseries de l'Eclair de G\u00e9nie, entretien avec le directeur artistique de la maison Lacroix, balade litt\u00e9raire, et rencontre avec un plumassier.", "start_date": "2026-09-01T07:00:00+00:00", "title": "Version fran\u00e7aise"}, {"desc": "Dans le Pays de Gu\u00e9rande, Lionel et Fran\u00e7oise produisent un sel ramass\u00e9 et tri\u00e9 \u00e0 la main, tandis que Corinne, une jeune agricultrice, fait pousser des plantes grasses.", "start_date": "2026-09-01T07:30:00+00:00", "title": "Epicerie fine"}, {"desc": "Entre vestiges, r\u00e9cits et innovations techniques, l'histoire de Rochefort r\u00e9v\u00e8le la puissance d'un chantier naval qui fit rayonner la France bien au-del\u00e0 de ses fronti\u00e8res.", "start_date": "2026-09-01T09:00:00+00:00", "title": "Chroniques d'une cit\u00e9"}, {"desc": "Tous les jours sur Le Figaro TV, d\u00e9couvrez la m\u00e9t\u00e9o de la r\u00e9gion \u00cele-de-France.", "start_date": "2026-09-01T09:58:00+00:00", "title": "La m\u00e9t\u00e9o"}, {"desc": "Chaque jour, Vincent Roux, Anne-Emmanuelle Isaac et Timoth\u00e9 Dhellemes vous donnent rendez-vous en direct, avec trois invit\u00e9s, pour un \u00e9change dynamique sur les sujets br\u00fblants de l'actualit\u00e9 politique et culturelle.", "start_date": "2026-09-01T10:00:00+00:00", "title": "Points de vue"}, {"desc": "producteur de l'exp\u00e9rience \"Dans les pas d'une Etoile\".", "start_date": "2026-09-01T11:00:00+00:00", "title": "Bienvenue en Ile-de-France"}, {"desc": "Tous les jours sur Le Figaro TV, d\u00e9couvrez la m\u00e9t\u00e9o de la r\u00e9gion \u00cele-de-France.", "start_date": "2026-09-01T11:58:00+00:00", "title": "La m\u00e9t\u00e9o"}, {"desc": "Les secrets de fabrication de la moutarde de Provins, de la r\u00e9colte dans les champs \u00e0 la transformation, une moutarde 100% francilienne et biologique.", "start_date": "2026-09-01T12:00:00+00:00", "title": "Le panier Francilien"}, {"desc": "Au coeur de la ferme Viltain, d\u00e9couverte de la transformation du lait de vache, de l'\u00e9levage des animaux \u00e0 la traite, jusqu'\u00e0 la fabrication des produits.", "start_date": "2026-09-01T12:15:00+00:00", "title": "Le panier Francilien"}, {"desc": "Nich\u00e9 sur les rives de la Seine, le village de Samois-sur-Seine, lieu vivant, accueille des \u00e9v\u00e9nements artistiques qui perp\u00e9tuent son h\u00e9ritage cr\u00e9atif.", "start_date": "2026-09-01T12:30:00+00:00", "title": "Mon beau village d'Ile-de-France"}, {"desc": "Situ\u00e9e en Seine-et-Marne, Nemours abrite un ch\u00e2teau du XIIe si\u00e8cle, initialement b\u00e2ti \u00e0 des fins d\u00e9fensives. Au fil des si\u00e8cles, l'\u00e9difice a connu de nombreuses \u00e9volutions.", "start_date": "2026-09-01T13:00:00+00:00", "title": "Une vie de ch\u00e2teau"}, {"desc": "Le ch\u00e2teau de Thoiry, dont l'histoire est marqu\u00e9e par la famille des comtes de La Panouse, est un v\u00e9ritable symbole de l'\u00e9sot\u00e9risme fran\u00e7ais de la Renaissance.", "start_date": "2026-09-01T13:30:00+00:00", "title": "Une vie de ch\u00e2teau"}, {"desc": "Le Mus\u00e9e de l'Arm\u00e9e, situ\u00e9 au c\u0153ur de l'H\u00f4tel national des Invalides, dans le VIIe arrondissement, est une r\u00e9f\u00e9rence en collection militaire. Cr\u00e9\u00e9 en 1905, il regroupe pr\u00e8s de 500 000 objets retra\u00e7ant l'histoire militaire de la France, de ses grandes figures, du Moyen \u00c2ge \u00e0 aujourd'hui.", "start_date": "2026-09-01T14:00:00+00:00", "title": "Un pas au Mus\u00e9e"}, {"desc": "L'univers du plumassier, o\u00f9 des objets et ornements sont minutieusement confectionn\u00e9s \u00e0 partir de plumes d'oiseaux. Cet art d\u00e9licat est incarn\u00e9 par Nelly Saunier et la Maison F\u00e9vrier, qui collaborent notamment avec le Moulin Rouge et les grandes maisons de haute couture.", "start_date": "2026-09-01T15:00:00+00:00", "title": "M\u00e9tiers d'art, les secrets de l'excellence"}, {"desc": "Chaque jour, Damien Canivez, Nicolas Vollaire et Sarah Lecoeuvre vous guident dans un tour d'horizon de l'actualit\u00e9 t\u00e9l\u00e9visuelle aux c\u00f4t\u00e9s d'une personnalit\u00e9. Ensemble, ils explorent les coulisses des programmes, d\u00e9cryptent les tendances et partagent des anecdotes in\u00e9dites, rendant l'univers de la t\u00e9l\u00e9 plus accessible et vivant que jamais !", "start_date": "2026-09-01T16:30:00+00:00", "title": "Le Buzz TV"}, {"desc": "Tous les jours sur Le Figaro TV, d\u00e9couvrez la m\u00e9t\u00e9o de la r\u00e9gion \u00cele-de-France.", "start_date": "2026-09-01T16:58:00+00:00", "title": "La m\u00e9t\u00e9o"}, {"desc": "metteur en sc\u00e8ne et Raphaele Volkoff, com\u00e9dienne de la pi\u00e8ce \"Le go\u00fbt de la framboise\".", "start_date": "2026-09-01T17:00:00+00:00", "title": "Bienvenue en Ile-de-France"}, {"desc": "Tous les jours sur Le Figaro TV, d\u00e9couvrez la m\u00e9t\u00e9o de la r\u00e9gion \u00cele-de-France.", "start_date": "2026-09-01T17:58:00+00:00", "title": "La m\u00e9t\u00e9o"}, {"desc": "Chaque jour, Vincent Roux, Anne-Emmanuelle Isaac et Timoth\u00e9 Dhellemes vous donnent rendez-vous en direct, avec trois invit\u00e9s, pour un \u00e9change dynamique sur les sujets br\u00fblants de l'actualit\u00e9 politique et culturelle.", "start_date": "2026-09-01T18:00:00+00:00", "title": "Points de vue"}, {"desc": "Tous les jours sur Le Figaro TV, d\u00e9couvrez la m\u00e9t\u00e9o de la r\u00e9gion \u00cele-de-France.", "start_date": "2026-09-01T18:58:00+00:00", "title": "La m\u00e9t\u00e9o"}, {"desc": "Laetitia, Issa, Sandra et Maxime partent explorer les territoires oubli\u00e9s du monde afin de fabriquer des voyages in\u00e9dits pour des touristes en qu\u00eate d'aventure.", "start_date": "2026-09-01T19:00:00+00:00", "title": "Chasseurs d'aventures"}, {"desc": "Entre vestiges, r\u00e9cits et innovations techniques, l'histoire de Rochefort r\u00e9v\u00e8le la puissance d'un chantier naval qui fit rayonner la France bien au-del\u00e0 de ses fronti\u00e8res.", "start_date": "2026-09-01T20:00:00+00:00", "title": "Chroniques d'une cit\u00e9"}, {"desc": null, "start_date": "2026-09-01T21:00:00+00:00", "title": "Plan\u00e9tarium"}, {"desc": "Situ\u00e9 \u00e0 Chambourcy, le club priv\u00e9 de Joyenval, ouvert en 1992 au c\u0153ur de la for\u00eat de Marly, a \u00e9t\u00e9 imagin\u00e9 par l'architecte am\u00e9ricain Robert Trent Jones Sr. Joyenval compte deux parcours de 18 trous : Marly, parcours de championnat, et Retz, aux allures de links. Le domaine de 220 hectares s'inscrit sur un site historique li\u00e9 au D\u00e9sert de Retz, ancien domaine de chasse des rois de France.", "start_date": "2026-09-01T21:30:00+00:00", "title": "Echapp\u00e9es Golf"}, {"desc": "Tous les jours sur Le Figaro TV, d\u00e9couvrez la m\u00e9t\u00e9o de la r\u00e9gion \u00cele-de-France.", "start_date": "2026-09-01T21:58:00+00:00", "title": "La m\u00e9t\u00e9o"}, {"desc": "Chaque jour, Vincent Roux, Anne-Emmanuelle Isaac et Timoth\u00e9 Dhellemes vous donnent rendez-vous en direct, avec trois invit\u00e9s, pour un \u00e9change dynamique sur les sujets br\u00fblants de l'actualit\u00e9 politique et culturelle.", "start_date": "2026-09-01T22:00:00+00:00", "title": "Points de vue"}, {"desc": "Ouverture de la Sagrada Familia : les coulisses d'une folie architecturale. Retrouvez Le Club Le Figaro Culture pr\u00e9sent\u00e9 par Jean-Christophe Buisson.", "start_date": "2026-09-01T23:00:00+00:00", "title": "Le Club Le Figaro Culture"}, {"desc": null, "start_date": "2026-09-02T00:00:00+00:00", "title": "Plan\u00e9tarium"}, {"desc": "metteur en sc\u00e8ne et Raphaele Volkoff, com\u00e9dienne de la pi\u00e8ce \"Le go\u00fbt de la framboise\".", "start_date": "2026-09-02T00:30:00+00:00", "title": "Bienvenue en Ile-de-France"}, {"desc": "Retrouvez tous vos programmes de nuit.", "start_date": "2026-09-02T01:30:00+00:00", "title": "Programmes de la nuit"}, {"desc": "Chaque jour, Vincent Roux, Anne-Emmanuelle Isaac et Timoth\u00e9 Dhellemes vous donnent rendez-vous en direct, avec trois invit\u00e9s, pour un \u00e9change dynamique sur les sujets br\u00fblants de l'actualit\u00e9 politique et culturelle.", "start_date": "2026-09-02T04:00:00+00:00", "title": "Points de vue"}, {"desc": "Plongez au c\u0153ur du patrimoine francilien avec les chroniques de Bienvenue en \u00cele-de-France. Chaque \u00e9pisode vous invite \u00e0 d\u00e9couvrir l'histoire riche et souvent m\u00e9connue de la r\u00e9gion : lieux embl\u00e9matiques, figures marquantes, expositions incontournables... L'\u00cele-de-France comme vous ne l'avez jamais vue, entre pass\u00e9 glorieux et initiatives contemporaines.", "start_date": "2026-09-02T04:55:00+00:00", "title": "Bienvenue en Ile-de-France"}, {"desc": "Tous les jours sur Le Figaro TV, d\u00e9couvrez la m\u00e9t\u00e9o de la r\u00e9gion \u00cele-de-France.", "start_date": "2026-09-02T04:58:00+00:00", "title": "La m\u00e9t\u00e9o"}, {"desc": "metteur en sc\u00e8ne et Raphaele Volkoff, com\u00e9dienne de la pi\u00e8ce \"Le go\u00fbt de la framboise\".", "start_date": "2026-09-02T05:00:00+00:00", "title": "Bienvenue en Ile-de-France"}, {"desc": "Ouverture de la Sagrada Familia : les coulisses d'une folie architecturale. Retrouvez Le Club Le Figaro Culture pr\u00e9sent\u00e9 par Jean-Christophe Buisson.", "start_date": "2026-09-02T06:00:00+00:00", "title": "Le Club Le Figaro Culture"}, {"desc": "Tous les jours sur Le Figaro TV, d\u00e9couvrez la m\u00e9t\u00e9o de la r\u00e9gion \u00cele-de-France.", "start_date": "2026-09-02T06:58:00+00:00", "title": "La m\u00e9t\u00e9o"}, {"desc": "Au programme : le d\u00e9tail chic c'est le bouton de manchette, portrait de la designeuse Olivia Putman, une balade pour cin\u00e9phile, et les ateliers de Dimitri Samal.", "start_date": "2026-09-02T07:00:00+00:00", "title": "Version fran\u00e7aise"}, {"desc": "Le petit \u00e9peautre, c\u00e9r\u00e9ale mill\u00e9naire longtemps d\u00e9laiss\u00e9e, est aujourd'hui produite par des passionn\u00e9s comme Thierry Baurain et sa famille dans le Pays de Forcalquier. Non loin de l\u00e0, la famille Yernaux s'emploie \u00e0 maintenir un autre produit typique : un fromage local entour\u00e9 de feuilles de ch\u00e2taigniers, le Banon.", "start_date": "2026-09-02T07:30:00+00:00", "title": "Epicerie fine"}, {"desc": "Laetitia, Issa, Sandra et Maxime partent explorer les territoires oubli\u00e9s du monde afin de fabriquer des voyages in\u00e9dits pour des touristes en qu\u00eate d'aventure.", "start_date": "2026-09-02T08:00:00+00:00", "title": "Chasseurs d'aventures"}, {"desc": "Vieille de 2 500 ans, Narbonne est une capitale oubli\u00e9e. Perch\u00e9e au bord du golfe du Lion, cette cit\u00e9 m\u00e9diterran\u00e9enne fut la premi\u00e8re colonie romaine fond\u00e9e hors d'Italie.", "start_date": "2026-09-02T09:00:00+00:00", "title": "Chroniques d'une cit\u00e9"}, {"desc": "Tous les jours sur Le Figaro TV, d\u00e9couvrez la m\u00e9t\u00e9o de la r\u00e9gion \u00cele-de-France.", "start_date": "2026-09-02T09:58:00+00:00", "title": "La m\u00e9t\u00e9o"}, {"desc": "Chaque jour, Vincent Roux, Anne-Emmanuelle Isaac et Timoth\u00e9 Dhellemes vous donnent rendez-vous en direct, avec trois invit\u00e9s, pour un \u00e9change dynamique sur les sujets br\u00fblants de l'actualit\u00e9 politique et culturelle.", "start_date": "2026-09-02T10:00:00+00:00", "title": "Points de vue"}, {"desc": "metteur en sc\u00e8ne et Raphaele Volkoff, com\u00e9dienne de la pi\u00e8ce \"Le go\u00fbt de la framboise\".", "start_date": "2026-09-02T11:00:00+00:00", "title": "Bienvenue en Ile-de-France"}, {"desc": "Tous les jours sur Le Figaro TV, d\u00e9couvrez la m\u00e9t\u00e9o de la r\u00e9gion \u00cele-de-France.", "start_date": "2026-09-02T11:58:00+00:00", "title": "La m\u00e9t\u00e9o"}, {"desc": "Une d\u00e9couverte de l'entreprise Ecailles et Compagnie et des secrets de fabrication de conserves, de l'\u00e9levage des poissons, au fumage des truites et \u00e0 la mise en conserve.", "start_date": "2026-09-02T12:00:00+00:00", "title": "Le panier Francilien"}, {"desc": "Une plong\u00e9e au c\u0153ur de la boulangerie Les Gaulois, pour d\u00e9couvrir les secrets de fabrication de pain, confectionn\u00e9 \u00e0 base de farine francilienne.", "start_date": "2026-09-02T12:15:00+00:00", "title": "Le panier Francilien"}, {"desc": "Situ\u00e9 tout pr\u00e8s de Fontainebleau, au Sud de Paris, le village de Moret-sur-Loing doit sa renomm\u00e9e \u00e0 Alfred Sisley, peintre impressionniste du XIXe si\u00e8cle.", "start_date": "2026-09-02T12:30:00+00:00", "title": "Mon beau village d'Ile-de-France"}, {"desc": "Construite par Bertin l'A\u00een\u00e9, directeur du Journal des \"D\u00e9bats\", la Maison Litt\u00e9raire de Victor Hugo attire, entre 1815 et 1841, les figures politiques et artistiques majeures.", "start_date": "2026-09-02T13:00:00+00:00", "title": "Une vie de ch\u00e2teau"}, {"desc": "Pens\u00e9 par l'architecte Fran\u00e7ois Mansart, le Ch\u00e2teau de Maison, chef-d'\u0153uvre architectural du XVIIe si\u00e8cle, allie les styles classiques et baroques.", "start_date": "2026-09-02T13:30:00+00:00", "title": "Une vie de ch\u00e2teau"}, {"desc": "Situ\u00e9 sur les bords de Seine, dans le V\u1d49 arrondissement, l'Institut du Monde Arabe, une fondation priv\u00e9e, est un v\u00e9ritable pont entre la France et le monde arabe.", "start_date": "2026-09-02T14:00:00+00:00", "title": "Un pas au Mus\u00e9e"}, {"desc": "L'univers des joailliers, o\u00f9 la beaut\u00e9 prend forme entre les mains de Thierry Vendome et Karl Mazlo. Ces artisans transforment pierres et m\u00e9taux pr\u00e9cieux en bijoux uniques.", "start_date": "2026-09-02T15:00:00+00:00", "title": "M\u00e9tiers d'art, les secrets de l'excellence"}, {"desc": "Laetitia, Issa, Sandra et Maxime partent explorer les territoires oubli\u00e9s du monde afin de fabriquer des voyages in\u00e9dits pour des touristes en qu\u00eate d'aventure.", "start_date": "2026-09-02T15:30:00+00:00", "title": "Chasseurs d'aventures"}, {"desc": "Chaque jour, Damien Canivez, Nicolas Vollaire et Sarah Lecoeuvre vous guident dans un tour d'horizon de l'actualit\u00e9 t\u00e9l\u00e9visuelle aux c\u00f4t\u00e9s d'une personnalit\u00e9. Ensemble, ils explorent les coulisses des programmes, d\u00e9cryptent les tendances et partagent des anecdotes in\u00e9dites, rendant l'univers de la t\u00e9l\u00e9 plus accessible et vivant que jamais !", "start_date": "2026-09-02T16:30:00+00:00", "title": "Le Buzz TV"}, {"desc": "Tous les jours sur Le Figaro TV, d\u00e9couvrez la m\u00e9t\u00e9o de la r\u00e9gion \u00cele-de-France.", "start_date": "2026-09-02T16:58:00+00:00", "title": "La m\u00e9t\u00e9o"}, {"desc": "Invit\u00e9es : Marion Bierry, metteuse en sc\u00e8ne et Pamela Ravassard, com\u00e9dienne de la pi\u00e8ce \"Quatrevingt-treize\".", "start_date": "2026-09-02T17:00:00+00:00", "title": "Bienvenue en Ile-de-France"}, {"desc": "Tous les jours sur Le Figaro TV, d\u00e9couvrez la m\u00e9t\u00e9o de la r\u00e9gion \u00cele-de-France.", "start_date": "2026-09-02T17:58:00+00:00", "title": "La m\u00e9t\u00e9o"}, {"desc": "Chaque jour, Vincent Roux, Anne-Emmanuelle Isaac et Timoth\u00e9 Dhellemes vous donnent rendez-vous en direct, avec trois invit\u00e9s, pour un \u00e9change dynamique sur les sujets br\u00fblants de l'actualit\u00e9 politique et culturelle.", "start_date": "2026-09-02T18:00:00+00:00", "title": "Points de vue"}, {"desc": "Tous les jours sur Le Figaro TV, d\u00e9couvrez la m\u00e9t\u00e9o de la r\u00e9gion \u00cele-de-France.", "start_date": "2026-09-02T18:58:00+00:00", "title": "La m\u00e9t\u00e9o"}, {"desc": "Henri de Toulouse-Lautrec est rest\u00e9 c\u00e9l\u00e8bre comme le peintre de Montmartre, celui qui a su croquer la Boh\u00e8me parisienne \u00e0 la fin du XIXe si\u00e8cle.", "start_date": "2026-09-02T19:00:00+00:00", "title": "Les grands ma\u00eetres de la peinture"}, {"desc": "Vieille de 2 500 ans, Narbonne est une capitale oubli\u00e9e. Perch\u00e9e au bord du golfe du Lion, cette cit\u00e9 m\u00e9diterran\u00e9enne fut la premi\u00e8re colonie romaine fond\u00e9e hors d'Italie.", "start_date": "2026-09-02T20:00:00+00:00", "title": "Chroniques d'une cit\u00e9"}, {"desc": "Le ha\u00eftien James No\u00ebl publie un nouveau recueil de po\u00e9sie dans lequel il red\u00e9verse tout son talent. Il en discute avec Fr\u00e9d\u00e9ric Beigbeder.", "start_date": "2026-09-02T21:00:00+00:00", "title": "Conversations chez Lap\u00e9rouse"}, {"desc": "Situ\u00e9 \u00e0 Chambourcy, le club priv\u00e9 de Joyenval, ouvert en 1992 au c\u0153ur de la for\u00eat de Marly, a \u00e9t\u00e9 imagin\u00e9 par l'architecte am\u00e9ricain Robert Trent Jones Sr. Joyenval compte deux parcours de 18 trous : Marly, parcours de championnat, et Retz, aux allures de links. Le domaine de 220 hectares s'inscrit sur un site historique li\u00e9 au D\u00e9sert de Retz, ancien domaine de chasse des rois de France.", "start_date": "2026-09-02T21:30:00+00:00", "title": "Echapp\u00e9es Golf"}, {"desc": "Tous les jours sur Le Figaro TV, d\u00e9couvrez la m\u00e9t\u00e9o de la r\u00e9gion \u00cele-de-France.", "start_date": "2026-09-02T21:58:00+00:00", "title": "La m\u00e9t\u00e9o"}, {"desc": "Chaque jour, Vincent Roux, Anne-Emmanuelle Isaac et Timoth\u00e9 Dhellemes vous donnent rendez-vous en direct, avec trois invit\u00e9s, pour un \u00e9change dynamique sur les sujets br\u00fblants de l'actualit\u00e9 politique et culturelle.", "start_date": "2026-09-02T22:00:00+00:00", "title": "Points de vue"}, {"desc": "Natacha Polony et Laetitia Strauch-Bonart abordent le sujet du jour, qui est \"La France manque-t-elle de souverainet\u00e9 ou de libert\u00e9 ?\".", "start_date": "2026-09-02T23:00:00+00:00", "title": "Le Club Le Figaro Id\u00e9es"}, {"desc": "Le ha\u00eftien James No\u00ebl publie un nouveau recueil de po\u00e9sie dans lequel il red\u00e9verse tout son talent. Il en discute avec Fr\u00e9d\u00e9ric Beigbeder.", "start_date": "2026-09-03T00:00:00+00:00", "title": "Conversations chez Lap\u00e9rouse"}], "offset": "+00:00", "timezone": "UTC", "error_code": -1, "start_date": "2026-09-01", "icon": ""}