{"end_date": "2026-04-24", "name": "France 3 - Via Stella", "info_url": "https://epg.pw/channels/448603/20260423.html", "country": "France", "description": null, "error_message": "", "provider": "", "source_url": "https://epg.pw/api/epg.json?channel_id=448603&date=20260423&timezone=None", "epg_list": [{"desc": null, "start_date": "2026-04-24T18:05:00+00:00", "title": "M\u00e9t\u00e9o de la m\u00e9diterran\u00e9e - Corse"}, {"desc": null, "start_date": "2026-04-24T18:08:00+00:00", "title": "Paese"}, {"desc": "Invit\u00e9s : Jean-Paul Poletti et Jean-Louis Blaineau Titre : De Sart\u00e8ne vers le monde : Le choeur des hommes.", "start_date": "2026-04-24T18:16:00+00:00", "title": "Baz'art Le Mag"}, {"desc": "En 1986, le nuage radioactif de Tchernobyl se serait arr\u00eat\u00e9 aux fronti\u00e8res fran\u00e7aises. Quelles sont les cons\u00e9quences invisibles de la catastrophe sur le bassin m\u00e9diterran\u00e9en ?", "start_date": "2026-04-24T18:45:00+00:00", "title": "Tchernobyl, un nuage sur la Corse"}, {"desc": null, "start_date": "2026-04-24T19:37:00+00:00", "title": "Corse, le mensonge radioactif"}, {"desc": null, "start_date": "2026-04-24T20:38:00+00:00", "title": "M\u00e9t\u00e9o de la m\u00e9diterran\u00e9e - Corse"}, {"desc": null, "start_date": "2026-04-24T20:40:00+00:00", "title": "ICI 19/20 - Corsica Sera"}, {"desc": "Magazine avec archives Par le prisme des images d'archives de France 3 Corse et de Via Stella, un invit\u00e9 revient sur des \u00e9v\u00e8nements marquants de l'histoire contemporraine Corse. La t\u00e9l\u00e9vision comme reflet de notre soci\u00e9t\u00e9.", "start_date": "2026-04-24T21:00:00+00:00", "title": "Corsica Era"}, {"desc": null, "start_date": "2026-04-24T21:12:00+00:00", "title": "Copeam"}, {"desc": null, "start_date": "2026-04-24T21:26:00+00:00", "title": "JT - U Nutiziale"}, {"desc": null, "start_date": "2026-04-24T21:36:00+00:00", "title": "M\u00e9t\u00e9o - Corse"}, {"desc": null, "start_date": "2026-04-24T21:38:00+00:00", "title": "D'une page \u00e0 l'autre"}, {"desc": null, "start_date": "2026-04-24T21:48:00+00:00", "title": "Libraria"}, {"desc": null, "start_date": "2026-04-24T22:04:00+00:00", "title": "Libraria"}, {"desc": null, "start_date": "2026-04-24T22:30:00+00:00", "title": "Dolce notte"}, {"desc": "Invit\u00e9s : Jean-Paul Poletti et Jean-Louis Blaineau Titre : De Sart\u00e8ne vers le monde : Le choeur des hommes.", "start_date": "2026-04-24T23:31:00+00:00", "title": "Baz'art Le Mag"}, {"desc": "- Lucile ANDREANI (cheffe du d\u00e9partement \"Sacs et Accessoires\" chez Christie's).", "start_date": "2026-04-24T23:58:00+00:00", "title": "Avec ou sans filtre"}], "offset": "+00:00", "timezone": "UTC", "error_code": -1, "start_date": "2026-04-24", "icon": ""}