{"end_date": "2026-04-26", "name": "France 3 - Via Stella", "info_url": "https://epg.pw/channels/448603/20260425.html", "country": "France", "description": null, "error_message": "", "provider": "", "source_url": "https://epg.pw/api/epg.json?channel_id=448603&date=20260425&timezone=None", "epg_list": [{"desc": "Une statuette f\u00e9minine du N\u00e9olithique trouv\u00e9e \u00e0 la fin du XIXe si\u00e8cle pr\u00e8s de Sart\u00e8ne, en Corse. cristallise de nombreuses attentes depuis des ann\u00e9es,.", "start_date": "2026-04-25T00:26:00+00:00", "title": "A signora di Campu Fiureddu"}, {"desc": "Jeu 2\u00e9quipes de candidats se mesurent en 5 rounds. Chaque binome est constitu\u00e9 d'au moins 1 candidat qui parle le Corse et un autre qui le comprends.", "start_date": "2026-04-25T01:25:00+00:00", "title": "Parolle \u00e9 parolle"}, {"desc": null, "start_date": "2026-04-25T03:05:00+00:00", "title": "Oghje"}, {"desc": null, "start_date": "2026-04-25T03:31:00+00:00", "title": "A truva ci"}, {"desc": "Les cochons veulent grandir pour pouvoir jouer au basket-ball. Tina leur propose un traitement sp\u00e9cial... pour les faire grandir en une journ\u00e9e.", "start_date": "2026-04-25T05:01:00+00:00", "title": "Tina & Tony"}, {"desc": "Lorsqu'ils d\u00e9couvrent le massacre du potager, d\u00e9tective Cosima et son acolyte Gros L\u00e9zard se doivent de mener l'enqu\u00eate. Ils font le tour du voisinage, alors que la r\u00e9ponse se trouve finalement sur la sc\u00e8ne du crime !", "start_date": "2026-04-25T05:06:00+00:00", "title": "Gros l\u00e9zard"}, {"desc": null, "start_date": "2026-04-25T05:13:00+00:00", "title": "Pompon Ours"}, {"desc": "Samsam et Superjulie se chamaillent pour savoir quel est le plus fort de leurs papas. Ils d\u00e9cident de r\u00e9aliser, A leur insu, un concours de papas pour les d\u00e9partager. Au menu, une \u00e9preuve de rapidit\u00e9 et une \u00e9preuve de force\u00e2'\u0124.", "start_date": "2026-04-25T05:20:00+00:00", "title": "SamSam"}, {"desc": "Anatole Latuile est un cancre flamboyant et \u00f4 combien sympathique. nDot\u00e9 d'une imagination sans limite, il ne manque jamais de ressources pour r\u00e9soudre les probl\u00e8mes qu'il doit affronter au quotidien.Malheureusement, les solutions qu'il met au point avec ses copains d\u00e9g\u00e9n\u00e8rent immanquablement en un tourbillon de b\u00eatises'\u0124 et de bonne humeur !", "start_date": "2026-04-25T05:32:00+00:00", "title": "Anatole Latuile"}, {"desc": "En compagnie de sa famille, T'choupi part en vacances \u00e0 la campagne pour un s\u00e9jour plein de promenades \u00e0 v\u00e9lo, de pique-niques, et de balades en for\u00eat. T'choupi fait la connaissance de Nina et de son \u00e2ne Coquelicot. Il rencontre aussi une chienne nomm\u00e9e Loupiote...", "start_date": "2026-04-25T05:44:00+00:00", "title": "T'choupi \u00e0 la campagne"}, {"desc": "Roger, le cousin citadin de McSquizzy, vient visiter le Camp de la Libert\u00e9 et d\u00e9clare, moqueur, qu'il est loin d'\u00eatre aussi sauvage que la ville d'o\u00f9 il vient.", "start_date": "2026-04-25T05:51:00+00:00", "title": "Les rebelles de la for\u00eat, la s\u00e9rie"}, {"desc": "Louis trouve un animal aussi \u00e9trange qu'adorable et veut \u00e0 tout prix le garder chez lui pour en faire son animal de compagnie. Ses parents le lui d\u00e9conseillent.", "start_date": "2026-04-25T06:03:00+00:00", "title": "Bienvenue chez les mouches"}, {"desc": null, "start_date": "2026-04-25T06:14:00+00:00", "title": "Scooby-Doo : mission environnement"}, {"desc": "Erik se sent responsable de l'\u00e9pid\u00e9mie de chevrite.", "start_date": "2026-04-25T06:20:00+00:00", "title": "Viking Skool"}, {"desc": null, "start_date": "2026-04-25T06:42:00+00:00", "title": "Edmond et Lucy"}, {"desc": null, "start_date": "2026-04-25T06:53:00+00:00", "title": "Coop Troop"}, {"desc": null, "start_date": "2026-04-25T07:05:00+00:00", "title": "Les as de la jungle"}, {"desc": "Trotro joue \u00e0 la d\u00eenette avec Nounours. Pour faire de la soupe, il faut de l'herbe, des cailloux et de l'eau. Trotro touille le tout et fait go\u00fbter \u00e0 ses parents.", "start_date": "2026-04-25T07:16:00+00:00", "title": "Trotro"}, {"desc": "Maman n'en peut plus : impossible de faire une photo de Trotro pour sa mamie. Il saute, fait des roulades et des grimaces, et dispara\u00eet brusquement.", "start_date": "2026-04-25T07:20:00+00:00", "title": "Trotro"}, {"desc": "\u00c7a trottine dans la petite t\u00eate de l'\u00e2ne Trotro et il a des id\u00e9es bien arr\u00eat\u00e9es sur ce qu'il aime ou ce qu'il n'aime pas. L'\u00e2ne Trotro, ce sont des aventures quotidiennes con\u00e7ues pour faciliter la compr\u00e9hension des plus petits, et pour leur donner des rep\u00e8res rassurants. Les histoires de l'\u00e2ne Trotro diffusent une gentille ironie sur les ent\u00eatements des enfants qui revendiquent leur autonomie.", "start_date": "2026-04-25T07:24:00+00:00", "title": "Trotro"}, {"desc": null, "start_date": "2026-04-25T07:29:00+00:00", "title": "A sfida"}, {"desc": "Au nord de l'Egypte, les experts scientifiques partent \u00e0 la d\u00e9couvertes des incroyables cit\u00e9s antiques englouties situ\u00e9es \u00e0 l'embouchure du Nil.", "start_date": "2026-04-25T07:56:00+00:00", "title": "Les myst\u00e8res du Nil"}, {"desc": "Cette semaine Mediterraneo vous conduit d'abord sur un lieu de m\u00e9moire dans les Balkans, le cimeti\u00e8re militaire de Bitola... En Gr\u00e8ce, en Mac\u00e9doine Centrale, d\u00e9couverte du Parc de Kerkini, un site qui abrite plusieurs centaines d'esp\u00e8ces d'oiseaux, enfin dans le sud de la France regard sur une renaissance, celle du denim, utilis\u00e9 pour la confection des jeans avec un objectif \u00e9co responsable.", "start_date": "2026-04-25T08:49:00+00:00", "title": "Mediterraneo"}, {"desc": null, "start_date": "2026-04-25T09:18:00+00:00", "title": "Al Dente"}, {"desc": null, "start_date": "2026-04-25T10:26:00+00:00", "title": "M\u00e9t\u00e9o - Corse"}, {"desc": null, "start_date": "2026-04-25T10:30:00+00:00", "title": "ICI 12/13 - Corsica Prima"}, {"desc": null, "start_date": "2026-04-25T10:40:00+00:00", "title": "Les tr\u00e9sors du patrimoine corse"}, {"desc": null, "start_date": "2026-04-25T10:52:00+00:00", "title": "D'Umani"}, {"desc": "Emission Portraits sport Diff janvier 2026 Enregistrement 1ere session de 12 num\u00e9ros, du 17 au 21.11.", "start_date": "2026-04-25T11:19:00+00:00", "title": "A domicile"}, {"desc": "emission de debat citoyen tourn\u00e9 en r\u00e9gion autour de theme d'actualit\u00e9 (desertification des centres urbains, narco traffic....) incarn\u00e9 par Michel Field en collaboration avec la r\u00e9daction r\u00e9gionale.", "start_date": "2026-04-25T11:32:00+00:00", "title": "Andemu"}, {"desc": "L'histoire de la danse embl\u00e9matique de l'identit\u00e9 catalane.", "start_date": "2026-04-25T11:58:00+00:00", "title": "Mediterraneo"}, {"desc": null, "start_date": "2026-04-25T12:09:00+00:00", "title": "ICI 12/13 - Corsica Prima"}, {"desc": null, "start_date": "2026-04-25T12:19:00+00:00", "title": "M\u00e9t\u00e9o - Corse"}, {"desc": null, "start_date": "2026-04-25T12:24:00+00:00", "title": "Focu sacru"}, {"desc": null, "start_date": "2026-04-25T13:17:00+00:00", "title": "Paese"}, {"desc": "Une \u00e9quipe internationale de volcanologues tente, malgr\u00e9 des moyens limit\u00e9s, de pr\u00e9voir les \u00e9ruptions du Stromboli en explorant ses pentes d\u00e9sormais interdites.", "start_date": "2026-04-25T13:51:00+00:00", "title": "Stromboli 22"}, {"desc": "Portrait de Sergione, un tatoueur de 50 ans qui a v\u00e9cu toute sa vie dans le quartier populaire de Palerme, Bosco Grande.", "start_date": "2026-04-25T14:50:00+00:00", "title": "Bosco grande"}, {"desc": "MAGAZINE CONSACRE AUX AMATEURS DE SPORTS MECANIQUES.", "start_date": "2026-04-25T16:07:00+00:00", "title": "A Berlina"}, {"desc": "Une bouteille \u00e0 la mer est con\u00e7ue comme une qu\u00eate autour de th\u00e9matiques qui impactent la vie de chacun d'entre nous. Des actions port\u00e9es par des acteurs de la soci\u00e9t\u00e9 civile, la science, la philanthropie et d'organisations internationales qui d\u00e9ploient une ing\u00e9nierie forte. Nous allons nous y int\u00e9resser en fonction de leur potentiel \u00e0 acc\u00e9l\u00e9rer les progr\u00e8s pour un d\u00e9veloppement durable.", "start_date": "2026-04-25T16:35:00+00:00", "title": "Une bouteille \u00e0 la mer"}, {"desc": null, "start_date": "2026-04-25T16:59:00+00:00", "title": "M\u00e9t\u00e9o - Corse"}, {"desc": null, "start_date": "2026-04-25T17:05:00+00:00", "title": "Prenons le temps"}, {"desc": null, "start_date": "2026-04-25T17:10:00+00:00", "title": "Au commencement"}, {"desc": null, "start_date": "2026-04-25T17:47:00+00:00", "title": "M\u00e9t\u00e9o de la m\u00e9diterran\u00e9e - Corse"}, {"desc": "Le photographe Fran\u00e7ois Desjobert remonte le temps \u00e0 travers ses clich\u00e9s et nous confie le hors champ des photos qui ont fait sa renomm\u00e9e. Derri\u00e8re le clich\u00e9 d'un \u00e9v\u00e8nement, d'un portrait, d'un paysage, d'un instant suspendu que s'est-il pass\u00e9 ? Dans quelles conditions le photographe a-t-il d\u00e9clench\u00e9 ?", "start_date": "2026-04-25T17:49:00+00:00", "title": "L'oeil de Desjobert"}, {"desc": null, "start_date": "2026-04-25T17:54:00+00:00", "title": "D'Umani"}, {"desc": "Mario STASI (Pr\u00e9sident de la LICRA).", "start_date": "2026-04-25T18:01:00+00:00", "title": "Avec ou sans filtre"}, {"desc": null, "start_date": "2026-04-25T18:31:00+00:00", "title": "Avec ou sans filtre"}, {"desc": null, "start_date": "2026-04-25T18:33:00+00:00", "title": "Paese"}, {"desc": null, "start_date": "2026-04-25T18:40:00+00:00", "title": "Paese"}, {"desc": null, "start_date": "2026-04-25T18:45:00+00:00", "title": "Aldimusica"}, {"desc": null, "start_date": "2026-04-25T19:47:00+00:00", "title": "A la recherche du jardin des Finzi Contini"}, {"desc": null, "start_date": "2026-04-25T20:40:00+00:00", "title": "M\u00e9t\u00e9o de la m\u00e9diterran\u00e9e - Corse"}, {"desc": null, "start_date": "2026-04-25T20:43:00+00:00", "title": "ICI 19/20 - Corsica Sera"}, {"desc": null, "start_date": "2026-04-25T21:03:00+00:00", "title": "M\u00e9t\u00e9o - Corse"}, {"desc": "Way Out to The Moon est un trio rock aux multiples influences qui vont du progressif au psych\u00e9d\u00e9lique en passant par le \"\"rock ind\u00e9\". Ce groupe a \u00e9t\u00e9 form\u00e9 d\u00e9but 2018 par des musiciens venus d'horizons diff\u00e9rent,s partageant la m\u00eame envie de cr\u00e9ation musicale.", "start_date": "2026-04-25T21:07:00+00:00", "title": "Ascolta"}, {"desc": "La substitut Imma Tataranni enqu\u00eate sur le d\u00e9c\u00e8s suspect du propri\u00e9taire d'un h\u00f4tel dans lequel s\u00e9journe un c\u00e9l\u00e8bre chanteur, \u00e9galement ami du d\u00e9funt.", "start_date": "2026-04-25T21:37:00+00:00", "title": "Imma Tataranni, substitut du procureur"}, {"desc": "Imma Tataranni tient une piste s\u00e9rieuse dans l'enqu\u00eate sur le meurtre de Giuseppe Antezza. Calogiuri est sorti du coma, mais souffre d'amn\u00e9sie.", "start_date": "2026-04-25T22:44:00+00:00", "title": "Imma Tataranni, substitut du procureur"}, {"desc": null, "start_date": "2026-04-25T23:44:00+00:00", "title": "Ind'\u00e8 voi"}, {"desc": null, "start_date": "2026-04-25T23:47:00+00:00", "title": "Ind'\u00e8 voi"}, {"desc": null, "start_date": "2026-04-26T00:06:00+00:00", "title": "Ind'\u00e8 voi"}, {"desc": null, "start_date": "2026-04-26T00:21:00+00:00", "title": "Ind'\u00e8 voi"}, {"desc": null, "start_date": "2026-04-26T00:39:00+00:00", "title": "Ind'\u00e8 voi"}, {"desc": "Invit\u00e9s : Jean-Paul Poletti et Jean-Louis Blaineau Titre : De Sart\u00e8ne vers le monde : Le choeur des hommes.", "start_date": "2026-04-26T00:55:00+00:00", "title": "Baz'art Le Mag"}, {"desc": "Mario STASI (Pr\u00e9sident de la LICRA).", "start_date": "2026-04-26T01:22:00+00:00", "title": "Avec ou sans filtre"}, {"desc": null, "start_date": "2026-04-26T01:52:00+00:00", "title": "Paese"}, {"desc": "Magazine avec archives Par le prisme des images d'archives de France 3 Corse et de Via Stella, un invit\u00e9 revient sur des \u00e9v\u00e8nements marquants de l'histoire contemporraine Corse. La t\u00e9l\u00e9vision comme reflet de notre soci\u00e9t\u00e9.", "start_date": "2026-04-26T02:26:00+00:00", "title": "Corsica Era"}, {"desc": "31 mai / Th\u00e8me : Revolution corse et moyen age avec Philippe Colombani.", "start_date": "2026-04-26T03:31:00+00:00", "title": "Totem"}, {"desc": null, "start_date": "2026-04-26T05:01:00+00:00", "title": "Pompon Ours"}, {"desc": "Un Pakcho\u00ef-dactyle doit apprendre \u00e0 voler pour retrouver les siens. Ginger et les Pois Rex essayent de l'aider !", "start_date": "2026-04-26T05:08:00+00:00", "title": "V\u00e9g\u00e9tosaures"}, {"desc": "Les SamParents viennent d'inventer le T\u00e9l\u00e9portaSam 3000, invention g\u00e9niale qui permet de t\u00e9l\u00e9porter les objets. Tout excit\u00e9, SamSam veut en faire la d\u00e9monstration A Zouzou pendant que les SamParents sont partis A cause d'une A\u011e alerte monstre A\u011f. Ce n'est en fait qu'une diversion de Marchel 1er qui convoite le T\u00e9l\u00e9portaSam pour lui tout seul'\u0124.", "start_date": "2026-04-26T05:17:00+00:00", "title": "SamSam"}, {"desc": "Anatole sabote le projet de spectacle de fin d'ann\u00e9e de l'\u00e9cole en organisant un show Startruc qui rencontre un succ\u00e8s inattendu aupr\u00e8s des parents.", "start_date": "2026-04-26T05:29:00+00:00", "title": "Anatole Latuile"}, {"desc": "Anatole Latuile est un cancre flamboyant et \u00f4 combien sympathique. nDot\u00e9 d'une imagination sans limite, il ne manque jamais de ressources pour r\u00e9soudre les probl\u00e8mes qu'il doit affronter au quotidien.Malheureusement, les solutions qu'il met au point avec ses copains d\u00e9g\u00e9n\u00e8rent immanquablement en un tourbillon de b\u00eatises'\u0124 et de bonne humeur !", "start_date": "2026-04-26T05:41:00+00:00", "title": "Anatole Latuile"}, {"desc": "En compagnie de sa famille, T'choupi part en vacances \u00e0 la campagne pour un s\u00e9jour plein de promenades \u00e0 v\u00e9lo, de pique-niques, et de balades en for\u00eat. T'choupi fait la connaissance de Nina et de son \u00e2ne Coquelicot. Il rencontre aussi une chienne nomm\u00e9e Loupiote...", "start_date": "2026-04-26T05:54:00+00:00", "title": "T'choupi \u00e0 la campagne"}, {"desc": "Contrairement \u00e0 son fr\u00e8re et sa soeur, l'un des gar\u00e7ons redoute de devoir go\u00fbter \u00e0 un nouveau plat cuisin\u00e9 par Maman. Il est persuad\u00e9 de ne pas aimer \u00e7a.", "start_date": "2026-04-26T06:01:00+00:00", "title": "Les tripl\u00e9s *2022"}, {"desc": "Aujourd'hui, direction la savane o\u00f9 un nouvel arrivant fait parler de lui !", "start_date": "2026-04-26T06:08:00+00:00", "title": "Y\u00e9tili"}, {"desc": null, "start_date": "2026-04-26T06:16:00+00:00", "title": "Les rebelles de la for\u00eat, la s\u00e9rie"}, {"desc": "Louis fait un stage chez les fourmis pour prouver qu'il sait travailler dur, mais il n'est pas au bout de ses peines. Ni la Reine des fourmis d'ailleurs !", "start_date": "2026-04-26T06:28:00+00:00", "title": "Bienvenue chez les mouches"}, {"desc": null, "start_date": "2026-04-26T06:39:00+00:00", "title": "Scooby-Doo : mission environnement"}, {"desc": "La l\u00e9gende raconte qu'il y aurait dans les profondeurs de l'\u00c9kole une chambre dans laquelle nulle cr\u00e9ature surnaturelle ne peut p\u00e9n\u00e9trer - pas plus qu'elle ne peut en sortir ! Quand des cris \u00e0 glacer le sang emp\u00eachent Arni de dormir la nuit, il entra\u00eene ses amis dans une exploration souterraine nocturne. Moralit\u00e9 : mieux vaut laisser certaines portes closes.", "start_date": "2026-04-26T06:46:00+00:00", "title": "Viking Skool"}, {"desc": "Aujourd'hui, tous les amis de Rapha\u00ebl sont partis du village. Il va devoir affronter l'ennui, \u00e0 moins qu'il ne trouve un ami inattendu pour passer le temps.", "start_date": "2026-04-26T07:08:00+00:00", "title": "Partie de campagne"}, {"desc": null, "start_date": "2026-04-26T07:20:00+00:00", "title": "Coop Troop"}, {"desc": null, "start_date": "2026-04-26T07:31:00+00:00", "title": "Les as de la jungle"}, {"desc": "Pendant que sa maman pr\u00e9pare un g\u00e2teau, Trotro en fait autant. Il improvise et invente une nouvelle recette. Papa et maman vont se r\u00e9galer.", "start_date": "2026-04-26T07:42:00+00:00", "title": "Trotro"}, {"desc": "Trotro fait toutes sortes d'acrobaties sur ses rollers. Lili a bien du mal \u00e0 suivre. Cependant, ils rentrent tous les deux \u00e0 la maison \u00e0 pied et en chaussettes.", "start_date": "2026-04-26T07:46:00+00:00", "title": "Trotro"}, {"desc": "Trotro et Lili ont d\u00e9couvert un petit h\u00e9risson dans le jardin. Mais, impossible de voir son museau car il reste en boule. Alors Trotro et Lili lui offrent \u00e0 manger.", "start_date": "2026-04-26T07:49:00+00:00", "title": "Trotro"}, {"desc": null, "start_date": "2026-04-26T07:54:00+00:00", "title": "A sfida"}, {"desc": "Des \u00e9gyptologues partent \u00e0 la recherche des tr\u00e9sors engloutis par les eaux du Nil, sur le site de Louxor, gr\u00e2ce \u00e0 des technologies de l'arch\u00e9ologie 2.0.", "start_date": "2026-04-26T08:22:00+00:00", "title": "Les myst\u00e8res du Nil"}, {"desc": "Caroline Boeglin d\u00e9couvre la maison de Nadine et Laurent, dans la banlieue de Nancy. Nadine a transform\u00e9 cette maison centenaire en ouvrant les espaces du rez-de-chauss\u00e9e.", "start_date": "2026-04-26T09:15:00+00:00", "title": "Cosy, le mag d\u00e9co"}, {"desc": null, "start_date": "2026-04-26T09:42:00+00:00", "title": "Mediterraneo"}, {"desc": null, "start_date": "2026-04-26T10:09:00+00:00", "title": "Al Dente"}, {"desc": null, "start_date": "2026-04-26T10:34:00+00:00", "title": "ICI 12/13 - Corsica Prima"}, {"desc": null, "start_date": "2026-04-26T10:45:00+00:00", "title": "M\u00e9t\u00e9o - Corse"}, {"desc": null, "start_date": "2026-04-26T10:46:00+00:00", "title": "Du soleil dans la cuisine"}, {"desc": "Invit\u00e9s : Jean-Paul Poletti et Jean-Louis Blaineau Titre : De Sart\u00e8ne vers le monde : Le choeur des hommes.", "start_date": "2026-04-26T10:52:00+00:00", "title": "Baz'art Le Mag"}, {"desc": "Emission Portraits sport Diff janvier 2026 Enregistrement 1ere session de 12 num\u00e9ros, du 17 au 21.11.", "start_date": "2026-04-26T11:19:00+00:00", "title": "A domicile"}, {"desc": "Mario STASI (Pr\u00e9sident de la LICRA).", "start_date": "2026-04-26T11:33:00+00:00", "title": "Avec ou sans filtre"}, {"desc": null, "start_date": "2026-04-26T12:04:00+00:00", "title": "M\u00e9t\u00e9o - Corse"}, {"desc": null, "start_date": "2026-04-26T12:06:00+00:00", "title": "ICI 12/13 - Corsica Prima"}, {"desc": null, "start_date": "2026-04-26T12:17:00+00:00", "title": "Ind'\u00e8 voi"}, {"desc": "Corte Nous rencontrerons \"E cugine Corse\" (Chantal Paldacci et Laetitia Leca) qui s'appr\u00eatent \u00e0 faire le rallye A\u00efcha des gazelles 2025! L'\u00e9quipage p\u00e9tillant nous parle de cette aventure humanitaire et le d\u00e9passement de soi pour la belle cause ! Elles nous diront comment elles s'y pr\u00e9parent. Nous irons rejoindre \u00e9galement Catherine Riera pdte de l'association \"La Marido\"dont l'\u00e9quipage f\u00e9minin sou", "start_date": "2026-04-26T12:35:00+00:00", "title": "Ind'\u00e8 voi"}, {"desc": "Corte Nous irons \u00e0 la rencontre de Jo Orsatelli, berger dans le cortenais, d\u00e9couvrir son exploitation, cet h\u00e9ritage familial qu'il poursuit avec tant de passion et toujours en famille. Puis, nous irons au centre ville d\u00e9couvrir l'Open spaziu en Compagnie de Marc-Antoine Campana qui a cr\u00e9\u00e9 cet espace socioculturel ouvert aux entreprises et aux associations.", "start_date": "2026-04-26T12:55:00+00:00", "title": "Ind'\u00e8 voi"}, {"desc": "Un documentaire riche en images d'archives sur l'histoire de la pratique de l'alpinisme en Corse.", "start_date": "2026-04-26T13:13:00+00:00", "title": "Aldil\u00e0"}, {"desc": null, "start_date": "2026-04-26T14:06:00+00:00", "title": "Corse, le mensonge radioactif"}, {"desc": "En 1986, le nuage radioactif de Tchernobyl se serait arr\u00eat\u00e9 aux fronti\u00e8res fran\u00e7aises. Quelles sont les cons\u00e9quences invisibles de la catastrophe sur le bassin m\u00e9diterran\u00e9en ?", "start_date": "2026-04-26T15:07:00+00:00", "title": "Tchernobyl, un nuage sur la Corse"}, {"desc": null, "start_date": "2026-04-26T16:01:00+00:00", "title": "Totem"}, {"desc": null, "start_date": "2026-04-26T16:28:00+00:00", "title": "A truva ci"}, {"desc": null, "start_date": "2026-04-26T17:03:00+00:00", "title": "ICI 19/20 - Corsica Sera"}, {"desc": null, "start_date": "2026-04-26T17:24:00+00:00", "title": "M\u00e9t\u00e9o - Corse"}, {"desc": "Emission Portraits sport Diff janvier 2026 Enregistrement 1ere session de 12 num\u00e9ros, du 17 au 21.11.", "start_date": "2026-04-26T17:26:00+00:00", "title": "A domicile"}, {"desc": "Le photographe Fran\u00e7ois Desjobert remonte le temps \u00e0 travers ses clich\u00e9s et nous confie le hors champ des photos qui ont fait sa renomm\u00e9e. Derri\u00e8re le clich\u00e9 d'un \u00e9v\u00e8nement, d'un portrait, d'un paysage, d'un instant suspendu que s'est-il pass\u00e9 ? Dans quelles conditions le photographe a-t-il d\u00e9clench\u00e9 ?", "start_date": "2026-04-26T17:47:00+00:00", "title": "L'oeil de Desjobert"}, {"desc": null, "start_date": "2026-04-26T17:52:00+00:00", "title": "M\u00e9t\u00e9o de la m\u00e9diterran\u00e9e - Corse"}, {"desc": null, "start_date": "2026-04-26T17:55:00+00:00", "title": "Paese"}, {"desc": null, "start_date": "2026-04-26T18:28:00+00:00", "title": "Paese"}, {"desc": null, "start_date": "2026-04-26T18:36:00+00:00", "title": "Museexpress"}, {"desc": null, "start_date": "2026-04-26T18:39:00+00:00", "title": "Memoria"}, {"desc": "Alors que Damien a rendez-vous avec les truands, Flore d\u00e9cide de l'accompagner. De leur c\u00f4t\u00e9, les policiers enqu\u00eatent sur une s\u00e9rie de vols de voiture.", "start_date": "2026-04-26T18:45:00+00:00", "title": "Un si grand soleil"}, {"desc": "Tha\u00efs assiste \u00e0 l'audition d'un charmant suspect. Quant \u00e0 Alain et sa famille, ils doivent faire face \u00e0 la tournure dramatique des \u00e9v\u00e8nements.", "start_date": "2026-04-26T19:06:00+00:00", "title": "Un si grand soleil"}, {"desc": "Alors que Ludo commence \u00e0 remettre en doute la situation, Thierry demande \u00e0 Tha\u00efs de garder un secret.", "start_date": "2026-04-26T19:28:00+00:00", "title": "Un si grand soleil"}, {"desc": "Une prise d'otage \u00e0 lieu sur le tarmac d'un a\u00e9rodrome. Elisabeth r\u00e9ussira-t-elle \u00e0 r\u00e9unir l'argent de la ran\u00e7on \u00e0 temps ? Thierry s'ouvre \u00e0 Tha\u00efs sur sa vie priv\u00e9e.", "start_date": "2026-04-26T19:49:00+00:00", "title": "Un si grand soleil"}, {"desc": "Ludo fait la connaissance d'un personnage clef dans la vie de Flore, qui pourrait bien avoir des infos sur Damien. Thierry sauve la mise de Tha\u00efs au commissariat.", "start_date": "2026-04-26T20:11:00+00:00", "title": "Un si grand soleil"}, {"desc": null, "start_date": "2026-04-26T20:33:00+00:00", "title": "M\u00e9t\u00e9o de la m\u00e9diterran\u00e9e - Corse"}, {"desc": null, "start_date": "2026-04-26T20:36:00+00:00", "title": "ICI 19/20 - Corsica Sera"}, {"desc": null, "start_date": "2026-04-26T20:56:00+00:00", "title": "M\u00e9t\u00e9o - Corse"}, {"desc": "Une m\u00e8re de famille, issue d'un milieu modeste, prend contact avec un metteur en sc\u00e8ne r\u00e9put\u00e9 pour faire de sa fille une grande vedette de cin\u00e9ma.", "start_date": "2026-04-26T20:58:00+00:00", "title": "Bellissima"}, {"desc": "- Sinema Paradisu \u011e zone blanche \u011f enregistr\u00e9 (a definir) pour une diffusion le 2 avril : Au programme de Sinema Paradisu nous recevons le r\u00e9alisateur bruxellois David Noblet qui nous pr\u00e9sente son film \u011e Zone Blanche \u011fAmerigo et sa me\u00e8re \u00e9lectrosensible vivent isol\u00e9s en Corse. Ses sentiments pour Livi et la construction d'une antenne relais menacent ce fragile \u00e9quilibre.", "start_date": "2026-04-26T22:49:00+00:00", "title": "Sinema Paradisu"}, {"desc": "Depuis sa sortie du coma, Calogiuri n'est plus le m\u00eame homme. Imma sollicite son aide dans son investigation sur une affaire de suicide suspect.", "start_date": "2026-04-26T23:48:00+00:00", "title": "Imma Tataranni, substitut du procureur"}, {"desc": "Depuis sa sortie du coma, Calogiuri n'est plus le m\u00eame homme. Imma sollicite son aide dans son investigation sur une affaire de suicide suspect.", "start_date": "2026-04-26T23:51:00+00:00", "title": "Imma Tataranni, substitut du procureur"}], "offset": "+00:00", "timezone": "UTC", "error_code": -1, "start_date": "2026-04-25", "icon": ""}