{"end_date": "2026-08-28", "name": "France 3 - Via Stella", "info_url": "https://epg.pw/channels/448603/20260827.html", "country": "France", "description": null, "error_message": "", "provider": "", "source_url": "https://epg.pw/api/epg.json?channel_id=448603&date=20260827&timezone=None", "epg_list": [{"desc": "Au Domaine des Milelli, \u00e0 Ajaccio, Thomas, chef de chantier du CPIE, nous guide dans une v\u00e9ritable chasse aux intrus : fourmis, pucerons, chenilles Il partage ses techniques d'observation et de r\u00e9gulation pour limiter les d\u00e9g\u00e2ts sans d\u00e9s\u00e9quilibrer l'\u00e9cosyst\u00e8me du potager.", "start_date": "2026-08-28T18:03:00+00:00", "title": "L'ortu"}, {"desc": "Magazine avec archives Par le prisme des images d'archives de France 3 Corse et de Via Stella, un invit\u00e9 revient sur des \u00e9v\u00e8nements marquants de l'histoire contemporraine Corse. La t\u00e9l\u00e9vision comme reflet de notre soci\u00e9t\u00e9.", "start_date": "2026-08-28T18:06:00+00:00", "title": "Corsica Era"}, {"desc": null, "start_date": "2026-08-28T18:20:00+00:00", "title": "Du soleil dans la cuisine"}, {"desc": "Emission Portraits sport Diff janvier 2026 Enregistrement 1ere session de 12 num\u00e9ros, du 17 au 21.11.", "start_date": "2026-08-28T18:24:00+00:00", "title": "A domicile"}, {"desc": null, "start_date": "2026-08-28T18:39:00+00:00", "title": "Memoria"}, {"desc": "Parfois r\u00e9duit \u00e0 une image d'artiste maudit, Amedeo Modigliani, admirateur des ma\u00eetres de la Renaissance italienne, a trac\u00e9 dans l'art moderne un sillon sans \u00e9gal.", "start_date": "2026-08-28T18:45:00+00:00", "title": "Modigliani et ses secrets"}, {"desc": "A Barcelone, la Casa Batll\u00f3 r\u00e9sume \u00e0 elle seule le g\u00e9nie d'Antoni Gaud\u00ed. Visite guid\u00e9e de cette excentrique demeure color\u00e9e, achev\u00e9e en 1906.", "start_date": "2026-08-28T19:38:00+00:00", "title": "Gaud\u00ed, le g\u00e9nie visionnaire de Barcelone"}, {"desc": null, "start_date": "2026-08-28T20:32:00+00:00", "title": "M\u00e9t\u00e9o de la m\u00e9diterran\u00e9e - Corse"}, {"desc": null, "start_date": "2026-08-28T20:34:00+00:00", "title": "ICI 19/20 - Corsica Sera"}, {"desc": null, "start_date": "2026-08-28T20:59:00+00:00", "title": "M\u00e9t\u00e9o - Corse"}, {"desc": "Magazine avec archives Par le prisme des images d'archives de France 3 Corse et de Via Stella, un invit\u00e9 revient sur des \u00e9v\u00e8nements marquants de l'histoire contemporraine Corse. La t\u00e9l\u00e9vision comme reflet de notre soci\u00e9t\u00e9.", "start_date": "2026-08-28T21:03:00+00:00", "title": "Corsica Era"}, {"desc": "Jackie Poggioli enqu\u00eate sur la quasi\u2011invisibilit\u00e9 des femmes dans les statues, st\u00e8les et bustes publics corses. Une r\u00e9flexion pionni\u00e8re sur la m\u00e9moire collective et le genre.", "start_date": "2026-08-28T21:17:00+00:00", "title": "Tamanta squassera, un si long effacement"}, {"desc": "Jean-Marc Lanfranchi et Christophe Di Caro.", "start_date": "2026-08-28T22:18:00+00:00", "title": "Totem"}, {"desc": "Raymond ACQUAVIVA (homme de th\u00e9\u00e2tre et professeur de com\u00e9die).", "start_date": "2026-08-28T22:45:00+00:00", "title": "Avec ou sans filtre"}, {"desc": "Jeu 2\u00e9quipes de candidats se mesurent en 5 rounds. Chaque binome est constitu\u00e9 d'au moins 1 candidat qui parle le Corse et un autre qui le comprends.", "start_date": "2026-08-28T23:16:00+00:00", "title": "Parolle \u00e9 parolle"}, {"desc": null, "start_date": "2026-08-28T23:44:00+00:00", "title": "Dolce notte"}], "offset": "+00:00", "timezone": "UTC", "error_code": -1, "start_date": "2026-08-28", "icon": ""}