{"end_date": "2026-08-30", "name": "France 3 - Via Stella", "info_url": "https://epg.pw/channels/448603/20260829.html", "country": "France", "description": null, "error_message": "", "provider": "", "source_url": "https://epg.pw/api/epg.json?channel_id=448603&date=20260829&timezone=None", "epg_list": [{"desc": "Via night Show Emission de divertissement / late show Coordination d'emission Colomba Casanova Pr\u00e9sentation : Florian Carri\u00e9 Un rendez-vous autour de l'humour et de la culture, dans lequel Florian re\u00e7oit des invit\u00e9s connus ou moins connus, issus de tous les milieux. Homme politique, artiste, sportif ou chef d'entreprise, ils sont pr\u00eats \u00e0 se livr...", "start_date": "2026-08-29T00:45:00+00:00", "title": "Via Night Show"}, {"desc": null, "start_date": "2026-08-29T01:13:00+00:00", "title": "Ascolta"}, {"desc": "Jeu 2\u00e9quipes de candidats se mesurent en 5 rounds. Chaque binome est constitu\u00e9 d'au moins 1 candidat qui parle le Corse et un autre qui le comprends.", "start_date": "2026-08-29T01:46:00+00:00", "title": "Parolle \u00e9 parolle"}, {"desc": null, "start_date": "2026-08-29T03:43:00+00:00", "title": "Mediterraneo"}, {"desc": "Au cours d'une exploration de d\u00e9couverte, une avalanche de pierre enferme Papa, Cosima et Gros L\u00e9zard dans une grotte. Alors qu'il perd espoir, Papa d\u00e9couvre finalement un nouveau sp\u00e9cimen !", "start_date": "2026-08-29T05:01:00+00:00", "title": "Gros l\u00e9zard"}, {"desc": "Lorsque Jade arrive avec un nouvel instrument au son affreux, ses amis lui sugg\u00e8rent de s'entrainer ou d'en changer. Un oisillon \u00e9gar\u00e9 semble appr\u00e9cier les m\u00e9lodies jouer par Jade. Mais oA\u0131 est sa maman? Avec de la pratique, Jade parvient A jouer un magnifique morceau de musique et A r\u00e9unir l'oisillon avec sa m\u00e8re.", "start_date": "2026-08-29T05:08:00+00:00", "title": "Les mini-h\u00e9ros de la for\u00eat"}, {"desc": "Pompon et Rita s'amusent dans la tani\u00e8re, mais la fin d'apr\u00e8s-midi approche et ils vont devoir rentrer. Si seulement ils pouvaient revenir au d\u00e9but de la journ\u00e9e.", "start_date": "2026-08-29T05:15:00+00:00", "title": "Pompon Ours"}, {"desc": "Par une journ\u00e9e de grande chaleur, Billy part avec JC et Suzie \u00e0 la recherche de la Cascade Dor\u00e9e, le plus bel endroit pour se baigner. Mais cette qu\u00eate est ardue.", "start_date": "2026-08-29T05:22:00+00:00", "title": "Billy, le hamster cowboy"}, {"desc": "Ginger a envie de voler, pour cela elle prend une bignonne g\u00e9ante comme ballon, ce qui n'est pas gagn\u00e9. Heureusement, les fraisosaures sont l\u00e0.", "start_date": "2026-08-29T05:33:00+00:00", "title": "V\u00e9g\u00e9tosaures"}, {"desc": "Un Mandarinodocus vole le lit de Ginger, et ses amis vont devoir lui trouver un ami pour le faire partir.", "start_date": "2026-08-29T05:38:00+00:00", "title": "V\u00e9g\u00e9tosaures"}, {"desc": null, "start_date": "2026-08-29T05:43:00+00:00", "title": "SamSam"}, {"desc": "SamSam fait la connaissance de Barbaminus, un petit pirate haut en couleur. Contrairement A son cousin Barbaf\u00e9roce, il semble incapable de faire du mal A qui que ce soit. Notre h\u00e9ros cosmique d\u00e9cide d'aider son nouveau copain A relever des d\u00e9fis pour impressionner Barbaf\u00e9roce.", "start_date": "2026-08-29T05:55:00+00:00", "title": "SamSam"}, {"desc": "Nina et Papa s\u00bfamusent \u00e0 faire un concert de cris d'oiseaux mais T'choupi se retrouve le seul \u00e0 ne pas r\u00e9ussir le chant des oiseaux. Il est un peu frustr\u00e9. Et si \u00e0 la place, ils faisaient une partie de cache-cache en for\u00eat ? Mais un cache-cache un peu sp\u00e9cial, propose Nina, o\u00f9 il faut se retrouver en faisant\u00bf un cri d\u00bfoiseau justement ! Et cette...", "start_date": "2026-08-29T06:07:00+00:00", "title": "T'choupi \u00e0 la campagne"}, {"desc": "Toto chipe une part de galette et tombe sur la f\u00e8ve. Le petit chien est aussit\u00f4t intronis\u00e9 roi par maman, au grand d\u00e9sespoir des Tripl\u00e9s qui esp\u00e9raient h\u00e9riter du titre. Finalement ils se prennent au jeu et se montrent aux petits soins pour leur souverain, qui profite joyeusement de la situation.", "start_date": "2026-08-29T06:14:00+00:00", "title": "Les tripl\u00e9s *2022"}, {"desc": "Au Y\u00e9ti qui lit, Nina et L\u00e9on, deux petites souris, retrouvent Y\u00e9tili la mascotte de la librairie du quartier. Quand celle-ci est ferm\u00e9e, Y\u00e9tili prend vie et C'est l'heure de l'histoire ! Ensemble, ils lisent des livres et voyagent au pays des albums jeunesse.", "start_date": "2026-08-29T06:21:00+00:00", "title": "Y\u00e9tili"}, {"desc": null, "start_date": "2026-08-29T06:28:00+00:00", "title": "Les gardes chim\u00e8res"}, {"desc": "Elliot essaie de tromper Kiki pour qu'elle fasse toutes ses corv\u00e9es, tandis que Boog doit chercher un endroit o\u00f9 il peut se reposer.", "start_date": "2026-08-29T06:39:00+00:00", "title": "Les rebelles de la for\u00eat, la s\u00e9rie"}, {"desc": "Chaque \u00e9pisode d'Il \u00e9tait une fois... ces dr\u00f4les d'objets est consacr\u00e9 \u00e0 un objet du quotidien, de ceux qui existent depuis des centaines d'ann\u00e9es aux plus r\u00e9cents.", "start_date": "2026-08-29T06:51:00+00:00", "title": "Il \u00e9tait une fois... ces dr\u00f4les d'objets"}, {"desc": "Le fr\u00e8re a\u00een\u00e9 de Louis et BA, qui se nomme \u00e9galement Louis, revient vivre chez ses parents, mais sa pr\u00e9sence devient rapidement insupportable.", "start_date": "2026-08-29T06:58:00+00:00", "title": "Bienvenue chez les mouches"}, {"desc": null, "start_date": "2026-08-29T07:09:00+00:00", "title": "Scooby Doo et les myst\u00e8res de la nature"}, {"desc": "La protection de l'environnement est l'affaire de tous. Et c'est d\u00e8s le plus jeune \u00e2ge qu'il convient d'\u00e9duquer les enfants au respect de la nature, \u00e0 lutter contre la pollution et le gaspillage. Attirer l'attention des enfants au respect de l'environnement exige de leur apporter des r\u00e9ponses claires et c'est l'objectif de la s\u00e9rie anim\u00e9e \"Scoob...", "start_date": "2026-08-29T07:15:00+00:00", "title": "Scooby-Doo : mission environnement"}, {"desc": "Malade, Grande Perche est plac\u00e9e en quarantaine par le docteur Lee. Son petit fr\u00e8re et ses amis pensent qu'ils sont responsables et culpabilisent.", "start_date": "2026-08-29T07:21:00+00:00", "title": "Partie de campagne"}, {"desc": null, "start_date": "2026-08-29T07:33:00+00:00", "title": "Les as de la jungle : en direct"}, {"desc": "DANS CHAQUE EPISODES UNE PETITE FILLE ET SON FRERE OBSERVATEURS CURIEUX ET BIENVEILLANTS DECOUVRENT UN ANIMAL FILME DANS SON HABITAT NATUREL . LES ENFANTS SONT DES TEMOIns PRIVILEGIES DES GRANDES ETAPES D'APPRENTISSAGE DE L'ANIMAL DE LA NAISSANCE A L'AGE ADULTE ETABLISSANT AINSI UN PARALLELE ETONNANT AVEC LEUR PROPRE VIE.", "start_date": "2026-08-29T07:44:00+00:00", "title": "Si j'\u00e9tais un animal"}, {"desc": "\u00c7a trottine dans la petite t\u00eate de l'\u00e2ne Trotro et il a des id\u00e9es bien arr\u00eat\u00e9es sur ce qu'il aime ou ce qu'il n'aime pas. L'\u00e2ne Trotro, ce sont des aventures quotidiennes con\u00e7ues pour faciliter la compr\u00e9hension des plus petits, et pour leur donner des rep\u00e8res rassurants. Les histoires de l'\u00e2ne Trotro diffusent une gentille ironie sur les ent\u00eatements des enfants qui revendiquent leur autonomie.", "start_date": "2026-08-29T07:50:00+00:00", "title": "Trotro"}, {"desc": "\u00c7a trottine dans la petite t\u00eate de l'\u00e2ne Trotro et il a des id\u00e9es bien arr\u00eat\u00e9es sur ce qu'il aime ou ce qu'il n'aime pas. L'\u00e2ne Trotro, ce sont des aventures quotidiennes con\u00e7ues pour faciliter la compr\u00e9hension des plus petits, et pour leur donner des rep\u00e8res rassurants. Les histoires de l'\u00e2ne Trotro diffusent une gentille ironie sur les ent\u00eatements des enfants qui revendiquent leur autonomie.", "start_date": "2026-08-29T07:53:00+00:00", "title": "Trotro"}, {"desc": "Malgr\u00e9 la mise en garde de Zeus, les dieux se m\u00ealent \u00e0 la bataille. Ath\u00e9na manipule Diom\u00e8de, qui finit par blesser Aphrodite et le dieu de la guerre Ar\u00e8s.", "start_date": "2026-08-29T07:58:00+00:00", "title": "Les grands mythes"}, {"desc": null, "start_date": "2026-08-29T08:24:00+00:00", "title": "Palais de Monaco : dans le secret des fresques oubli\u00e9es"}, {"desc": null, "start_date": "2026-08-29T09:18:00+00:00", "title": "Int\u00e9rieurs"}, {"desc": null, "start_date": "2026-08-29T09:47:00+00:00", "title": "Al Dente"}, {"desc": null, "start_date": "2026-08-29T10:26:00+00:00", "title": "M\u00e9t\u00e9o - Corse"}, {"desc": null, "start_date": "2026-08-29T10:30:00+00:00", "title": "ICI 12/13 - Corsica Prima"}, {"desc": null, "start_date": "2026-08-29T10:40:00+00:00", "title": "Les tr\u00e9sors du patrimoine corse"}, {"desc": "Un regard in\u00e9dit sur les jardins contemporains. Plongez au coeur de la cr\u00e9ation paysag\u00e8re la plus r\u00e9cente avec ceux qui s'attachent A inventer des solutions innovantes pour offrir des espaces de respiration et de po\u00e9sie dans un monde de plus en plus urbanis\u00e9.", "start_date": "2026-08-29T10:52:00+00:00", "title": "Jardins d'ici et d'ailleurs"}, {"desc": "Le symposium est l'\u00e9v\u00e9nement social, le plus embl\u00e9matique du monde antique. Lors de ce banquet aux rituels bien pr\u00e9cis et sacr\u00e9s, le vin tenait une place centrale, a tel point que le po\u00e8te grecque Eubule, alerte sur les 10 stades de l'ivresse ! Mais encore aujourd'hui, f\u00eate et vin restent indissociables Que nous reste-t'il de ce vieux couple...", "start_date": "2026-08-29T11:18:00+00:00", "title": "In Vino Veritas"}, {"desc": null, "start_date": "2026-08-29T11:32:00+00:00", "title": "A Berlina"}, {"desc": null, "start_date": "2026-08-29T12:01:00+00:00", "title": "ICI 12/13 - Corsica Prima"}, {"desc": null, "start_date": "2026-08-29T12:11:00+00:00", "title": "M\u00e9t\u00e9o - Corse"}, {"desc": "Nous irons voir l'exposition dans la Citerne \u00e0 Corte qui se trouve dans la citadelle, une exposition de photos d'un photographe Turc. Un partenariat mis en place par la Fondation Universitaire, Popul'arte et l'ambassade Turque en compagnie d'Elodie Pinet ainsi que de 2 \u00e9tudiants qui ont particip\u00e9 \u00e0 la sc\u00e9nographie.", "start_date": "2026-08-29T12:17:00+00:00", "title": "Ind'\u00e8 voi"}, {"desc": "Gilles et Alex Lucchini. H\u00f4tel de la poste restaurant.", "start_date": "2026-08-29T12:36:00+00:00", "title": "Ind'\u00e8 voi"}, {"desc": "Nous irons \u00e0 la rencontre de Vannina une jeune poti\u00e8re qui nous parle de sa reconversion professionnelle et des ateliers de poterie qu'elle donne au village, puis nous irons \u00e0 Lama pour rencontrer l'association du festival du film sur sa programmation hivernale.", "start_date": "2026-08-29T12:56:00+00:00", "title": "Ind'\u00e8 voi"}, {"desc": null, "start_date": "2026-08-29T13:35:00+00:00", "title": "Cosy, le mag d\u00e9co"}, {"desc": null, "start_date": "2026-08-29T14:10:00+00:00", "title": "Temps d'histoire"}, {"desc": null, "start_date": "2026-08-29T15:02:00+00:00", "title": "Les tr\u00e9sors du patrimoine corse"}, {"desc": "Estelle Giacometti et J\u00e9r\u00e9my Leandri nous emm\u00e8nent en balade au d\u00e9part du col de Vizzavona. Le fort, la rivi\u00e8re, les bergeries de Turtetu et le majestueux Monte d'Oru nous accompagnent pour une vir\u00e9e aux allures automnales. H\u00e9l\u00e8ne Paolini-Saez et Nadia Federzoni, arch\u00e9ologues, nous expliquent la promenade jusqu'\u00e0 l'abri Southwell et Alexandre Honore-Giacomoni, garde forestier nous raconte la for\u00eat", "start_date": "2026-08-29T16:23:00+00:00", "title": "Andemu"}, {"desc": null, "start_date": "2026-08-29T16:58:00+00:00", "title": "M\u00e9t\u00e9o des plages - Corse"}, {"desc": null, "start_date": "2026-08-29T17:00:00+00:00", "title": "ICI 19/20 - Corsica Sera"}, {"desc": null, "start_date": "2026-08-29T17:18:00+00:00", "title": "M\u00e9t\u00e9o - Corse"}, {"desc": "La sortie de l'\u00e9t\u00e9 ouvre une \u00e9tape essentielle dans la cycle de la vigne. Apr\u00e8s 1 an d'observation, d'attention et de stress, les grappes sont enfin l\u00e0, pr\u00eatent \u00e0 \u00eatre r\u00e9colt\u00e9es. Les vendanges peuvent d\u00e9marrer ! Les raisins, gorg\u00e9s de soleil et d'ar\u00f4mes, donneront du jus,Jus qui se transformera en VIN.", "start_date": "2026-08-29T17:24:00+00:00", "title": "In Vino Veritas"}, {"desc": "Dans la vall\u00e9e de la Casaluna, sur la commune de Cambia, un oc\u00e9an de verdure abrite d'\u00e9tranges traces du pass\u00e9. D'embl\u00e9e, le territoire d'A Petra Frisgiata, ne laisse pas indiff\u00e9rent, il faut savoir le traverser, se laisser porter par son \u00e9nergie et surtout ouvrir l'oeil et le bon. Avec Antonia Colonna, ma\u00eetre de conf\u00e9rences en arch\u00e9ologie et pr\u00e9histoire.", "start_date": "2026-08-29T17:36:00+00:00", "title": "Au commencement"}, {"desc": null, "start_date": "2026-08-29T17:47:00+00:00", "title": "M\u00e9t\u00e9o de la m\u00e9diterran\u00e9e - Corse"}, {"desc": null, "start_date": "2026-08-29T17:49:00+00:00", "title": "Les tr\u00e9sors du patrimoine corse"}, {"desc": "Le photographe Fran\u00e7ois Desjobert remonte le temps \u00e0 travers ses clich\u00e9s et nous confie le hors champ des photos qui ont fait sa renomm\u00e9e. Derri\u00e8re le clich\u00e9 d'un \u00e9v\u00e8nement, d'un portrait, d'un paysage, d'un instant suspendu que s'est-il pass\u00e9? Dans quelles conditions le photographe a-t-il d\u00e9clench\u00e9?", "start_date": "2026-08-29T17:58:00+00:00", "title": "L'oeil de Desjobert"}, {"desc": "Au coeur de l'actualit\u00e9, ils font les affaires de certains particuliers et la perte des h\u00f4teliers ; les meubl\u00e9s de tourisme fleurissent en Corse comme ailleurs via des plateformes en ligne bien connues. Quel impact sur le logement ? Les prix du foncier ? Et le mode de vie insulaire ? Apmlus et professionnels d\u00e9battent d'une r\u00e9gulation.", "start_date": "2026-08-29T18:03:00+00:00", "title": "A truva ci"}, {"desc": null, "start_date": "2026-08-29T18:34:00+00:00", "title": "Paoliwood"}, {"desc": null, "start_date": "2026-08-29T18:40:00+00:00", "title": "Memoria"}, {"desc": null, "start_date": "2026-08-29T18:45:00+00:00", "title": "Dolce notte"}, {"desc": null, "start_date": "2026-08-29T19:45:00+00:00", "title": "Corsica urbana"}, {"desc": null, "start_date": "2026-08-29T20:38:00+00:00", "title": "M\u00e9t\u00e9o de la m\u00e9diterran\u00e9e - Corse"}, {"desc": null, "start_date": "2026-08-29T20:41:00+00:00", "title": "ICI 19/20 - Corsica Sera"}, {"desc": null, "start_date": "2026-08-29T20:59:00+00:00", "title": "M\u00e9t\u00e9o - Corse"}, {"desc": null, "start_date": "2026-08-29T21:03:00+00:00", "title": "Paese"}, {"desc": null, "start_date": "2026-08-29T21:36:00+00:00", "title": "Ind'\u00e8 voi"}, {"desc": "Nous irons dans la citadelle rencontrer Anne-Marie Piazzoli directrice de l'office de tourisme de Calvi qui nous parle de la visite g\u00e9n\u00e9r\u00e9e par l'IA \u00e0 la rencontre de Christophe Colomb. Une application qui nous permet d'avoir une visite singuli\u00e8re et sur mesure en fonction des questions pos\u00e9es \u00e0 LIV, un outil cr\u00e9e par Romain Deceuninck que nous rejoindrons pour la visite in situ \u00e0 la rencontre du ", "start_date": "2026-08-29T21:52:00+00:00", "title": "Ind'\u00e8 voi"}, {"desc": null, "start_date": "2026-08-29T22:12:00+00:00", "title": "Ind'\u00e8 voi"}, {"desc": "Nous irons \u00e0 la rencontre de Stella Massoni une jeune d\u00e9coratrice d'int\u00e9rieur qui nous fait d\u00e9couvrir ses cr\u00e9ations et la mani\u00e8re dont elle r\u00e9invente les lieux avec des mat\u00e9riaux orignaux et des tissus qu'elle d\u00e9niche avec talent ! Nous irons la rencontrer o\u00f9 elle cr\u00e9e et elle nous emm\u00e8nera dans les lieux qu'elle \u00e0 transform\u00e9!", "start_date": "2026-08-29T22:29:00+00:00", "title": "Ind'\u00e8 voi"}, {"desc": "Via night Show Emission de divertissement / late show Coordination d'emission Colomba Casanova Pr\u00e9sentation : Florian Carri\u00e9 Un rendez-vous autour de l'humour et de la culture, dans lequel Florian re\u00e7oit des invit\u00e9s connus ou moins connus, issus de tous les milieux. Homme politique, artiste, sportif ou chef d'entreprise, ils sont pr\u00eats \u00e0 se livr...", "start_date": "2026-08-29T22:48:00+00:00", "title": "Via Night Show"}, {"desc": "Jeu 2\u00e9quipes de candidats se mesurent en 5 rounds. Chaque binome est constitu\u00e9 d'au moins 1 candidat qui parle le Corse et un autre qui le comprends.", "start_date": "2026-08-29T23:17:00+00:00", "title": "Parolle \u00e9 parolle"}, {"desc": "Parfois r\u00e9duit \u00e0 une image d'artiste maudit, Amedeo Modigliani, admirateur des ma\u00eetres de la Renaissance italienne, a trac\u00e9 dans l'art moderne un sillon sans \u00e9gal.", "start_date": "2026-08-30T00:58:00+00:00", "title": "Modigliani et ses secrets"}, {"desc": null, "start_date": "2026-08-30T01:51:00+00:00", "title": "Ascolta"}, {"desc": "Magazine avec archives Par le prisme des images d'archives de France 3 Corse et de Via Stella, un invit\u00e9 revient sur des \u00e9v\u00e8nements marquants de l'histoire contemporraine Corse. La t\u00e9l\u00e9vision comme reflet de notre soci\u00e9t\u00e9.", "start_date": "2026-08-30T02:24:00+00:00", "title": "Corsica Era"}, {"desc": null, "start_date": "2026-08-30T03:28:00+00:00", "title": "Totem"}, {"desc": "Pat vole le ballon de volley de Cosima. Une course poursuite entraine Gros L\u00e9zard et Cosima au fond de la tani\u00e8re de Pat. Ils font une heureuse d\u00e9couverte !", "start_date": "2026-08-30T05:01:00+00:00", "title": "Gros l\u00e9zard"}, {"desc": "Les mini-h\u00e9ros d\u00e9couvrent que quelqu'un a grignot\u00e9 de nombreux fruits et l\u00e9gumes dans le potager. En recherchant des indices et en remontant une piste, ils rencontrent un escargot en chemin pour rejoindre sa grand-m\u00e8re. Avec lui dans l'\u00e9quipe, ils trouveront qui est ce petit glouton, c'est s\u00fbr !", "start_date": "2026-08-30T05:08:00+00:00", "title": "Les mini-h\u00e9ros de la for\u00eat"}, {"desc": null, "start_date": "2026-08-30T05:15:00+00:00", "title": "Pompon Ours"}, {"desc": "Ginger gu\u00e9rit une maman pois gr\u00e2ce \u00e0 sa Merveille Gluante.", "start_date": "2026-08-30T05:22:00+00:00", "title": "V\u00e9g\u00e9tosaures"}, {"desc": "Fafa pleure en lisant une histoire triste. Voyant cela, Baba lui dit qu'un gar\u00e7on ne doit pas pleurer : ' Pleurer c'est pour les filles ! '. Mais Baba va exp\u00e9rimenter malgr\u00e9 elle ce que cela fait quand on vous emp\u00eache de pleurer. Finissant par comprendre que tout le monde a toujours le droit d'exprimer ses \u00e9motions, elle lira le livre avec Fafa et ils pleureront tous les deux de concert.", "start_date": "2026-08-30T05:27:00+00:00", "title": "Chouette, pas chouette"}, {"desc": null, "start_date": "2026-08-30T05:29:00+00:00", "title": "SamSam"}, {"desc": "Crapouille ne parvient pas A se rendre utile aux superH\u00e9ros et le Marchientifique l'aide A fabriquer un smoothie qui donnera de l'\u00e9nergie A tout le monde. Mais c'est un pi\u00e8ge de Marchel premier ! En effet, SamSam et SuperJulie constatent bient\u00f4t que le smoothie de Crapouille a donn\u00e9 la paressouille A toute la Samplan\u00e8te. Et un ast\u00e9ro\u00efde est annonc\u00e9. Que faire ?", "start_date": "2026-08-30T05:40:00+00:00", "title": "SamSam"}, {"desc": null, "start_date": "2026-08-30T05:52:00+00:00", "title": "SamSam"}, {"desc": null, "start_date": "2026-08-30T06:04:00+00:00", "title": "T'choupi \u00e0 la campagne"}, {"desc": "Contrairement \u00e0 son fr\u00e8re et sa soeur, l'un des gar\u00e7ons redoute de devoir go\u00fbter \u00e0 un nouveau plat cuisin\u00e9 par Maman. Il est persuad\u00e9 de ne pas aimer \u00e7a.", "start_date": "2026-08-30T06:11:00+00:00", "title": "Les tripl\u00e9s *2022"}, {"desc": "C'est l'automne ! Nina et L\u00e9on ont ramass\u00e9 des feuilles et des marrons pour un feu d'artifice de couleurs. Et l'histoire du jour est parfaite pour la saison.", "start_date": "2026-08-30T06:18:00+00:00", "title": "Y\u00e9tili"}, {"desc": null, "start_date": "2026-08-30T06:26:00+00:00", "title": "Les gardes chim\u00e8res"}, {"desc": "Karla d\u00e9couvre qu'elle est dou\u00e9e pour l'hypnose. Elle a besoin d'un volontaire : le pauvre et cr\u00e9dule M. Saucisse devient alors la marionnette de Karla.", "start_date": "2026-08-30T06:37:00+00:00", "title": "Les rebelles de la for\u00eat, la s\u00e9rie"}, {"desc": "Chaque \u00e9pisode d'Il \u00e9tait une fois... ces dr\u00f4les d'objets est consacr\u00e9 \u00e0 un objet du quotidien, de ceux qui existent depuis des centaines d'ann\u00e9es aux plus r\u00e9cents.", "start_date": "2026-08-30T06:48:00+00:00", "title": "Il \u00e9tait une fois... ces dr\u00f4les d'objets"}, {"desc": "En essayant d'attraper un grain de raisin, Louis se retrouve coinc\u00e9 \u00e0 l'int\u00e9rieur d'un double vitrage. Seul Basile est assez petit pour lui venir en aide.", "start_date": "2026-08-30T06:55:00+00:00", "title": "Bienvenue chez les mouches"}, {"desc": "Louis et Abacus d\u00e9couvrent un moyen d'utiliser la puanteur d'une punaise pour obtenir ce qu'ils veulent, et encouragent Chuck \u00e0 l'utiliser librement.", "start_date": "2026-08-30T07:06:00+00:00", "title": "Bienvenue chez les mouches"}, {"desc": null, "start_date": "2026-08-30T07:17:00+00:00", "title": "Scooby-Doo : mission environnement"}, {"desc": null, "start_date": "2026-08-30T07:23:00+00:00", "title": "Les as de la jungle : en direct"}, {"desc": "Emma, 6 ans, et Tim, 9 ans, s'int\u00e9ressent A la vie des jeunes animaux. Premiers repas, premi\u00e8res sorties, le corps qui change... Les aventures des petites b\u00eates s'encha\u00eenent, de leur naissance A leur ind\u00e9pendance, jusqu'au moment oA\u0131 il leur faudra quitter le nid.", "start_date": "2026-08-30T07:35:00+00:00", "title": "Si j'\u00e9tais un animal"}, {"desc": "\u00c7a trottine dans la petite t\u00eate de l'\u00e2ne Trotro et il a des id\u00e9es bien arr\u00eat\u00e9es sur ce qu'il aime ou ce qu'il n'aime pas. L'\u00e2ne Trotro, ce sont des aventures quotidiennes con\u00e7ues pour faciliter la compr\u00e9hension des plus petits, et pour leur donner des rep\u00e8res rassurants. Les histoires de l'\u00e2ne Trotro diffusent une gentille ironie sur les ent\u00eatements des enfants qui revendiquent leur autonomie.", "start_date": "2026-08-30T07:40:00+00:00", "title": "Trotro"}, {"desc": "\u00c7a trottine dans la petite t\u00eate de l'\u00e2ne Trotro et il a des id\u00e9es bien arr\u00eat\u00e9es sur ce qu'il aime ou ce qu'il n'aime pas. L'\u00e2ne Trotro, ce sont des aventures quotidiennes con\u00e7ues pour faciliter la compr\u00e9hension des plus petits, et pour leur donner des rep\u00e8res rassurants. Les histoires de l'\u00e2ne Trotro diffusent une gentille ironie sur les ent\u00eatements des enfants qui revendiquent leur autonomie.", "start_date": "2026-08-30T07:44:00+00:00", "title": "Trotro"}, {"desc": "Dans les jardins du palais de l'Alcazar, \u00e0 S\u00e9ville, cr\u00e9\u00e9s au IXe si\u00e8cle au bord du Guadalquivir, se m\u00ealent des influences mauresques, gothiques et renaissance.", "start_date": "2026-08-30T07:48:00+00:00", "title": "Jardins d'ici et d'ailleurs"}, {"desc": null, "start_date": "2026-08-30T08:15:00+00:00", "title": "Corsica Salvatica"}, {"desc": "Rencontre avec Micka Pisano, ancien pilote moto pass\u00e9 sur 4 roues et sp\u00e9cialiste du rallye raid. Avant le prochain Dakar, balade \u00e0 moto, entra\u00eenement \u00e0 bord d'un buggy terre et l'occasion de rencontrer ses enfants qui suivent les traces du p\u00e8re avant de faire une halte chez Pierre Peretti, son \u00e9picerie est depuis longtemps un lieu incontournable pour les amateurs de rallyes et les pilotes de renom", "start_date": "2026-08-30T09:07:00+00:00", "title": "A Berlina"}, {"desc": null, "start_date": "2026-08-30T09:36:00+00:00", "title": "Cosy, le mag d\u00e9co"}, {"desc": "Romuald Royer visite le village de Castifau pour r\u00e9aliser une recette \u00e0 base de miel en compagnie de la chef Roselyne Paccioni. Il d\u00e9couvre le patrimoine de la r\u00e9gion.", "start_date": "2026-08-30T10:03:00+00:00", "title": "Al Dente"}, {"desc": null, "start_date": "2026-08-30T10:34:00+00:00", "title": "ICI 12/13 - Corsica Prima"}, {"desc": null, "start_date": "2026-08-30T10:52:00+00:00", "title": "M\u00e9t\u00e9o - Corse"}, {"desc": null, "start_date": "2026-08-30T10:53:00+00:00", "title": "Du soleil dans la cuisine"}, {"desc": null, "start_date": "2026-08-30T10:55:00+00:00", "title": "Temps d'histoire"}, {"desc": "A 800 m d'altitude dominant Patrimonio d'un c\u00f4t\u00e9 et Bastia de l'autre Au milieu d'un maquis bas ou se prom\u00e8ne randonneurs et curieux S'\u00e9levent de dr\u00f4les de constructions : Les Nivere de Pietrabugno Avec Fran\u00e7ois Bartolomei, doctorant contractuel CNRS.", "start_date": "2026-08-30T11:44:00+00:00", "title": "Au commencement"}, {"desc": null, "start_date": "2026-08-30T11:54:00+00:00", "title": "M\u00e9t\u00e9o - Corse"}, {"desc": null, "start_date": "2026-08-30T11:55:00+00:00", "title": "ICI 12/13 - Corsica Prima"}, {"desc": "Magazine avec archives Par le prisme des images d'archives de France 3 Corse et de Via Stella, un invit\u00e9 revient sur des \u00e9v\u00e8nements marquants de l'histoire contemporraine Corse. La t\u00e9l\u00e9vision comme reflet de notre soci\u00e9t\u00e9.", "start_date": "2026-08-30T12:06:00+00:00", "title": "Corsica Era"}, {"desc": null, "start_date": "2026-08-30T13:12:00+00:00", "title": "The Sleuth - In the shadows of Milan"}, {"desc": null, "start_date": "2026-08-30T14:03:00+00:00", "title": "The Sleuth - In the shadows of Milan"}, {"desc": "Apr\u00e8s les victoires grecques, les Troyens, aid\u00e9s par Zeus, prennent le dessus et m\u00eame Hector, \u00e0 Troie, reprend confiance ; les Grecs ont besoin d'Achille.", "start_date": "2026-08-30T14:55:00+00:00", "title": "Les grands mythes"}, {"desc": "Parfois r\u00e9duit \u00e0 une image d'artiste maudit, Amedeo Modigliani, admirateur des ma\u00eetres de la Renaissance italienne, a trac\u00e9 dans l'art moderne un sillon sans \u00e9gal.", "start_date": "2026-08-30T15:22:00+00:00", "title": "Modigliani et ses secrets"}, {"desc": "Biographes, historiens et archives in\u00e9dites d\u00e9voilent un Dal\u00ed en qu\u00eate de transcendance lors de sa p\u00e9riode mystique nucl\u00e9aire, explorant une spiritualit\u00e9 inattendue.", "start_date": "2026-08-30T16:16:00+00:00", "title": "Dal\u00ed, surr\u00e9aliste et mystique"}, {"desc": null, "start_date": "2026-08-30T16:43:00+00:00", "title": "Totem"}, {"desc": null, "start_date": "2026-08-30T17:03:00+00:00", "title": "ICI 19/20 - Corsica Sera"}, {"desc": null, "start_date": "2026-08-30T17:21:00+00:00", "title": "M\u00e9t\u00e9o des plages - Corse"}, {"desc": null, "start_date": "2026-08-30T17:23:00+00:00", "title": "M\u00e9t\u00e9o - Corse"}, {"desc": "Emission Portraits sport Diff janvier 2026 Enregistrement 1ere session de 12 num\u00e9ros, du 17 au 21.11.", "start_date": "2026-08-30T17:24:00+00:00", "title": "A domicile"}, {"desc": null, "start_date": "2026-08-30T17:47:00+00:00", "title": "D'Umani"}, {"desc": "Le photographe Fran\u00e7ois Desjobert remonte le temps \u00e0 travers ses clich\u00e9s et nous confie le hors champ des photos qui ont fait sa renomm\u00e9e. Derri\u00e8re le clich\u00e9 d'un \u00e9v\u00e8nement, d'un portrait, d'un paysage, d'un instant suspendu que s'est-il pass\u00e9? Dans quelles conditions le photographe a-t-il d\u00e9clench\u00e9?", "start_date": "2026-08-30T17:53:00+00:00", "title": "L'oeil de Desjobert"}, {"desc": null, "start_date": "2026-08-30T18:05:00+00:00", "title": "M\u00e9t\u00e9o de la m\u00e9diterran\u00e9e - Corse"}, {"desc": null, "start_date": "2026-08-30T18:08:00+00:00", "title": "Avec ou sans filtre"}, {"desc": null, "start_date": "2026-08-30T18:39:00+00:00", "title": "Museexpress"}, {"desc": "Au pied du mur, Louis acceptera-t-il sa d\u00e9faite ? Quant \u00e0 Catherine, elle s'appr\u00eate \u00e0 pr\u00e9senter son nouveau ch\u00e9ri \u00e0 ses enfants. Comment l'accueilleront-ils ?", "start_date": "2026-08-30T18:45:00+00:00", "title": "Un si grand soleil"}, {"desc": "Tandis qu'Eliott se voit offrir une opportunit\u00e9 en or pour son business, la police retrouve enfin la trace de Fabrice Guillon, leur suspect disparu.", "start_date": "2026-08-30T19:07:00+00:00", "title": "Un si grand soleil"}, {"desc": "Alors qu'Eliott esp\u00e8re d\u00e9sesp\u00e9r\u00e9ment reconqu\u00e9rir le coeur de Muriel, Emma ne remarque pas qu'aux Sauvages, quelqu'un l'observe sans \u00eatre vu.", "start_date": "2026-08-30T19:29:00+00:00", "title": "Un si grand soleil"}, {"desc": "Tandis que l'\u00e9quipe de Becker commence \u00e0 se demander s'ils ne se seraient pas tromp\u00e9s de suspect, Boris et Muriel peinent \u00e0 garder leur relation secr\u00e8te.", "start_date": "2026-08-30T19:51:00+00:00", "title": "Un si grand soleil"}, {"desc": "Alors que l'enqu\u00eate prend une tournure inattendue, C\u00e9cile se retrouve confront\u00e9e \u00e0 ses nombreuses erreurs. De son c\u00f4t\u00e9, Elisabeth comprend sa d\u00e9faite.", "start_date": "2026-08-30T20:13:00+00:00", "title": "Un si grand soleil"}, {"desc": null, "start_date": "2026-08-30T20:35:00+00:00", "title": "M\u00e9t\u00e9o de la m\u00e9diterran\u00e9e - Corse"}, {"desc": null, "start_date": "2026-08-30T20:38:00+00:00", "title": "ICI 19/20 - Corsica Sera"}, {"desc": null, "start_date": "2026-08-30T20:56:00+00:00", "title": "M\u00e9t\u00e9o - Corse"}, {"desc": "Se trouvant \u00e0 seulement quelques kilom\u00e8tres des c\u00f4tes fran\u00e7aises et italiennes, la faune p\u00e9lagique reste pourtant tr\u00e8s m\u00e9connue !", "start_date": "2026-08-30T21:01:00+00:00", "title": "Pelagos, au coeur de la M\u00e9diterran\u00e9e"}, {"desc": "\u00c9mission musicale. Pr\u00e9sentation Francine Massiani. 2 \u00e0 3 invit\u00e9s (chanteurs et chanteuses) qui s'approprient le r\u00e9pertoire musical m\u00e9diterran\u00e9en. En plateau, 1 pr\u00e9sentateur + 4 musiciens + invites (2 \u00e0 3).", "start_date": "2026-08-30T21:54:00+00:00", "title": "Aldimusica"}, {"desc": null, "start_date": "2026-08-30T23:02:00+00:00", "title": "The Sleuth - In the shadows of Milan"}, {"desc": null, "start_date": "2026-08-30T23:56:00+00:00", "title": "The Sleuth - In the shadows of Milan"}], "offset": "+00:00", "timezone": "UTC", "error_code": -1, "start_date": "2026-08-29", "icon": ""}