{"end_date": "2026-08-31", "name": "France 3 - Via Stella", "info_url": "https://epg.pw/channels/448603/20260830.html", "country": "France", "description": null, "error_message": "", "provider": "", "source_url": "https://epg.pw/api/epg.json?channel_id=448603&date=20260830&timezone=None", "epg_list": [{"desc": "Parfois r\u00e9duit \u00e0 une image d'artiste maudit, Amedeo Modigliani, admirateur des ma\u00eetres de la Renaissance italienne, a trac\u00e9 dans l'art moderne un sillon sans \u00e9gal.", "start_date": "2026-08-30T00:58:00+00:00", "title": "Modigliani et ses secrets"}, {"desc": null, "start_date": "2026-08-30T01:51:00+00:00", "title": "Ascolta"}, {"desc": "Magazine avec archives Par le prisme des images d'archives de France 3 Corse et de Via Stella, un invit\u00e9 revient sur des \u00e9v\u00e8nements marquants de l'histoire contemporraine Corse. La t\u00e9l\u00e9vision comme reflet de notre soci\u00e9t\u00e9.", "start_date": "2026-08-30T02:24:00+00:00", "title": "Corsica Era"}, {"desc": null, "start_date": "2026-08-30T03:28:00+00:00", "title": "Totem"}, {"desc": "Pat vole le ballon de volley de Cosima. Une course poursuite entraine Gros L\u00e9zard et Cosima au fond de la tani\u00e8re de Pat. Ils font une heureuse d\u00e9couverte !", "start_date": "2026-08-30T05:01:00+00:00", "title": "Gros l\u00e9zard"}, {"desc": "Les mini-h\u00e9ros d\u00e9couvrent que quelqu'un a grignot\u00e9 de nombreux fruits et l\u00e9gumes dans le potager. En recherchant des indices et en remontant une piste, ils rencontrent un escargot en chemin pour rejoindre sa grand-m\u00e8re. Avec lui dans l'\u00e9quipe, ils trouveront qui est ce petit glouton, c'est s\u00fbr !", "start_date": "2026-08-30T05:08:00+00:00", "title": "Les mini-h\u00e9ros de la for\u00eat"}, {"desc": null, "start_date": "2026-08-30T05:15:00+00:00", "title": "Pompon Ours"}, {"desc": "Ginger gu\u00e9rit une maman pois gr\u00e2ce \u00e0 sa Merveille Gluante.", "start_date": "2026-08-30T05:22:00+00:00", "title": "V\u00e9g\u00e9tosaures"}, {"desc": "Fafa pleure en lisant une histoire triste. Voyant cela, Baba lui dit qu'un gar\u00e7on ne doit pas pleurer : ' Pleurer c'est pour les filles ! '. Mais Baba va exp\u00e9rimenter malgr\u00e9 elle ce que cela fait quand on vous emp\u00eache de pleurer. Finissant par comprendre que tout le monde a toujours le droit d'exprimer ses \u00e9motions, elle lira le livre avec Fafa et ils pleureront tous les deux de concert.", "start_date": "2026-08-30T05:27:00+00:00", "title": "Chouette, pas chouette"}, {"desc": null, "start_date": "2026-08-30T05:29:00+00:00", "title": "SamSam"}, {"desc": "Crapouille ne parvient pas A se rendre utile aux superH\u00e9ros et le Marchientifique l'aide A fabriquer un smoothie qui donnera de l'\u00e9nergie A tout le monde. Mais c'est un pi\u00e8ge de Marchel premier ! En effet, SamSam et SuperJulie constatent bient\u00f4t que le smoothie de Crapouille a donn\u00e9 la paressouille A toute la Samplan\u00e8te. Et un ast\u00e9ro\u00efde est annonc\u00e9. Que faire ?", "start_date": "2026-08-30T05:40:00+00:00", "title": "SamSam"}, {"desc": null, "start_date": "2026-08-30T05:52:00+00:00", "title": "SamSam"}, {"desc": null, "start_date": "2026-08-30T06:04:00+00:00", "title": "T'choupi \u00e0 la campagne"}, {"desc": "Contrairement \u00e0 son fr\u00e8re et sa soeur, l'un des gar\u00e7ons redoute de devoir go\u00fbter \u00e0 un nouveau plat cuisin\u00e9 par Maman. Il est persuad\u00e9 de ne pas aimer \u00e7a.", "start_date": "2026-08-30T06:11:00+00:00", "title": "Les tripl\u00e9s *2022"}, {"desc": "C'est l'automne ! Nina et L\u00e9on ont ramass\u00e9 des feuilles et des marrons pour un feu d'artifice de couleurs. Et l'histoire du jour est parfaite pour la saison.", "start_date": "2026-08-30T06:18:00+00:00", "title": "Y\u00e9tili"}, {"desc": null, "start_date": "2026-08-30T06:26:00+00:00", "title": "Les gardes chim\u00e8res"}, {"desc": "Karla d\u00e9couvre qu'elle est dou\u00e9e pour l'hypnose. Elle a besoin d'un volontaire : le pauvre et cr\u00e9dule M. Saucisse devient alors la marionnette de Karla.", "start_date": "2026-08-30T06:37:00+00:00", "title": "Les rebelles de la for\u00eat, la s\u00e9rie"}, {"desc": "Chaque \u00e9pisode d'Il \u00e9tait une fois... ces dr\u00f4les d'objets est consacr\u00e9 \u00e0 un objet du quotidien, de ceux qui existent depuis des centaines d'ann\u00e9es aux plus r\u00e9cents.", "start_date": "2026-08-30T06:48:00+00:00", "title": "Il \u00e9tait une fois... ces dr\u00f4les d'objets"}, {"desc": "En essayant d'attraper un grain de raisin, Louis se retrouve coinc\u00e9 \u00e0 l'int\u00e9rieur d'un double vitrage. Seul Basile est assez petit pour lui venir en aide.", "start_date": "2026-08-30T06:55:00+00:00", "title": "Bienvenue chez les mouches"}, {"desc": "Louis et Abacus d\u00e9couvrent un moyen d'utiliser la puanteur d'une punaise pour obtenir ce qu'ils veulent, et encouragent Chuck \u00e0 l'utiliser librement.", "start_date": "2026-08-30T07:06:00+00:00", "title": "Bienvenue chez les mouches"}, {"desc": null, "start_date": "2026-08-30T07:17:00+00:00", "title": "Scooby-Doo : mission environnement"}, {"desc": null, "start_date": "2026-08-30T07:23:00+00:00", "title": "Les as de la jungle : en direct"}, {"desc": "Emma, 6 ans, et Tim, 9 ans, s'int\u00e9ressent A la vie des jeunes animaux. Premiers repas, premi\u00e8res sorties, le corps qui change... Les aventures des petites b\u00eates s'encha\u00eenent, de leur naissance A leur ind\u00e9pendance, jusqu'au moment oA\u0131 il leur faudra quitter le nid.", "start_date": "2026-08-30T07:35:00+00:00", "title": "Si j'\u00e9tais un animal"}, {"desc": "\u00c7a trottine dans la petite t\u00eate de l'\u00e2ne Trotro et il a des id\u00e9es bien arr\u00eat\u00e9es sur ce qu'il aime ou ce qu'il n'aime pas. L'\u00e2ne Trotro, ce sont des aventures quotidiennes con\u00e7ues pour faciliter la compr\u00e9hension des plus petits, et pour leur donner des rep\u00e8res rassurants. Les histoires de l'\u00e2ne Trotro diffusent une gentille ironie sur les ent\u00eatements des enfants qui revendiquent leur autonomie.", "start_date": "2026-08-30T07:40:00+00:00", "title": "Trotro"}, {"desc": "\u00c7a trottine dans la petite t\u00eate de l'\u00e2ne Trotro et il a des id\u00e9es bien arr\u00eat\u00e9es sur ce qu'il aime ou ce qu'il n'aime pas. L'\u00e2ne Trotro, ce sont des aventures quotidiennes con\u00e7ues pour faciliter la compr\u00e9hension des plus petits, et pour leur donner des rep\u00e8res rassurants. Les histoires de l'\u00e2ne Trotro diffusent une gentille ironie sur les ent\u00eatements des enfants qui revendiquent leur autonomie.", "start_date": "2026-08-30T07:44:00+00:00", "title": "Trotro"}, {"desc": "Dans les jardins du palais de l'Alcazar, \u00e0 S\u00e9ville, cr\u00e9\u00e9s au IXe si\u00e8cle au bord du Guadalquivir, se m\u00ealent des influences mauresques, gothiques et renaissance.", "start_date": "2026-08-30T07:48:00+00:00", "title": "Jardins d'ici et d'ailleurs"}, {"desc": null, "start_date": "2026-08-30T08:15:00+00:00", "title": "Corsica Salvatica"}, {"desc": "Rencontre avec Micka Pisano, ancien pilote moto pass\u00e9 sur 4 roues et sp\u00e9cialiste du rallye raid. Avant le prochain Dakar, balade \u00e0 moto, entra\u00eenement \u00e0 bord d'un buggy terre et l'occasion de rencontrer ses enfants qui suivent les traces du p\u00e8re avant de faire une halte chez Pierre Peretti, son \u00e9picerie est depuis longtemps un lieu incontournable pour les amateurs de rallyes et les pilotes de renom", "start_date": "2026-08-30T09:07:00+00:00", "title": "A Berlina"}, {"desc": null, "start_date": "2026-08-30T09:36:00+00:00", "title": "Cosy, le mag d\u00e9co"}, {"desc": "Romuald Royer visite le village de Castifau pour r\u00e9aliser une recette \u00e0 base de miel en compagnie de la chef Roselyne Paccioni. Il d\u00e9couvre le patrimoine de la r\u00e9gion.", "start_date": "2026-08-30T10:03:00+00:00", "title": "Al Dente"}, {"desc": null, "start_date": "2026-08-30T10:34:00+00:00", "title": "ICI 12/13 - Corsica Prima"}, {"desc": null, "start_date": "2026-08-30T10:52:00+00:00", "title": "M\u00e9t\u00e9o - Corse"}, {"desc": null, "start_date": "2026-08-30T10:53:00+00:00", "title": "Du soleil dans la cuisine"}, {"desc": null, "start_date": "2026-08-30T10:55:00+00:00", "title": "Temps d'histoire"}, {"desc": "A 800 m d'altitude dominant Patrimonio d'un c\u00f4t\u00e9 et Bastia de l'autre Au milieu d'un maquis bas ou se prom\u00e8ne randonneurs et curieux S'\u00e9levent de dr\u00f4les de constructions : Les Nivere de Pietrabugno Avec Fran\u00e7ois Bartolomei, doctorant contractuel CNRS.", "start_date": "2026-08-30T11:44:00+00:00", "title": "Au commencement"}, {"desc": null, "start_date": "2026-08-30T11:54:00+00:00", "title": "M\u00e9t\u00e9o - Corse"}, {"desc": null, "start_date": "2026-08-30T11:55:00+00:00", "title": "ICI 12/13 - Corsica Prima"}, {"desc": "Magazine avec archives Par le prisme des images d'archives de France 3 Corse et de Via Stella, un invit\u00e9 revient sur des \u00e9v\u00e8nements marquants de l'histoire contemporraine Corse. La t\u00e9l\u00e9vision comme reflet de notre soci\u00e9t\u00e9.", "start_date": "2026-08-30T12:06:00+00:00", "title": "Corsica Era"}, {"desc": null, "start_date": "2026-08-30T13:12:00+00:00", "title": "The Sleuth - In the shadows of Milan"}, {"desc": null, "start_date": "2026-08-30T14:03:00+00:00", "title": "The Sleuth - In the shadows of Milan"}, {"desc": "Apr\u00e8s les victoires grecques, les Troyens, aid\u00e9s par Zeus, prennent le dessus et m\u00eame Hector, \u00e0 Troie, reprend confiance ; les Grecs ont besoin d'Achille.", "start_date": "2026-08-30T14:55:00+00:00", "title": "Les grands mythes"}, {"desc": "Parfois r\u00e9duit \u00e0 une image d'artiste maudit, Amedeo Modigliani, admirateur des ma\u00eetres de la Renaissance italienne, a trac\u00e9 dans l'art moderne un sillon sans \u00e9gal.", "start_date": "2026-08-30T15:22:00+00:00", "title": "Modigliani et ses secrets"}, {"desc": "Biographes, historiens et archives in\u00e9dites d\u00e9voilent un Dal\u00ed en qu\u00eate de transcendance lors de sa p\u00e9riode mystique nucl\u00e9aire, explorant une spiritualit\u00e9 inattendue.", "start_date": "2026-08-30T16:16:00+00:00", "title": "Dal\u00ed, surr\u00e9aliste et mystique"}, {"desc": null, "start_date": "2026-08-30T16:43:00+00:00", "title": "Totem"}, {"desc": null, "start_date": "2026-08-30T17:03:00+00:00", "title": "ICI 19/20 - Corsica Sera"}, {"desc": null, "start_date": "2026-08-30T17:21:00+00:00", "title": "M\u00e9t\u00e9o des plages - Corse"}, {"desc": null, "start_date": "2026-08-30T17:23:00+00:00", "title": "M\u00e9t\u00e9o - Corse"}, {"desc": "Emission Portraits sport Diff janvier 2026 Enregistrement 1ere session de 12 num\u00e9ros, du 17 au 21.11.", "start_date": "2026-08-30T17:24:00+00:00", "title": "A domicile"}, {"desc": null, "start_date": "2026-08-30T17:47:00+00:00", "title": "D'Umani"}, {"desc": "Le photographe Fran\u00e7ois Desjobert remonte le temps \u00e0 travers ses clich\u00e9s et nous confie le hors champ des photos qui ont fait sa renomm\u00e9e. Derri\u00e8re le clich\u00e9 d'un \u00e9v\u00e8nement, d'un portrait, d'un paysage, d'un instant suspendu que s'est-il pass\u00e9? Dans quelles conditions le photographe a-t-il d\u00e9clench\u00e9?", "start_date": "2026-08-30T17:53:00+00:00", "title": "L'oeil de Desjobert"}, {"desc": null, "start_date": "2026-08-30T18:05:00+00:00", "title": "M\u00e9t\u00e9o de la m\u00e9diterran\u00e9e - Corse"}, {"desc": null, "start_date": "2026-08-30T18:08:00+00:00", "title": "Avec ou sans filtre"}, {"desc": null, "start_date": "2026-08-30T18:39:00+00:00", "title": "Museexpress"}, {"desc": "Au pied du mur, Louis acceptera-t-il sa d\u00e9faite ? Quant \u00e0 Catherine, elle s'appr\u00eate \u00e0 pr\u00e9senter son nouveau ch\u00e9ri \u00e0 ses enfants. Comment l'accueilleront-ils ?", "start_date": "2026-08-30T18:45:00+00:00", "title": "Un si grand soleil"}, {"desc": "Tandis qu'Eliott se voit offrir une opportunit\u00e9 en or pour son business, la police retrouve enfin la trace de Fabrice Guillon, leur suspect disparu.", "start_date": "2026-08-30T19:07:00+00:00", "title": "Un si grand soleil"}, {"desc": "Alors qu'Eliott esp\u00e8re d\u00e9sesp\u00e9r\u00e9ment reconqu\u00e9rir le coeur de Muriel, Emma ne remarque pas qu'aux Sauvages, quelqu'un l'observe sans \u00eatre vu.", "start_date": "2026-08-30T19:29:00+00:00", "title": "Un si grand soleil"}, {"desc": "Tandis que l'\u00e9quipe de Becker commence \u00e0 se demander s'ils ne se seraient pas tromp\u00e9s de suspect, Boris et Muriel peinent \u00e0 garder leur relation secr\u00e8te.", "start_date": "2026-08-30T19:51:00+00:00", "title": "Un si grand soleil"}, {"desc": "Alors que l'enqu\u00eate prend une tournure inattendue, C\u00e9cile se retrouve confront\u00e9e \u00e0 ses nombreuses erreurs. De son c\u00f4t\u00e9, Elisabeth comprend sa d\u00e9faite.", "start_date": "2026-08-30T20:13:00+00:00", "title": "Un si grand soleil"}, {"desc": null, "start_date": "2026-08-30T20:35:00+00:00", "title": "M\u00e9t\u00e9o de la m\u00e9diterran\u00e9e - Corse"}, {"desc": null, "start_date": "2026-08-30T20:38:00+00:00", "title": "ICI 19/20 - Corsica Sera"}, {"desc": null, "start_date": "2026-08-30T20:56:00+00:00", "title": "M\u00e9t\u00e9o - Corse"}, {"desc": "Se trouvant \u00e0 seulement quelques kilom\u00e8tres des c\u00f4tes fran\u00e7aises et italiennes, la faune p\u00e9lagique reste pourtant tr\u00e8s m\u00e9connue !", "start_date": "2026-08-30T21:01:00+00:00", "title": "Pelagos, au coeur de la M\u00e9diterran\u00e9e"}, {"desc": "\u00c9mission musicale. Pr\u00e9sentation Francine Massiani. 2 \u00e0 3 invit\u00e9s (chanteurs et chanteuses) qui s'approprient le r\u00e9pertoire musical m\u00e9diterran\u00e9en. En plateau, 1 pr\u00e9sentateur + 4 musiciens + invites (2 \u00e0 3).", "start_date": "2026-08-30T21:54:00+00:00", "title": "Aldimusica"}, {"desc": null, "start_date": "2026-08-30T23:02:00+00:00", "title": "The Sleuth - In the shadows of Milan"}, {"desc": null, "start_date": "2026-08-30T23:56:00+00:00", "title": "The Sleuth - In the shadows of Milan"}, {"desc": "\" Tous les mots qui me viendront \" \u00e9crit et mis en sc\u00e8ne par Daniel Delorme.", "start_date": "2026-08-31T00:46:00+00:00", "title": "Arte Vivu"}, {"desc": null, "start_date": "2026-08-31T01:54:00+00:00", "title": "Ascolta"}, {"desc": "Laurent Vitali re\u00e7oit Don Mathieu Santini, enseignant, chanteur et personnalit\u00e9 engag\u00e9e pour partager avec lui des souvenirs t\u00e9l\u00e9visuels qui sont aussi les v\u00f4tres.", "start_date": "2026-08-31T02:28:00+00:00", "title": "Corsica Era"}, {"desc": "avec Christophe Di Caro.", "start_date": "2026-08-31T03:33:00+00:00", "title": "Totem"}, {"desc": null, "start_date": "2026-08-31T04:30:00+00:00", "title": "ICI Matin - RCFM"}, {"desc": "Un Flow pour d\u00e9buter en Vinyasa ou revoir les bases et alignements. Salutations au soleil, guerrier... Cette pratique s'adresse \u00e0 tous, du d\u00e9butant au plus aguerri des yogis. Bonne Pratique !", "start_date": "2026-08-31T06:12:00+00:00", "title": "Alors on bouge en r\u00e9gion"}, {"desc": null, "start_date": "2026-08-31T06:38:00+00:00", "title": "Ind'\u00e8 voi"}, {"desc": "Emission Portraits sport Diff janvier 2026 Enregistrement 1ere session de 12 num\u00e9ros, du 17 au 21.11.", "start_date": "2026-08-31T06:58:00+00:00", "title": "A domicile"}, {"desc": "Jeu 2\u00e9quipes de candidats se mesurent en 5 rounds. Chaque binome est constitu\u00e9 d'au moins 1 candidat qui parle le Corse et un autre qui le comprends.", "start_date": "2026-08-31T07:12:00+00:00", "title": "Parolle \u00e9 parolle"}, {"desc": null, "start_date": "2026-08-31T07:41:00+00:00", "title": "M\u00e9moire courte"}, {"desc": "Catherine se lance officiellement dans une nouvelle histoire d'amour. De son c\u00f4t\u00e9, Louis r\u00e9alise qu'il en est peut-\u00eatre au d\u00e9but d'une descente aux enfers.", "start_date": "2026-08-31T08:34:00+00:00", "title": "Un si grand soleil"}, {"desc": "Emission Portraits sport Diff janvier 2026 Enregistrement 1ere session de 12 num\u00e9ros, du 17 au 21.11.", "start_date": "2026-08-31T08:57:00+00:00", "title": "A domicile"}, {"desc": "Jeremie Leboeuf Colombani et son ami Antoine Acquaviva arpentent un chemin \u00e0 la pointe du cap corse, balay\u00e9 par le vent... Moulin \u00e0 bl\u00e9, anciennes bergeries o\u00f9 se retrouvaient notamment des bergers niolins sont au programme de cet \u00e9pisode pour le moins venteux ! Olivier Antoni, nous fait partager son histoire et sa complicit\u00e9 avec ses \u00e2nes, et Michel Delaugerre nous raconte comment il participe \u00e0 ", "start_date": "2026-08-31T09:12:00+00:00", "title": "Andemu"}, {"desc": "A Cervioni, Romuald Royer et ses invit\u00e9s proposent quelques utilisations originales de la noisette du cr\u00fb dans des d\u00e9clinaisons sucr\u00e9es et sal\u00e9es.", "start_date": "2026-08-31T09:40:00+00:00", "title": "Al Dente"}, {"desc": null, "start_date": "2026-08-31T10:06:00+00:00", "title": "Embarquez sur le mare \u00e0 mare"}, {"desc": null, "start_date": "2026-08-31T10:17:00+00:00", "title": "Les tr\u00e9sors du patrimoine corse"}, {"desc": null, "start_date": "2026-08-31T10:29:00+00:00", "title": "M\u00e9t\u00e9o - Corse"}, {"desc": null, "start_date": "2026-08-31T10:30:00+00:00", "title": "ICI 12/13 - Corsica Prima"}, {"desc": null, "start_date": "2026-08-31T10:40:00+00:00", "title": "Du soleil dans la cuisine"}, {"desc": null, "start_date": "2026-08-31T10:44:00+00:00", "title": "Du soleil dans la cuisine"}, {"desc": null, "start_date": "2026-08-31T10:52:00+00:00", "title": "A Berlina"}, {"desc": null, "start_date": "2026-08-31T11:19:00+00:00", "title": "Paese"}, {"desc": null, "start_date": "2026-08-31T11:53:00+00:00", "title": "M\u00e9t\u00e9o - Corse"}, {"desc": null, "start_date": "2026-08-31T11:54:00+00:00", "title": "ICI 12/13 - Corsica Prima"}, {"desc": "Au Domaine des Milelli, \u00e0 Ajaccio, Thomas, chef de chantier du CPIE, nous guide dans une v\u00e9ritable chasse aux intrus : fourmis, pucerons, chenilles Il partage ses techniques d'observation et de r\u00e9gulation pour limiter les d\u00e9g\u00e2ts sans d\u00e9s\u00e9quilibrer l'\u00e9cosyst\u00e8me du potager.", "start_date": "2026-08-31T12:04:00+00:00", "title": "L'ortu"}, {"desc": null, "start_date": "2026-08-31T12:07:00+00:00", "title": "D'Umani"}, {"desc": null, "start_date": "2026-08-31T12:13:00+00:00", "title": "Agenda"}, {"desc": null, "start_date": "2026-08-31T12:16:00+00:00", "title": "Les tr\u00e9sors du patrimoine corse"}, {"desc": null, "start_date": "2026-08-31T13:09:00+00:00", "title": "ICI 12/13 - Corsica Prima"}, {"desc": null, "start_date": "2026-08-31T13:19:00+00:00", "title": "Les tr\u00e9sors du patrimoine corse"}, {"desc": "Vanina Guarrasi, qui dirigeait l'antimafia avec son compagnon \u00e0 Palerme, vient d'\u00eatre mut\u00e9e \u00e0 Catane. D\u00e8s son arriv\u00e9e, la commissaire doit \u00e9lucider un meurtre.", "start_date": "2026-08-31T13:28:00+00:00", "title": "Vanina : Meurtres en Sicile"}, {"desc": null, "start_date": "2026-08-31T15:18:00+00:00", "title": "Les tr\u00e9sors du patrimoine corse"}, {"desc": null, "start_date": "2026-08-31T15:26:00+00:00", "title": "Embarquez sur le mare \u00e0 mare"}, {"desc": null, "start_date": "2026-08-31T15:41:00+00:00", "title": "Cosy, le mag d\u00e9co"}, {"desc": "Au coeur de l'actualit\u00e9, ils font les affaires de certains particuliers et la perte des h\u00f4teliers ; les meubl\u00e9s de tourisme fleurissent en Corse comme ailleurs via des plateformes en ligne bien connues. Quel impact sur le logement ? Les prix du foncier ? Et le mode de vie insulaire ? Apmlus et professionnels d\u00e9battent d'une r\u00e9gulation.", "start_date": "2026-08-31T16:08:00+00:00", "title": "A truva ci"}, {"desc": null, "start_date": "2026-08-31T17:00:00+00:00", "title": "ICI 19/20 - Corsica Sera"}, {"desc": null, "start_date": "2026-08-31T17:18:00+00:00", "title": "Paese"}, {"desc": null, "start_date": "2026-08-31T17:23:00+00:00", "title": "M\u00e9t\u00e9o des plages - Corse"}, {"desc": null, "start_date": "2026-08-31T17:25:00+00:00", "title": "Paese"}, {"desc": null, "start_date": "2026-08-31T17:32:00+00:00", "title": "Paese"}, {"desc": null, "start_date": "2026-08-31T17:39:00+00:00", "title": "M\u00e9t\u00e9o - Corse"}, {"desc": null, "start_date": "2026-08-31T17:41:00+00:00", "title": "En terre animale"}, {"desc": null, "start_date": "2026-08-31T17:48:00+00:00", "title": "Questions de g\u00e9n\u00e9ration"}, {"desc": null, "start_date": "2026-08-31T17:54:00+00:00", "title": "Le journal des talents"}, {"desc": null, "start_date": "2026-08-31T18:01:00+00:00", "title": "M\u00e9t\u00e9o de la m\u00e9diterran\u00e9e - Corse"}, {"desc": "Avec Jo\u00eblle et Sabrina, dans le jardin potager des enfants, on apprend en s'amusant ! Construction d'un tipi pour les haricots grimpants, fabrication d'un h\u00f4tel \u00e0 insectes... les petits jardiniers mettent la main \u00e0 la terre pour accueillir les pollinisateurs et favoriser la biodiversit\u00e9.", "start_date": "2026-08-31T18:07:00+00:00", "title": "L'ortu"}, {"desc": "Magazine avec archives Par le prisme des images d'archives de France 3 Corse et de Via Stella, un invit\u00e9 revient sur des \u00e9v\u00e8nements marquants de l'histoire contemporraine Corse. La t\u00e9l\u00e9vision comme reflet de notre soci\u00e9t\u00e9.", "start_date": "2026-08-31T18:11:00+00:00", "title": "Corsica Era"}, {"desc": null, "start_date": "2026-08-31T18:24:00+00:00", "title": "Du soleil dans la cuisine"}, {"desc": "Isabelle et Sebastien I sabidini - Biscuiterie Restaurant.", "start_date": "2026-08-31T18:29:00+00:00", "title": "Ind'\u00e8 voi"}, {"desc": null, "start_date": "2026-08-31T18:45:00+00:00", "title": "The Sleuth - In the shadows of Milan"}, {"desc": null, "start_date": "2026-08-31T19:36:00+00:00", "title": "The Sleuth - In the shadows of Milan"}, {"desc": null, "start_date": "2026-08-31T20:26:00+00:00", "title": "M\u00e9t\u00e9o de la m\u00e9diterran\u00e9e - Corse"}, {"desc": null, "start_date": "2026-08-31T20:28:00+00:00", "title": "ICI 19/20 - Corsica Sera"}, {"desc": "Magazine avec archives Par le prisme des images d'archives de France 3 Corse et de Via Stella, un invit\u00e9 revient sur des \u00e9v\u00e8nements marquants de l'histoire contemporraine Corse. La t\u00e9l\u00e9vision comme reflet de notre soci\u00e9t\u00e9.", "start_date": "2026-08-31T20:49:00+00:00", "title": "Corsica Era"}, {"desc": null, "start_date": "2026-08-31T21:02:00+00:00", "title": "M\u00e9t\u00e9o - Corse"}, {"desc": null, "start_date": "2026-08-31T21:04:00+00:00", "title": "Corsica Salvatica"}, {"desc": null, "start_date": "2026-08-31T21:56:00+00:00", "title": "Totem"}, {"desc": "Michel MARTI (producteur d'\u00e9v\u00e9nements).", "start_date": "2026-08-31T22:23:00+00:00", "title": "Avec ou sans filtre"}, {"desc": "Jeu 2\u00e9quipes de candidats se mesurent en 5 rounds. Chaque binome est constitu\u00e9 d'au moins 1 candidat qui parle le Corse et un autre qui le comprends.", "start_date": "2026-08-31T22:52:00+00:00", "title": "Parolle \u00e9 parolle"}, {"desc": "Dans un village isol\u00e9 de Castagniccia, la mort d'un mazzeru r\u00e9veille les peurs les plus anciennes. Karine, romanci\u00e8re passionn\u00e9e par les traditions corses, est appel\u00e9e par un signe troublant : avant de mourir, le vieux mazzeru a \u00e9crit son nom.", "start_date": "2026-08-31T23:22:00+00:00", "title": "Odissea"}], "offset": "+00:00", "timezone": "UTC", "error_code": -1, "start_date": "2026-08-30", "icon": ""}