{"end_date": "2026-04-22", "name": "Auto Plus TV", "info_url": "https://epg.pw/channels/448607/20260420.html", "country": "France", "description": null, "error_message": "", "provider": "", "source_url": "https://epg.pw/api/epg.json?channel_id=448607&date=20260420&timezone=None", "epg_list": [{"desc": "A voir les pubs qui annoncent des -20% d'\u00e9conomie et des 2 mois offerts, je serais tent\u00e9 de changer d'assureur. Y a-t-il des pi\u00e8ges \u00e0 \u00e9viter ?", "start_date": "2026-04-21T18:02:00+00:00", "title": "La minute conso"}, {"desc": "St\u00e9phane Martin, journaliste-essayeur de la r\u00e9daction d'Auto Plus, et Yann Lefebvre, photographe, ont mis 43 jours pour parcourir les 16.735 km de distance entre la Chine et la France. Suivez leur trajet P\u00e9kin-Paris en C5 Air Cross.", "start_date": "2026-04-21T18:05:00+00:00", "title": "P\u00e9kin-Paris"}, {"desc": "Il vient coiffer la vaste gamme de SUV propos\u00e9e par BMW. Tr\u00e8s volumineux, le X7 se distingue \u00e9galement par des prestations tr\u00e8s haut de gamme. Visite guid\u00e9e.", "start_date": "2026-04-21T18:10:00+00:00", "title": "A bord de"}, {"desc": "J'ai \u00e9clat\u00e9 un pneu dans un nid-de-poule non signal\u00e9. La mairie ne veut pas me rembourser mes frais de 200\u20ac. Un recours possible ?", "start_date": "2026-04-21T18:14:00+00:00", "title": "La minute conso"}, {"desc": "Cette semaine, J\u00e9r\u00f4me Loubert part \u00e0 la rencontre de C\u00e9cile, qui veut transformer son v\u00e9hicule essence en Bio-\u00e9thanol afin d'amorcer sa transition \u00e9nerg\u00e9tique.", "start_date": "2026-04-21T18:17:00+00:00", "title": "Roulons autrement"}, {"desc": "Dans cet \u00e9pisode d\u00e9couvrez l'histoire de la Peugeot 205 GTI.", "start_date": "2026-04-21T18:27:00+00:00", "title": "Auto-Ikonen"}, {"desc": "Chaque semaine un membre des forces de l'ordre r\u00e9pond \u00e0 vos questions de s\u00e9curit\u00e9 routi\u00e8re.", "start_date": "2026-04-21T18:53:00+00:00", "title": "Contr\u00f4le & vous"}, {"desc": "L'industrie automobile des pays de l'Union sovi\u00e9tique s'est construite gr\u00e2ce \u00e0 des ing\u00e9nieurs soumis \u00e0 des contraintes m\u00ealant politique, \u00e9conomie et prestige.", "start_date": "2026-04-21T18:54:00+00:00", "title": "En voiture camarade !"}, {"desc": "Auto Plus \u00e9tait pr\u00e9sent au salon de Gen\u00e8ve 2024 ! Et on n va pas se mentir, beaucoup de constructeur ont fait l'impasse sur cet \u00e9v\u00e8nement. Il y a quand m\u00eame quelques nouveaut\u00e9s \u00e0 d\u00e9couvrir, on vous emm\u00e8ne faire un tour !", "start_date": "2026-04-21T19:46:00+00:00", "title": "Focus"}, {"desc": "Marque cousine de Jaecoo, Omoda est une autre marque du groupe chinois Chery. Comme Jaecoo, Omoda arrive en France avec deux SUV dans ses bagages, dont cet Omoda 7.", "start_date": "2026-04-21T19:57:00+00:00", "title": "A bord de"}, {"desc": null, "start_date": "2026-04-21T20:06:00+00:00", "title": "Moteurs"}, {"desc": "La courroie de distribution a l\u00e2ch\u00e9 \u00e0 113000km et endommag\u00e9 le moteur de ma citadine bien entretenue de 9 ans. Le constructeur refuse toute prise en charge car la r\u00e9paration a \u00e9t\u00e9 faite hors r\u00e9seau. Ai-je un recours ?", "start_date": "2026-04-21T20:45:00+00:00", "title": "La minute conso"}, {"desc": "St\u00e9phane Martin, journaliste-essayeur de la r\u00e9daction d'Auto Plus, et Yann Lefebvre, photographe, ont mis 43 jours pour parcourir les 16.735 km de distance entre la Chine et la France. Suivez leur trajet P\u00e9kin-Paris en C5 Air Cross.", "start_date": "2026-04-21T20:48:00+00:00", "title": "P\u00e9kin-Paris"}, {"desc": null, "start_date": "2026-04-21T20:50:00+00:00", "title": "Geneva Motor Show"}, {"desc": null, "start_date": "2026-04-21T20:52:00+00:00", "title": "Geneva Motor Show"}, {"desc": "D\u00e9couvrez tout de suite l'Audi Grand Sphere au salon de Munich 2021.", "start_date": "2026-04-21T20:56:00+00:00", "title": "Salon de Munich"}, {"desc": null, "start_date": "2026-04-21T20:57:00+00:00", "title": "Salon"}, {"desc": null, "start_date": "2026-04-21T21:00:00+00:00", "title": "Geneva Motor Show"}, {"desc": null, "start_date": "2026-04-21T21:02:00+00:00", "title": "Geneva Motor Show"}, {"desc": "D\u00e9couvrez tout de suite la Smart Concept au salon de Munich 2021.", "start_date": "2026-04-21T21:03:00+00:00", "title": "Salon de Munich"}, {"desc": "D\u00e9couvrez tout de suite la Mercedes EQS AMG au salon de Munich 2021.", "start_date": "2026-04-21T21:06:00+00:00", "title": "Salon de Munich"}, {"desc": "D\u00e9couvrez tout de suite la Mercedes EQG concept au salon de Munich 2021.", "start_date": "2026-04-21T21:08:00+00:00", "title": "Salon de Munich"}, {"desc": "La Brabus 800, la Zenvo TSRS, la Hispano Suiza, la Manhart de BMW et la RS6 d'Audi, d\u00e9couvrez ces voitures insolites au salon de Munich 2021 !", "start_date": "2026-04-21T21:10:00+00:00", "title": "Salon de Munich"}, {"desc": "D\u00e9couvrez tout de suite la Porsche Mission R au salon de Munich 2021.", "start_date": "2026-04-21T21:13:00+00:00", "title": "Salon de Munich"}, {"desc": null, "start_date": "2026-04-21T21:15:00+00:00", "title": "Le Match"}, {"desc": "Le Volkswagen Touareg de 3\u00e8me g\u00e9n\u00e9ration s'offre un lifting. Nous avons essay\u00e9 la seule version disponible au catalogue fran\u00e7ais : le Touareg R eHybrid fort de 462 ch en version hybride rechargeable.", "start_date": "2026-04-21T21:23:00+00:00", "title": "Essai"}, {"desc": null, "start_date": "2026-04-21T21:32:00+00:00", "title": "Essai"}, {"desc": "Le BMW X3, c'est tout simplement le mod\u00e8le phare du constructeur bavarois ces derni\u00e8res ann\u00e9es. Plus 3,5 millions d'unit\u00e9s ont \u00e9t\u00e9 produites depuis sa premi\u00e8re apparition. En juillet dernier, nous avons pu d\u00e9couvrir ensemble le mod\u00e8le. Huit mois plus tard, nous allons voir aujourd'hui ce qu'il a dans le ventre, dans sa version hybride rechargeable (PHEV).", "start_date": "2026-04-21T21:45:00+00:00", "title": "Essai"}, {"desc": "Nouveau venu chez Lexus, le LBX, sur base de Toyota Yaris Cross, a-t-il de quoi rivaliser face \u00e0 ses rivaux et concurrents du segment B ?", "start_date": "2026-04-21T21:57:00+00:00", "title": "Essai"}, {"desc": "Renault Zo\u00e9 R135 Intens (vs) Peugeot e-208 50 KWh 136 Allure.", "start_date": "2026-04-21T22:13:00+00:00", "title": "Le Match"}, {"desc": "Le BMW X3, c'est tout simplement le mod\u00e8le phare du constructeur bavarois ces derni\u00e8res ann\u00e9es. Plus 3,5 millions d'unit\u00e9s ont \u00e9t\u00e9 produites depuis sa premi\u00e8re apparition. En juillet dernier, nous avons pu d\u00e9couvrir ensemble le mod\u00e8le. Huit mois plus tard, nous allons voir aujourd'hui ce qu'il a dans le ventre, dans sa version hybride rechargeable (PHEV).", "start_date": "2026-04-21T22:18:00+00:00", "title": "Essai"}, {"desc": "Ford Fiesta ST Plus 5 portes.", "start_date": "2026-04-21T22:30:00+00:00", "title": "Essai"}, {"desc": "Essai de Ford Mondeo Vignale, 2.0 TDCi Bi-Turbo, Powershift, 4 portes (Novembre 2015).", "start_date": "2026-04-21T22:35:00+00:00", "title": "Essai"}, {"desc": "Apr\u00e8s la Renault 4CV Pie, prenez place \u00e0 bord d'une autre voiture de police mythique : la Peugeot 505 Danielson. Avec son moteur V6, il s'agit de la voiture de police la plus rapide de son \u00e9poque.", "start_date": "2026-04-21T22:37:00+00:00", "title": "Essai"}, {"desc": null, "start_date": "2026-04-21T22:48:00+00:00", "title": "Essai"}, {"desc": "Le constructeur su\u00e9dois continue son chemin vers l'\u00e9lectrification compl\u00e8te de ses mod\u00e8les avec la pr\u00e9sentation de la nouvelle Volvo C40.", "start_date": "2026-04-21T22:52:00+00:00", "title": "Essai"}, {"desc": "La marque de voitures \u00e9lectriques chinoise Leapmotor, filiale de Stellantis, nous a invit\u00e9s \u00e0 essayer son SUV compact, le B10. Un B10 assez particulier, puisqu'il ne s'agit pas d'une version 100 % \u00e9lectrique, mais bien d'un SUV \u00e9lectrique \u00e0 prolongateur d'autonomie, une technologie qui tend \u00e0 se d\u00e9mocratiser en Europe. Quels sont les avantages de cette motorisation et que propose ce B10 ? C'est ce", "start_date": "2026-04-21T23:03:00+00:00", "title": "Essai"}, {"desc": "BMW X1 sDrive 18i 140 ch DKG7 xLine 5 portes.", "start_date": "2026-04-21T23:11:00+00:00", "title": "Essai"}, {"desc": "BMW S\u00e9rie 8 850i xDrive Cabriolet M Performance 2 portes.", "start_date": "2026-04-21T23:15:00+00:00", "title": "Essai"}, {"desc": "Essai de la Renault Clio Hybrid E-Tech hybrid Intens 5 portes.", "start_date": "2026-04-21T23:20:00+00:00", "title": "Essai"}, {"desc": "Essai de la BMW S\u00e9rie 7, 730d xDrive M Sport, 4 portes.", "start_date": "2026-04-21T23:25:00+00:00", "title": "Essai"}, {"desc": "Essai du Ford Grand C-Max, 2.0 TDCI 150 Powershift Titanium, 5 portes (Septembre 2015).", "start_date": "2026-04-21T23:30:00+00:00", "title": "Essai"}, {"desc": "BMW Serie 1 M Sport 118d BVA8 5 portes.", "start_date": "2026-04-21T23:33:00+00:00", "title": "Essai"}, {"desc": "Sorti en 2019, le plus petit des SUV du constructeur allemand se met \u00e0 jour gr\u00e2ce \u00e0 un restyage de mi-carri\u00e8re. \u00c0 tel point que le T-Cross arrive aujourd'hui avec une nouvelle motorisation essence de 150 ch, jusqu'ici r\u00e9serv\u00e9e \u00e0 l'Allemagne. Alors faut-il craquer pour cette nouvelle it\u00e9ration ? L'ancien T-Cross est-il toujours \u00e0 consid\u00e9rer ?", "start_date": "2026-04-21T23:38:00+00:00", "title": "Essai"}, {"desc": "C'est une annonce qui pourrait faire grand bruit dans le monde de l'automobile. En effet, DS, est la premi\u00e8re marque en Europe \u00e0 int\u00e9grer ChatGPT dans ces mod\u00e8les. Alors, simple gadget ou r\u00e9elle utilit\u00e9, c'est ce que nous allons d\u00e9couvrir tout de suite dans cette vid\u00e9o.", "start_date": "2026-04-21T23:52:00+00:00", "title": "Focus"}, {"desc": "En parall\u00e8le de l'Omoda 7, la marque chinoise d\u00e9barque en France avec un SUV de segment D. Laissez-moi vous pr\u00e9senter celui qui tr\u00f4ne tout en haut de la gamme : l'Omoda 9.", "start_date": "2026-04-22T00:00:00+00:00", "title": "A bord de"}], "offset": "+00:00", "timezone": "UTC", "error_code": -1, "start_date": "2026-04-21", "icon": ""}