{"end_date": "2026-04-26", "name": "Auto Plus TV", "info_url": "https://epg.pw/channels/448607/20260425.html", "country": "France", "description": null, "error_message": "", "provider": "", "source_url": "https://epg.pw/api/epg.json?channel_id=448607&date=20260425&timezone=None", "epg_list": [{"desc": "L'amortisseur arri\u00e8re droit de mon v\u00e9hicule de 2015 et 30 000 km doit \u00eatre remplac\u00e9. Est-ce normal et puis-je esp\u00e9rer une prise en charge constructeur ?", "start_date": "2026-04-25T00:12:00+00:00", "title": "La minute conso"}, {"desc": "St\u00e9phane Martin, journaliste-essayeur de la r\u00e9daction d'Auto Plus, et Yann Lefebvre, photographe, ont mis 43 jours pour parcourir les 16.735 km de distance entre la Chine et la France. Suivez leur trajet P\u00e9kin-Paris en C5 Air Cross.", "start_date": "2026-04-25T00:14:00+00:00", "title": "P\u00e9kin-Paris"}, {"desc": "Notre journaliste Agn\u00e8s Lasbarr\u00e8res pr\u00e9sente la toute nouvelle compacte \u00e9lectrique Volkswagen ID.3. Vid\u00e9o !", "start_date": "2026-04-25T00:19:00+00:00", "title": "A bord de"}, {"desc": "La courroie de distribution a l\u00e2ch\u00e9 \u00e0 113000km et endommag\u00e9 le moteur de ma citadine bien entretenue de 9 ans. Le constructeur refuse toute prise en charge car la r\u00e9paration a \u00e9t\u00e9 faite hors r\u00e9seau. Ai-je un recours ?", "start_date": "2026-04-25T00:24:00+00:00", "title": "La minute conso"}, {"desc": "St\u00e9phane Martin, journaliste-essayeur de la r\u00e9daction d'Auto Plus, et Yann Lefebvre, photographe, ont mis 43 jours pour parcourir les 16.735 km de distance entre la Chine et la France. Suivez leur trajet P\u00e9kin-Paris en C5 Air Cross.", "start_date": "2026-04-25T00:27:00+00:00", "title": "P\u00e9kin-Paris"}, {"desc": "XPeng P7+ : la berline chinoise ultra connect\u00e9e !", "start_date": "2026-04-25T00:29:00+00:00", "title": "A bord de"}, {"desc": "V\u00e9hicule de plus de 30 ans, v\u00e9hicule de collection ?", "start_date": "2026-04-25T00:33:00+00:00", "title": "La minute conso"}, {"desc": "St\u00e9phane Martin, journaliste-essayeur de la r\u00e9daction d'Auto Plus, et Yann Lefebvre, photographe, ont mis 43 jours pour parcourir les 16.735 km de distance entre la Chine et la France. Suivez leur trajet P\u00e9kin-Paris en C5 Air Cross.", "start_date": "2026-04-25T00:36:00+00:00", "title": "P\u00e9kin-Paris"}, {"desc": "Disclaimer : les puissances \u00e9nonc\u00e9es dans la vid\u00e9o portent sur le moteur thermique uniquement. Les puissances maximales cumul\u00e9es sont respectivement de 140, 198 et 223 ch. Apparu en 2016, le Toyota C-HR fait peau neuve ! Nouveau design et nouvelles motorisations hybrides sont au programme. Pr\u00e9parez-vous \u00e0 \u00eatre \u00e9poustoufl\u00e9 par le tout nouveau Toyota C-HR (2024) ! Ce crossover embl\u00e9matique fait peau", "start_date": "2026-04-25T00:41:00+00:00", "title": "A bord de"}, {"desc": "J'ai achet\u00e9 une trottinette \u00e9lectrique et un coll\u00e8gue m'a conseill\u00e9 de m'assurer. Qu'en pensez-vous ?", "start_date": "2026-04-25T00:50:00+00:00", "title": "La minute conso"}, {"desc": "St\u00e9phane Martin, journaliste-essayeur de la r\u00e9daction d'Auto Plus, et Yann Lefebvre, photographe, ont mis 43 jours pour parcourir les 16.735 km de distance entre la Chine et la France. Suivez leur trajet P\u00e9kin-Paris en C5 Air Cross.", "start_date": "2026-04-25T00:52:00+00:00", "title": "P\u00e9kin-Paris"}, {"desc": "Notre journaliste Agn\u00e8s Lasbarr\u00e8res pr\u00e9sente aujourd'hui le tout premier mod\u00e8le 100% \u00e9lectrique de la marque Dacia.", "start_date": "2026-04-25T00:55:00+00:00", "title": "A bord de"}, {"desc": "J'ai \u00e9clat\u00e9 un pneu dans un nid-de-poule non signal\u00e9. La mairie ne veut pas me rembourser mes frais de 200\u20ac. Un recours possible ?", "start_date": "2026-04-25T01:00:00+00:00", "title": "La minute conso"}, {"desc": "St\u00e9phane Martin, journaliste-essayeur de la r\u00e9daction d'Auto Plus, et Yann Lefebvre, photographe, ont mis 43 jours pour parcourir les 16.735 km de distance entre la Chine et la France. Suivez leur trajet P\u00e9kin-Paris en C5 Air Cross.", "start_date": "2026-04-25T01:03:00+00:00", "title": "P\u00e9kin-Paris"}, {"desc": "Chaque ann\u00e9e depuis son lancement en 2007 (2009 en Europe), la Nissan GT-R a droit \u00e0 une petite remise \u00e0 niveau. Montez \u00e0 bord avec notre journaliste Agn\u00e8s Lasbarr\u00e8res.", "start_date": "2026-04-25T01:05:00+00:00", "title": "A bord de"}, {"desc": "A voir les pubs qui annoncent des -20% d'\u00e9conomie et des 2 mois offerts, je serais tent\u00e9 de changer d'assureur. Y a-t-il des pi\u00e8ges \u00e0 \u00e9viter ?", "start_date": "2026-04-25T01:08:00+00:00", "title": "La minute conso"}, {"desc": "St\u00e9phane Martin, journaliste-essayeur de la r\u00e9daction d'Auto Plus, et Yann Lefebvre, photographe, ont mis 43 jours pour parcourir les 16.735 km de distance entre la Chine et la France. Suivez leur trajet P\u00e9kin-Paris en C5 Air Cross.", "start_date": "2026-04-25T01:10:00+00:00", "title": "P\u00e9kin-Paris"}, {"desc": "Auto Plus a pu approcher la Citro\u00ebn DS3 Crossback.", "start_date": "2026-04-25T01:15:00+00:00", "title": "A bord de"}, {"desc": "En commandant une vignette Crit'air, j'ai fait une erreur sur ma plaque d'immatriculation. Puis-je faire une modification ou vais-je devoir en payer une autre ?", "start_date": "2026-04-25T01:18:00+00:00", "title": "La minute conso"}, {"desc": "St\u00e9phane Martin, journaliste-essayeur de la r\u00e9daction d'Auto Plus, et Yann Lefebvre, photographe, ont mis 43 jours pour parcourir les 16.735 km de distance entre la Chine et la France. Suivez leur trajet P\u00e9kin-Paris en C5 Air Cross.", "start_date": "2026-04-25T01:21:00+00:00", "title": "P\u00e9kin-Paris"}, {"desc": "D\u00e9riv\u00e9 du concept d'Opel, l'Experimental, ce Grandland change du tout au tout. Car oui, compar\u00e9 \u00e0 l'ancienne g\u00e9n\u00e9ration, ce nouveau Grandland n'a plus grand-chose en commun. Quelles sont les diff\u00e9rences avec l'ancienne g\u00e9n\u00e9ration, c'est ce que nous allons voir tout de suite dans cette vid\u00e9o !", "start_date": "2026-04-25T01:25:00+00:00", "title": "A bord de"}, {"desc": "Je souhaitais louer une voiture, mais l'agence de location n'a pas accept\u00e9 ma carte de paiement o\u00f9 est mentionn\u00e9 d\u00e9bit. Bizarre, non ?", "start_date": "2026-04-25T01:29:00+00:00", "title": "La minute conso"}, {"desc": "St\u00e9phane Martin, journaliste-essayeur de la r\u00e9daction d'Auto Plus, et Yann Lefebvre, photographe, ont mis 43 jours pour parcourir les 16.735 km de distance entre la Chine et la France. Suivez leur trajet P\u00e9kin-Paris en C5 Air Cross.", "start_date": "2026-04-25T01:32:00+00:00", "title": "P\u00e9kin-Paris"}, {"desc": null, "start_date": "2026-04-25T01:37:00+00:00", "title": "A bord de"}, {"desc": "Vol de v\u00e9hicule.", "start_date": "2026-04-25T01:39:00+00:00", "title": "La minute conso"}, {"desc": "St\u00e9phane Martin, journaliste-essayeur de la r\u00e9daction d'Auto Plus, et Yann Lefebvre, photographe, ont mis 43 jours pour parcourir les 16.735 km de distance entre la Chine et la France. Suivez leur trajet P\u00e9kin-Paris en C5 Air Cross.", "start_date": "2026-04-25T01:42:00+00:00", "title": "P\u00e9kin-Paris"}, {"desc": "Marque cousine de Jaecoo, Omoda est une autre marque du groupe chinois Chery. Comme Jaecoo, Omoda arrive en France avec deux SUV dans ses bagages, dont cet Omoda 7.", "start_date": "2026-04-25T01:50:00+00:00", "title": "A bord de"}, {"desc": "D\u00e9couvrez tout de suite la Volkswagen ID.5 GTX au salon de Munich 2021.", "start_date": "2026-04-25T01:58:00+00:00", "title": "Salon de Munich"}, {"desc": "D\u00e9couvrez tout de suite la Mercedes EQB au salon de Munich 2021.", "start_date": "2026-04-25T02:00:00+00:00", "title": "Salon de Munich"}, {"desc": "D\u00e9couvrez tout de suite la Mercedes ZQS AMG au salon de Munich 2021.", "start_date": "2026-04-25T02:01:00+00:00", "title": "Salon de Munich"}, {"desc": null, "start_date": "2026-04-25T02:03:00+00:00", "title": "Geneva Motor Show"}, {"desc": null, "start_date": "2026-04-25T02:05:00+00:00", "title": "Salon"}, {"desc": null, "start_date": "2026-04-25T02:07:00+00:00", "title": "Geneva Motor Show"}, {"desc": null, "start_date": "2026-04-25T02:09:00+00:00", "title": "Geneva Motor Show"}, {"desc": "D\u00e9couvrez tout de suite la Volkswagen ID Life au salon de Munich 2021.", "start_date": "2026-04-25T02:12:00+00:00", "title": "Salon de Munich"}, {"desc": "D\u00e9couvrez tout de suite la Dacia Jogger au salon de Munich 2021.", "start_date": "2026-04-25T02:14:00+00:00", "title": "Salon de Munich"}, {"desc": null, "start_date": "2026-04-25T02:25:00+00:00", "title": "Geneva Motor Show"}, {"desc": null, "start_date": "2026-04-25T02:27:00+00:00", "title": "Geneva Motor Show"}, {"desc": "D\u00e9couvrez tout de suite la Mercedes AMG 63 E Performance au salon de Munich 2021.", "start_date": "2026-04-25T02:29:00+00:00", "title": "Salon de Munich"}, {"desc": "D\u00e9couvrez tout de suite la Porsche Mission R au salon de Munich 2021.", "start_date": "2026-04-25T02:32:00+00:00", "title": "Salon de Munich"}, {"desc": null, "start_date": "2026-04-25T02:34:00+00:00", "title": "Geneva Motor Show"}, {"desc": null, "start_date": "2026-04-25T02:37:00+00:00", "title": "Geneva Motor Show"}, {"desc": null, "start_date": "2026-04-25T02:39:00+00:00", "title": "Geneva Motor Show"}, {"desc": "La Brabus 800, la Zenvo TSRS, la Hispano Suiza, la Manhart de BMW et la RS6 d'Audi, d\u00e9couvrez ces voitures insolites au salon de Munich 2021 !", "start_date": "2026-04-25T02:41:00+00:00", "title": "Salon de Munich"}, {"desc": "D\u00e9couvrez tout de suite la BMW S\u00e9rie 4 Gran Coup\u00e9 au salon de Munich 2021.", "start_date": "2026-04-25T02:44:00+00:00", "title": "Salon de Munich"}, {"desc": "D\u00e9couvrez tout de suite la Cupra Urban Rebel au salon de Munich 2021.", "start_date": "2026-04-25T02:52:00+00:00", "title": "Salon de Munich"}, {"desc": "D\u00e9couvrez tout de suite la Mercedes EQS Maybach au salon de Munich 2021.", "start_date": "2026-04-25T02:54:00+00:00", "title": "Salon de Munich"}, {"desc": "D\u00e9couvrez tout de suite la Mercedes EQE au salon de Munich 2021.", "start_date": "2026-04-25T02:56:00+00:00", "title": "Salon de Munich"}, {"desc": "D\u00e9couvrez tout de suite la Mercedes Classe C all terrain au salon de Munich 2021.", "start_date": "2026-04-25T02:58:00+00:00", "title": "Salon de Munich"}, {"desc": null, "start_date": "2026-04-25T03:00:00+00:00", "title": "Geneva Motor Show"}, {"desc": "D\u00e9couvrez tout de suite la Mercedes AMG ONE au salon de Munich 2021.", "start_date": "2026-04-25T03:03:00+00:00", "title": "Salon de Munich"}, {"desc": "D\u00e9couvrez tout de suite la Mini Strip au salon de Munich 2021.", "start_date": "2026-04-25T03:05:00+00:00", "title": "Salon de Munich"}, {"desc": null, "start_date": "2026-04-25T03:07:00+00:00", "title": "Geneva Motor Show"}, {"desc": null, "start_date": "2026-04-25T03:09:00+00:00", "title": "Salon"}, {"desc": null, "start_date": "2026-04-25T03:11:00+00:00", "title": "Salon"}, {"desc": "D\u00e9couvrez tout de suite la Mercedes EQG concept au salon de Munich 2021.", "start_date": "2026-04-25T03:13:00+00:00", "title": "Salon de Munich"}, {"desc": null, "start_date": "2026-04-25T03:15:00+00:00", "title": "Salon"}, {"desc": "D\u00e9couvrez tout de suite la Smart Concept au salon de Munich 2021.", "start_date": "2026-04-25T03:17:00+00:00", "title": "Salon de Munich"}, {"desc": null, "start_date": "2026-04-25T03:19:00+00:00", "title": "Salon"}, {"desc": "D\u00e9couvrez tout de suite la Mercedes EQS AMG au salon de Munich 2021.", "start_date": "2026-04-25T03:21:00+00:00", "title": "Salon de Munich"}, {"desc": null, "start_date": "2026-04-25T03:23:00+00:00", "title": "Geneva Motor Show"}, {"desc": null, "start_date": "2026-04-25T03:27:00+00:00", "title": "Geneva Motor Show"}, {"desc": null, "start_date": "2026-04-25T03:30:00+00:00", "title": "Salon"}, {"desc": null, "start_date": "2026-04-25T03:32:00+00:00", "title": "Geneva Motor Show"}, {"desc": "D\u00e9couvrez tout de suite la nouvelle BMW E vision circular au salon de Munich 2021.", "start_date": "2026-04-25T03:33:00+00:00", "title": "Salon de Munich"}, {"desc": null, "start_date": "2026-04-25T03:35:00+00:00", "title": "Geneva Motor Show"}, {"desc": null, "start_date": "2026-04-25T03:37:00+00:00", "title": "Geneva Motor Show"}, {"desc": null, "start_date": "2026-04-25T03:39:00+00:00", "title": "Salon"}, {"desc": "D\u00e9couvrez tout de suite la Renault Megane e-tech au salon de Munich 2021.", "start_date": "2026-04-25T03:41:00+00:00", "title": "Salon de Munich"}, {"desc": "D\u00e9couvrez tout de suite l'Audi Grand Sphere au salon de Munich 2021.", "start_date": "2026-04-25T03:55:00+00:00", "title": "Salon de Munich"}, {"desc": "D\u00e9couvrez tout de suite la Porsche Mission R au salon de Munich 2021.", "start_date": "2026-04-25T03:57:00+00:00", "title": "Salon de Munich"}, {"desc": "Comparatif entre deux voitures similaires de marque diff\u00e9rente. Aujourd'hui vous allez d\u00e9couvrir la Renault Austral et la Peugeot 3008.", "start_date": "2026-04-25T03:58:00+00:00", "title": "Le Match"}, {"desc": "Quand on prend le volant d'une Rolls Royce, on ne peut pas vraiment parler d'un essai automobile. Le v\u00e9hicule exc\u00e8de en sophistication tout ce que vous pouvez vous imaginer tellement on a le souci du d\u00e9tail du c\u00f4t\u00e9 de la marque britannique.", "start_date": "2026-04-25T04:07:00+00:00", "title": "Essai"}, {"desc": "DS nous a donn\u00e9 rendez-vous en Suisse, dans la vall\u00e9e de Joux, pour prendre en main son nouveau porte-\u00e9tendard, j'ai nomm\u00e9 la DS N\u00b08. V\u00e9ritable crossover 100 % \u00e9lectrique entre un SUV et une berline, qu'est-ce que cette DS N\u00b08 peut proposer une fois que nous sommes install\u00e9s derri\u00e8re le volant ? Autonomie, consommation, sensation de conduite, design, voici tout ce que vous devez savoir sur cette D", "start_date": "2026-04-25T04:18:00+00:00", "title": "Essai"}, {"desc": "Le BMW X3, c'est tout simplement le mod\u00e8le phare du constructeur bavarois ces derni\u00e8res ann\u00e9es. Plus 3,5 millions d'unit\u00e9s ont \u00e9t\u00e9 produites depuis sa premi\u00e8re apparition. En juillet dernier, nous avons pu d\u00e9couvrir ensemble le mod\u00e8le. Huit mois plus tard, nous allons voir aujourd'hui ce qu'il a dans le ventre, dans sa version hybride rechargeable (PHEV).", "start_date": "2026-04-25T04:32:00+00:00", "title": "Essai"}, {"desc": "Toyota Corolla Touring Sport Hybride 180h Collection 5 portes.", "start_date": "2026-04-25T04:43:00+00:00", "title": "Essai"}, {"desc": "Nissan Juke 1.0 DIGT 117 N-Design 5 portes.", "start_date": "2026-04-25T04:48:00+00:00", "title": "Essai"}, {"desc": "Comparatif entre deux voitures similaires de marque diff\u00e9rente. Aujourd'hui vous allez d\u00e9couvrir la Megane e-Tech et la Volkswagen ID.3.", "start_date": "2026-04-25T04:53:00+00:00", "title": "Le Match"}, {"desc": "La nouvelle Opel Astra reprend directement les dessous de la Peugeot 308. Saura t-elle prendre le virage de Stellantis en gardant ses atouts bien \u00e0 elle ?", "start_date": "2026-04-25T05:05:00+00:00", "title": "Essai"}, {"desc": "Une nouvelle motorisation hybride est disponible sur la Fiat Tipo mais les prix montent... L'Italienne est-elle encore si bien plac\u00e9e sur le march\u00e9 ?", "start_date": "2026-04-25T05:11:00+00:00", "title": "Essai"}, {"desc": null, "start_date": "2026-04-25T05:18:00+00:00", "title": "Essai"}, {"desc": "Le BMW X3, c'est tout simplement le mod\u00e8le phare du constructeur bavarois ces derni\u00e8res ann\u00e9es. Plus 3,5 millions d'unit\u00e9s ont \u00e9t\u00e9 produites depuis sa premi\u00e8re apparition. En juillet dernier, nous avons pu d\u00e9couvrir ensemble le mod\u00e8le. Huit mois plus tard, nous allons voir aujourd'hui ce qu'il a dans le ventre, dans sa version hybride rechargeable (PHEV).", "start_date": "2026-04-25T05:36:00+00:00", "title": "Essai"}, {"desc": "Chaque semaine un membre des forces de l'ordre r\u00e9pond \u00e0 vos questions de s\u00e9curit\u00e9 routi\u00e8re.", "start_date": "2026-04-25T05:46:00+00:00", "title": "Contr\u00f4le & vous"}, {"desc": "Cette semaine, J\u00e9r\u00f4me Loubert r\u00e9pond aux questions de Thierry, un chef d'entreprise qui s'interroge sur l'installation d'un bo\u00eetier \u00e9thanol sur son v\u00e9hicule.", "start_date": "2026-04-25T05:48:00+00:00", "title": "Roulons autrement"}, {"desc": "Dans cet \u00e9pisode partez \u00e0 la rencontre des collectionneurs de voitures am\u00e9ricaines lors du U.S. Car show pr\u00e9sent\u00e9e par Ang\u00e9lique Rayssigier.", "start_date": "2026-04-25T05:55:00+00:00", "title": "Auto-Ikonen"}, {"desc": "Auto Plus \u00e9tait pr\u00e9sent au salon du Mondial de l'Auto 2024 pour d\u00e9couvrir le stand Matra Passion.", "start_date": "2026-04-25T06:21:00+00:00", "title": "Focus"}, {"desc": "Avant l'ouverture du Mondial de Paris, d\u00e9couvrez le nouveau grand SUV 7 places de Seat, le Tarraco.", "start_date": "2026-04-25T06:28:00+00:00", "title": "A bord de"}, {"desc": "Je souhaitais louer une voiture, mais l'agence de location n'a pas accept\u00e9 ma carte de paiement o\u00f9 est mentionn\u00e9 d\u00e9bit. Bizarre, non ?", "start_date": "2026-04-25T06:30:00+00:00", "title": "La minute conso"}, {"desc": "St\u00e9phane Martin, journaliste-essayeur de la r\u00e9daction d'Auto Plus, et Yann Lefebvre, photographe, ont mis 43 jours pour parcourir les 16.735 km de distance entre la Chine et la France. Suivez leur trajet P\u00e9kin-Paris en C5 Air Cross.", "start_date": "2026-04-25T06:33:00+00:00", "title": "P\u00e9kin-Paris"}, {"desc": "Kia offre un petit rafra\u00eechissement \u00e0 sa mini-citadine de 3e g\u00e9n\u00e9ration. D\u00e9couvrons les nouveaut\u00e9s propos\u00e9es sur la Picanto avec notre journaliste Agn\u00e8s Lasbarr\u00e8res.", "start_date": "2026-04-25T06:36:00+00:00", "title": "A bord de"}, {"desc": "En commandant une vignette Crit'air, j'ai fait une erreur sur ma plaque d'immatriculation. Puis-je faire une modification ou vais-je devoir en payer une autre ?", "start_date": "2026-04-25T06:40:00+00:00", "title": "La minute conso"}, {"desc": "St\u00e9phane Martin, journaliste-essayeur de la r\u00e9daction d'Auto Plus, et Yann Lefebvre, photographe, ont mis 43 jours pour parcourir les 16.735 km de distance entre la Chine et la France. Suivez leur trajet P\u00e9kin-Paris en C5 Air Cross.", "start_date": "2026-04-25T06:43:00+00:00", "title": "P\u00e9kin-Paris"}, {"desc": "Quelques jours seulement apr\u00e8s sa pr\u00e9sentation, d\u00e9couvrez l'ID.4, le premier SUV \u00e9lectrique de Volkswagen, dans ses moindres d\u00e9tails en vid\u00e9o.", "start_date": "2026-04-25T06:48:00+00:00", "title": "A bord de"}, {"desc": "Dommages couverts en cas de chute d'arbre sur sa voiture.", "start_date": "2026-04-25T06:54:00+00:00", "title": "La minute conso"}, {"desc": "St\u00e9phane Martin, journaliste-essayeur de la r\u00e9daction d'Auto Plus, et Yann Lefebvre, photographe, ont mis 43 jours pour parcourir les 16.735 km de distance entre la Chine et la France. Suivez leur trajet P\u00e9kin-Paris en C5 Air Cross.", "start_date": "2026-04-25T06:57:00+00:00", "title": "P\u00e9kin-Paris"}, {"desc": "Pour son dernier concept-car, Dacia est parti d'une page blanche. Objectif pour le constructeur : inventer la voiture \u00e9lectrique populaire de demain, toujours dans l'ADN Dacia, cool, essentiel et robuste. C'est ainsi qu'est n\u00e9 le Dacia Hipster concept, un v\u00e9hicule urbain tr\u00e8s atypique. Le mod\u00e8le est un vrai contrepied par rapport \u00e0 la tendance actuelle du v\u00e9hicule \u00e9lectrique toujours plus grand, p", "start_date": "2026-04-25T07:00:00+00:00", "title": "A bord de"}, {"desc": "A-t-on le droit d'emporter un animal sauvage qu'on a percut\u00e9 accidentellement avec sa voiture ?", "start_date": "2026-04-25T07:05:00+00:00", "title": "La minute conso"}, {"desc": "St\u00e9phane Martin, journaliste-essayeur de la r\u00e9daction d'Auto Plus, et Yann Lefebvre, photographe, ont mis 43 jours pour parcourir les 16.735 km de distance entre la Chine et la France. Suivez leur trajet P\u00e9kin-Paris en C5 Air Cross.", "start_date": "2026-04-25T07:08:00+00:00", "title": "P\u00e9kin-Paris"}, {"desc": null, "start_date": "2026-04-25T07:12:00+00:00", "title": "A bord de"}, {"desc": "Un motard en inter-files a cass\u00e9 mon r\u00e9tro et a fil\u00e9. J'ai pu relever sa plaque. Mon assureur va-t-il s'occuper du reste ?", "start_date": "2026-04-25T07:16:00+00:00", "title": "La minute conso"}, {"desc": "St\u00e9phane Martin, journaliste-essayeur de la r\u00e9daction d'Auto Plus, et Yann Lefebvre, photographe, ont mis 43 jours pour parcourir les 16.735 km de distance entre la Chine et la France. Suivez leur trajet P\u00e9kin-Paris en C5 Air Cross.", "start_date": "2026-04-25T07:19:00+00:00", "title": "P\u00e9kin-Paris"}, {"desc": "Le T-Roc est un v\u00e9ritable best-seller chez Volkswagen avec plus de 2 millions d'unit\u00e9s vendues depuis son lancement en 2017. C'est le deuxi\u00e8me SUV le plus vendu dans l'histoire de la marque, derri\u00e8re le Tiguan. Nous \u00e9tions en Allemagne, non loin de la ville de Munich, pour vous pr\u00e9senter la nouvelle g\u00e9n\u00e9ration du mod\u00e8le.", "start_date": "2026-04-25T07:23:00+00:00", "title": "A bord de"}, {"desc": "J'ai achet\u00e9 une trottinette \u00e9lectrique et un coll\u00e8gue m'a conseill\u00e9 de m'assurer. Qu'en pensez-vous ?", "start_date": "2026-04-25T07:34:00+00:00", "title": "La minute conso"}, {"desc": "St\u00e9phane Martin, journaliste-essayeur de la r\u00e9daction d'Auto Plus, et Yann Lefebvre, photographe, ont mis 43 jours pour parcourir les 16.735 km de distance entre la Chine et la France. Suivez leur trajet P\u00e9kin-Paris en C5 Air Cross.", "start_date": "2026-04-25T07:36:00+00:00", "title": "P\u00e9kin-Paris"}, {"desc": "Notre journaliste St\u00e9phane Martin pr\u00e9sente la Volkswagen ID.5.", "start_date": "2026-04-25T07:40:00+00:00", "title": "A bord de"}, {"desc": "J'ai \u00e9clat\u00e9 un pneu dans un nid-de-poule non signal\u00e9. La mairie ne veut pas me rembourser mes frais de 200\u20ac. Un recours possible ?", "start_date": "2026-04-25T07:46:00+00:00", "title": "La minute conso"}, {"desc": "24H du Mans : ALPINE A424_ \u0392, on a vu la nouvelle hypercar fran\u00e7aise !", "start_date": "2026-04-25T07:48:00+00:00", "title": "Focus"}, {"desc": "Il y a quelques ann\u00e9es, Citro\u00ebn nous avait pr\u00e9sent\u00e9 son concept-car Oli, qui pr\u00e9figurait les futures mod\u00e8les du constructeur. Cette fois-ci, pas de concept BigFlo mais ELO, l'occasion de dire bonjour \u00e0 une petite voiture 100 % \u00e9lectriques aux doubles chevrons. Car, on le sait, l'Europe r\u00e9fl\u00e9chit \u00e0 avantager ce type de mod\u00e8le, \u00e0 l'instar des Kei Car japonaise, mais sur le vieux continent. Une d\u00e9fin", "start_date": "2026-04-25T07:56:00+00:00", "title": "A bord de"}, {"desc": null, "start_date": "2026-04-25T08:06:00+00:00", "title": "Moteurs"}, {"desc": "V\u00e9hicule de plus de 30 ans, v\u00e9hicule de collection ?", "start_date": "2026-04-25T08:24:00+00:00", "title": "La minute conso"}, {"desc": "St\u00e9phane Martin, journaliste-essayeur de la r\u00e9daction d'Auto Plus, et Yann Lefebvre, photographe, ont mis 43 jours pour parcourir les 16.735 km de distance entre la Chine et la France. Suivez leur trajet P\u00e9kin-Paris en C5 Air Cross.", "start_date": "2026-04-25T08:27:00+00:00", "title": "P\u00e9kin-Paris"}, {"desc": "\u00c7a y est, la future Renault 5 E-Tech pointe enfin le bout de sa calandre. Apr\u00e8s plus de trois ans d'attente, la citadine 100% \u00e9lectrique b\u00e2tie sur la nouvelle plateforme AmpR Small d\u00e9di\u00e9e affiche ses formes d\u00e9finitives, avec des lignes tr\u00e8s proches du concept pr\u00e9sent\u00e9 en 2021. Futur best-seller en vue \u00e0 moins de 25 000 \u20ac ?", "start_date": "2026-04-25T08:31:00+00:00", "title": "A bord de"}, {"desc": "D\u00e9couvrez tout de suite la Porsche Mission R au salon de Munich 2021.", "start_date": "2026-04-25T08:41:00+00:00", "title": "Salon de Munich"}, {"desc": "D\u00e9couvrez tout de suite la Volkswagen ID Life au salon de Munich 2021.", "start_date": "2026-04-25T08:43:00+00:00", "title": "Salon de Munich"}, {"desc": null, "start_date": "2026-04-25T08:45:00+00:00", "title": "Geneva Motor Show"}, {"desc": null, "start_date": "2026-04-25T08:47:00+00:00", "title": "Geneva Motor Show"}, {"desc": null, "start_date": "2026-04-25T08:50:00+00:00", "title": "Geneva Motor Show"}, {"desc": "D\u00e9couvrez tout de suite la Mercedes Classe C all terrain au salon de Munich 2021.", "start_date": "2026-04-25T08:52:00+00:00", "title": "Salon de Munich"}, {"desc": "D\u00e9couvrez tout de suite la Smart Concept au salon de Munich 2021.", "start_date": "2026-04-25T08:54:00+00:00", "title": "Salon de Munich"}, {"desc": null, "start_date": "2026-04-25T08:56:00+00:00", "title": "Salon"}, {"desc": null, "start_date": "2026-04-25T08:58:00+00:00", "title": "Geneva Motor Show"}, {"desc": null, "start_date": "2026-04-25T09:02:00+00:00", "title": "Salon"}, {"desc": "D\u00e9couvrez tout de suite la Cupra Urban Rebel au salon de Munich 2021.", "start_date": "2026-04-25T09:04:00+00:00", "title": "Salon de Munich"}, {"desc": null, "start_date": "2026-04-25T09:06:00+00:00", "title": "Geneva Motor Show"}, {"desc": "D\u00e9couvrez tout de suite l'Audi Grand Sphere au salon de Munich 2021.", "start_date": "2026-04-25T09:08:00+00:00", "title": "Salon de Munich"}, {"desc": null, "start_date": "2026-04-25T09:10:00+00:00", "title": "Geneva Motor Show"}, {"desc": null, "start_date": "2026-04-25T09:12:00+00:00", "title": "Geneva Motor Show"}, {"desc": "La Brabus 800, la Zenvo TSRS, la Hispano Suiza, la Manhart de BMW et la RS6 d'Audi, d\u00e9couvrez ces voitures insolites au salon de Munich 2021 !", "start_date": "2026-04-25T09:14:00+00:00", "title": "Salon de Munich"}, {"desc": null, "start_date": "2026-04-25T09:17:00+00:00", "title": "Geneva Motor Show"}, {"desc": "D\u00e9couvrez tout de suite la Mercedes AMG 63 E Performance au salon de Munich 2021.", "start_date": "2026-04-25T09:19:00+00:00", "title": "Salon de Munich"}, {"desc": null, "start_date": "2026-04-25T09:21:00+00:00", "title": "Geneva Motor Show"}, {"desc": "D\u00e9couvrez tout de suite la Mercedes EQS Maybach au salon de Munich 2021.", "start_date": "2026-04-25T09:23:00+00:00", "title": "Salon de Munich"}, {"desc": "D\u00e9couvrez tout de suite la BMW S\u00e9rie 4 Gran Coup\u00e9 au salon de Munich 2021.", "start_date": "2026-04-25T09:26:00+00:00", "title": "Salon de Munich"}, {"desc": null, "start_date": "2026-04-25T09:34:00+00:00", "title": "Geneva Motor Show"}, {"desc": "D\u00e9couvrez tout de suite la Mercedes AMG ONE au salon de Munich 2021.", "start_date": "2026-04-25T09:35:00+00:00", "title": "Salon de Munich"}, {"desc": "D\u00e9couvrez tout de suite la Volkswagen ID.5 GTX au salon de Munich 2021.", "start_date": "2026-04-25T09:37:00+00:00", "title": "Salon de Munich"}, {"desc": "D\u00e9couvrez tout de suite la Mercedes EQG concept au salon de Munich 2021.", "start_date": "2026-04-25T09:39:00+00:00", "title": "Salon de Munich"}, {"desc": null, "start_date": "2026-04-25T09:40:00+00:00", "title": "Geneva Motor Show"}, {"desc": "D\u00e9couvrez tout de suite la Mercedes EQE au salon de Munich 2021.", "start_date": "2026-04-25T09:42:00+00:00", "title": "Salon de Munich"}, {"desc": null, "start_date": "2026-04-25T09:44:00+00:00", "title": "Geneva Motor Show"}, {"desc": "D\u00e9couvrez tout de suite la nouvelle BMW E vision circular au salon de Munich 2021.", "start_date": "2026-04-25T09:48:00+00:00", "title": "Salon de Munich"}, {"desc": null, "start_date": "2026-04-25T09:49:00+00:00", "title": "Salon"}, {"desc": "D\u00e9couvrez tout de suite la Mercedes EQB au salon de Munich 2021.", "start_date": "2026-04-25T09:51:00+00:00", "title": "Salon de Munich"}, {"desc": "D\u00e9couvrez tout de suite la Renault Megane e-tech au salon de Munich 2021.", "start_date": "2026-04-25T09:53:00+00:00", "title": "Salon de Munich"}, {"desc": "Installer des bornes sur son parking, quelle valeur pour le propri\u00e9taire ?", "start_date": "2026-04-25T10:07:00+00:00", "title": "Electromobile"}, {"desc": "Cette semaine, J\u00e9r\u00f4me Loubert vient en aide \u00e0 M\u00e9lanie, qui cherche \u00e0 convertir sa voiture au Super\u00e9thanol E85 afin de r\u00e9aliser des \u00e9conomies au quotidien.", "start_date": "2026-04-25T10:28:00+00:00", "title": "Roulons autrement"}, {"desc": "Peugeot 2008 1.2 PureTech 155 GT (vs) Renault Captur 1.3 TCE 155 Initiale Paris.", "start_date": "2026-04-25T10:35:00+00:00", "title": "Le Match"}, {"desc": "Porsche 718 Cayman T 3 portes.", "start_date": "2026-04-25T10:41:00+00:00", "title": "Essai"}, {"desc": "Esssai de la Toyota Yaris Cross 2024.", "start_date": "2026-04-25T10:45:00+00:00", "title": "Essai"}, {"desc": "Essai de la Dacia Duster 1.0 Eco-G prestige 5 portes.", "start_date": "2026-04-25T10:55:00+00:00", "title": "Essai"}, {"desc": "Comparatif entre deux voitures similaires de marque diff\u00e9rente. Aujourd'hui vous allez d\u00e9couvrir la Megane e-Tech et la Volkswagen ID.3.", "start_date": "2026-04-25T11:01:00+00:00", "title": "Le Match"}, {"desc": "Le BMW X3, c'est tout simplement le mod\u00e8le phare du constructeur bavarois ces derni\u00e8res ann\u00e9es. Plus 3,5 millions d'unit\u00e9s ont \u00e9t\u00e9 produites depuis sa premi\u00e8re apparition. En juillet dernier, nous avons pu d\u00e9couvrir ensemble le mod\u00e8le. Huit mois plus tard, nous allons voir aujourd'hui ce qu'il a dans le ventre, dans sa version hybride rechargeable (PHEV).", "start_date": "2026-04-25T11:14:00+00:00", "title": "Essai"}, {"desc": "La concurrence se fait de plus en plus rude sur le march\u00e9 des citadines hybrides. On peut citer la Toyota Yaris, la Renault 5 E-Tech, la Peugeot 208 ou encore la prochaine MG3. Mais le constructeur Opel compte bien challenger ses concurrents avec sa citadine maison, la Corsa qui est d\u00e9sormais disponible en version hybride. Alors est-ce que cette Opel Corsa Hybride peut arriver \u00e0 s'imposer sur le m", "start_date": "2026-04-25T11:26:00+00:00", "title": "Essai"}, {"desc": "Apr\u00e8s 4 ans de bons et loyaux services, Citro\u00ebn restylise son C5 Aircross ! Visuellement, les diff\u00e9rences sautent aux yeux, mais change-t-il vraiment en profondeur ?", "start_date": "2026-04-25T11:34:00+00:00", "title": "Essai"}, {"desc": null, "start_date": "2026-04-25T11:40:00+00:00", "title": "Essai"}, {"desc": null, "start_date": "2026-04-25T11:54:00+00:00", "title": "Immersion dans une m\u00e9ga fourri\u00e8re"}, {"desc": "Dans cet \u00e9pisode d\u00e9couvrez l'histoire de la Ferrari 308 GTB pr\u00e9sent\u00e9e par Ang\u00e9lique Rayssigier, Freddy Prieto et essay\u00e9e par son propri\u00e9taire!", "start_date": "2026-04-25T12:52:00+00:00", "title": "Auto-Ikonen"}, {"desc": "C'est une annonce qui pourrait faire grand bruit dans le monde de l'automobile. En effet, DS, est la premi\u00e8re marque en Europe \u00e0 int\u00e9grer ChatGPT dans ces mod\u00e8les. Alors, simple gadget ou r\u00e9elle utilit\u00e9, c'est ce que nous allons d\u00e9couvrir tout de suite dans cette vid\u00e9o.", "start_date": "2026-04-25T13:18:00+00:00", "title": "Focus"}, {"desc": "Pr\u00e9sentation de l'Alpine A 390_B (b\u00e9ta) , inspir\u00e9e des massifs montagneux des Alpes.", "start_date": "2026-04-25T13:27:00+00:00", "title": "A bord de"}, {"desc": null, "start_date": "2026-04-25T13:34:00+00:00", "title": "Moteurs"}, {"desc": "J'ai \u00e9clat\u00e9 un pneu dans un nid-de-poule non signal\u00e9. La mairie ne veut pas me rembourser mes frais de 200\u20ac. Un recours possible ?", "start_date": "2026-04-25T14:19:00+00:00", "title": "La minute conso"}, {"desc": "St\u00e9phane Martin, journaliste-essayeur de la r\u00e9daction d'Auto Plus, et Yann Lefebvre, photographe, ont mis 43 jours pour parcourir les 16.735 km de distance entre la Chine et la France. Suivez leur trajet P\u00e9kin-Paris en C5 Air Cross.", "start_date": "2026-04-25T14:21:00+00:00", "title": "P\u00e9kin-Paris"}, {"desc": "Volkswagen pr\u00e9sente le nouveau fleuron de sa gamme, l'ID.7 une grande berline 100% \u00e9lectrique ! Nous avons pu la d\u00e9couvrir lors de sa premi\u00e8re mondiale l'Atelier des Lumi\u00e8res \u00e0 Paris\u2026.", "start_date": "2026-04-25T14:27:00+00:00", "title": "A bord de"}, {"desc": "24H du MANS : les SECRETS de la FERRARI 499P ! - Focus.", "start_date": "2026-04-25T14:35:00+00:00", "title": "Focus"}, {"desc": "Les SUV sont partout (ou presque), m\u00eame d\u00e9sormais chez Lamborghini avec l'Urus, fort de 650 chevaux ! Auto Plus vous le fait d\u00e9couvrir en vid\u00e9o.", "start_date": "2026-04-25T14:43:00+00:00", "title": "A bord de"}, {"desc": "La courroie de distribution a l\u00e2ch\u00e9 \u00e0 113000km et endommag\u00e9 le moteur de ma citadine bien entretenue de 9 ans. Le constructeur refuse toute prise en charge car la r\u00e9paration a \u00e9t\u00e9 faite hors r\u00e9seau. Ai-je un recours ?", "start_date": "2026-04-25T14:47:00+00:00", "title": "La minute conso"}, {"desc": "St\u00e9phane Martin, journaliste-essayeur de la r\u00e9daction d'Auto Plus, et Yann Lefebvre, photographe, ont mis 43 jours pour parcourir les 16.735 km de distance entre la Chine et la France. Suivez leur trajet P\u00e9kin-Paris en C5 Air Cross.", "start_date": "2026-04-25T14:50:00+00:00", "title": "P\u00e9kin-Paris"}, {"desc": "D\u00e9couvrez l'interieur et de l'exterieur de l'Audi A6 en compagnie de notre journaliste Agn\u00e8s Lasbarr\u00e8res.", "start_date": "2026-04-25T14:52:00+00:00", "title": "A bord de"}, {"desc": "Je souhaitais louer une voiture, mais l'agence de location n'a pas accept\u00e9 ma carte de paiement o\u00f9 est mentionn\u00e9 d\u00e9bit. Bizarre, non ?", "start_date": "2026-04-25T14:56:00+00:00", "title": "La minute conso"}, {"desc": "St\u00e9phane Martin, journaliste-essayeur de la r\u00e9daction d'Auto Plus, et Yann Lefebvre, photographe, ont mis 43 jours pour parcourir les 16.735 km de distance entre la Chine et la France. Suivez leur trajet P\u00e9kin-Paris en C5 Air Cross.", "start_date": "2026-04-25T14:59:00+00:00", "title": "P\u00e9kin-Paris"}, {"desc": "Notre journaliste Agn\u00e8s Lasbarr\u00e8res pr\u00e9sente la Ford Fiesta.", "start_date": "2026-04-25T15:04:00+00:00", "title": "A bord de"}, {"desc": null, "start_date": "2026-04-25T15:07:00+00:00", "title": "Geneva Motor Show"}, {"desc": "D\u00e9couvrez tout de suite la Mercedes EQS AMG au salon de Munich 2021.", "start_date": "2026-04-25T15:09:00+00:00", "title": "Salon de Munich"}, {"desc": null, "start_date": "2026-04-25T15:12:00+00:00", "title": "Salon"}, {"desc": "D\u00e9couvrez tout de suite la Porsche Mission R au salon de Munich 2021.", "start_date": "2026-04-25T15:14:00+00:00", "title": "Salon de Munich"}, {"desc": "D\u00e9couvrez tout de suite la Mercedes EQE au salon de Munich 2021.", "start_date": "2026-04-25T15:16:00+00:00", "title": "Salon de Munich"}, {"desc": "D\u00e9couvrez tout de suite la Mercedes ZQS AMG au salon de Munich 2021.", "start_date": "2026-04-25T15:18:00+00:00", "title": "Salon de Munich"}, {"desc": null, "start_date": "2026-04-25T15:20:00+00:00", "title": "Geneva Motor Show"}, {"desc": "D\u00e9couvrez tout de suite la nouvelle BMW E vision circular au salon de Munich 2021.", "start_date": "2026-04-25T15:22:00+00:00", "title": "Salon de Munich"}, {"desc": null, "start_date": "2026-04-25T15:24:00+00:00", "title": "Salon"}, {"desc": "D\u00e9couvrez tout de suite la Mercedes EQS Maybach au salon de Munich 2021.", "start_date": "2026-04-25T15:27:00+00:00", "title": "Salon de Munich"}, {"desc": null, "start_date": "2026-04-25T15:29:00+00:00", "title": "Geneva Motor Show"}, {"desc": null, "start_date": "2026-04-25T15:32:00+00:00", "title": "Geneva Motor Show"}, {"desc": "D\u00e9couvrez tout de suite la Volkswagen ID Life au salon de Munich 2021.", "start_date": "2026-04-25T15:35:00+00:00", "title": "Salon de Munich"}, {"desc": null, "start_date": "2026-04-25T15:37:00+00:00", "title": "Salon"}, {"desc": null, "start_date": "2026-04-25T15:38:00+00:00", "title": "Geneva Motor Show"}, {"desc": "D\u00e9couvrez tout de suite la Mercedes AMG ONE au salon de Munich 2021.", "start_date": "2026-04-25T15:40:00+00:00", "title": "Salon de Munich"}, {"desc": "D\u00e9couvrez tout de suite la Mercedes AMG 63 E Performance au salon de Munich 2021.", "start_date": "2026-04-25T15:43:00+00:00", "title": "Salon de Munich"}, {"desc": "D\u00e9couvrez tout de suite la Mercedes Classe C all terrain au salon de Munich 2021.", "start_date": "2026-04-25T15:45:00+00:00", "title": "Salon de Munich"}, {"desc": null, "start_date": "2026-04-25T15:47:00+00:00", "title": "Geneva Motor Show"}, {"desc": null, "start_date": "2026-04-25T15:48:00+00:00", "title": "Salon"}, {"desc": null, "start_date": "2026-04-25T15:51:00+00:00", "title": "Geneva Motor Show"}, {"desc": "D\u00e9couvrez tout de suite la Mini Strip au salon de Munich 2021.", "start_date": "2026-04-25T15:52:00+00:00", "title": "Salon de Munich"}, {"desc": "D\u00e9couvrez tout de suite la Smart Concept au salon de Munich 2021.", "start_date": "2026-04-25T15:54:00+00:00", "title": "Salon de Munich"}, {"desc": null, "start_date": "2026-04-25T15:57:00+00:00", "title": "Geneva Motor Show"}, {"desc": "D\u00e9couvrez tout de suite la Mercedes EQB au salon de Munich 2021.", "start_date": "2026-04-25T16:00:00+00:00", "title": "Salon de Munich"}, {"desc": null, "start_date": "2026-04-25T16:02:00+00:00", "title": "Salon"}, {"desc": null, "start_date": "2026-04-25T16:03:00+00:00", "title": "Geneva Motor Show"}, {"desc": "D\u00e9couvrez tout de suite la Volkswagen ID.5 GTX au salon de Munich 2021.", "start_date": "2026-04-25T16:05:00+00:00", "title": "Salon de Munich"}, {"desc": "Comparatif entre deux voitures similaires de marque diff\u00e9rente. Aujourd'hui vous allez d\u00e9couvrir la Megane e-Tech et la Volkswagen ID.3.", "start_date": "2026-04-25T16:07:00+00:00", "title": "Le Match"}, {"desc": null, "start_date": "2026-04-25T16:19:00+00:00", "title": "Essai"}, {"desc": "Essai de l'Opel Corsa Cosmo (F\u00e9vrier 2015).", "start_date": "2026-04-25T16:33:00+00:00", "title": "Essai"}, {"desc": "Avec l'Ariya, Nissan inaugure une toute nouvelle g\u00e9n\u00e9ration de v\u00e9hicules \u00e9lectriques, en proposant un SUV au design audacieux et \u00e0 la technologie ultra moderne.", "start_date": "2026-04-25T16:39:00+00:00", "title": "Essai"}, {"desc": "BMW X4 M40i 5 portes.", "start_date": "2026-04-25T16:47:00+00:00", "title": "Essai"}, {"desc": "Chaque semaine un membre des forces de l'ordre r\u00e9pond \u00e0 vos questions de s\u00e9curit\u00e9 routi\u00e8re.", "start_date": "2026-04-25T16:51:00+00:00", "title": "Contr\u00f4le & vous"}, {"desc": "Renault Zo\u00e9 R135 Intens (vs) Peugeot e-208 50 KWh 136 Allure.", "start_date": "2026-04-25T16:53:00+00:00", "title": "Le Match"}, {"desc": "Apr\u00e8s le Jogger et le Duster, nous \u00e9tions \u00e0 peu pr\u00e8s s\u00fbr que le Dacia Bigster aurait le droit lui aussi \u00e0 son pack sleep. Et cela n'a pas loup\u00e9 ! Cet \u00e9quipement facultatif permet d'installer un lit \u00e0 l'int\u00e9rieur du mod\u00e8le le plus imposant du constructeur. L'objectif : pouvoir profiter de vacances en camping \u00e0 moindre coup. Avec cette option, le SUV est factur\u00e9, en finition haute, \u00e0 moins de 35 000", "start_date": "2026-04-25T16:58:00+00:00", "title": "Essai"}, {"desc": "Le prix des voitures ne cessent d'augmenter depuis quelques ann\u00e9es. Chez Auto Plus, on a voulu savoir ce que vaut une Allemande fiable et valorisante sous les 25 000 \u20ac. On vous pr\u00e9sente donc l'essai de la Volkswagen Polo en finition Life ! En a-t-on vraiment pour son argent ? C'est ce que nous allons voir !", "start_date": "2026-04-25T17:13:00+00:00", "title": "Essai"}, {"desc": "Le BMW X3, c'est tout simplement le mod\u00e8le phare du constructeur bavarois ces derni\u00e8res ann\u00e9es. Plus 3,5 millions d'unit\u00e9s ont \u00e9t\u00e9 produites depuis sa premi\u00e8re apparition. En juillet dernier, nous avons pu d\u00e9couvrir ensemble le mod\u00e8le. Huit mois plus tard, nous allons voir aujourd'hui ce qu'il a dans le ventre, dans sa version hybride rechargeable (PHEV).", "start_date": "2026-04-25T17:19:00+00:00", "title": "Essai"}, {"desc": "Esssai de la Toyota Yaris Cross 2024.", "start_date": "2026-04-25T17:31:00+00:00", "title": "Essai"}, {"desc": "Le Volkswagen Touareg de 3\u00e8me g\u00e9n\u00e9ration s'offre un lifting. Nous avons essay\u00e9 la seule version disponible au catalogue fran\u00e7ais : le Touareg R eHybrid fort de 462 ch en version hybride rechargeable.", "start_date": "2026-04-25T17:40:00+00:00", "title": "Essai"}, {"desc": "Ford relance aujourd'hui son mod\u00e8le Puma sous les traits d'un nouveau SUV citadin. Vid\u00e9o !", "start_date": "2026-04-25T17:49:00+00:00", "title": "A bord de"}, {"desc": "A voir les pubs qui annoncent des -20% d'\u00e9conomie et des 2 mois offerts, je serais tent\u00e9 de changer d'assureur. Y a-t-il des pi\u00e8ges \u00e0 \u00e9viter ?", "start_date": "2026-04-25T17:54:00+00:00", "title": "La minute conso"}, {"desc": "St\u00e9phane Martin, journaliste-essayeur de la r\u00e9daction d'Auto Plus, et Yann Lefebvre, photographe, ont mis 43 jours pour parcourir les 16.735 km de distance entre la Chine et la France. Suivez leur trajet P\u00e9kin-Paris en C5 Air Cross.", "start_date": "2026-04-25T17:57:00+00:00", "title": "P\u00e9kin-Paris"}, {"desc": "Notre journaliste Agn\u00e8s Lasbarr\u00e8res pr\u00e9sente le premier SUV de la marque Smart : la Smart Concept n\u00b01.", "start_date": "2026-04-25T18:00:00+00:00", "title": "A bord de"}, {"desc": "L'amortisseur arri\u00e8re droit de mon v\u00e9hicule de 2015 et 30 000 km doit \u00eatre remplac\u00e9. Est-ce normal et puis-je esp\u00e9rer une prise en charge constructeur ?", "start_date": "2026-04-25T18:04:00+00:00", "title": "La minute conso"}, {"desc": "St\u00e9phane Martin, journaliste-essayeur de la r\u00e9daction d'Auto Plus, et Yann Lefebvre, photographe, ont mis 43 jours pour parcourir les 16.735 km de distance entre la Chine et la France. Suivez leur trajet P\u00e9kin-Paris en C5 Air Cross.", "start_date": "2026-04-25T18:07:00+00:00", "title": "P\u00e9kin-Paris"}, {"desc": "Aujourd'hui le constructeur Dacia nous r\u00e9v\u00e8le son nouveau mod\u00e8le: le Bigster !", "start_date": "2026-04-25T18:11:00+00:00", "title": "A bord de"}, {"desc": "Cette semaine, J\u00e9r\u00f4me Loubert part \u00e0 la rencontre de C\u00e9cile, qui veut transformer son v\u00e9hicule essence en Bio-\u00e9thanol afin d'amorcer sa transition \u00e9nerg\u00e9tique.", "start_date": "2026-04-25T18:19:00+00:00", "title": "Roulons autrement"}, {"desc": "Dans cet \u00e9pisode d\u00e9couvrez le Grand Prix Historique d'Albi en 2022 et la pr\u00e9sentation d'une Mercedes 300SL \"Papillon\" et d'une Jaguar Type E s\u00e9rie 2, pr\u00e9sent\u00e9s par Ang\u00e9lique Rayssiger.", "start_date": "2026-04-25T18:28:00+00:00", "title": "Auto-Ikonen"}, {"desc": "Chaque semaine un membre des forces de l'ordre r\u00e9pond \u00e0 vos questions de s\u00e9curit\u00e9 routi\u00e8re.", "start_date": "2026-04-25T18:54:00+00:00", "title": "Contr\u00f4le & vous"}, {"desc": "Le public se passionne depuis quelques ann\u00e9es pour les comp\u00e9titions de voitures anciennes, qui se multiplient en France.", "start_date": "2026-04-25T18:56:00+00:00", "title": "Les Gentlemen drivers ne sont pas mort"}, {"desc": "Auto Plus \u00e9tait pr\u00e9sent au salon du Mondial de l'Auto 2024 pour d\u00e9couvrir le stand Matra Passion.", "start_date": "2026-04-25T19:48:00+00:00", "title": "Focus"}, {"desc": "Audi Q6 Sportback e-tron: la version fastback est l\u00e0 !", "start_date": "2026-04-25T19:55:00+00:00", "title": "A bord de"}, {"desc": null, "start_date": "2026-04-25T19:58:00+00:00", "title": "Moteurs"}, {"desc": "En commandant une vignette Crit'air, j'ai fait une erreur sur ma plaque d'immatriculation. Puis-je faire une modification ou vais-je devoir en payer une autre ?", "start_date": "2026-04-25T20:26:00+00:00", "title": "La minute conso"}, {"desc": "St\u00e9phane Martin, journaliste-essayeur de la r\u00e9daction d'Auto Plus, et Yann Lefebvre, photographe, ont mis 43 jours pour parcourir les 16.735 km de distance entre la Chine et la France. Suivez leur trajet P\u00e9kin-Paris en C5 Air Cross.", "start_date": "2026-04-25T20:28:00+00:00", "title": "P\u00e9kin-Paris"}, {"desc": "En parall\u00e8le du lancement officiel sur le march\u00e9 de son SUV B10, le constructeur chinois Leapmotor, sous pavillon Stellantis, profite \u00e9galement du salon de l'IAA de Munich pour r\u00e9v\u00e9ler un futur SUV coup\u00e9 compact, qui promet un tarif tr\u00e8s all\u00e9chant.", "start_date": "2026-04-25T20:34:00+00:00", "title": "A bord de"}, {"desc": null, "start_date": "2026-04-25T20:37:00+00:00", "title": "Salon"}, {"desc": null, "start_date": "2026-04-25T20:38:00+00:00", "title": "Salon"}, {"desc": null, "start_date": "2026-04-25T20:40:00+00:00", "title": "Geneva Motor Show"}, {"desc": "La Brabus 800, la Zenvo TSRS, la Hispano Suiza, la Manhart de BMW et la RS6 d'Audi, d\u00e9couvrez ces voitures insolites au salon de Munich 2021 !", "start_date": "2026-04-25T20:42:00+00:00", "title": "Salon de Munich"}, {"desc": "D\u00e9couvrez tout de suite la Mercedes AMG 63 E Performance au salon de Munich 2021.", "start_date": "2026-04-25T20:45:00+00:00", "title": "Salon de Munich"}, {"desc": "D\u00e9couvrez tout de suite la Mercedes EQS AMG au salon de Munich 2021.", "start_date": "2026-04-25T20:47:00+00:00", "title": "Salon de Munich"}, {"desc": null, "start_date": "2026-04-25T20:50:00+00:00", "title": "Geneva Motor Show"}, {"desc": null, "start_date": "2026-04-25T20:53:00+00:00", "title": "Geneva Motor Show"}, {"desc": "D\u00e9couvrez tout de suite la Mercedes ZQS AMG au salon de Munich 2021.", "start_date": "2026-04-25T20:55:00+00:00", "title": "Salon de Munich"}, {"desc": null, "start_date": "2026-04-25T20:57:00+00:00", "title": "Geneva Motor Show"}, {"desc": null, "start_date": "2026-04-25T20:59:00+00:00", "title": "Geneva Motor Show"}, {"desc": null, "start_date": "2026-04-25T21:01:00+00:00", "title": "Geneva Motor Show"}, {"desc": "D\u00e9couvrez tout de suite la Mercedes EQS Maybach au salon de Munich 2021.", "start_date": "2026-04-25T21:03:00+00:00", "title": "Salon de Munich"}, {"desc": null, "start_date": "2026-04-25T21:05:00+00:00", "title": "Geneva Motor Show"}, {"desc": null, "start_date": "2026-04-25T21:07:00+00:00", "title": "Geneva Motor Show"}, {"desc": "D\u00e9couvrez tout de suite la Volkswagen ID Life au salon de Munich 2021.", "start_date": "2026-04-25T21:09:00+00:00", "title": "Salon de Munich"}, {"desc": "D\u00e9couvrez tout de suite la Mercedes Classe C all terrain au salon de Munich 2021.", "start_date": "2026-04-25T21:11:00+00:00", "title": "Salon de Munich"}, {"desc": "Comparatif entre deux voitures similaires de marque diff\u00e9rente. Aujourd'hui vous allez d\u00e9couvrir la Megane e-Tech et la Volkswagen ID.3.", "start_date": "2026-04-25T21:13:00+00:00", "title": "Le Match"}, {"desc": "Sorti en 2019, le plus petit des SUV du constructeur allemand se met \u00e0 jour gr\u00e2ce \u00e0 un restyage de mi-carri\u00e8re. \u00c0 tel point que le T-Cross arrive aujourd'hui avec une nouvelle motorisation essence de 150 ch, jusqu'ici r\u00e9serv\u00e9e \u00e0 l'Allemagne. Alors faut-il craquer pour cette nouvelle it\u00e9ration ? L'ancien T-Cross est-il toujours \u00e0 consid\u00e9rer ?", "start_date": "2026-04-25T21:25:00+00:00", "title": "Essai"}, {"desc": "Pour cette nouvelle g\u00e9n\u00e9ration, l'Opel Astra reprend la base de la Peugeot 308. Et \u00e7a vaut aussi pour la version break Sports Tourer, \u00e0 l'essai aujourd'hui !", "start_date": "2026-04-25T21:39:00+00:00", "title": "Essai"}, {"desc": "Le BMW X3, c'est tout simplement le mod\u00e8le phare du constructeur bavarois ces derni\u00e8res ann\u00e9es. Plus 3,5 millions d'unit\u00e9s ont \u00e9t\u00e9 produites depuis sa premi\u00e8re apparition. En juillet dernier, nous avons pu d\u00e9couvrir ensemble le mod\u00e8le. Huit mois plus tard, nous allons voir aujourd'hui ce qu'il a dans le ventre, dans sa version hybride rechargeable (PHEV).", "start_date": "2026-04-25T21:46:00+00:00", "title": "Essai"}, {"desc": "Apr\u00e8s 25 ans d'hybride, Toyota se lance enfin dans le 100 % \u00e9lectrique avec le bZ4X ! Suffisant pour imm\u00e9diatement faire son trou dans un march\u00e9 de plus en plus encombr\u00e9 ?", "start_date": "2026-04-25T21:55:00+00:00", "title": "Essai"}, {"desc": "Honda CR-V hybride 2.0 i-MMD 2Wd Executive (vs) Toyota RAV4 hybride 218 e-CVT 2WD Collection.", "start_date": "2026-04-25T22:04:00+00:00", "title": "Le Match"}, {"desc": "Apr\u00e8s sept ann\u00e9es au catalogue, la seconde g\u00e9n\u00e9ration du SUV bavarois laisse place \u00e0 un tout nouveau X1, au style plus affirm\u00e9 que jamais !", "start_date": "2026-04-25T22:09:00+00:00", "title": "Essai"}, {"desc": "Le BMW X3, c'est tout simplement le mod\u00e8le phare du constructeur bavarois ces derni\u00e8res ann\u00e9es. Plus 3,5 millions d'unit\u00e9s ont \u00e9t\u00e9 produites depuis sa premi\u00e8re apparition. En juillet dernier, nous avons pu d\u00e9couvrir ensemble le mod\u00e8le. Huit mois plus tard, nous allons voir aujourd'hui ce qu'il a dans le ventre, dans sa version hybride rechargeable (PHEV).", "start_date": "2026-04-25T22:20:00+00:00", "title": "Essai"}, {"desc": "Voiture la plus vendue au monde avec plus de 50 millions d'exemplaires, la Toyota Corolla ne se repose pas sur ses lauriers. En 2023, la berline nippone se renouvelle gr\u00e2ce \u00e0 la 5\u00e8me g\u00e9n\u00e9ration de moteurs hybrides auto-rechargeables.", "start_date": "2026-04-25T22:28:00+00:00", "title": "Essai"}, {"desc": "Essai du Rolls-Royce Cullinan Black Badge 5 portes.", "start_date": "2026-04-25T22:35:00+00:00", "title": "Essai"}, {"desc": "Le BMW X3, c'est tout simplement le mod\u00e8le phare du constructeur bavarois ces derni\u00e8res ann\u00e9es. Plus 3,5 millions d'unit\u00e9s ont \u00e9t\u00e9 produites depuis sa premi\u00e8re apparition. En juillet dernier, nous avons pu d\u00e9couvrir ensemble le mod\u00e8le. Huit mois plus tard, nous allons voir aujourd'hui ce qu'il a dans le ventre, dans sa version hybride rechargeable (PHEV).", "start_date": "2026-04-25T22:44:00+00:00", "title": "Essai"}, {"desc": "Essai de la Skoda Fabia 1.0 TSI 110 chevaux BVM6 5 portes.", "start_date": "2026-04-25T22:56:00+00:00", "title": "Essai"}, {"desc": "La Toyota Prius fait peau neuve ! Avec cette nouvelle g\u00e9n\u00e9ration, la 5\u00e8me depuis sa premi\u00e8re commercialisation en 1997, le constructeur japonais change radicalement le design et la motorisation de son mod\u00e8le. Mais avons-nous droit \u00e0 de r\u00e9els progr\u00e8s ? C'est ce que nous allons voir.", "start_date": "2026-04-25T23:03:00+00:00", "title": "Essai"}, {"desc": null, "start_date": "2026-04-25T23:14:00+00:00", "title": "Essai"}, {"desc": "Toyota C-HR 2.0 Hybrid 184 Collection 5 portes.", "start_date": "2026-04-25T23:19:00+00:00", "title": "Essai"}, {"desc": "Essai de la DS 4 Cross PureTech 225 Cross Rivoli 5 portes.", "start_date": "2026-04-25T23:24:00+00:00", "title": "Essai"}, {"desc": "Le BMW X3, c'est tout simplement le mod\u00e8le phare du constructeur bavarois ces derni\u00e8res ann\u00e9es. Plus 3,5 millions d'unit\u00e9s ont \u00e9t\u00e9 produites depuis sa premi\u00e8re apparition. En juillet dernier, nous avons pu d\u00e9couvrir ensemble le mod\u00e8le. Huit mois plus tard, nous allons voir aujourd'hui ce qu'il a dans le ventre, dans sa version hybride rechargeable (PHEV).", "start_date": "2026-04-25T23:33:00+00:00", "title": "Essai"}, {"desc": "Henrik Fisker a l'ambition de devenir une r\u00e9f\u00e9rence de la voiture \u00e9lectrique. Son premier mod\u00e8le, l'Ocean porte tous ces espoirs.", "start_date": "2026-04-25T23:44:00+00:00", "title": "Essai"}, {"desc": "Auto Plus \u00e9tait pr\u00e9sent au salon de Gen\u00e8ve 2024 ! Et on n va pas se mentir, beaucoup de constructeur ont fait l'impasse sur cet \u00e9v\u00e8nement. Il y a quand m\u00eame quelques nouveaut\u00e9s \u00e0 d\u00e9couvrir, on vous emm\u00e8ne faire un tour !", "start_date": "2026-04-25T23:56:00+00:00", "title": "Focus"}, {"desc": null, "start_date": "2026-04-26T00:07:00+00:00", "title": "A bord de"}, {"desc": "A voir les pubs qui annoncent des -20% d'\u00e9conomie et des 2 mois offerts, je serais tent\u00e9 de changer d'assureur. Y a-t-il des pi\u00e8ges \u00e0 \u00e9viter ?", "start_date": "2026-04-26T00:10:00+00:00", "title": "La minute conso"}, {"desc": "St\u00e9phane Martin, journaliste-essayeur de la r\u00e9daction d'Auto Plus, et Yann Lefebvre, photographe, ont mis 43 jours pour parcourir les 16.735 km de distance entre la Chine et la France. Suivez leur trajet P\u00e9kin-Paris en C5 Air Cross.", "start_date": "2026-04-26T00:12:00+00:00", "title": "P\u00e9kin-Paris"}, {"desc": "\\\" Une voiture appel\u00e9e Milano ne peut pas \u00eatre produite en Pologne. C'est interdit par la loi italienne \\\" a affirm\u00e9 Adolfo Urso le Ministre du D\u00e9veloppement \u00e9conomique italien... se r\u00e9f\u00e9rant \u00e0 la loi de 2003 adopt\u00e9e par le Parlement italien interdisant de vendre des marchandises avec un nom \u00e0 consonance italienne si elles ne sont pas fabriqu\u00e9es en Italie. C\u00e9dant face \u00e0 la pol\u00e9mique qui enfle depu", "start_date": "2026-04-26T00:16:00+00:00", "title": "A bord de"}, {"desc": "Alors que j'\u00e9tais gar\u00e9e dans une station de sports d'hiver, un bloc de neige est tomb\u00e9 sur ma voiture et a d\u00e9fonc\u00e9 le capot. Qui va payer les d\u00e9g\u00e2ts ?", "start_date": "2026-04-26T00:25:00+00:00", "title": "La minute conso"}, {"desc": "St\u00e9phane Martin, journaliste-essayeur de la r\u00e9daction d'Auto Plus, et Yann Lefebvre, photographe, ont mis 43 jours pour parcourir les 16.735 km de distance entre la Chine et la France. Suivez leur trajet P\u00e9kin-Paris en C5 Air Cross.", "start_date": "2026-04-26T00:26:00+00:00", "title": "P\u00e9kin-Paris"}, {"desc": "En pleine vague SUV, Citro\u00ebn lance le C3 Aircross, concurrent des Captur, 2008 ou Juke. Auto Plus vous en d\u00e9voile les d\u00e9tails en vid\u00e9o.", "start_date": "2026-04-26T00:32:00+00:00", "title": "A bord de"}, {"desc": "La courroie de distribution a l\u00e2ch\u00e9 \u00e0 113000km et endommag\u00e9 le moteur de ma citadine bien entretenue de 9 ans. Le constructeur refuse toute prise en charge car la r\u00e9paration a \u00e9t\u00e9 faite hors r\u00e9seau. Ai-je un recours ?", "start_date": "2026-04-26T00:38:00+00:00", "title": "La minute conso"}, {"desc": "St\u00e9phane Martin, journaliste-essayeur de la r\u00e9daction d'Auto Plus, et Yann Lefebvre, photographe, ont mis 43 jours pour parcourir les 16.735 km de distance entre la Chine et la France. Suivez leur trajet P\u00e9kin-Paris en C5 Air Cross.", "start_date": "2026-04-26T00:40:00+00:00", "title": "P\u00e9kin-Paris"}, {"desc": null, "start_date": "2026-04-26T00:45:00+00:00", "title": "A bord de"}, {"desc": "Vol de v\u00e9hicule.", "start_date": "2026-04-26T00:49:00+00:00", "title": "La minute conso"}, {"desc": "St\u00e9phane Martin, journaliste-essayeur de la r\u00e9daction d'Auto Plus, et Yann Lefebvre, photographe, ont mis 43 jours pour parcourir les 16.735 km de distance entre la Chine et la France. Suivez leur trajet P\u00e9kin-Paris en C5 Air Cross.", "start_date": "2026-04-26T00:51:00+00:00", "title": "P\u00e9kin-Paris"}, {"desc": "La marque de v\u00e9hicules premium 100 % \u00e9lectrique du groupe Geely est assez m\u00e9connue en France. Pour autant, elle propose une gamme fournie de mod\u00e8les \u00e9lectriques. Il faut dire que la marque a fait officiellement son entr\u00e9e sur le march\u00e9 fran\u00e7ais cette ann\u00e9e, en 2025. Aujourd'hui, la marque nous pr\u00e9sente, \u00e0 l'occasion du salon de Munich, la Polestar 5, une GT grand luxe qui, vous allez le voir, offr", "start_date": "2026-04-26T00:56:00+00:00", "title": "A bord de"}, {"desc": "A-t-on le droit d'emporter un animal sauvage qu'on a percut\u00e9 accidentellement avec sa voiture ?", "start_date": "2026-04-26T01:01:00+00:00", "title": "La minute conso"}, {"desc": "St\u00e9phane Martin, journaliste-essayeur de la r\u00e9daction d'Auto Plus, et Yann Lefebvre, photographe, ont mis 43 jours pour parcourir les 16.735 km de distance entre la Chine et la France. Suivez leur trajet P\u00e9kin-Paris en C5 Air Cross.", "start_date": "2026-04-26T01:04:00+00:00", "title": "P\u00e9kin-Paris"}, {"desc": "Notre journaliste Cl\u00e9ment Raoult-R\u00e9a pr\u00e9sente le Citro\u00ebn C4X.", "start_date": "2026-04-26T01:08:00+00:00", "title": "A bord de"}, {"desc": "Un motard en inter-files a cass\u00e9 mon r\u00e9tro et a fil\u00e9. J'ai pu relever sa plaque. Mon assureur va-t-il s'occuper du reste ?", "start_date": "2026-04-26T01:12:00+00:00", "title": "La minute conso"}, {"desc": "St\u00e9phane Martin, journaliste-essayeur de la r\u00e9daction d'Auto Plus, et Yann Lefebvre, photographe, ont mis 43 jours pour parcourir les 16.735 km de distance entre la Chine et la France. Suivez leur trajet P\u00e9kin-Paris en C5 Air Cross.", "start_date": "2026-04-26T01:15:00+00:00", "title": "P\u00e9kin-Paris"}, {"desc": "Citro\u00ebn C5 Aircross Concept: un avant go\u00fbt du prochain C5 Aircross!", "start_date": "2026-04-26T01:17:00+00:00", "title": "A bord de"}, {"desc": "J'ai achet\u00e9 une trottinette \u00e9lectrique et un coll\u00e8gue m'a conseill\u00e9 de m'assurer. Qu'en pensez-vous ?", "start_date": "2026-04-26T01:19:00+00:00", "title": "La minute conso"}, {"desc": "St\u00e9phane Martin, journaliste-essayeur de la r\u00e9daction d'Auto Plus, et Yann Lefebvre, photographe, ont mis 43 jours pour parcourir les 16.735 km de distance entre la Chine et la France. Suivez leur trajet P\u00e9kin-Paris en C5 Air Cross.", "start_date": "2026-04-26T01:22:00+00:00", "title": "P\u00e9kin-Paris"}, {"desc": null, "start_date": "2026-04-26T01:27:00+00:00", "title": "A bord de"}, {"desc": "V\u00e9hicule de plus de 30 ans, v\u00e9hicule de collection ?", "start_date": "2026-04-26T01:32:00+00:00", "title": "La minute conso"}, {"desc": "St\u00e9phane Martin, journaliste-essayeur de la r\u00e9daction d'Auto Plus, et Yann Lefebvre, photographe, ont mis 43 jours pour parcourir les 16.735 km de distance entre la Chine et la France. Suivez leur trajet P\u00e9kin-Paris en C5 Air Cross.", "start_date": "2026-04-26T01:34:00+00:00", "title": "P\u00e9kin-Paris"}, {"desc": null, "start_date": "2026-04-26T01:39:00+00:00", "title": "A bord de"}, {"desc": "Je souhaitais louer une voiture, mais l'agence de location n'a pas accept\u00e9 ma carte de paiement o\u00f9 est mentionn\u00e9 d\u00e9bit. Bizarre, non ?", "start_date": "2026-04-26T01:42:00+00:00", "title": "La minute conso"}, {"desc": "St\u00e9phane Martin, journaliste-essayeur de la r\u00e9daction d'Auto Plus, et Yann Lefebvre, photographe, ont mis 43 jours pour parcourir les 16.735 km de distance entre la Chine et la France. Suivez leur trajet P\u00e9kin-Paris en C5 Air Cross.", "start_date": "2026-04-26T01:45:00+00:00", "title": "P\u00e9kin-Paris"}, {"desc": "Notre journaliste Agn\u00e8s Lasbarr\u00e8res pr\u00e9sente la Hyundai Ioniq 6.", "start_date": "2026-04-26T01:50:00+00:00", "title": "A bord de"}, {"desc": "L'amortisseur arri\u00e8re droit de mon v\u00e9hicule de 2015 et 30 000 km doit \u00eatre remplac\u00e9. Est-ce normal et puis-je esp\u00e9rer une prise en charge constructeur ?", "start_date": "2026-04-26T01:56:00+00:00", "title": "La minute conso"}, {"desc": null, "start_date": "2026-04-26T01:59:00+00:00", "title": "Salon"}, {"desc": "D\u00e9couvrez tout de suite la Cupra Urban Rebel au salon de Munich 2021.", "start_date": "2026-04-26T02:00:00+00:00", "title": "Salon de Munich"}, {"desc": "D\u00e9couvrez tout de suite la Mini Strip au salon de Munich 2021.", "start_date": "2026-04-26T02:02:00+00:00", "title": "Salon de Munich"}, {"desc": null, "start_date": "2026-04-26T02:04:00+00:00", "title": "Geneva Motor Show"}, {"desc": null, "start_date": "2026-04-26T02:06:00+00:00", "title": "Geneva Motor Show"}, {"desc": "D\u00e9couvrez tout de suite la nouvelle BMW E vision circular au salon de Munich 2021.", "start_date": "2026-04-26T02:09:00+00:00", "title": "Salon de Munich"}, {"desc": "D\u00e9couvrez tout de suite la Mercedes ZQS AMG au salon de Munich 2021.", "start_date": "2026-04-26T02:11:00+00:00", "title": "Salon de Munich"}, {"desc": null, "start_date": "2026-04-26T02:13:00+00:00", "title": "Geneva Motor Show"}, {"desc": "D\u00e9couvrez tout de suite la BMW S\u00e9rie 4 Gran Coup\u00e9 au salon de Munich 2021.", "start_date": "2026-04-26T02:15:00+00:00", "title": "Salon de Munich"}, {"desc": null, "start_date": "2026-04-26T02:23:00+00:00", "title": "Geneva Motor Show"}, {"desc": null, "start_date": "2026-04-26T02:25:00+00:00", "title": "Salon"}, {"desc": null, "start_date": "2026-04-26T02:28:00+00:00", "title": "Geneva Motor Show"}, {"desc": null, "start_date": "2026-04-26T02:30:00+00:00", "title": "Salon"}, {"desc": "D\u00e9couvrez tout de suite la Mercedes EQS Maybach au salon de Munich 2021.", "start_date": "2026-04-26T02:32:00+00:00", "title": "Salon de Munich"}, {"desc": "D\u00e9couvrez tout de suite la Volkswagen ID Life au salon de Munich 2021.", "start_date": "2026-04-26T02:34:00+00:00", "title": "Salon de Munich"}, {"desc": null, "start_date": "2026-04-26T02:36:00+00:00", "title": "Geneva Motor Show"}, {"desc": "D\u00e9couvrez tout de suite la Smart Concept au salon de Munich 2021.", "start_date": "2026-04-26T02:39:00+00:00", "title": "Salon de Munich"}, {"desc": "D\u00e9couvrez tout de suite la Mercedes AMG ONE au salon de Munich 2021.", "start_date": "2026-04-26T02:41:00+00:00", "title": "Salon de Munich"}, {"desc": "D\u00e9couvrez tout de suite la Mercedes EQS AMG au salon de Munich 2021.", "start_date": "2026-04-26T02:43:00+00:00", "title": "Salon de Munich"}, {"desc": null, "start_date": "2026-04-26T02:45:00+00:00", "title": "Geneva Motor Show"}, {"desc": "La Brabus 800, la Zenvo TSRS, la Hispano Suiza, la Manhart de BMW et la RS6 d'Audi, d\u00e9couvrez ces voitures insolites au salon de Munich 2021 !", "start_date": "2026-04-26T02:47:00+00:00", "title": "Salon de Munich"}, {"desc": null, "start_date": "2026-04-26T02:50:00+00:00", "title": "Geneva Motor Show"}, {"desc": null, "start_date": "2026-04-26T02:52:00+00:00", "title": "Salon"}, {"desc": null, "start_date": "2026-04-26T02:54:00+00:00", "title": "Geneva Motor Show"}, {"desc": null, "start_date": "2026-04-26T02:56:00+00:00", "title": "Salon"}, {"desc": "D\u00e9couvrez tout de suite la Mercedes EQG concept au salon de Munich 2021.", "start_date": "2026-04-26T02:57:00+00:00", "title": "Salon de Munich"}, {"desc": null, "start_date": "2026-04-26T02:59:00+00:00", "title": "Geneva Motor Show"}, {"desc": "D\u00e9couvrez tout de suite la Mercedes EQB au salon de Munich 2021.", "start_date": "2026-04-26T03:02:00+00:00", "title": "Salon de Munich"}, {"desc": "D\u00e9couvrez tout de suite la Volkswagen ID.5 GTX au salon de Munich 2021.", "start_date": "2026-04-26T03:04:00+00:00", "title": "Salon de Munich"}, {"desc": null, "start_date": "2026-04-26T03:06:00+00:00", "title": "Geneva Motor Show"}, {"desc": "D\u00e9couvrez tout de suite la Mercedes AMG 63 E Performance au salon de Munich 2021.", "start_date": "2026-04-26T03:07:00+00:00", "title": "Salon de Munich"}, {"desc": null, "start_date": "2026-04-26T03:10:00+00:00", "title": "Salon"}, {"desc": null, "start_date": "2026-04-26T03:12:00+00:00", "title": "Salon"}, {"desc": null, "start_date": "2026-04-26T03:14:00+00:00", "title": "Geneva Motor Show"}, {"desc": "D\u00e9couvrez tout de suite la Dacia Jogger au salon de Munich 2021.", "start_date": "2026-04-26T03:16:00+00:00", "title": "Salon de Munich"}, {"desc": "D\u00e9couvrez tout de suite la Mercedes EQE au salon de Munich 2021.", "start_date": "2026-04-26T03:28:00+00:00", "title": "Salon de Munich"}, {"desc": "D\u00e9couvrez tout de suite la Mercedes Classe C all terrain au salon de Munich 2021.", "start_date": "2026-04-26T03:30:00+00:00", "title": "Salon de Munich"}, {"desc": null, "start_date": "2026-04-26T03:32:00+00:00", "title": "Geneva Motor Show"}, {"desc": "D\u00e9couvrez tout de suite la Porsche Mission R au salon de Munich 2021.", "start_date": "2026-04-26T03:34:00+00:00", "title": "Salon de Munich"}, {"desc": null, "start_date": "2026-04-26T03:35:00+00:00", "title": "Geneva Motor Show"}, {"desc": null, "start_date": "2026-04-26T03:39:00+00:00", "title": "Geneva Motor Show"}, {"desc": "D\u00e9couvrez tout de suite l'Audi Grand Sphere au salon de Munich 2021.", "start_date": "2026-04-26T03:41:00+00:00", "title": "Salon de Munich"}, {"desc": "D\u00e9couvrez tout de suite la Renault Megane e-tech au salon de Munich 2021.", "start_date": "2026-04-26T03:43:00+00:00", "title": "Salon de Munich"}, {"desc": "D\u00e9couvrez tout de suite la Mercedes AMG 63 E Performance au salon de Munich 2021.", "start_date": "2026-04-26T03:57:00+00:00", "title": "Salon de Munich"}, {"desc": "Comparatif entre deux voitures similaires de marque diff\u00e9rente. Aujourd'hui vous allez d\u00e9couvrir la Renault Austral et la Peugeot 3008.", "start_date": "2026-04-26T03:59:00+00:00", "title": "Le Match"}, {"desc": "Essai de la BMW Serie 5, 520d BVA Edition TechnoDesign, 4 portes (Juillet 2015).", "start_date": "2026-04-26T04:08:00+00:00", "title": "Essai"}, {"desc": null, "start_date": "2026-04-26T04:10:00+00:00", "title": "Essai"}, {"desc": "Apr\u00e8s vous l'avoir pr\u00e9sent\u00e9e en studio il y a quelques mois, place aujourd'hui \u00e0 l'essai. Nous prenons le volant du best-seller tch\u00e8que, dans sa configuration Combi (break). Sa carrosserie la plus pl\u00e9biscit\u00e9e dans l'Hexagone.", "start_date": "2026-04-26T04:18:00+00:00", "title": "Essai"}, {"desc": "Volvo XC60 B5 AWD 235 Inscription Luxe 5 portes.", "start_date": "2026-04-26T04:35:00+00:00", "title": "Essai"}, {"desc": "Oubliez ici tout ce que vous connaissez en mati\u00e8re de Jeep simplet ou \u00e9l\u00e9mentaire. Ce gigantesque v\u00e9hicule r\u00e9unit \u00e0 lui seul toutes les qualit\u00e9s, tous les accessoires et toutes les capacit\u00e9s de la famille Jeep, dans un format qui ferait rougir les plus imposants des SUV de France.", "start_date": "2026-04-26T04:41:00+00:00", "title": "Essai"}, {"desc": "Essai de la Nissan Qasqhai mild hybrid 158 ch xtronic 5 portes.", "start_date": "2026-04-26T04:51:00+00:00", "title": "Essai"}, {"desc": "Honda CR-V hybride 2.0 i-MMD 2Wd Executive (vs) Toyota RAV4 hybride 218 e-CVT 2WD Collection.", "start_date": "2026-04-26T04:57:00+00:00", "title": "Le Match"}, {"desc": "La nouvelle Opel Astra reprend directement les dessous de la Peugeot 308. Saura t-elle prendre le virage de Stellantis en gardant ses atouts bien \u00e0 elle ?", "start_date": "2026-04-26T05:01:00+00:00", "title": "Essai"}, {"desc": "Esssai de la Toyota Yaris Cross 2024.", "start_date": "2026-04-26T05:08:00+00:00", "title": "Essai"}, {"desc": "Le BMW X3, c'est tout simplement le mod\u00e8le phare du constructeur bavarois ces derni\u00e8res ann\u00e9es. Plus 3,5 millions d'unit\u00e9s ont \u00e9t\u00e9 produites depuis sa premi\u00e8re apparition. En juillet dernier, nous avons pu d\u00e9couvrir ensemble le mod\u00e8le. Huit mois plus tard, nous allons voir aujourd'hui ce qu'il a dans le ventre, dans sa version hybride rechargeable (PHEV).", "start_date": "2026-04-26T05:17:00+00:00", "title": "Essai"}, {"desc": "En 2022, la Renault 5 f\u00eate ses 50 ans ! L'occasion de prendre le volant de la star des ann\u00e9es 1970 et de (re)d\u00e9couvrir la citadine !", "start_date": "2026-04-26T05:29:00+00:00", "title": "Essai"}, {"desc": "Le BMW X3, c'est tout simplement le mod\u00e8le phare du constructeur bavarois ces derni\u00e8res ann\u00e9es. Plus 3,5 millions d'unit\u00e9s ont \u00e9t\u00e9 produites depuis sa premi\u00e8re apparition. En juillet dernier, nous avons pu d\u00e9couvrir ensemble le mod\u00e8le. Huit mois plus tard, nous allons voir aujourd'hui ce qu'il a dans le ventre, dans sa version hybride rechargeable (PHEV).", "start_date": "2026-04-26T05:38:00+00:00", "title": "Essai"}, {"desc": "Chaque semaine un membre des forces de l'ordre r\u00e9pond \u00e0 vos questions de s\u00e9curit\u00e9 routi\u00e8re.", "start_date": "2026-04-26T05:49:00+00:00", "title": "Contr\u00f4le & vous"}, {"desc": "Cette semaine, J\u00e9r\u00f4me Loubert r\u00e9pond aux questions de Thierry, un chef d'entreprise qui s'interroge sur l'installation d'un bo\u00eetier \u00e9thanol sur son v\u00e9hicule.", "start_date": "2026-04-26T05:51:00+00:00", "title": "Roulons autrement"}, {"desc": "Dans cet \u00e9pisode d\u00e9couvrez l'histoire de la Hotrod Porsche 911 V8 Big Block pr\u00e9sent\u00e9e par Ang\u00e9lique Rayssigier et essay\u00e9e par son propri\u00e9taire.", "start_date": "2026-04-26T05:58:00+00:00", "title": "Auto-Ikonen"}, {"desc": "Auto Plus \u00e9tait pr\u00e9sent sur le circuit Alain Prost pour les inter-Entreprises 2024, le championnat amateur de karting pour les entreprises, retour sur la comp\u00e9tition en image.", "start_date": "2026-04-26T06:24:00+00:00", "title": "Focus"}, {"desc": "Volkswagen d\u00e9voile son mod\u00e8le de la Golf GTI, montez \u00e0 bord avec notre journaliste St\u00e9phane Martin.", "start_date": "2026-04-26T06:30:00+00:00", "title": "A bord de"}, {"desc": "Je souhaitais louer une voiture, mais l'agence de location n'a pas accept\u00e9 ma carte de paiement o\u00f9 est mentionn\u00e9 d\u00e9bit. Bizarre, non ?", "start_date": "2026-04-26T06:33:00+00:00", "title": "La minute conso"}, {"desc": "St\u00e9phane Martin, journaliste-essayeur de la r\u00e9daction d'Auto Plus, et Yann Lefebvre, photographe, ont mis 43 jours pour parcourir les 16.735 km de distance entre la Chine et la France. Suivez leur trajet P\u00e9kin-Paris en C5 Air Cross.", "start_date": "2026-04-26T06:35:00+00:00", "title": "P\u00e9kin-Paris"}, {"desc": "L'Audi Q7 de deuxi\u00e8me g\u00e9n\u00e9ration a re\u00e7u il y a quelques jours un restylage de mi-carri\u00e8re. Quelques jours seulement apr\u00e8s sa pr\u00e9sentation, d\u00e9couvrez d\u00e9j\u00e0 l'Audi Q7 dans les moindres d\u00e9tails.", "start_date": "2026-04-26T06:38:00+00:00", "title": "A bord de"}, {"desc": "Alors que j'\u00e9tais gar\u00e9e dans une station de sports d'hiver, un bloc de neige est tomb\u00e9 sur ma voiture et a d\u00e9fonc\u00e9 le capot. Qui va payer les d\u00e9g\u00e2ts ?", "start_date": "2026-04-26T06:41:00+00:00", "title": "La minute conso"}, {"desc": "St\u00e9phane Martin, journaliste-essayeur de la r\u00e9daction d'Auto Plus, et Yann Lefebvre, photographe, ont mis 43 jours pour parcourir les 16.735 km de distance entre la Chine et la France. Suivez leur trajet P\u00e9kin-Paris en C5 Air Cross.", "start_date": "2026-04-26T06:43:00+00:00", "title": "P\u00e9kin-Paris"}, {"desc": "Renault d\u00e9voile au salon de Bruxelles l'int\u00e9rieur de sa future Twingo \u00e9lectrique disponible en 2026. Et, bonne nouvelle, elle sera propos\u00e9e sous les 20 000 \u20ac !", "start_date": "2026-04-26T06:46:00+00:00", "title": "A bord de"}, {"desc": "A voir les pubs qui annoncent des -20% d'\u00e9conomie et des 2 mois offerts, je serais tent\u00e9 de changer d'assureur. Y a-t-il des pi\u00e8ges \u00e0 \u00e9viter ?", "start_date": "2026-04-26T06:51:00+00:00", "title": "La minute conso"}, {"desc": "St\u00e9phane Martin, journaliste-essayeur de la r\u00e9daction d'Auto Plus, et Yann Lefebvre, photographe, ont mis 43 jours pour parcourir les 16.735 km de distance entre la Chine et la France. Suivez leur trajet P\u00e9kin-Paris en C5 Air Cross.", "start_date": "2026-04-26T06:53:00+00:00", "title": "P\u00e9kin-Paris"}, {"desc": "A chaque lancement d'une nouvelle g\u00e9n\u00e9ration de voiture vient l'heure de sa confrontation avec son a\u00een\u00e9e ! Quoi de neuf sur la Renault Clio 5 ? Pour le savoir, nous l'avons compar\u00e9e \u00e0 sa devanci\u00e8re.", "start_date": "2026-04-26T06:58:00+00:00", "title": "A bord de"}, {"desc": "En commandant une vignette Crit'air, j'ai fait une erreur sur ma plaque d'immatriculation. Puis-je faire une modification ou vais-je devoir en payer une autre ?", "start_date": "2026-04-26T07:03:00+00:00", "title": "La minute conso"}, {"desc": "St\u00e9phane Martin, journaliste-essayeur de la r\u00e9daction d'Auto Plus, et Yann Lefebvre, photographe, ont mis 43 jours pour parcourir les 16.735 km de distance entre la Chine et la France. Suivez leur trajet P\u00e9kin-Paris en C5 Air Cross.", "start_date": "2026-04-26T07:06:00+00:00", "title": "P\u00e9kin-Paris"}, {"desc": "Notre journaliste Agn\u00e8s Lasbarr\u00e8res pr\u00e9sente la sixi\u00e8me g\u00e9n\u00e9ration de l'Opel Astra.", "start_date": "2026-04-26T07:10:00+00:00", "title": "A bord de"}, {"desc": "L'amortisseur arri\u00e8re droit de mon v\u00e9hicule de 2015 et 30 000 km doit \u00eatre remplac\u00e9. Est-ce normal et puis-je esp\u00e9rer une prise en charge constructeur ?", "start_date": "2026-04-26T07:16:00+00:00", "title": "La minute conso"}, {"desc": "St\u00e9phane Martin, journaliste-essayeur de la r\u00e9daction d'Auto Plus, et Yann Lefebvre, photographe, ont mis 43 jours pour parcourir les 16.735 km de distance entre la Chine et la France. Suivez leur trajet P\u00e9kin-Paris en C5 Air Cross.", "start_date": "2026-04-26T07:19:00+00:00", "title": "P\u00e9kin-Paris"}, {"desc": "D\u00e9couvrez le tout premier mod\u00e8le electrique de la marque Porshe. La Taycan 100% \u00e9l\u00e9ctrique, regardez !", "start_date": "2026-04-26T07:23:00+00:00", "title": "A bord de"}, {"desc": "Dommages couverts en cas de chute d'arbre sur sa voiture.", "start_date": "2026-04-26T07:33:00+00:00", "title": "La minute conso"}, {"desc": "St\u00e9phane Martin, journaliste-essayeur de la r\u00e9daction d'Auto Plus, et Yann Lefebvre, photographe, ont mis 43 jours pour parcourir les 16.735 km de distance entre la Chine et la France. Suivez leur trajet P\u00e9kin-Paris en C5 Air Cross.", "start_date": "2026-04-26T07:35:00+00:00", "title": "P\u00e9kin-Paris"}, {"desc": "Notre journaliste Agn\u00e8s Lasbarr\u00e8res pr\u00e9sente aujourd'hui le tout premier mod\u00e8le 100% \u00e9lectrique de la marque Dacia.", "start_date": "2026-04-26T07:43:00+00:00", "title": "A bord de"}, {"desc": "Le salon automobile de Los Angeles a ferm\u00e9 ses portes la semaine derni\u00e8re. Notre correspondant qu\u00e9b\u00e9cois Marc Bouchard vous invite \u00e0 voir ou revoir les nouveaut\u00e9s marquantes de cette \u00e9dition 2023.", "start_date": "2026-04-26T07:49:00+00:00", "title": "Focus"}, {"desc": "Amorc\u00e9 avec la pr\u00e9sentation du nouveau Duster, le constructeur roumain Dacia profite du restylage de sa citadine \u00e9lectrique pour lui greffer la nouvelle identit\u00e9 de marque. Au programme, un design tout nouveau et un int\u00e9rieur largement revu. La technique reste inchang\u00e9e, avec un moteur de 65 ch et une autonomie de 220 km WLTP.", "start_date": "2026-04-26T07:57:00+00:00", "title": "A bord de"}, {"desc": null, "start_date": "2026-04-26T08:05:00+00:00", "title": "Moteurs"}, {"desc": "En commandant une vignette Crit'air, j'ai fait une erreur sur ma plaque d'immatriculation. Puis-je faire une modification ou vais-je devoir en payer une autre ?", "start_date": "2026-04-26T08:21:00+00:00", "title": "La minute conso"}, {"desc": "St\u00e9phane Martin, journaliste-essayeur de la r\u00e9daction d'Auto Plus, et Yann Lefebvre, photographe, ont mis 43 jours pour parcourir les 16.735 km de distance entre la Chine et la France. Suivez leur trajet P\u00e9kin-Paris en C5 Air Cross.", "start_date": "2026-04-26T08:24:00+00:00", "title": "P\u00e9kin-Paris"}, {"desc": "Direction la R\u00e9publique Tch\u00e8que o\u00f9 nous avons r\u00e9pondu pr\u00e9sent \u00e0 l'appel de Skoda pour d\u00e9couvrir la nouvelle it\u00e9ration du vaisseau amiral du constructeur : la \u0160koda Superb.", "start_date": "2026-04-26T08:29:00+00:00", "title": "A bord de"}, {"desc": null, "start_date": "2026-04-26T08:36:00+00:00", "title": "Geneva Motor Show"}, {"desc": null, "start_date": "2026-04-26T08:38:00+00:00", "title": "Geneva Motor Show"}, {"desc": "D\u00e9couvrez tout de suite la Mercedes EQS Maybach au salon de Munich 2021.", "start_date": "2026-04-26T08:40:00+00:00", "title": "Salon de Munich"}, {"desc": "La Brabus 800, la Zenvo TSRS, la Hispano Suiza, la Manhart de BMW et la RS6 d'Audi, d\u00e9couvrez ces voitures insolites au salon de Munich 2021 !", "start_date": "2026-04-26T08:42:00+00:00", "title": "Salon de Munich"}, {"desc": null, "start_date": "2026-04-26T08:45:00+00:00", "title": "Salon"}, {"desc": "D\u00e9couvrez tout de suite la Mercedes EQB au salon de Munich 2021.", "start_date": "2026-04-26T08:47:00+00:00", "title": "Salon de Munich"}, {"desc": "D\u00e9couvrez tout de suite la Volkswagen ID Life au salon de Munich 2021.", "start_date": "2026-04-26T08:48:00+00:00", "title": "Salon de Munich"}, {"desc": "D\u00e9couvrez tout de suite la Porsche Mission R au salon de Munich 2021.", "start_date": "2026-04-26T08:51:00+00:00", "title": "Salon de Munich"}, {"desc": "D\u00e9couvrez tout de suite la Mini Strip au salon de Munich 2021.", "start_date": "2026-04-26T08:53:00+00:00", "title": "Salon de Munich"}, {"desc": null, "start_date": "2026-04-26T08:55:00+00:00", "title": "Geneva Motor Show"}, {"desc": "D\u00e9couvrez tout de suite la Mercedes EQG concept au salon de Munich 2021.", "start_date": "2026-04-26T08:57:00+00:00", "title": "Salon de Munich"}, {"desc": null, "start_date": "2026-04-26T08:59:00+00:00", "title": "Geneva Motor Show"}, {"desc": null, "start_date": "2026-04-26T09:01:00+00:00", "title": "Geneva Motor Show"}, {"desc": "D\u00e9couvrez tout de suite la Dacia Jogger au salon de Munich 2021.", "start_date": "2026-04-26T09:03:00+00:00", "title": "Salon de Munich"}, {"desc": "D\u00e9couvrez tout de suite la Smart Concept au salon de Munich 2021.", "start_date": "2026-04-26T09:14:00+00:00", "title": "Salon de Munich"}, {"desc": null, "start_date": "2026-04-26T09:17:00+00:00", "title": "Geneva Motor Show"}, {"desc": "D\u00e9couvrez tout de suite la Mercedes AMG ONE au salon de Munich 2021.", "start_date": "2026-04-26T09:20:00+00:00", "title": "Salon de Munich"}, {"desc": null, "start_date": "2026-04-26T09:22:00+00:00", "title": "Geneva Motor Show"}, {"desc": null, "start_date": "2026-04-26T09:24:00+00:00", "title": "Geneva Motor Show"}, {"desc": null, "start_date": "2026-04-26T09:26:00+00:00", "title": "Salon"}, {"desc": "D\u00e9couvrez tout de suite l'Audi Grand Sphere au salon de Munich 2021.", "start_date": "2026-04-26T09:28:00+00:00", "title": "Salon de Munich"}, {"desc": null, "start_date": "2026-04-26T09:30:00+00:00", "title": "Salon"}, {"desc": null, "start_date": "2026-04-26T09:32:00+00:00", "title": "Geneva Motor Show"}, {"desc": null, "start_date": "2026-04-26T09:34:00+00:00", "title": "Geneva Motor Show"}, {"desc": "D\u00e9couvrez tout de suite la Mercedes EQS AMG au salon de Munich 2021.", "start_date": "2026-04-26T09:36:00+00:00", "title": "Salon de Munich"}, {"desc": null, "start_date": "2026-04-26T09:39:00+00:00", "title": "Geneva Motor Show"}, {"desc": "D\u00e9couvrez tout de suite la Mercedes EQE au salon de Munich 2021.", "start_date": "2026-04-26T09:42:00+00:00", "title": "Salon de Munich"}, {"desc": "D\u00e9couvrez tout de suite la Mercedes Classe C all terrain au salon de Munich 2021.", "start_date": "2026-04-26T09:44:00+00:00", "title": "Salon de Munich"}, {"desc": null, "start_date": "2026-04-26T09:46:00+00:00", "title": "Geneva Motor Show"}, {"desc": "D\u00e9couvrez tout de suite la Mercedes AMG 63 E Performance au salon de Munich 2021.", "start_date": "2026-04-26T09:48:00+00:00", "title": "Salon de Munich"}, {"desc": null, "start_date": "2026-04-26T09:50:00+00:00", "title": "Salon"}, {"desc": null, "start_date": "2026-04-26T09:52:00+00:00", "title": "Salon"}, {"desc": null, "start_date": "2026-04-26T09:54:00+00:00", "title": "Salon"}, {"desc": "Installer des bornes sur son parking, quelle valeur pour le propri\u00e9taire ?", "start_date": "2026-04-26T09:56:00+00:00", "title": "Electromobile"}, {"desc": "Cette semaine, J\u00e9r\u00f4me Loubert vient en aide \u00e0 Jade, \u00e9tudiante, qui voudrait convertir sa voiture au Bio-\u00e9thanol sans casser son budget.", "start_date": "2026-04-26T10:17:00+00:00", "title": "Roulons autrement"}, {"desc": "Peugeot 2008 1.2 PureTech 155 GT (vs) Renault Captur 1.3 TCE 155 Initiale Paris.", "start_date": "2026-04-26T10:24:00+00:00", "title": "Le Match"}, {"desc": null, "start_date": "2026-04-26T10:30:00+00:00", "title": "Essai"}, {"desc": "Une nouvelle motorisation hybride est disponible sur la Fiat Tipo mais les prix montent... L'Italienne est-elle encore si bien plac\u00e9e sur le march\u00e9 ?", "start_date": "2026-04-26T10:45:00+00:00", "title": "Essai"}, {"desc": "Essai de la Ford Mustang Fastback, V8 BVA , 2 portes (Novembre 2015).", "start_date": "2026-04-26T10:51:00+00:00", "title": "Essai"}, {"desc": "Essai de la Citro\u00ebn C5 X PHEV : que vaut le sommet de la gamme des chevrons ?", "start_date": "2026-04-26T10:54:00+00:00", "title": "Essai"}, {"desc": "BMW i3 120 Ah Loft 5 portes.", "start_date": "2026-04-26T11:02:00+00:00", "title": "Essai"}, {"desc": "Honda CR-V hybride 2.0 i-MMD 2Wd Executive (vs) Toyota RAV4 hybride 218 e-CVT 2WD Collection.", "start_date": "2026-04-26T11:07:00+00:00", "title": "Le Match"}, {"desc": "Apr\u00e8s sept ann\u00e9es au catalogue, la seconde g\u00e9n\u00e9ration du SUV bavarois laisse place \u00e0 un tout nouveau X1, au style plus affirm\u00e9 que jamais !", "start_date": "2026-04-26T11:12:00+00:00", "title": "Essai"}, {"desc": "Esssai de la Toyota Yaris Cross 2024.", "start_date": "2026-04-26T11:23:00+00:00", "title": "Essai"}, {"desc": "Apr\u00e8s une premi\u00e8re g\u00e9n\u00e9ration \u00e0 succ\u00e8s lanc\u00e9e en 2017, le constructeur Tch\u00e8que \u0160koda lance la 2\u00e8me mouture du Kodiaq, son gros v\u00e9hicule familial 5 ou 7 places. Que vaut cette derni\u00e8re version thermique qui propose encore des moteurs essence, hybride ou m\u00eame diesel ? R\u00e9ponse dans cet essai sur le \u0160koda Kodiaq 2.0 TDI 193 ch en 4x4 et 7 places dans les hauteurs de Barcelone.", "start_date": "2026-04-26T11:32:00+00:00", "title": "Essai"}, {"desc": "DS nous a donn\u00e9 rendez-vous en Suisse, dans la vall\u00e9e de Joux, pour prendre en main son nouveau porte-\u00e9tendard, j'ai nomm\u00e9 la DS N\u00b08. V\u00e9ritable crossover 100 % \u00e9lectrique entre un SUV et une berline, qu'est-ce que cette DS N\u00b08 peut proposer une fois que nous sommes install\u00e9s derri\u00e8re le volant ? Autonomie, consommation, sensation de conduite, design, voici tout ce que vous devez savoir sur cette D", "start_date": "2026-04-26T11:43:00+00:00", "title": "Essai"}, {"desc": "Avec plus de 50 millions de v\u00e9hicules en circulation, bien se garer est devenu un v\u00e9ritable casse-t\u00eate pour les automobilistes. Et quand une voiture est mal stationn\u00e9e, g\u00eanante ou bien saisie par la police, elle finit g\u00e9n\u00e9ralement \u00e0 la fourri\u00e8re. Chaque ann\u00e9e, ce sont plus de 300 000 voitures, utilitaires ou encore deux roues qui transitent par ces immenses parkings \u00e0 ciel ouvert. Avec une telle a", "start_date": "2026-04-26T11:56:00+00:00", "title": "M\u00e9ga Fourri\u00e8re"}, {"desc": "Dans cet \u00e9pisode d\u00e9couvrez l'histoire de la mythique Turbo 16 pour f\u00eater les 40 ans de la Peugeot 205, pr\u00e9sent\u00e9e par Ang\u00e9lique Rayssigier et Freddy Prieto et essay\u00e9e par son propri\u00e9taire.", "start_date": "2026-04-26T12:53:00+00:00", "title": "Auto-Ikonen"}, {"desc": "Pour ses 30 ans, la Renault Twingo est \u00e0 l'honneur au salon R\u00e9tromobile 2023 ! Venez (re)d\u00e9couvrir la premi\u00e8re version de la citadine iconique fran\u00e7aise.", "start_date": "2026-04-26T13:19:00+00:00", "title": "Focus"}, {"desc": "Le T-Roc est un v\u00e9ritable best-seller chez Volkswagen avec plus de 2 millions d'unit\u00e9s vendues depuis son lancement en 2017. C'est le deuxi\u00e8me SUV le plus vendu dans l'histoire de la marque, derri\u00e8re le Tiguan. Nous \u00e9tions en Allemagne, non loin de la ville de Munich, pour vous pr\u00e9senter la nouvelle g\u00e9n\u00e9ration du mod\u00e8le.", "start_date": "2026-04-26T13:24:00+00:00", "title": "A bord de"}, {"desc": null, "start_date": "2026-04-26T13:35:00+00:00", "title": "Moteurs"}, {"desc": "J'ai achet\u00e9 une trottinette \u00e9lectrique et un coll\u00e8gue m'a conseill\u00e9 de m'assurer. Qu'en pensez-vous ?", "start_date": "2026-04-26T14:13:00+00:00", "title": "La minute conso"}, {"desc": "St\u00e9phane Martin, journaliste-essayeur de la r\u00e9daction d'Auto Plus, et Yann Lefebvre, photographe, ont mis 43 jours pour parcourir les 16.735 km de distance entre la Chine et la France. Suivez leur trajet P\u00e9kin-Paris en C5 Air Cross.", "start_date": "2026-04-26T14:16:00+00:00", "title": "P\u00e9kin-Paris"}, {"desc": "Voici le nouveau v\u00e9hicule qui arrive en 2025: le B10 du constructeur Leapmotor !", "start_date": "2026-04-26T14:19:00+00:00", "title": "A bord de"}, {"desc": null, "start_date": "2026-04-26T14:22:00+00:00", "title": "Moteurs"}, {"desc": "L'amortisseur arri\u00e8re droit de mon v\u00e9hicule de 2015 et 30 000 km doit \u00eatre remplac\u00e9. Est-ce normal et puis-je esp\u00e9rer une prise en charge constructeur ?", "start_date": "2026-04-26T14:34:00+00:00", "title": "La minute conso"}, {"desc": "Le Rally Legend est le rassemblement ultime de l\u00e9gendes du rallye qui se d\u00e9roule \u00e0 Saint-Marin. Pilotes embl\u00e9matiques, voitures mythiques, ambiance unique sont quelques uns des \u00e9l\u00e9ments que l'on peut retrouver sur ce bel \u00e9v\u00e9nement. Auto Plus s'y est rendu pour cette \u00e9dition 2023 afin de partir \u00e0 la rencontre des passionn\u00e9s de la route et du sport automobile.", "start_date": "2026-04-26T14:36:00+00:00", "title": "Focus"}, {"desc": "Volkswagen vient de d\u00e9voiler en premi\u00e8re mondiale l'ID.EVERY1. Un concept qui pr\u00e9figure une future voiture \u00e9lectrique accessible \u00e0 l'horizon 2027. Son prix : 20 000 \u20ac Alors que nous r\u00e9serve la prochaine voiture \u00e9lectrique d'entr\u00e9e de gamme du constructeur allemand ?", "start_date": "2026-04-26T14:52:00+00:00", "title": "A bord de"}, {"desc": "A voir les pubs qui annoncent des -20% d'\u00e9conomie et des 2 mois offerts, je serais tent\u00e9 de changer d'assureur. Y a-t-il des pi\u00e8ges \u00e0 \u00e9viter ?", "start_date": "2026-04-26T14:58:00+00:00", "title": "La minute conso"}, {"desc": "St\u00e9phane Martin, journaliste-essayeur de la r\u00e9daction d'Auto Plus, et Yann Lefebvre, photographe, ont mis 43 jours pour parcourir les 16.735 km de distance entre la Chine et la France. Suivez leur trajet P\u00e9kin-Paris en C5 Air Cross.", "start_date": "2026-04-26T15:01:00+00:00", "title": "P\u00e9kin-Paris"}, {"desc": null, "start_date": "2026-04-26T15:09:00+00:00", "title": "Geneva Motor Show"}, {"desc": "La Brabus 800, la Zenvo TSRS, la Hispano Suiza, la Manhart de BMW et la RS6 d'Audi, d\u00e9couvrez ces voitures insolites au salon de Munich 2021 !", "start_date": "2026-04-26T15:11:00+00:00", "title": "Salon de Munich"}, {"desc": null, "start_date": "2026-04-26T15:14:00+00:00", "title": "Geneva Motor Show"}, {"desc": "D\u00e9couvrez tout de suite la BMW S\u00e9rie 4 Gran Coup\u00e9 au salon de Munich 2021.", "start_date": "2026-04-26T15:17:00+00:00", "title": "Salon de Munich"}, {"desc": "D\u00e9couvrez tout de suite la nouvelle BMW E vision circular au salon de Munich 2021.", "start_date": "2026-04-26T15:25:00+00:00", "title": "Salon de Munich"}, {"desc": "D\u00e9couvrez tout de suite la Mercedes Classe C all terrain au salon de Munich 2021.", "start_date": "2026-04-26T15:27:00+00:00", "title": "Salon de Munich"}, {"desc": "D\u00e9couvrez tout de suite la Volkswagen ID.5 GTX au salon de Munich 2021.", "start_date": "2026-04-26T15:29:00+00:00", "title": "Salon de Munich"}, {"desc": "D\u00e9couvrez tout de suite la Mercedes AMG 63 E Performance au salon de Munich 2021.", "start_date": "2026-04-26T15:31:00+00:00", "title": "Salon de Munich"}, {"desc": "D\u00e9couvrez tout de suite la Cupra Urban Rebel au salon de Munich 2021.", "start_date": "2026-04-26T15:33:00+00:00", "title": "Salon de Munich"}, {"desc": "D\u00e9couvrez tout de suite l'Audi Grand Sphere au salon de Munich 2021.", "start_date": "2026-04-26T15:35:00+00:00", "title": "Salon de Munich"}, {"desc": "D\u00e9couvrez tout de suite la Volkswagen ID Life au salon de Munich 2021.", "start_date": "2026-04-26T15:37:00+00:00", "title": "Salon de Munich"}, {"desc": null, "start_date": "2026-04-26T15:39:00+00:00", "title": "Geneva Motor Show"}, {"desc": null, "start_date": "2026-04-26T15:42:00+00:00", "title": "Geneva Motor Show"}, {"desc": "D\u00e9couvrez tout de suite la Mini Strip au salon de Munich 2021.", "start_date": "2026-04-26T15:44:00+00:00", "title": "Salon de Munich"}, {"desc": "D\u00e9couvrez tout de suite la Renault Megane e-tech au salon de Munich 2021.", "start_date": "2026-04-26T15:46:00+00:00", "title": "Salon de Munich"}, {"desc": null, "start_date": "2026-04-26T16:00:00+00:00", "title": "Salon"}, {"desc": "D\u00e9couvrez tout de suite la Mercedes EQE au salon de Munich 2021.", "start_date": "2026-04-26T16:02:00+00:00", "title": "Salon de Munich"}, {"desc": null, "start_date": "2026-04-26T16:04:00+00:00", "title": "Salon"}, {"desc": "D\u00e9couvrez tout de suite la Mercedes ZQS AMG au salon de Munich 2021.", "start_date": "2026-04-26T16:07:00+00:00", "title": "Salon de Munich"}, {"desc": "Comparatif entre deux voitures similaires de marque diff\u00e9rente. Aujourd'hui vous allez d\u00e9couvrir la Megane e-Tech et la Volkswagen ID.3.", "start_date": "2026-04-26T16:09:00+00:00", "title": "Le Match"}, {"desc": "Le BMW X3, c'est tout simplement le mod\u00e8le phare du constructeur bavarois ces derni\u00e8res ann\u00e9es. Plus 3,5 millions d'unit\u00e9s ont \u00e9t\u00e9 produites depuis sa premi\u00e8re apparition. En juillet dernier, nous avons pu d\u00e9couvrir ensemble le mod\u00e8le. Huit mois plus tard, nous allons voir aujourd'hui ce qu'il a dans le ventre, dans sa version hybride rechargeable (PHEV).", "start_date": "2026-04-26T16:21:00+00:00", "title": "Essai"}, {"desc": "SUV compact premium, le Tonale est cens\u00e9 redresser Alfa Romeo et s'en prendre aux r\u00e9f\u00e9rences allemandes. C'est aussi un premier pas vers l'\u00e9lectrification pour la marque. Un double pari risqu\u00e9 ?", "start_date": "2026-04-26T16:34:00+00:00", "title": "Essai"}, {"desc": "200d 8G-DCT Progressive Line 5 Portes.", "start_date": "2026-04-26T16:42:00+00:00", "title": "Essai"}, {"desc": "Chaque semaine un membre des forces de l'ordre r\u00e9pond \u00e0 vos questions de s\u00e9curit\u00e9 routi\u00e8re.", "start_date": "2026-04-26T16:48:00+00:00", "title": "Contr\u00f4le & vous"}, {"desc": "Comparatif entre deux voitures similaires de marque diff\u00e9rente. Aujourd'hui vous allez d\u00e9couvrir la Megane e-Tech et la Volkswagen ID.3.", "start_date": "2026-04-26T16:49:00+00:00", "title": "Le Match"}, {"desc": "Dans l'univers Volkswagen, le Tiguan est le SUV pr\u00e9f\u00e9r\u00e9 des Fran\u00e7ais. Aujourd'hui, afin de voir concr\u00e8tement les \u00e9volutions et de vous aider \u00e0 faire votre choix, nous vous proposons un comparatif entre l'ancien Tiguan et cette nouvelle it\u00e9ration. Alors est-il vraiment mieux ce nouveau Tiguan ? Ou \u00e0 l'inverse, faut-il encore porter son d\u00e9volu sur le Tiguan II restyl\u00e9 ?", "start_date": "2026-04-26T17:01:00+00:00", "title": "Essai"}, {"desc": "Avec l'EX30, Volvo pr\u00e9sente le plus petit SUV de son histoire. Assembl\u00e9 en Chine sur les lignes de montage du groupe Geely, le mod\u00e8le 100% \u00e9lectrique est le cousin technique de la Smart#1. Ses lignes modernes et la philosophie scandinave dans l'habitacle vont-ils suffire \u00e0 s\u00e9duire ? Verdict \u00e0 la fin de la vid\u00e9o !", "start_date": "2026-04-26T17:19:00+00:00", "title": "Essai"}, {"desc": null, "start_date": "2026-04-26T17:31:00+00:00", "title": "Essai"}, {"desc": "Notre journaliste Cl\u00e9ment Raoul-R\u00e9a pr\u00e9sente la Skoda Karoq, un SUV compact.", "start_date": "2026-04-26T17:41:00+00:00", "title": "A bord de"}, {"desc": "Dommages couverts en cas de chute d'arbre sur sa voiture.", "start_date": "2026-04-26T17:45:00+00:00", "title": "La minute conso"}, {"desc": "St\u00e9phane Martin, journaliste-essayeur de la r\u00e9daction d'Auto Plus, et Yann Lefebvre, photographe, ont mis 43 jours pour parcourir les 16.735 km de distance entre la Chine et la France. Suivez leur trajet P\u00e9kin-Paris en C5 Air Cross.", "start_date": "2026-04-26T17:48:00+00:00", "title": "P\u00e9kin-Paris"}, {"desc": "\u00c7a y est, la future Renault 5 E-Tech pointe enfin le bout de sa calandre. Apr\u00e8s plus de trois ans d'attente, la citadine 100% \u00e9lectrique b\u00e2tie sur la nouvelle plateforme AmpR Small d\u00e9di\u00e9e affiche ses formes d\u00e9finitives, avec des lignes tr\u00e8s proches du concept pr\u00e9sent\u00e9 en 2021. Futur best-seller en vue \u00e0 moins de 25 000 \u20ac ?", "start_date": "2026-04-26T17:51:00+00:00", "title": "A bord de"}, {"desc": "A-t-on le droit d'emporter un animal sauvage qu'on a percut\u00e9 accidentellement avec sa voiture ?", "start_date": "2026-04-26T18:01:00+00:00", "title": "La minute conso"}, {"desc": "St\u00e9phane Martin, journaliste-essayeur de la r\u00e9daction d'Auto Plus, et Yann Lefebvre, photographe, ont mis 43 jours pour parcourir les 16.735 km de distance entre la Chine et la France. Suivez leur trajet P\u00e9kin-Paris en C5 Air Cross.", "start_date": "2026-04-26T18:03:00+00:00", "title": "P\u00e9kin-Paris"}, {"desc": "D\u00e9couvrez l'interieur et de l'exterieur de l'Audi A6 en compagnie de notre journaliste Agn\u00e8s Lasbarr\u00e8res.", "start_date": "2026-04-26T18:09:00+00:00", "title": "A bord de"}, {"desc": "En commandant une vignette Crit'air, j'ai fait une erreur sur ma plaque d'immatriculation. Puis-je faire une modification ou vais-je devoir en payer une autre ?", "start_date": "2026-04-26T18:12:00+00:00", "title": "La minute conso"}, {"desc": "St\u00e9phane Martin, journaliste-essayeur de la r\u00e9daction d'Auto Plus, et Yann Lefebvre, photographe, ont mis 43 jours pour parcourir les 16.735 km de distance entre la Chine et la France. Suivez leur trajet P\u00e9kin-Paris en C5 Air Cross.", "start_date": "2026-04-26T18:15:00+00:00", "title": "P\u00e9kin-Paris"}, {"desc": "Cette semaine, J\u00e9r\u00f4me Loubert vient en aide \u00e0 Jade, \u00e9tudiante, qui voudrait convertir sa voiture au Bio-\u00e9thanol sans casser son budget.", "start_date": "2026-04-26T18:18:00+00:00", "title": "Roulons autrement"}, {"desc": "Dans cet \u00e9pisode d\u00e9couvrez l'histoire de la Porsche 944 Turbo pr\u00e9sent\u00e9e par Tanguy Lauzin et Freddy Prieto.", "start_date": "2026-04-26T18:24:00+00:00", "title": "Auto-Ikonen"}, {"desc": "Chaque semaine un membre des forces de l'ordre r\u00e9pond \u00e0 vos questions de s\u00e9curit\u00e9 routi\u00e8re.", "start_date": "2026-04-26T18:51:00+00:00", "title": "Contr\u00f4le & vous"}, {"desc": "Le public se passionne depuis quelques ann\u00e9es pour les comp\u00e9titions de voitures anciennes, qui se multiplient en France.", "start_date": "2026-04-26T18:52:00+00:00", "title": "Les Gentlemen drivers ne sont pas mort"}, {"desc": "Auto Plus \u00e9tait pr\u00e9sent sur le circuit Alain Prost pour les inter-Entreprises 2024, le championnat amateur de karting pour les entreprises, retour sur la comp\u00e9tition en image.", "start_date": "2026-04-26T19:44:00+00:00", "title": "Focus"}, {"desc": "Notre journaliste Pierre Horny pr\u00e9sente la Skoda Vision 7S.", "start_date": "2026-04-26T19:50:00+00:00", "title": "A bord de"}, {"desc": null, "start_date": "2026-04-26T19:55:00+00:00", "title": "Moteurs"}, {"desc": "En commandant une vignette Crit'air, j'ai fait une erreur sur ma plaque d'immatriculation. Puis-je faire une modification ou vais-je devoir en payer une autre ?", "start_date": "2026-04-26T20:35:00+00:00", "title": "La minute conso"}, {"desc": "St\u00e9phane Martin, journaliste-essayeur de la r\u00e9daction d'Auto Plus, et Yann Lefebvre, photographe, ont mis 43 jours pour parcourir les 16.735 km de distance entre la Chine et la France. Suivez leur trajet P\u00e9kin-Paris en C5 Air Cross.", "start_date": "2026-04-26T20:38:00+00:00", "title": "P\u00e9kin-Paris"}, {"desc": null, "start_date": "2026-04-26T20:42:00+00:00", "title": "Salon"}, {"desc": null, "start_date": "2026-04-26T20:44:00+00:00", "title": "Salon"}, {"desc": null, "start_date": "2026-04-26T20:46:00+00:00", "title": "Geneva Motor Show"}, {"desc": null, "start_date": "2026-04-26T20:49:00+00:00", "title": "Salon"}, {"desc": "D\u00e9couvrez tout de suite la Mercedes ZQS AMG au salon de Munich 2021.", "start_date": "2026-04-26T20:51:00+00:00", "title": "Salon de Munich"}, {"desc": null, "start_date": "2026-04-26T20:52:00+00:00", "title": "Geneva Motor Show"}, {"desc": null, "start_date": "2026-04-26T20:54:00+00:00", "title": "Geneva Motor Show"}, {"desc": "D\u00e9couvrez tout de suite la Volkswagen ID.5 GTX au salon de Munich 2021.", "start_date": "2026-04-26T20:57:00+00:00", "title": "Salon de Munich"}, {"desc": "La Brabus 800, la Zenvo TSRS, la Hispano Suiza, la Manhart de BMW et la RS6 d'Audi, d\u00e9couvrez ces voitures insolites au salon de Munich 2021 !", "start_date": "2026-04-26T20:58:00+00:00", "title": "Salon de Munich"}, {"desc": null, "start_date": "2026-04-26T21:01:00+00:00", "title": "Geneva Motor Show"}, {"desc": "D\u00e9couvrez tout de suite la Cupra Urban Rebel au salon de Munich 2021.", "start_date": "2026-04-26T21:03:00+00:00", "title": "Salon de Munich"}, {"desc": null, "start_date": "2026-04-26T21:05:00+00:00", "title": "Salon"}, {"desc": "D\u00e9couvrez tout de suite la Mercedes EQB au salon de Munich 2021.", "start_date": "2026-04-26T21:07:00+00:00", "title": "Salon de Munich"}, {"desc": null, "start_date": "2026-04-26T21:09:00+00:00", "title": "Geneva Motor Show"}, {"desc": "D\u00e9couvrez tout de suite la Mini Strip au salon de Munich 2021.", "start_date": "2026-04-26T21:12:00+00:00", "title": "Salon de Munich"}, {"desc": null, "start_date": "2026-04-26T21:14:00+00:00", "title": "Geneva Motor Show"}, {"desc": "Comparatif entre deux voitures similaires de marque diff\u00e9rente. Aujourd'hui vous allez d\u00e9couvrir la Megane e-Tech et la Volkswagen ID.3.", "start_date": "2026-04-26T21:16:00+00:00", "title": "Le Match"}, {"desc": "Le BMW X3, c'est tout simplement le mod\u00e8le phare du constructeur bavarois ces derni\u00e8res ann\u00e9es. Plus 3,5 millions d'unit\u00e9s ont \u00e9t\u00e9 produites depuis sa premi\u00e8re apparition. En juillet dernier, nous avons pu d\u00e9couvrir ensemble le mod\u00e8le. Huit mois plus tard, nous allons voir aujourd'hui ce qu'il a dans le ventre, dans sa version hybride rechargeable (PHEV).", "start_date": "2026-04-26T21:28:00+00:00", "title": "Essai"}, {"desc": "Le BMW X3, c'est tout simplement le mod\u00e8le phare du constructeur bavarois ces derni\u00e8res ann\u00e9es. Plus 3,5 millions d'unit\u00e9s ont \u00e9t\u00e9 produites depuis sa premi\u00e8re apparition. En juillet dernier, nous avons pu d\u00e9couvrir ensemble le mod\u00e8le. Huit mois plus tard, nous allons voir aujourd'hui ce qu'il a dans le ventre, dans sa version hybride rechargeable (PHEV).", "start_date": "2026-04-26T21:36:00+00:00", "title": "Essai"}, {"desc": "Volkswagen nous offre enfin l'opportunit\u00e9 de prendre le volant de son ID.7, la grande berline 100% \u00e9lectrique qui revendique 620 km d'autonomie dans sa version Pro. Mais les promesses d'une routi\u00e8re confortable et endurante vont-elles \u00eatres tenues ? R\u00e9ponse dans cet essai !", "start_date": "2026-04-26T21:48:00+00:00", "title": "Essai"}, {"desc": "Apr\u00e8s sept ann\u00e9es au catalogue, la seconde g\u00e9n\u00e9ration du SUV bavarois laisse place \u00e0 un tout nouveau X1, au style plus affirm\u00e9 que jamais !", "start_date": "2026-04-26T21:59:00+00:00", "title": "Essai"}, {"desc": "Renault Zo\u00e9 R135 Intens (vs) Peugeot e-208 50 KWh 136 Allure.", "start_date": "2026-04-26T22:10:00+00:00", "title": "Le Match"}, {"desc": "Essai de la Mercedes AMG GT 63 S Coup\u00e9.", "start_date": "2026-04-26T22:15:00+00:00", "title": "Essai"}, {"desc": "Le BMW X3, c'est tout simplement le mod\u00e8le phare du constructeur bavarois ces derni\u00e8res ann\u00e9es. Plus 3,5 millions d'unit\u00e9s ont \u00e9t\u00e9 produites depuis sa premi\u00e8re apparition. En juillet dernier, nous avons pu d\u00e9couvrir ensemble le mod\u00e8le. Huit mois plus tard, nous allons voir aujourd'hui ce qu'il a dans le ventre, dans sa version hybride rechargeable (PHEV).", "start_date": "2026-04-26T22:21:00+00:00", "title": "Essai"}, {"desc": "Le BMW X3, c'est tout simplement le mod\u00e8le phare du constructeur bavarois ces derni\u00e8res ann\u00e9es. Plus 3,5 millions d'unit\u00e9s ont \u00e9t\u00e9 produites depuis sa premi\u00e8re apparition. En juillet dernier, nous avons pu d\u00e9couvrir ensemble le mod\u00e8le. Huit mois plus tard, nous allons voir aujourd'hui ce qu'il a dans le ventre, dans sa version hybride rechargeable (PHEV).", "start_date": "2026-04-26T22:33:00+00:00", "title": "Essai"}, {"desc": "Essai de la DS7 Crossback E-Tense, Hybride rechargeable.", "start_date": "2026-04-26T22:43:00+00:00", "title": "Essai"}, {"desc": "Essai de la McLaren 720 S, Spider 2 portes.", "start_date": "2026-04-26T22:49:00+00:00", "title": "Essai"}, {"desc": null, "start_date": "2026-04-26T22:56:00+00:00", "title": "Essai"}, {"desc": "Essai de l'Opel Crossland X, Ultimate.", "start_date": "2026-04-26T23:05:00+00:00", "title": "Essai"}, {"desc": "BMW X4 M40i 5 portes.", "start_date": "2026-04-26T23:09:00+00:00", "title": "Essai"}, {"desc": "Arriv\u00e9 aujourd'hui \u00e0 mi-carri\u00e8re, ce quatri\u00e8me et actuel opus de la Skoda Octavia, lanc\u00e9 \u00e0 l'\u00e9t\u00e9 2020, passe par la case restylage. Que nous r\u00e9serve cette mise \u00e0 jour de la familiale tch\u00e8que ?", "start_date": "2026-04-26T23:14:00+00:00", "title": "Essai"}, {"desc": "Le BMW X3, c'est tout simplement le mod\u00e8le phare du constructeur bavarois ces derni\u00e8res ann\u00e9es. Plus 3,5 millions d'unit\u00e9s ont \u00e9t\u00e9 produites depuis sa premi\u00e8re apparition. En juillet dernier, nous avons pu d\u00e9couvrir ensemble le mod\u00e8le. Huit mois plus tard, nous allons voir aujourd'hui ce qu'il a dans le ventre, dans sa version hybride rechargeable (PHEV).", "start_date": "2026-04-26T23:24:00+00:00", "title": "Essai"}, {"desc": "Ford Kuga 2.5 Duratec 225 Powersplit PHEV ST Lines 5 portes.", "start_date": "2026-04-26T23:35:00+00:00", "title": "Essai"}, {"desc": "Toyota C-HR 2.0 Hybrid 184 Collection 5 portes.", "start_date": "2026-04-26T23:40:00+00:00", "title": "Essai"}, {"desc": null, "start_date": "2026-04-26T23:45:00+00:00", "title": "Essai"}, {"desc": "On vous explique comment fonctionne l'\u00e9co-conduite.", "start_date": "2026-04-26T23:59:00+00:00", "title": "Focus"}], "offset": "+00:00", "timezone": "UTC", "error_code": -1, "start_date": "2026-04-25", "icon": ""}