{"end_date": "2026-09-04", "name": "BFM Grands Reportages", "info_url": "https://epg.pw/channels/448609/20260826.html", "country": "France", "description": null, "error_message": "", "provider": "", "source_url": "https://epg.pw/api/epg.json?channel_id=448609&date=20260826&timezone=None", "epg_list": [{"desc": "Michel-Edouard Leclerc poursuit aujourd'hui la mission que son p\u00e8re, Edouard, avait initi\u00e9e en lan\u00e7ant le tout premier magasin \u00e0 prix cass\u00e9s en 1949.", "start_date": "2026-09-04T00:17:00+00:00", "title": "Michel-Edouard Leclerc, \u00e0 tout prix"}, {"desc": "Campagnes de publicit\u00e9s provocatrices, n\u00e9gociations commerciales agressives : gros plan sur les m\u00e9thodes choc de Leclerc pour vendre moins cher.", "start_date": "2026-09-04T00:45:00+00:00", "title": "Michel-Edouard Leclerc, \u00e0 tout prix"}, {"desc": "La crise qui agite une partie du Proche-Orient depuis le 7 octobre 2023 menace d'embraser toute la r\u00e9gion : gros plan sur une situation explosive.", "start_date": "2026-09-04T01:10:00+00:00", "title": "Proche-Orient, l'embrasement"}, {"desc": null, "start_date": "2026-09-04T01:27:00+00:00", "title": "Ligne rouge"}, {"desc": "Ce sont des images rares : une enqu\u00eate tourn\u00e9e au coeur de Gaza pour documenter la famine qui toucherait plus de 500 000 habitants de la bande de Gaza.", "start_date": "2026-09-04T01:55:00+00:00", "title": "Ligne rouge"}, {"desc": "C'est un \u00e9clairage in\u00e9dit sur celui qui demeure introuvable depuis les meurtres de sa femme et de ses quatre enfants \u00e0 Nantes en 2011. Qui \u00e9tait vraiment Xavier Dupont de Ligonn\u00e8s ? Quelle a \u00e9t\u00e9 son enfance, son adolescence, nourrie par les proph\u00e9ties d\u00e9lirantes de sa m\u00e8re ? Cette enqu\u00eate met en lumi\u00e8re les deux grands traumatismes qui ont pr\u00e9c\u00e9d\u00e9 le passage \u00e0 l'acte meurtrier de Xavier Dupont de ", "start_date": "2026-09-04T02:41:00+00:00", "title": "Dupont de Ligonn\u00e8s, la s\u00e9rie"}, {"desc": "C'est un \u00e9clairage in\u00e9dit sur celui qui demeure introuvable depuis les meurtres de sa femme et de ses quatre enfants \u00e0 Nantes en 2011. Qui \u00e9tait vraiment Xavier Dupont de Ligonn\u00e8s ? Quelle a \u00e9t\u00e9 son enfance, son adolescence, nourrie par les proph\u00e9ties d\u00e9lirantes de sa m\u00e8re ? Cette enqu\u00eate met en lumi\u00e8re les deux grands traumatismes qui ont pr\u00e9c\u00e9d\u00e9 le passage \u00e0 l'acte meurtrier de Xavier Dupont de ", "start_date": "2026-09-04T03:05:00+00:00", "title": "Dupont de ligonn\u00e8s, la s\u00e9rie"}, {"desc": "Xavier Dupont de Ligonn\u00e8s se serait donn\u00e9 la mort apr\u00e8s avoir tu\u00e9 sa famille pour leur \u00e9viter le d\u00e9shonneur d'une d\u00e9route financi\u00e8re.", "start_date": "2026-09-04T03:31:00+00:00", "title": "Dupont de ligonn\u00e8s, la s\u00e9rie"}, {"desc": "Xavier Dupont de Ligonn\u00e8s aurait r\u00e9ussi \u00e0 s'enfuir \u00e0 l'\u00e9tranger gr\u00e2ce \u00e0 un plan m\u00fbrement pr\u00e9par\u00e9.", "start_date": "2026-09-04T03:58:00+00:00", "title": "Dupont de Ligonn\u00e8s, la s\u00e9rie"}, {"desc": "Des CRS et les hommes du RAID sont d\u00e9ploy\u00e9s dans le quartier de Pissevin, \u00e0 N\u00eemes, apr\u00e8s la mort de deux jeunes en quatre jours, dont un enfant de 10 ans.", "start_date": "2026-09-04T04:26:00+00:00", "title": "N\u00eemes, la cit\u00e9 perdue de la drogue"}, {"desc": "Le 24 avril 2025, \u00e0 Nantes, un lyc\u00e9en de 16 ans a poignard\u00e9 quatre \u00e9l\u00e8ves dans l'\u00e9tablissement scolaire Notre-Dame-de-Toutes-Aides. Que s'est-il pass\u00e9 ?", "start_date": "2026-09-04T05:17:00+00:00", "title": "Ligne rouge"}, {"desc": "Ces derniers mois, plusieurs attaques au couteau dont les victimes et les agresseurs \u00e9taient adolescents ont boulevers\u00e9 les Fran\u00e7ais.", "start_date": "2026-09-04T05:37:00+00:00", "title": "Ligne rouge"}, {"desc": "Jean-Jacques Goldman, v\u00e9ritable machine \u00e0 tubes, \u00e9crits pour lui ou pour d'autres artistes, a quitt\u00e9 la sc\u00e8ne en 2004 mais n'en reste pas moins une ic\u00f4ne.", "start_date": "2026-09-04T06:00:00+00:00", "title": "Ligne rouge"}, {"desc": "Florent Pagny, 62 ans, est aujourd'hui en r\u00e9mission et annonce une nouvelle tourn\u00e9e. L'artiste s'est toujours relev\u00e9 des coups durs qui ont jalonn\u00e9 sa carri\u00e8re.", "start_date": "2026-09-04T06:53:00+00:00", "title": "Ligne rouge"}, {"desc": "Depuis 60 ans Michel Sardou fait chanter les Fran\u00e7ais, mais il n'a jamais cess\u00e9 de les diviser. Un provocateur qui a vendu plus de 100 millions d 'album, ce qui fait de lui l 'un des derniers monstres sacr\u00e9s de la chanson fran\u00e7aise.", "start_date": "2026-09-04T07:45:00+00:00", "title": "Ligne rouge"}, {"desc": "Soup\u00e7onn\u00e9 d'avoir organis\u00e9 un vaste r\u00e9seau de trafic sexuel de mineures, Jeffrey Epstein a laiss\u00e9 derri\u00e8re lui une affaire aux multiples zones d'ombre.", "start_date": "2026-09-04T08:37:00+00:00", "title": "Ligne rouge"}, {"desc": "Enqu\u00eate sur les relations ambigu\u00ebs qu'entretient le pr\u00e9sident Donald Trump avec la Russie, depuis son premier voyage \u00e0 Moscou dans les ann\u00e9es 1980.", "start_date": "2026-09-04T09:32:00+00:00", "title": "Ligne rouge"}, {"desc": "L'arm\u00e9e russe recrute massivement pour remplacer les plus de 165 000 hommes tomb\u00e9s en Ukraine depuis 3 ans : r\u00e9mun\u00e9rations juteuses, combattants \u00e9trangers, formation des jeunes.", "start_date": "2026-09-04T10:07:00+00:00", "title": "Soldats de Poutine, le recrutement \u00e0 tout prix"}, {"desc": null, "start_date": "2026-09-04T10:42:00+00:00", "title": "Ligne rouge"}, {"desc": "Le plus jeune vice-pr\u00e9sident des Etats-Unis (41 ans) a r\u00e9ussi \u00e0 imposer ses id\u00e9es au sein de la Maison-Blanche, avec l'ambition assum\u00e9e de succ\u00e9der \u00e0 Trump en 2028,.", "start_date": "2026-09-04T11:17:00+00:00", "title": "JD Vance, plus Trump que Trump"}, {"desc": "Un retour sur la rencontre et le parcours de Michel Fourniret et Monique Olivier. Pendant seize ans, dix jeunes filles seront kidnapp\u00e9es, viol\u00e9e et tu\u00e9es.", "start_date": "2026-09-04T11:46:00+00:00", "title": "Monique Olivier, la diabolique"}, {"desc": "L'enqu\u00eate a enfin port\u00e9 ses fruits : Michel Fourniret est arr\u00eat\u00e9. C'est alors que le r\u00f4le de Monique Olivier, sa compagne, se pr\u00e9cise peu \u00e0 peu.", "start_date": "2026-09-04T12:14:00+00:00", "title": "Monique Olivier, la diabolique"}, {"desc": "Pendant 20 jours C\u00e9dric Jubilar va \u00eatre jug\u00e9 pour le meurtre suppos\u00e9 de son \u00e9pouse Delphine Jubillar. Il peut compter sur ses avocats qui se montrent tr\u00e8s offensifs.", "start_date": "2026-09-04T12:35:00+00:00", "title": "Proc\u00e8s Jubillar, les secrets de sa d\u00e9fense"}, {"desc": "Le myst\u00e8re de la disparition de Delphine Jubillar va-t-il enfin \u00eatre r\u00e9solu ? Apr\u00e8s plus de 5 ans de d\u00e9ni, C\u00e9dric Jubillar a conduit ce jeudi 16 juillet les gendarmes \u00e0 l'endroit o\u00f9 il aurait enterr\u00e9 le corps de sa femme, 10 jours apr\u00e8s \u00eatre pass\u00e9 aux aveux. Des ossements y ont \u00e9t\u00e9 retrouv\u00e9s. \\\" C\u00e9dric Jubillar, l'heure de la v\u00e9rit\u00e9 \\\" c'est un long-format Ligne Rouge sign\u00e9 St\u00e9phanie Zenati, R\u00e9gis", "start_date": "2026-09-04T12:55:00+00:00", "title": "Ligne rouge"}, {"desc": "Mohammed Amra, le fugitif le plus recherch\u00e9 de France, a \u00e9t\u00e9 arr\u00eat\u00e9 en Roumanie le 22 f\u00e9vrier 2025. Comment a t-il fait pour \u00e9chapper aux policiers pendant neuf mois ?", "start_date": "2026-09-04T13:46:00+00:00", "title": "Ligne rouge"}, {"desc": "La spectaculaire attaque du p\u00e9age d'Incarville cette semaine a mis encore un peu plus en lumi\u00e8re les d\u00e9licates missions des agents p\u00e9nitentiaires.", "start_date": "2026-09-04T14:01:00+00:00", "title": "Ligne rouge"}, {"desc": "La DZ, un gang criminel marseillais, a r\u00e9ussi \u00e0 s'imposer comme le plus puissant des narcotrafiquants, au point d\u00e9sormais d'\u00e9tendre son emprise dans d'autres r\u00e9gions.", "start_date": "2026-09-04T14:26:00+00:00", "title": "DZ Mafia, le gang qui terrorise la France"}, {"desc": "Depuis quatre ans, une fake news circule selon laquelle Brigitte Macron serait en fait son fr\u00e8re. Comment cette folle rumeur a-t-elle pris une telle ampleur ?", "start_date": "2026-09-04T14:52:00+00:00", "title": "Histoire d'une fausse information : l'affaire Brigitte Macron"}, {"desc": null, "start_date": "2026-09-04T15:32:00+00:00", "title": "Ligne rouge"}, {"desc": "Retour sur l'encha\u00eenement d'\u00e9v\u00e9nements et l'\u00e9tat psychologique fragile qui ont pu conduire le chanteur Kendji Girac \u00e0 se blesser lui-m\u00eame par balle, le 22 avril dernier.", "start_date": "2026-09-04T16:22:00+00:00", "title": "Kendji Girac, la part d'ombre"}, {"desc": "L'abb\u00e9 Pierre, ancienne personnalit\u00e9 pr\u00e9f\u00e9r\u00e9e des Fran\u00e7ais, ic\u00f4ne de la lutte contre la pauvret\u00e9 est tomb\u00e9 de son pi\u00e9destal. Dans un rapport command\u00e9 par le mouvement Emmaus, vingt-quatre femmes, dont trois mineures t\u00e9moignent d'agressions sexuelles commises par l'abb\u00e9 Pierre : baisers forc\u00e9s, attouchements, viols. Comment l'abbe Pierre a-t-il pu agir pendant 50 ans en toute impunit\u00e9 ? Pourquoi ce", "start_date": "2026-09-04T16:47:00+00:00", "title": "Ligne rouge"}, {"desc": "C'est une pr\u00e9sidence \u00e0 haut risque qui s'ouvre lundi 20 janvier avec l'investiture de Donald Trump qui va b\u00e9n\u00e9ficier d'une s\u00e9curit\u00e9 \u00e0 la hauteur de la menace.", "start_date": "2026-09-04T17:40:00+00:00", "title": "Ligne rouge"}, {"desc": null, "start_date": "2026-09-04T18:19:00+00:00", "title": "Ligne rouge"}, {"desc": "En 2025, de New-York jusqu'\u00e0 Minneapolis, 300 000 clandestins ont \u00e9t\u00e9 expuls\u00e9s des Etats-Unis par les agents de l'ICE, la police am\u00e9ricaine de l'immigration et des douanes.", "start_date": "2026-09-04T18:48:00+00:00", "title": "ICE : au coeur de la police anti-migrants"}, {"desc": "Comment le mensonge d 'une \u00e9l\u00e8ve est \u00e0 l 'origine de l 'engrenage qui a conduit \u00e0 l 'assassinat de Samuel Paty.", "start_date": "2026-09-04T19:30:00+00:00", "title": "Samuel Paty: r\u00e9cit d'un assassinat qui aurait d\u00fb \u00eatre \u00e9vit\u00e9"}, {"desc": "La rumeur enfle dans le coll\u00e8ge, les messages de haine se multiplient mais la menace est sous-estim\u00e9e par le rectorat et les services de renseignement.", "start_date": "2026-09-04T19:54:00+00:00", "title": "Samuel Paty: r\u00e9cit d'un assassinat qui aurait d\u00fb \u00eatre \u00e9vit\u00e9"}, {"desc": "Comment des coll\u00e9giens \u00e0 priori sans probl\u00e8me ont d\u00e9sign\u00e9 leur professeur au terroriste contre 300 euros.", "start_date": "2026-09-04T20:20:00+00:00", "title": "Samuel Paty: r\u00e9cit d'un assassinat qui aurait d\u00fb \u00eatre \u00e9vit\u00e9"}, {"desc": "Dominique P\u00e9licot et une partie de ses cinquante co-accus\u00e9s ont pris la parole pour r\u00e9pondre de leur responsabilit\u00e9 dans les viols r\u00e9p\u00e9t\u00e9s dont a \u00e9t\u00e9 victime Gis\u00e8le P\u00e9licot.", "start_date": "2026-09-04T20:48:00+00:00", "title": "Gis\u00e8le P\u00e9licot, face \u00e0 ses bourreaux"}, {"desc": null, "start_date": "2026-09-04T21:15:00+00:00", "title": "Ligne rouge"}, {"desc": "C'est un retournement de situation inesp\u00e9r\u00e9 pour Marine Le Pen, celui de la d\u00e9cision de la Cour d'Appel qui lui permet d'\u00eatre \u00e9ligible \u00e0 l'\u00e9lection de 2027. La cheffe de file du RN est d\u00e9sormais officiellement candidate pour la 4e fois avec un espoir fou : conqu\u00e9rir l'Elys\u00e9e, l'ambition de sa vie. \\\" Marine Le Pen, la pr\u00e9sidentielle \u00e0 tout prix \\\", c'est un document Ligne Rouge sign\u00e9 Charlotte Gil", "start_date": "2026-09-04T22:09:00+00:00", "title": "Ligne rouge"}, {"desc": "En janvier 2020, Meghan et Harry, le couple pr\u00e9f\u00e9r\u00e9 des Anglais et de la reine d'Angleterre, d\u00e9cide de quitter la monarchie. Pourquoi ce d\u00e9part ?", "start_date": "2026-09-04T23:00:00+00:00", "title": "Meghan et Harry, les vraies raisons de leur d\u00e9part"}], "offset": "+00:00", "timezone": "UTC", "error_code": -1, "start_date": "2026-09-04", "icon": ""}