{"end_date": "2026-08-29", "name": "BFM Grands Reportages", "info_url": "https://epg.pw/channels/448609/20260828.html", "country": "France", "description": null, "error_message": "", "provider": "", "source_url": "https://epg.pw/api/epg.json?channel_id=448609&date=20260828&timezone=None", "epg_list": [{"desc": "\u00c0 l 'annonce de la mort de sa fille, Isabelle Fouillot \u00e9coute, console, soutient Jonathann Daval. C 'est elle qui, quelques jours plus tard, fera avouer \u00e0 son gendre le meurtre de leur fille. Une s\u00e9rie documentaire de BFMTV r\u00e9alis\u00e9e par Marie Peyraube, Alexandre Funel et Etienne Grelet.", "start_date": "2026-08-29T18:06:00+00:00", "title": "Daval, la s\u00e9rie"}, {"desc": "Pendant 63 ans, Bernadette et Jacques Chirac, qui ne pouvaient pas vivre l'un sans l'autre, ont form\u00e9 un couple embl\u00e9matique et hors normes.", "start_date": "2026-08-29T18:33:00+00:00", "title": "Bernadette et Jacques, les ins\u00e9parables"}, {"desc": "C'\u00e9tait il y a 40 ans, la mort de Coluche, le 19 juin 1986. Un d\u00e9c\u00e8s, survenu lors d'un accident de moto, qui reste entour\u00e9 de myst\u00e8res pour certains. Car Coluche, par son humour f\u00e9roce, s'\u00e9tait fait des ennemis. Il avait bouscul\u00e9 la classe politique en se pr\u00e9sentant \u00e0 la pr\u00e9sidentielle. Une candidature qui avait fait trembler l'Elys\u00e9e. Le r\u00e9cit de cette incroyable histoire : Isabelle Quintard, Ni", "start_date": "2026-08-29T19:26:00+00:00", "title": "Coluche, le rire et les failles"}, {"desc": "Alors qu'il participe au Paris-Dakar, Daniel Balavoine meurt tragiquement dans un accident d'h\u00e9licopt\u00e8re le 14 janvier 1986 \u00e0 l'\u00e2ge de 33 ans.", "start_date": "2026-08-29T20:18:00+00:00", "title": "Balavoine, enqu\u00eate sur un destin tragique"}, {"desc": null, "start_date": "2026-08-29T21:19:00+00:00", "title": "Hamas, la strat\u00e9gie de la terreur"}, {"desc": null, "start_date": "2026-08-29T21:52:00+00:00", "title": "Ligne rouge"}, {"desc": null, "start_date": "2026-08-29T22:20:00+00:00", "title": "Gaza, fuir l'enfer"}, {"desc": "Ce document in\u00e9dit d\u00e9voile tous les temps forts en amont de la d\u00e9cision historique de la reconnaissance de l'Etat de Palestine par la France.", "start_date": "2026-08-29T22:38:00+00:00", "title": "Macron \u00e0 l'ONU, les coulisses d'une d\u00e9cision"}, {"desc": "Dominique P\u00e9licot et une partie de ses cinquante co-accus\u00e9s ont pris la parole pour r\u00e9pondre de leur responsabilit\u00e9 dans les viols r\u00e9p\u00e9t\u00e9s dont a \u00e9t\u00e9 victime Gis\u00e8le P\u00e9licot.", "start_date": "2026-08-29T23:01:00+00:00", "title": "Gis\u00e8le P\u00e9licot, face \u00e0 ses bourreaux"}, {"desc": null, "start_date": "2026-08-29T23:27:00+00:00", "title": "Ligne rouge"}], "offset": "+00:00", "timezone": "UTC", "error_code": -1, "start_date": "2026-08-29", "icon": ""}