{"end_date": "2026-09-01", "name": "BFM Grands Reportages", "info_url": "https://epg.pw/channels/448609/20260831.html", "country": "France", "description": null, "error_message": "", "provider": "", "source_url": "https://epg.pw/api/epg.json?channel_id=448609&date=20260831&timezone=None", "epg_list": [{"desc": "Depuis 60 ans Michel Sardou fait chanter les Fran\u00e7ais, mais il n'a jamais cess\u00e9 de les diviser. Un provocateur qui a vendu plus de 100 millions d 'album, ce qui fait de lui l 'un des derniers monstres sacr\u00e9s de la chanson fran\u00e7aise.", "start_date": "2026-08-31T18:46:00+00:00", "title": "Ligne rouge"}, {"desc": "En 2025, de New-York jusqu'\u00e0 Minneapolis, 300 000 clandestins ont \u00e9t\u00e9 expuls\u00e9s des Etats-Unis par les agents de l'ICE, la police am\u00e9ricaine de l'immigration et des douanes.", "start_date": "2026-08-31T19:56:00+00:00", "title": "ICE : au coeur de la police anti-migrants"}, {"desc": null, "start_date": "2026-08-31T20:39:00+00:00", "title": "Ligne rouge"}, {"desc": "Pendant une semaine une \u00e9quipe de \"Ligne rouge\" a suivi plusieurs supporters ainsi que les proches d'athl\u00e8tes qui esp\u00e8rent d\u00e9crocher une m\u00e9daille olympique.", "start_date": "2026-08-31T21:07:00+00:00", "title": "Ligne rouge"}, {"desc": null, "start_date": "2026-08-31T21:33:00+00:00", "title": "Ligne rouge"}, {"desc": null, "start_date": "2026-08-31T22:00:00+00:00", "title": "Ligne rouge"}, {"desc": "Apr\u00e8s la chute du gouvernement Bayrou le 8 septembre 2025, plong\u00e9e dans les coulisses d'une semaine marqu\u00e9e par la crise politique et les mouvements sociaux.", "start_date": "2026-08-31T22:28:00+00:00", "title": "Crise politique, mouvements sociaux : au coeur dune France bloqu\u00e9e"}, {"desc": "Depuis le 13 mai 2024, la Nouvelle-Cal\u00e9donie est la proie d'\u00e9meutes et de violences qui ont fait sept morts : gros plan sur deux visions de l'avenir de l'\u00eele qui s'opposent.", "start_date": "2026-08-31T23:04:00+00:00", "title": "Nouvelle Cal\u00e9donie, la poudri\u00e8re"}, {"desc": "Comment le mensonge d 'une \u00e9l\u00e8ve est \u00e0 l 'origine de l 'engrenage qui a conduit \u00e0 l 'assassinat de Samuel Paty.", "start_date": "2026-08-31T23:36:00+00:00", "title": "Samuel Paty: r\u00e9cit d'un assassinat qui aurait d\u00fb \u00eatre \u00e9vit\u00e9"}, {"desc": "La rumeur enfle dans le coll\u00e8ge, les messages de haine se multiplient mais la menace est sous-estim\u00e9e par le rectorat et les services de renseignement.", "start_date": "2026-09-01T00:00:00+00:00", "title": "Samuel Paty: r\u00e9cit d'un assassinat qui aurait d\u00fb \u00eatre \u00e9vit\u00e9"}, {"desc": "Comment des coll\u00e9giens \u00e0 priori sans probl\u00e8me ont d\u00e9sign\u00e9 leur professeur au terroriste contre 300 euros.", "start_date": "2026-09-01T00:26:00+00:00", "title": "Samuel Paty: r\u00e9cit d'un assassinat qui aurait d\u00fb \u00eatre \u00e9vit\u00e9"}, {"desc": null, "start_date": "2026-09-01T00:54:00+00:00", "title": "Ligne rouge"}, {"desc": "Star du football, ic\u00f4ne fran\u00e7aise, homme d'affaires, \u00e9g\u00e9rie de luxe : Kylian Mbapp\u00e9 est tout cela \u00e0 la fois. Quelle strat\u00e9gie marketing se cache derri\u00e8re le joueur ?", "start_date": "2026-09-01T01:17:00+00:00", "title": "Ligne rouge"}, {"desc": "Pourquoi Harry et Meghan ont-ils souhait\u00e9 s'affranchir de leurs devoirs d'altesses royales ? Comment s'est prise cette d\u00e9cision in\u00e9dite ? Comment la famille royale a-t-elle g\u00e9r\u00e9 cette crise ? A quoi ressemble la nouvelle vie d'Harry et Meghan ? Comment vont-ils assurer leur ind\u00e9pendance financi\u00e8re ?", "start_date": "2026-09-01T02:04:00+00:00", "title": "Harry et Meghan, les affranchis"}, {"desc": "Sans aucune exp\u00e9rience de la vie publique, Kate Middleton a d'abord \u00e9t\u00e9 traqu\u00e9e par les m\u00e9dias, avides d'exploiter la moindre image de la compagne du futur roi William.", "start_date": "2026-09-01T02:55:00+00:00", "title": "Kate Middleton, la fabrique d'une ic\u00f4ne"}, {"desc": "Au-del\u00e0 des images de propagande, qui est Kim Jong-un ? Go\u00fbt du luxe, parano\u00efa absolue, le dictateur nord-cor\u00e9en fait partie des dirigeants les plus secrets au monde.", "start_date": "2026-09-01T03:48:00+00:00", "title": "Ligne rouge"}, {"desc": "Une enqu\u00eate sur Kim Jong-un, qui dirige d'une main de fer la Cor\u00e9e du Nord, et sur son clan d\u00e9termin\u00e9 \u00e0 conserver son mode de vie, ses avantages et ses secrets.", "start_date": "2026-09-01T04:37:00+00:00", "title": "Cor\u00e9e du Nord, le redoutable clan des Kim"}, {"desc": "Dans ce premier \u00e9pisode, BFMTV vous propose de revivre le drame de la mort d'Alexia Daval \u00e0 travers les yeux de celui qu'on accuse de son meurtre : son mari, Jonathann. Une s\u00e9rie documentaire de BFMTV r\u00e9alis\u00e9e par Marie Peyraube, Alexandre Funel et Etienne Grelet.", "start_date": "2026-09-01T05:24:00+00:00", "title": "Daval, la s\u00e9rie"}, {"desc": "Jean-Pierre Fouillot a longtemps consid\u00e9r\u00e9 Jonathann Daval comme son propre fils. Jusqu 'au jour de son arrestation, le meurtrier de leur fille vivait encore sous leur toit. Pour BFMTV, il raconte sa version des faits. Une s\u00e9rie documentaire de BFMTV r\u00e9alis\u00e9e par Marie Peyraube, Alexandre Funel et Etienne Grelet.", "start_date": "2026-09-01T05:50:00+00:00", "title": "Daval, la s\u00e9rie"}, {"desc": "Comment les policiers en charge de l'enqu\u00eate ont-ils remont\u00e9 la piste vers le mari attentionn\u00e9, le beau-fils ador\u00e9, alors m\u00eame que ce dernier pleurait la disparition de sa femme devant les cam\u00e9ras du monde entier ? Pour BFMTV, l'un des enqu\u00eateurs raconte comment Jonathann Daval est pass\u00e9 de victime \u00e0 coupable. Une s\u00e9rie documentaire de BFMTV r\u00e9alis\u00e9e par Marie Peyraube, Alexandre Funel et Etienne ", "start_date": "2026-09-01T06:17:00+00:00", "title": "Daval, la s\u00e9rie"}, {"desc": "\u00c0 l 'annonce de la mort de sa fille, Isabelle Fouillot \u00e9coute, console, soutient Jonathann Daval. C 'est elle qui, quelques jours plus tard, fera avouer \u00e0 son gendre le meurtre de leur fille. Une s\u00e9rie documentaire de BFMTV r\u00e9alis\u00e9e par Marie Peyraube, Alexandre Funel et Etienne Grelet.", "start_date": "2026-09-01T06:43:00+00:00", "title": "Daval, la s\u00e9rie"}, {"desc": "Pendant cinq ans, un incroyable chantier a mobilis\u00e9 plus de 2000 artisans et compagnons pour reconstruire la cath\u00e9drale Notre-Dame de Paris \u00e0 l'identique.", "start_date": "2026-09-01T07:10:00+00:00", "title": "Notre-Dame : l'incroyable reconstruction"}, {"desc": "Comment expliquer un tel cambriolage : le vol en plein jour, dimanche 19 octobre, de huit joyaux du Louvre ? Enqu\u00eate sur ce casse du si\u00e8cle.", "start_date": "2026-09-01T07:35:00+00:00", "title": "Ligne rouge"}, {"desc": "Dix ans apr\u00e8s la terrible soir\u00e9e du 13 novembre 2015, les hommes qui sont intervenus au Bataclan - o\u00f9 90 personnes ont perdu la vie - livrent leurs t\u00e9moignages.", "start_date": "2026-09-01T07:58:00+00:00", "title": "Attentat du Bataclan, ils ont donn\u00e9 l'assaut"}, {"desc": "Dix ans apr\u00e8s l'attentat du 7 janvier, la r\u00e9daction de Charlie Hebdo reste sous la menace des islamistes radicaux : comment travaillent-ils dans ces conditions ?", "start_date": "2026-09-01T08:38:00+00:00", "title": "Charlie-Hebdo, la vie sous menace"}, {"desc": "Freddie Mercury, un des artistes les plus c\u00e9l\u00e8bres du XXe si\u00e8cle, devient une v\u00e9ritable ic\u00f4ne gr\u00e2ce \u00e0 sa voix exceptionnelle et son charisme.", "start_date": "2026-09-01T08:59:00+00:00", "title": "Freddie Mercury : la vraie histoire de la l\u00e9gende de Queen"}, {"desc": "Retour sur les circonstances dans lesquelles l'humoriste Coluche a trouv\u00e9 la mort en 1986. Avait-il pr\u00e9vu de r\u00e9v\u00e9ler des secrets politiques ?", "start_date": "2026-09-01T10:02:00+00:00", "title": "Coluche : enqu\u00eate sur un destin tragique"}, {"desc": "Depuis le 13 juin 2025, Isra\u00ebl et l'Iran s'affrontent. Cette guerre inqui\u00e8te le monde entier.", "start_date": "2026-09-01T11:13:00+00:00", "title": "Ligne rouge"}, {"desc": "D\u00e9cryptage d'une trag\u00e9die en 1994 : au Rwanda, le g\u00e9nocide des Tutsi perp\u00e9tr\u00e9 par le r\u00e9gime extr\u00e9miste Hutu, est le troisi\u00e8me g\u00e9nocide le plus meurtrier du 20\u00e8me si\u00e8cle.", "start_date": "2026-09-01T11:33:00+00:00", "title": "Rwanda 1994, la France face au g\u00e9nocide des Tutsi"}, {"desc": "Bombardements sur des immeubles d'habitation, ex\u00e9cutions de civils, utilisation d'armes interdites : la justice ukrainienne a identifi\u00e9 plus de 8.000 cas pr\u00e9sum\u00e9s de crimes de guerre, perp\u00e9tr\u00e9s par les forces russes. Nos \u00e9quipes ont enqu\u00eat\u00e9 sur plusieur...", "start_date": "2026-09-01T13:09:00+00:00", "title": "Ligne rouge"}, {"desc": "Retour sur l 'attaque du Hamas qui a pris Isra\u00ebl par surprise et choqu\u00e9 le monde. Sa pr\u00e9paration, sa brutale mise en oeuvre, et la r\u00e9action des Isra\u00e9liens. R\u00e9cit construit \u00e0 partir de nombreux documents souvent in\u00e9dits de cette op\u00e9ration lanc\u00e9e avec un objectif : vers le plus de victimes possibles.", "start_date": "2026-09-01T13:59:00+00:00", "title": "Isra\u00ebl, la terreur et l'effroi"}, {"desc": "Quelles forces sp\u00e9ciales pourraient \u00eatre mobilis\u00e9es si une offensive terrestre am\u00e9ricaine sur le sol iranien venait \u00e0 se confirmer ?", "start_date": "2026-09-01T14:48:00+00:00", "title": "Iran, le plan secret des forces sp\u00e9ciales"}, {"desc": "C'est un \u00e9clairage in\u00e9dit sur celui qui demeure introuvable depuis les meurtres de sa femme et de ses quatre enfants \u00e0 Nantes en 2011. Qui \u00e9tait vraiment Xavier Dupont de Ligonn\u00e8s ? Quelle a \u00e9t\u00e9 son enfance, son adolescence, nourrie par les proph\u00e9ties d\u00e9lirantes de sa m\u00e8re ? Cette enqu\u00eate met en lumi\u00e8re les deux grands traumatismes qui ont pr\u00e9c\u00e9d\u00e9 le passage \u00e0 l'acte meurtrier de Xavier Dupont de ", "start_date": "2026-09-01T14:59:00+00:00", "title": "Dupont de Ligonn\u00e8s, la s\u00e9rie"}, {"desc": "C'est un \u00e9clairage in\u00e9dit sur celui qui demeure introuvable depuis les meurtres de sa femme et de ses quatre enfants \u00e0 Nantes en 2011. Qui \u00e9tait vraiment Xavier Dupont de Ligonn\u00e8s ? Quelle a \u00e9t\u00e9 son enfance, son adolescence, nourrie par les proph\u00e9ties d\u00e9lirantes de sa m\u00e8re ? Cette enqu\u00eate met en lumi\u00e8re les deux grands traumatismes qui ont pr\u00e9c\u00e9d\u00e9 le passage \u00e0 l'acte meurtrier de Xavier Dupont de ", "start_date": "2026-09-01T15:24:00+00:00", "title": "Dupont de ligonn\u00e8s, la s\u00e9rie"}, {"desc": "Xavier Dupont de Ligonn\u00e8s se serait donn\u00e9 la mort apr\u00e8s avoir tu\u00e9 sa famille pour leur \u00e9viter le d\u00e9shonneur d'une d\u00e9route financi\u00e8re.", "start_date": "2026-09-01T15:50:00+00:00", "title": "Dupont de ligonn\u00e8s, la s\u00e9rie"}, {"desc": "Xavier Dupont de Ligonn\u00e8s aurait r\u00e9ussi \u00e0 s'enfuir \u00e0 l'\u00e9tranger gr\u00e2ce \u00e0 un plan m\u00fbrement pr\u00e9par\u00e9.", "start_date": "2026-09-01T16:17:00+00:00", "title": "Dupont de Ligonn\u00e8s, la s\u00e9rie"}, {"desc": "Des CRS et les hommes du RAID sont d\u00e9ploy\u00e9s dans le quartier de Pissevin, \u00e0 N\u00eemes, apr\u00e8s la mort de deux jeunes en quatre jours, dont un enfant de 10 ans.", "start_date": "2026-09-01T16:44:00+00:00", "title": "N\u00eemes, la cit\u00e9 perdue de la drogue"}, {"desc": "Le 24 avril 2025, \u00e0 Nantes, un lyc\u00e9en de 16 ans a poignard\u00e9 quatre \u00e9l\u00e8ves dans l'\u00e9tablissement scolaire Notre-Dame-de-Toutes-Aides. Que s'est-il pass\u00e9 ?", "start_date": "2026-09-01T17:36:00+00:00", "title": "Ligne rouge"}, {"desc": "Ces derniers mois, plusieurs attaques au couteau dont les victimes et les agresseurs \u00e9taient adolescents ont boulevers\u00e9 les Fran\u00e7ais.", "start_date": "2026-09-01T17:55:00+00:00", "title": "Ligne rouge"}, {"desc": "Jean-Jacques Goldman, v\u00e9ritable machine \u00e0 tubes, \u00e9crits pour lui ou pour d'autres artistes, a quitt\u00e9 la sc\u00e8ne en 2004 mais n'en reste pas moins une ic\u00f4ne.", "start_date": "2026-09-01T18:19:00+00:00", "title": "Ligne rouge"}, {"desc": "Florent Pagny, 62 ans, est aujourd'hui en r\u00e9mission et annonce une nouvelle tourn\u00e9e. L'artiste s'est toujours relev\u00e9 des coups durs qui ont jalonn\u00e9 sa carri\u00e8re.", "start_date": "2026-09-01T19:12:00+00:00", "title": "Ligne rouge"}, {"desc": "Depuis 60 ans Michel Sardou fait chanter les Fran\u00e7ais, mais il n'a jamais cess\u00e9 de les diviser. Un provocateur qui a vendu plus de 100 millions d 'album, ce qui fait de lui l 'un des derniers monstres sacr\u00e9s de la chanson fran\u00e7aise.", "start_date": "2026-09-01T20:04:00+00:00", "title": "Ligne rouge"}, {"desc": "Soup\u00e7onn\u00e9 d'avoir organis\u00e9 un vaste r\u00e9seau de trafic sexuel de mineures, Jeffrey Epstein a laiss\u00e9 derri\u00e8re lui une affaire aux multiples zones d'ombre.", "start_date": "2026-09-01T20:55:00+00:00", "title": "Ligne rouge"}, {"desc": "Enqu\u00eate sur les relations ambigu\u00ebs qu'entretient le pr\u00e9sident Donald Trump avec la Russie, depuis son premier voyage \u00e0 Moscou dans les ann\u00e9es 1980.", "start_date": "2026-09-01T21:51:00+00:00", "title": "Ligne rouge"}, {"desc": "L'arm\u00e9e russe recrute massivement pour remplacer les plus de 165 000 hommes tomb\u00e9s en Ukraine depuis 3 ans : r\u00e9mun\u00e9rations juteuses, combattants \u00e9trangers, formation des jeunes.", "start_date": "2026-09-01T22:26:00+00:00", "title": "Soldats de Poutine, le recrutement \u00e0 tout prix"}, {"desc": null, "start_date": "2026-09-01T23:01:00+00:00", "title": "Ligne rouge"}, {"desc": "Le plus jeune vice-pr\u00e9sident des Etats-Unis (41 ans) a r\u00e9ussi \u00e0 imposer ses id\u00e9es au sein de la Maison-Blanche, avec l'ambition assum\u00e9e de succ\u00e9der \u00e0 Trump en 2028,.", "start_date": "2026-09-01T23:36:00+00:00", "title": "JD Vance, plus Trump que Trump"}], "offset": "+00:00", "timezone": "UTC", "error_code": -1, "start_date": "2026-08-31", "icon": ""}