{"end_date": "2026-09-05", "name": "BFM Grands Reportages", "info_url": "https://epg.pw/channels/448609/20260904.html", "country": "France", "description": null, "error_message": "", "provider": "", "source_url": "https://epg.pw/api/epg.json?channel_id=448609&date=20260904&timezone=None", "epg_list": [{"desc": "Michel-Edouard Leclerc poursuit aujourd'hui la mission que son p\u00e8re, Edouard, avait initi\u00e9e en lan\u00e7ant le tout premier magasin \u00e0 prix cass\u00e9s en 1949.", "start_date": "2026-09-04T00:17:00+00:00", "title": "Michel-Edouard Leclerc, \u00e0 tout prix"}, {"desc": "Campagnes de publicit\u00e9s provocatrices, n\u00e9gociations commerciales agressives : gros plan sur les m\u00e9thodes choc de Leclerc pour vendre moins cher.", "start_date": "2026-09-04T00:45:00+00:00", "title": "Michel-Edouard Leclerc, \u00e0 tout prix"}, {"desc": "La crise qui agite une partie du Proche-Orient depuis le 7 octobre 2023 menace d'embraser toute la r\u00e9gion : gros plan sur une situation explosive.", "start_date": "2026-09-04T01:10:00+00:00", "title": "Proche-Orient, l'embrasement"}, {"desc": null, "start_date": "2026-09-04T01:27:00+00:00", "title": "Ligne rouge"}, {"desc": "Ce sont des images rares : une enqu\u00eate tourn\u00e9e au coeur de Gaza pour documenter la famine qui toucherait plus de 500 000 habitants de la bande de Gaza.", "start_date": "2026-09-04T01:55:00+00:00", "title": "Ligne rouge"}, {"desc": "C'est un \u00e9clairage in\u00e9dit sur celui qui demeure introuvable depuis les meurtres de sa femme et de ses quatre enfants \u00e0 Nantes en 2011. Qui \u00e9tait vraiment Xavier Dupont de Ligonn\u00e8s ? Quelle a \u00e9t\u00e9 son enfance, son adolescence, nourrie par les proph\u00e9ties d\u00e9lirantes de sa m\u00e8re ? Cette enqu\u00eate met en lumi\u00e8re les deux grands traumatismes qui ont pr\u00e9c\u00e9d\u00e9 le passage \u00e0 l'acte meurtrier de Xavier Dupont de ", "start_date": "2026-09-04T02:41:00+00:00", "title": "Dupont de Ligonn\u00e8s, la s\u00e9rie"}, {"desc": "C'est un \u00e9clairage in\u00e9dit sur celui qui demeure introuvable depuis les meurtres de sa femme et de ses quatre enfants \u00e0 Nantes en 2011. Qui \u00e9tait vraiment Xavier Dupont de Ligonn\u00e8s ? Quelle a \u00e9t\u00e9 son enfance, son adolescence, nourrie par les proph\u00e9ties d\u00e9lirantes de sa m\u00e8re ? Cette enqu\u00eate met en lumi\u00e8re les deux grands traumatismes qui ont pr\u00e9c\u00e9d\u00e9 le passage \u00e0 l'acte meurtrier de Xavier Dupont de ", "start_date": "2026-09-04T03:05:00+00:00", "title": "Dupont de ligonn\u00e8s, la s\u00e9rie"}, {"desc": "Xavier Dupont de Ligonn\u00e8s se serait donn\u00e9 la mort apr\u00e8s avoir tu\u00e9 sa famille pour leur \u00e9viter le d\u00e9shonneur d'une d\u00e9route financi\u00e8re.", "start_date": "2026-09-04T03:31:00+00:00", "title": "Dupont de ligonn\u00e8s, la s\u00e9rie"}, {"desc": "Xavier Dupont de Ligonn\u00e8s aurait r\u00e9ussi \u00e0 s'enfuir \u00e0 l'\u00e9tranger gr\u00e2ce \u00e0 un plan m\u00fbrement pr\u00e9par\u00e9.", "start_date": "2026-09-04T03:58:00+00:00", "title": "Dupont de Ligonn\u00e8s, la s\u00e9rie"}, {"desc": "Des CRS et les hommes du RAID sont d\u00e9ploy\u00e9s dans le quartier de Pissevin, \u00e0 N\u00eemes, apr\u00e8s la mort de deux jeunes en quatre jours, dont un enfant de 10 ans.", "start_date": "2026-09-04T04:26:00+00:00", "title": "N\u00eemes, la cit\u00e9 perdue de la drogue"}, {"desc": "Le 24 avril 2025, \u00e0 Nantes, un lyc\u00e9en de 16 ans a poignard\u00e9 quatre \u00e9l\u00e8ves dans l'\u00e9tablissement scolaire Notre-Dame-de-Toutes-Aides. Que s'est-il pass\u00e9 ?", "start_date": "2026-09-04T05:17:00+00:00", "title": "Ligne rouge"}, {"desc": "Ces derniers mois, plusieurs attaques au couteau dont les victimes et les agresseurs \u00e9taient adolescents ont boulevers\u00e9 les Fran\u00e7ais.", "start_date": "2026-09-04T05:37:00+00:00", "title": "Ligne rouge"}, {"desc": "Jean-Jacques Goldman, v\u00e9ritable machine \u00e0 tubes, \u00e9crits pour lui ou pour d'autres artistes, a quitt\u00e9 la sc\u00e8ne en 2004 mais n'en reste pas moins une ic\u00f4ne.", "start_date": "2026-09-04T06:00:00+00:00", "title": "Ligne rouge"}, {"desc": "Florent Pagny, 62 ans, est aujourd'hui en r\u00e9mission et annonce une nouvelle tourn\u00e9e. L'artiste s'est toujours relev\u00e9 des coups durs qui ont jalonn\u00e9 sa carri\u00e8re.", "start_date": "2026-09-04T06:53:00+00:00", "title": "Ligne rouge"}, {"desc": "Depuis 60 ans Michel Sardou fait chanter les Fran\u00e7ais, mais il n'a jamais cess\u00e9 de les diviser. Un provocateur qui a vendu plus de 100 millions d 'album, ce qui fait de lui l 'un des derniers monstres sacr\u00e9s de la chanson fran\u00e7aise.", "start_date": "2026-09-04T07:45:00+00:00", "title": "Ligne rouge"}, {"desc": "Soup\u00e7onn\u00e9 d'avoir organis\u00e9 un vaste r\u00e9seau de trafic sexuel de mineures, Jeffrey Epstein a laiss\u00e9 derri\u00e8re lui une affaire aux multiples zones d'ombre.", "start_date": "2026-09-04T08:37:00+00:00", "title": "Ligne rouge"}, {"desc": "Enqu\u00eate sur les relations ambigu\u00ebs qu'entretient le pr\u00e9sident Donald Trump avec la Russie, depuis son premier voyage \u00e0 Moscou dans les ann\u00e9es 1980.", "start_date": "2026-09-04T09:32:00+00:00", "title": "Ligne rouge"}, {"desc": "L'arm\u00e9e russe recrute massivement pour remplacer les plus de 165 000 hommes tomb\u00e9s en Ukraine depuis 3 ans : r\u00e9mun\u00e9rations juteuses, combattants \u00e9trangers, formation des jeunes.", "start_date": "2026-09-04T10:07:00+00:00", "title": "Soldats de Poutine, le recrutement \u00e0 tout prix"}, {"desc": null, "start_date": "2026-09-04T10:42:00+00:00", "title": "Ligne rouge"}, {"desc": "Le plus jeune vice-pr\u00e9sident des Etats-Unis (41 ans) a r\u00e9ussi \u00e0 imposer ses id\u00e9es au sein de la Maison-Blanche, avec l'ambition assum\u00e9e de succ\u00e9der \u00e0 Trump en 2028,.", "start_date": "2026-09-04T11:17:00+00:00", "title": "JD Vance, plus Trump que Trump"}, {"desc": "Un retour sur la rencontre et le parcours de Michel Fourniret et Monique Olivier. Pendant seize ans, dix jeunes filles seront kidnapp\u00e9es, viol\u00e9e et tu\u00e9es.", "start_date": "2026-09-04T11:46:00+00:00", "title": "Monique Olivier, la diabolique"}, {"desc": "L'enqu\u00eate a enfin port\u00e9 ses fruits : Michel Fourniret est arr\u00eat\u00e9. C'est alors que le r\u00f4le de Monique Olivier, sa compagne, se pr\u00e9cise peu \u00e0 peu.", "start_date": "2026-09-04T12:14:00+00:00", "title": "Monique Olivier, la diabolique"}, {"desc": "Pendant 20 jours C\u00e9dric Jubilar va \u00eatre jug\u00e9 pour le meurtre suppos\u00e9 de son \u00e9pouse Delphine Jubillar. Il peut compter sur ses avocats qui se montrent tr\u00e8s offensifs.", "start_date": "2026-09-04T12:35:00+00:00", "title": "Proc\u00e8s Jubillar, les secrets de sa d\u00e9fense"}, {"desc": "Le myst\u00e8re de la disparition de Delphine Jubillar va-t-il enfin \u00eatre r\u00e9solu ? Apr\u00e8s plus de 5 ans de d\u00e9ni, C\u00e9dric Jubillar a conduit ce jeudi 16 juillet les gendarmes \u00e0 l'endroit o\u00f9 il aurait enterr\u00e9 le corps de sa femme, 10 jours apr\u00e8s \u00eatre pass\u00e9 aux aveux. Des ossements y ont \u00e9t\u00e9 retrouv\u00e9s. \\\" C\u00e9dric Jubillar, l'heure de la v\u00e9rit\u00e9 \\\" c'est un long-format Ligne Rouge sign\u00e9 St\u00e9phanie Zenati, R\u00e9gis", "start_date": "2026-09-04T12:55:00+00:00", "title": "Ligne rouge"}, {"desc": "Mohammed Amra, le fugitif le plus recherch\u00e9 de France, a \u00e9t\u00e9 arr\u00eat\u00e9 en Roumanie le 22 f\u00e9vrier 2025. Comment a t-il fait pour \u00e9chapper aux policiers pendant neuf mois ?", "start_date": "2026-09-04T13:46:00+00:00", "title": "Ligne rouge"}, {"desc": "La spectaculaire attaque du p\u00e9age d'Incarville cette semaine a mis encore un peu plus en lumi\u00e8re les d\u00e9licates missions des agents p\u00e9nitentiaires.", "start_date": "2026-09-04T14:01:00+00:00", "title": "Ligne rouge"}, {"desc": "La DZ, un gang criminel marseillais, a r\u00e9ussi \u00e0 s'imposer comme le plus puissant des narcotrafiquants, au point d\u00e9sormais d'\u00e9tendre son emprise dans d'autres r\u00e9gions.", "start_date": "2026-09-04T14:26:00+00:00", "title": "DZ Mafia, le gang qui terrorise la France"}, {"desc": "Depuis quatre ans, une fake news circule selon laquelle Brigitte Macron serait en fait son fr\u00e8re. Comment cette folle rumeur a-t-elle pris une telle ampleur ?", "start_date": "2026-09-04T14:52:00+00:00", "title": "Histoire d'une fausse information : l'affaire Brigitte Macron"}, {"desc": null, "start_date": "2026-09-04T15:32:00+00:00", "title": "Ligne rouge"}, {"desc": "Retour sur l'encha\u00eenement d'\u00e9v\u00e9nements et l'\u00e9tat psychologique fragile qui ont pu conduire le chanteur Kendji Girac \u00e0 se blesser lui-m\u00eame par balle, le 22 avril dernier.", "start_date": "2026-09-04T16:22:00+00:00", "title": "Kendji Girac, la part d'ombre"}, {"desc": "L'abb\u00e9 Pierre, ancienne personnalit\u00e9 pr\u00e9f\u00e9r\u00e9e des Fran\u00e7ais, ic\u00f4ne de la lutte contre la pauvret\u00e9 est tomb\u00e9 de son pi\u00e9destal. Dans un rapport command\u00e9 par le mouvement Emmaus, vingt-quatre femmes, dont trois mineures t\u00e9moignent d'agressions sexuelles commises par l'abb\u00e9 Pierre : baisers forc\u00e9s, attouchements, viols. Comment l'abbe Pierre a-t-il pu agir pendant 50 ans en toute impunit\u00e9 ? Pourquoi ce", "start_date": "2026-09-04T16:47:00+00:00", "title": "Ligne rouge"}, {"desc": "C'est une pr\u00e9sidence \u00e0 haut risque qui s'ouvre lundi 20 janvier avec l'investiture de Donald Trump qui va b\u00e9n\u00e9ficier d'une s\u00e9curit\u00e9 \u00e0 la hauteur de la menace.", "start_date": "2026-09-04T17:40:00+00:00", "title": "Ligne rouge"}, {"desc": null, "start_date": "2026-09-04T18:19:00+00:00", "title": "Ligne rouge"}, {"desc": "En 2025, de New-York jusqu'\u00e0 Minneapolis, 300 000 clandestins ont \u00e9t\u00e9 expuls\u00e9s des Etats-Unis par les agents de l'ICE, la police am\u00e9ricaine de l'immigration et des douanes.", "start_date": "2026-09-04T18:48:00+00:00", "title": "ICE : au coeur de la police anti-migrants"}, {"desc": "Comment le mensonge d 'une \u00e9l\u00e8ve est \u00e0 l 'origine de l 'engrenage qui a conduit \u00e0 l 'assassinat de Samuel Paty.", "start_date": "2026-09-04T19:30:00+00:00", "title": "Samuel Paty: r\u00e9cit d'un assassinat qui aurait d\u00fb \u00eatre \u00e9vit\u00e9"}, {"desc": "La rumeur enfle dans le coll\u00e8ge, les messages de haine se multiplient mais la menace est sous-estim\u00e9e par le rectorat et les services de renseignement.", "start_date": "2026-09-04T19:54:00+00:00", "title": "Samuel Paty: r\u00e9cit d'un assassinat qui aurait d\u00fb \u00eatre \u00e9vit\u00e9"}, {"desc": "Comment des coll\u00e9giens \u00e0 priori sans probl\u00e8me ont d\u00e9sign\u00e9 leur professeur au terroriste contre 300 euros.", "start_date": "2026-09-04T20:20:00+00:00", "title": "Samuel Paty: r\u00e9cit d'un assassinat qui aurait d\u00fb \u00eatre \u00e9vit\u00e9"}, {"desc": "Dominique P\u00e9licot et une partie de ses cinquante co-accus\u00e9s ont pris la parole pour r\u00e9pondre de leur responsabilit\u00e9 dans les viols r\u00e9p\u00e9t\u00e9s dont a \u00e9t\u00e9 victime Gis\u00e8le P\u00e9licot.", "start_date": "2026-09-04T20:48:00+00:00", "title": "Gis\u00e8le P\u00e9licot, face \u00e0 ses bourreaux"}, {"desc": null, "start_date": "2026-09-04T21:15:00+00:00", "title": "Ligne rouge"}, {"desc": "C'est un retournement de situation inesp\u00e9r\u00e9 pour Marine Le Pen, celui de la d\u00e9cision de la Cour d'Appel qui lui permet d'\u00eatre \u00e9ligible \u00e0 l'\u00e9lection de 2027. La cheffe de file du RN est d\u00e9sormais officiellement candidate pour la 4e fois avec un espoir fou : conqu\u00e9rir l'Elys\u00e9e, l'ambition de sa vie. \\\" Marine Le Pen, la pr\u00e9sidentielle \u00e0 tout prix \\\", c'est un document Ligne Rouge sign\u00e9 Charlotte Gil", "start_date": "2026-09-04T22:09:00+00:00", "title": "Ligne rouge"}, {"desc": "En janvier 2020, Meghan et Harry, le couple pr\u00e9f\u00e9r\u00e9 des Anglais et de la reine d'Angleterre, d\u00e9cide de quitter la monarchie. Pourquoi ce d\u00e9part ?", "start_date": "2026-09-04T23:00:00+00:00", "title": "Meghan et Harry, les vraies raisons de leur d\u00e9part"}, {"desc": "Un quart de si\u00e8cle apr\u00e8s la disparition de Lady Di, le myst\u00e8re et le doute demeurent concernant les circonstances exactes de sa mort, le 31 ao\u00fbt 1997.", "start_date": "2026-09-05T00:04:00+00:00", "title": "Lady Di : enqu\u00eate sur un destin tragique"}, {"desc": "Apr\u00e8s la mort de Lady Di, en 1997, le p\u00e8re de Dodi Al-Fayed, son compagnon, affirme que l'accident serait un complot foment\u00e9 par les Windsor.", "start_date": "2026-09-05T01:12:00+00:00", "title": "Lady Di : enqu\u00eate sur un destin tragique"}, {"desc": "Sans aucune exp\u00e9rience de la vie publique, Kate Middleton a d'abord \u00e9t\u00e9 traqu\u00e9e par les m\u00e9dias, avides d'exploiter la moindre image de la compagne du futur roi William.", "start_date": "2026-09-05T02:19:00+00:00", "title": "Kate Middleton, la fabrique d'une ic\u00f4ne"}, {"desc": "Mis en cause pour avoir possiblement transmis des documents confidentiels \u00e0 Jeffrey Epstein, Andrew, le fr\u00e8re de Charles III, a \u00e9t\u00e9 plac\u00e9 en garde \u00e0 vue.", "start_date": "2026-09-05T03:11:00+00:00", "title": "Andrew : l'ex-prince emport\u00e9 par l'affaire Epstein"}, {"desc": "Focus sur Maxim Stanislavovitch Dvirnik, un espion de 26 ans, qui, selon les services de renseignement, a \u00e9t\u00e9 recrut\u00e9 par la Russie pour frapper la France de l'int\u00e9rieur.", "start_date": "2026-09-05T03:25:00+00:00", "title": "Ligne rouge"}, {"desc": "Les bureaux de vote ont ouvert ce matin en Russie pour \u00e9lire le prochain pr\u00e9sident. Vladimir Poutine mise sur un pl\u00e9biscite et incite personnellement les Russes \u00e0 voter .", "start_date": "2026-09-05T04:13:00+00:00", "title": "Election russe : immersion au pays de Poutine"}, {"desc": "Bien avant le meurtre du petit Gr\u00e9gory, noy\u00e9 dans la Vologne le 16 octobre 1984, un corbeau a harcel\u00e9 toute sa famille jour et nuit pendant deux ans.", "start_date": "2026-09-05T04:31:00+00:00", "title": "Affaire Gr\u00e9gory, les voix du crime"}, {"desc": "Apr\u00e8s 9 mois de myst\u00e8re et d'attente, les ossements du petit Emile ont \u00e9t\u00e9 d\u00e9couverts \u00e0 proximit\u00e9 du Haut Vernet le 30 mars 2024. Une issue tragique qui ne permet pas pour autant de r\u00e9pondre \u00e0 toutes les questions. Le petit gar\u00e7on s'est-il perdu ? A-t-il \u00e9t\u00e9 victime d'un accident ?", "start_date": "2026-09-05T05:20:00+00:00", "title": "Mort d'\u00c9mile, crime ou accident ?"}, {"desc": "Enqu\u00eate sur le parcours de la principale suspecte du meurtre de Lola. Les journalistes ont notamment retrac\u00e9 la cavale de Dabhia B, et ses efforts pour trouver des complices.", "start_date": "2026-09-05T06:08:00+00:00", "title": "Meurtre de Lola : enqu\u00eate sur une d\u00e9rive barbare"}, {"desc": "Port\u00e9e disparue \u00e0 la sortie de son coll\u00e8ge d'\u00c9pinay-sur-Orge, Louise, une coll\u00e9gienne de 11 ans, a \u00e9t\u00e9 retrouv\u00e9e morte, quelques heures plus tard, dans un bois. La fillette a \u00e9t\u00e9 frapp\u00e9e et a re\u00e7u plusieurs coups de couteau. Le meurtrier pr\u00e9sum\u00e9 de Louise a avou\u00e9 ce mercredi 12 f\u00e9vrier, dans la matin\u00e9e avoir tu\u00e9 la coll\u00e9gienne de 11 ans. Owen L. a \u00e9t\u00e9 mis en examen et plac\u00e9 en d\u00e9tention provisoire", "start_date": "2026-09-05T06:33:00+00:00", "title": "Ligne rouge"}, {"desc": "Le suspect dans la disparition de Lina en septembre 2023 s'est suicid\u00e9 avant son interpellation. Enqu\u00eate sur le profil de cet homme de 43 ans.", "start_date": "2026-09-05T06:56:00+00:00", "title": "Lina : les derniers myst\u00e8res"}, {"desc": "Arriv\u00e9e par porte containeurs d'Am\u00e9rique du sud, la coca\u00efne submerge les ports europ\u00e9ens. Pour contr\u00f4ler ce trafic lucratif, les mafias terrorisent et corrompent.", "start_date": "2026-09-05T07:27:00+00:00", "title": "Narcos, la terreur au coeur de l'Europe"}, {"desc": "Les attaques contre les Etats Europ\u00e9ens ont pris une telle ampleur qu'on parle d\u00e9sormais de narco-terreur, le terrorisme des trafiquants de drogue.", "start_date": "2026-09-05T07:55:00+00:00", "title": "Narcos, la terreur au coeur de l'Europe"}, {"desc": "En infiltrant les communications crypt\u00e9es des narcotrafiquants, les polices europ\u00e9ennes ont d\u00e9couvert l'ampleur industrielle du trafic et un niveau de violence in\u00e9dite.", "start_date": "2026-09-05T08:19:00+00:00", "title": "Narcos, la terreur au coeur de l'Europe"}, {"desc": "En une vingtaine d'ann\u00e9es seulement, Elon Musk est devenu l'un des hommes les plus influents et les plus riches de la plan\u00e8te. Portrait de l'entrepreneur.", "start_date": "2026-09-05T08:41:00+00:00", "title": "De Tesla \u00e0 SpaceX : Le monde selon Elon Musk"}, {"desc": "Bernard-Henri L\u00e9vy ne laisse personne indiff\u00e9rent. Depuis l'\u00e9mission \"Apostrophes\" de Bernard Pivot en 1977, BHL n'a plus quitt\u00e9 les m\u00e9dias.", "start_date": "2026-09-05T09:43:00+00:00", "title": "Qui est vraiment BHL ?"}, {"desc": "Une enqu\u00eate sur Kim Jong-un, qui dirige d'une main de fer la Cor\u00e9e du Nord, et sur son clan d\u00e9termin\u00e9 \u00e0 conserver son mode de vie, ses avantages et ses secrets.", "start_date": "2026-09-05T11:03:00+00:00", "title": "Cor\u00e9e du Nord, le redoutable clan des Kim"}, {"desc": "A Shenzhen, des robots humano\u00efdes remplacent les ouvriers, des taxis volants s'entra\u00eenent dans les airs et des drones livrent les habitants sur le pas de la porte.", "start_date": "2026-09-05T11:49:00+00:00", "title": "Chine, le nouvel empire de la tech"}, {"desc": null, "start_date": "2026-09-05T12:29:00+00:00", "title": "Ligne rouge"}, {"desc": "Au-del\u00e0 des images de propagande, qui est Kim Jong-un ? Go\u00fbt du luxe, parano\u00efa absolue, le dictateur nord-cor\u00e9en fait partie des dirigeants les plus secrets au monde.", "start_date": "2026-09-05T13:00:00+00:00", "title": "Ligne rouge"}, {"desc": "Quel \u00e9tait le mode op\u00e9ratoire de Charles Sobhraj ? Combien sont-ils \u00e0 avoir \u00e9t\u00e9 touch\u00e9s par le venin du \"Serpent\" ? Comment justifie-t-il son pass\u00e9 criminel ?", "start_date": "2026-09-05T13:49:00+00:00", "title": "Tueur en s\u00e9rie ? L'histoire vraie du Serpent"}, {"desc": "Comment ceux qui ont crois\u00e9 la route de Charles Sobhraj se sont-ils rendus compte de sa vraie nature ? Qui sont ses victimes ? Comment a-t-il \u00e9chapp\u00e9 \u00e0 la police tha\u00eflandaise ?", "start_date": "2026-09-05T14:12:00+00:00", "title": "Tueur en s\u00e9rie ? L'histoire vraie du Serpent"}, {"desc": "Comment Charles Sobhraj a-t-il tent\u00e9 d'empoisonner soixante \u00e9tudiants en m\u00eame temps ? Pourquoi a-t-il confess\u00e9 ses meurtres \u00e0 un couple de journalistes ?", "start_date": "2026-09-05T14:38:00+00:00", "title": "Tueur en s\u00e9rie ? L'histoire vraie du Serpent"}, {"desc": null, "start_date": "2026-09-05T15:04:00+00:00", "title": "Les enqu\u00eates de la r\u00e9dac"}, {"desc": "L'espoir apr\u00e8s le drame. Plus de 48 heures apr\u00e8s le s\u00e9isme qui a fait plus de 2497 morts, les secouristes et les habitants recherchent des survivants dans les d\u00e9combres, alors que de nombreuses personnes n'ont toujours pas \u00e9t\u00e9 retrouv\u00e9es. Mais le temps presse.", "start_date": "2026-09-05T15:25:00+00:00", "title": "S\u00e9isme au Maroc, la course contre la montre"}, {"desc": "A Los Angeles, des maisons par centaines sont d\u00e9j\u00e0 parties en fum\u00e9e tout comme les villas \u00e0 plusieurs millions de dollars de certaines stars californiennes.", "start_date": "2026-09-05T15:53:00+00:00", "title": "Ligne rouge"}, {"desc": null, "start_date": "2026-09-05T16:13:00+00:00", "title": "L'\u00e8re des m\u00e9gafeux"}, {"desc": "Apr\u00e8s l'incendie qui a ravag\u00e9 le bar le Constellation de Crans-Montana en Suisse et d\u00e9cim\u00e9 une partie de ses occupants, l'heure est d\u00e9sormais au deuil et aux questions.", "start_date": "2026-09-05T16:44:00+00:00", "title": "Ligne rouge"}, {"desc": "Erez, Sahar, Eitan et Mia : 4 franco-isra\u00e9liens retenus en otage ont \u00e9t\u00e9 lib\u00e9r\u00e9s cette semaine. La fin d'un calvaire d'un peu plus d'un mois et demi.", "start_date": "2026-09-05T17:08:00+00:00", "title": "Otages fran\u00e7ais, la d\u00e9livrance"}, {"desc": "Pendant 63 ans, Bernadette et Jacques Chirac, qui ne pouvaient pas vivre l'un sans l'autre, ont form\u00e9 un couple embl\u00e9matique et hors normes.", "start_date": "2026-09-05T17:30:00+00:00", "title": "Bernadette et Jacques, les ins\u00e9parables"}, {"desc": "C'\u00e9tait il y a 40 ans, la mort de Coluche, le 19 juin 1986. Un d\u00e9c\u00e8s, survenu lors d'un accident de moto, qui reste entour\u00e9 de myst\u00e8res pour certains. Car Coluche, par son humour f\u00e9roce, s'\u00e9tait fait des ennemis. Il avait bouscul\u00e9 la classe politique en se pr\u00e9sentant \u00e0 la pr\u00e9sidentielle. Une candidature qui avait fait trembler l'Elys\u00e9e. Le r\u00e9cit de cette incroyable histoire : Isabelle Quintard, Ni", "start_date": "2026-09-05T18:23:00+00:00", "title": "Coluche, le rire et les failles"}, {"desc": "R\u00e9v\u00e9l\u00e9e en 2001 par \"Loft Story\", premi\u00e8re star de la t\u00e9l\u00e9-r\u00e9alit\u00e9, Loana Petrucciani est d\u00e9c\u00e9d\u00e9e le 25 mars 2026 \u00e0 son domicile ni\u00e7ois, \u00e0 l'\u00e2ge de 48 ans.", "start_date": "2026-09-05T19:16:00+00:00", "title": "Loana, destin tragique d'une star de la t\u00e9l\u00e9"}, {"desc": "Avec 200 millions d'albums vendus, Whitney Houston est la chanteuse la plus r\u00e9compens\u00e9e au monde : un destin hors du commun qui a commenc\u00e9 comme un conte de f\u00e9e.", "start_date": "2026-09-05T19:34:00+00:00", "title": "Whitney Houston : enqu\u00eate sur un destin tragique"}, {"desc": "Qui sont les hommes de l'ombre des Navy Seals et de la Delta Force, deux unit\u00e9s d'\u00e9lite am\u00e9ricaines ? Comment permettent-ils aux Etats-Unis de mener des op\u00e9rations secr\u00e8tes ?", "start_date": "2026-09-05T20:54:00+00:00", "title": "Ligne rouge"}, {"desc": "L'aviateur disparu en Iran a \u00e9t\u00e9 retrouv\u00e9 sain et sauf apr\u00e8s une chasse \u00e0 l'homme qui a tenu le monde entier en haleine. Zoom sur ce sauvetage.", "start_date": "2026-09-05T21:45:00+00:00", "title": "Aviateur am\u00e9ricain en Iran, l'incroyable sauvetage"}, {"desc": "O\u00f9 se trouve Lina, 15 ans ? Le myst\u00e8re demeure depuis que l'adolescente s'est volatilis\u00e9e le 23 septembre dernier sur la route qui la menait de chez elle vers la gare. Des battues g\u00e9antes ont \u00e9t\u00e9 organis\u00e9es, un h\u00e9licopt\u00e8re, des plongeurs d\u00e9ploy\u00e9s, mais Lina reste introuvable. Si pour les enqu\u00eateurs toutes les hypoth\u00e8ses restent envisag\u00e9es, plusieurs t\u00e9moignages penchent en faveur de la th\u00e8se de l'", "start_date": "2026-09-05T21:56:00+00:00", "title": "Ligne rouge"}, {"desc": null, "start_date": "2026-09-05T22:16:00+00:00", "title": "Ligne rouge"}, {"desc": "L'enqu\u00eate sur le meurtre de Lyhanna a r\u00e9v\u00e9l\u00e9 que la famille de J\u00e9r\u00f4me Barella, le principal suspect, serait impliqu\u00e9e dans plusieurs proc\u00e9dures de viol et d'inceste.", "start_date": "2026-09-05T22:28:00+00:00", "title": "Lyhanna, r\u00e9v\u00e9lations sur le drame qui choque la France"}, {"desc": "L'an dernier, 56.000 \u00e9trangers ont obtenu le statut de r\u00e9fugi\u00e9s, cinq fois plus qu'il y a dix ans. Alors selon quels crit\u00e8res est attribu\u00e9 le droit d'asile ?", "start_date": "2026-09-05T22:49:00+00:00", "title": "Droit d'asile, la France est-elle laxiste"}, {"desc": "Un meurtre qui a sid\u00e9r\u00e9 toute une r\u00e9gion et ouvert un d\u00e9bat de soci\u00e9t\u00e9. Faut-il voir dans ce drame le sympt\u00f4me d'une soci\u00e9t\u00e9 fractur\u00e9e et ultraviolente ?", "start_date": "2026-09-05T23:16:00+00:00", "title": "Cr\u00e9pol, le bal de lultraviolence"}, {"desc": null, "start_date": "2026-09-05T23:36:00+00:00", "title": "Ligne rouge"}], "offset": "+00:00", "timezone": "UTC", "error_code": -1, "start_date": "2026-09-04", "icon": ""}