{"end_date": "2026-09-02", "name": "DAZN 1", "info_url": "https://epg.pw/channels/451928/20260901.html", "country": "Germany", "description": null, "error_message": "", "provider": "", "source_url": "https://epg.pw/api/epg.json?channel_id=451928&date=20260901&timezone=None", "epg_list": [{"desc": "Im M\u00e4rz 2004 begr\u00fc\u00dfen Sir Alex Ferguson und die Fans im Old Trafford den FC Porto mit Trainer Jos\u00e9 Mourinho. Es wird ein dramatisches Achtelfinal-R\u00fcckspiel in der UEFA Champions League. Ein Meilenstein in der Entwicklung hin zu einem der erfolgreichsten Trainer der Geschichte.", "start_date": "2026-09-01T06:00:00+00:00", "title": "Originals: The Making Of Mourinho"}, {"desc": "Mit Inter Mailand erreicht Jos\u00e9 Mourinho 2010 das Finale der UEFA Champions League, nur der FC Bayern M\u00fcnchen kann noch Historisches verhindern: Ein Endspielsieg br\u00e4chte Inter als erste italienische Mannschaft das Triple aus Serie A, Coppa Italia und dem wichtigsten europ\u00e4ischen Titel.", "start_date": "2026-09-01T06:30:00+00:00", "title": "Originals: The Making Of Mourinho"}, {"desc": "2010 wird Jos\u00e9 Mourinho Trainer von Real Madrid mit einem klaren Auftrag: den FC Barcelona und Pep Guardiola stoppen! Im April 2012 reist er mit Real nach Barcelona zum El Cl\u00e1sico. Mourinho wei\u00df: Mit einem Punktgewinn k\u00f6nnte sich Tabellenf\u00fchrer Madrid bereits vorentscheidend vom Erzrivalen absetzen.", "start_date": "2026-09-01T07:00:00+00:00", "title": "Originals: The Making Of Mourinho"}, {"desc": null, "start_date": "2026-09-01T07:30:00+00:00", "title": "Bundesliga 26/27"}, {"desc": null, "start_date": "2026-09-01T09:20:00+00:00", "title": "Bundesliga 26/27"}, {"desc": "Wir zeigen euch die Highlights des 1. Bundesliga Spieltags.", "start_date": "2026-09-01T11:15:00+00:00", "title": "All In - Bundesliga Highlights Show 26/27"}, {"desc": "Die Ligue 1 ist die h\u00f6chste Spielklasse in Frankreich. Sie wurde 1932 begr\u00fcndet und trug bis 2002 die Bezeichnung Division 1 beziehungsweise Premi\u00e8r Division. 20 Mannschaften k\u00e4mpfen um den Titel.", "start_date": "2026-09-01T12:05:00+00:00", "title": "Ligue 1 26/27"}, {"desc": null, "start_date": "2026-09-01T14:15:00+00:00", "title": "Bundesliga 26/27"}, {"desc": "Zahlreiches Bild- und Videomaterial aus dem Familien-Archiv zeigt, Mario G\u00f6tze hatte in jungen Jahren immer Freude an Spiel und Bewegung. Fr\u00fch gilt G\u00f6tze als eines der gr\u00f6\u00dften deutschen Talente der Geschichte. Als 16-J\u00e4hriger ist er eine pr\u00e4gende Figur im A-Jugend-Finale der Deutschen Meisterschaft. Einer seiner Gegenspieler in dieser Partie wird sp\u00e4ter Wegbereiter seines gr\u00f6\u00dften Fu\u00dfball-Moments.", "start_date": "2026-09-01T16:00:00+00:00", "title": "Originals: Being Mario G\u00f6tze"}, {"desc": "Wir zeigen euch die Highlights des 1. Bundesliga Spieltags.", "start_date": "2026-09-01T17:10:00+00:00", "title": "All In - Bundesliga Highlights Show 26/27"}, {"desc": null, "start_date": "2026-09-01T17:45:00+00:00", "title": "Saudi Pro League 26/27"}, {"desc": "G\u00f6tzes Wechsel vom BVB zum FC Bayern ist einer der umstrittensten Transfers der Bundesliga-Geschichte. Die Fans sind entt\u00e4uscht vom einstigen Publikumsliebling. Hans-Joachim Watzke nennt den Schritt im Nachhinein eine \"komplett falsche Entscheidung\". Der Zeitpunkt der Bekanntmachung des Wechsels ist mehr als ungl\u00fccklich. Mario G\u00f6tze selbst ist sich sicher, wer diese Breaking News im April 2013 orc", "start_date": "2026-09-01T20:15:00+00:00", "title": "Originals: Being Mario G\u00f6tze"}, {"desc": "Im September 2018 wird Ronaldo Nazario de Lima der Hauptanteilseigner von Real Valladolid. Der zweimalige Weltfu\u00dfballer investiert einen Millionenbetrag aus seiner eigenen Tasche - ein ungew\u00f6hnlicher Schritt f\u00fcr einen ehemaligen Profi. Der Weltmeister von 2002 steckt viel Herzblut in den Klub und pflegt ein enges Verh\u00e4ltnis zu seinen Spielern, die er nach einem erfolgreichen Abstiegskampf zu einer", "start_date": "2026-09-01T21:15:00+00:00", "title": "Originals: Ronaldo Naz\u00e1rio - El Presidente"}, {"desc": null, "start_date": "2026-09-01T22:00:00+00:00", "title": "Sendepause"}, {"desc": "Holger Gehrke, ehemaliger Bundesliga-Torwart, blieb dem Sport trotz fehlender Fu\u00dfballbegeisterung erhalten und spielt noch f\u00fcr die Legenden-Elf von Schalke. Heute ist er Nationalspieler im Padel-Tennis. Auf Mallorca lebt er seinen Traum und trainiert in einer Fu\u00dfballschule, jedoch sieht er seine in K\u00f6ln lebenden Kinder nur selten.", "start_date": "2026-09-02T06:00:00+00:00", "title": "Portr\u00e4t von Holger Gehrke"}, {"desc": "Wir zeigen euch die Highlights des 1. Bundesliga Spieltags.", "start_date": "2026-09-02T06:50:00+00:00", "title": "All In - Bundesliga Highlights Show 26/27"}, {"desc": null, "start_date": "2026-09-02T07:30:00+00:00", "title": "Bundesliga 26/27"}, {"desc": null, "start_date": "2026-09-02T09:20:00+00:00", "title": "Bundesliga 26/27"}, {"desc": "Der FC Bayern World Squad ist ein internationales Projekt, bei dem der deutsche Rekordmeister gemeinsam mit seinem Partner Audi U19-Spieler aus der ganzen Welt ausw\u00e4hlt und auf ihrem Weg begleitet, ihren gro\u00dfen Traum zu verwirklichen: Profifu\u00dfballer zu werden.", "start_date": "2026-09-02T11:40:00+00:00", "title": "FC Bayern World Squad 2025"}, {"desc": "Wir zeigen euch die Highlights des 1. Bundesliga Spieltags.", "start_date": "2026-09-02T12:15:00+00:00", "title": "All In - Bundesliga Highlights Show 26/27"}, {"desc": null, "start_date": "2026-09-02T12:55:00+00:00", "title": "Coppa Italia 26/27"}, {"desc": "Erstmals produziert der VfB Stuttgart eine saisonbegleitende Doku. Ein Trainingslager, das ins Wasser f\u00e4llt. Neuzug\u00e4nge, die sich verletzen. Dennoch: Der VfB ist in der Spur. Das Team w\u00e4chst zusammen, gewinnt souver\u00e4n in der ersten Pokalrunde. Und alle sind hei\u00df auf die Heimpremiere gegen Bochum. VfB inTeam begleitet die Mannschaft in der ersten Episode durch die Saisonvorbereitung und liefert exk", "start_date": "2026-09-02T15:20:00+00:00", "title": "VfB in Team"}, {"desc": null, "start_date": "2026-09-02T15:55:00+00:00", "title": "Coppa Italia 26/27"}, {"desc": "Wie kann der VfB den \u00fcberraschenden Abgang seines Kapit\u00e4ns kompensieren, wer \u00fcbernimmt jetzt mehr Verantwortung im Team? Welche Mittel stehen f\u00fcr Transfers zur Verf\u00fcgung - und wie plant der VfB? W\u00e4hrend die Verantwortlichen diese Fragen beantworten m\u00fcssen, gelingt mit der Vertragsverl\u00e4ngerung von Hiroki Ito ein echter Coup. Neuzugang Deniz Undav schwitzt in der Reha f\u00fcr sein Comeback und erlebt er", "start_date": "2026-09-02T18:25:00+00:00", "title": "VfB in Team"}, {"desc": null, "start_date": "2026-09-02T19:00:00+00:00", "title": "Bundesliga 26/27"}, {"desc": "Wir zeigen euch die Highlights des 3. LaLiga Spieltags.", "start_date": "2026-09-02T20:55:00+00:00", "title": "LALIGA Highlightshow 26/27"}, {"desc": "Vor dem Spiel gegen den SC Freiburg fragt sich ganz Stuttgart: Wie gut ist der VFB wirklich? Die Antwort liefert das Team auf dem Platz. In der L\u00e4nderspielpause zeigt der VFB Pr\u00e4senz auf dem Weindorf, organisiert die Mitgliederversammlung, feiert 130. Geburtstag - und Pr\u00e4sident Claus Vogt stellt sich dem Fan-Podcast.", "start_date": "2026-09-02T21:30:00+00:00", "title": "VfB in Team"}, {"desc": null, "start_date": "2026-09-02T22:00:00+00:00", "title": "Sendepause"}], "offset": "+00:00", "timezone": "UTC", "error_code": -1, "start_date": "2026-09-01", "icon": ""}