{"end_date": "2026-09-03", "name": "DAZN 1", "info_url": "https://epg.pw/channels/451928/20260902.html", "country": "Germany", "description": null, "error_message": "", "provider": "", "source_url": "https://epg.pw/api/epg.json?channel_id=451928&date=20260902&timezone=None", "epg_list": [{"desc": "Holger Gehrke, ehemaliger Bundesliga-Torwart, blieb dem Sport trotz fehlender Fu\u00dfballbegeisterung erhalten und spielt noch f\u00fcr die Legenden-Elf von Schalke. Heute ist er Nationalspieler im Padel-Tennis. Auf Mallorca lebt er seinen Traum und trainiert in einer Fu\u00dfballschule, jedoch sieht er seine in K\u00f6ln lebenden Kinder nur selten.", "start_date": "2026-09-02T06:00:00+00:00", "title": "Portr\u00e4t von Holger Gehrke"}, {"desc": "Wir zeigen euch die Highlights des 1. Bundesliga Spieltags.", "start_date": "2026-09-02T06:50:00+00:00", "title": "All In - Bundesliga Highlights Show 26/27"}, {"desc": null, "start_date": "2026-09-02T07:30:00+00:00", "title": "Bundesliga 26/27"}, {"desc": null, "start_date": "2026-09-02T09:20:00+00:00", "title": "Bundesliga 26/27"}, {"desc": "Der FC Bayern World Squad ist ein internationales Projekt, bei dem der deutsche Rekordmeister gemeinsam mit seinem Partner Audi U19-Spieler aus der ganzen Welt ausw\u00e4hlt und auf ihrem Weg begleitet, ihren gro\u00dfen Traum zu verwirklichen: Profifu\u00dfballer zu werden.", "start_date": "2026-09-02T11:40:00+00:00", "title": "FC Bayern World Squad 2025"}, {"desc": "Wir zeigen euch die Highlights des 1. Bundesliga Spieltags.", "start_date": "2026-09-02T12:15:00+00:00", "title": "All In - Bundesliga Highlights Show 26/27"}, {"desc": null, "start_date": "2026-09-02T12:55:00+00:00", "title": "Coppa Italia 26/27"}, {"desc": "Erstmals produziert der VfB Stuttgart eine saisonbegleitende Doku. Ein Trainingslager, das ins Wasser f\u00e4llt. Neuzug\u00e4nge, die sich verletzen. Dennoch: Der VfB ist in der Spur. Das Team w\u00e4chst zusammen, gewinnt souver\u00e4n in der ersten Pokalrunde. Und alle sind hei\u00df auf die Heimpremiere gegen Bochum. VfB inTeam begleitet die Mannschaft in der ersten Episode durch die Saisonvorbereitung und liefert exk", "start_date": "2026-09-02T15:20:00+00:00", "title": "VfB in Team"}, {"desc": null, "start_date": "2026-09-02T15:55:00+00:00", "title": "Coppa Italia 26/27"}, {"desc": "Wie kann der VfB den \u00fcberraschenden Abgang seines Kapit\u00e4ns kompensieren, wer \u00fcbernimmt jetzt mehr Verantwortung im Team? Welche Mittel stehen f\u00fcr Transfers zur Verf\u00fcgung - und wie plant der VfB? W\u00e4hrend die Verantwortlichen diese Fragen beantworten m\u00fcssen, gelingt mit der Vertragsverl\u00e4ngerung von Hiroki Ito ein echter Coup. Neuzugang Deniz Undav schwitzt in der Reha f\u00fcr sein Comeback und erlebt er", "start_date": "2026-09-02T18:25:00+00:00", "title": "VfB in Team"}, {"desc": null, "start_date": "2026-09-02T19:00:00+00:00", "title": "Bundesliga 26/27"}, {"desc": "Wir zeigen euch die Highlights des 3. LaLiga Spieltags.", "start_date": "2026-09-02T20:55:00+00:00", "title": "LALIGA Highlightshow 26/27"}, {"desc": "Vor dem Spiel gegen den SC Freiburg fragt sich ganz Stuttgart: Wie gut ist der VFB wirklich? Die Antwort liefert das Team auf dem Platz. In der L\u00e4nderspielpause zeigt der VFB Pr\u00e4senz auf dem Weindorf, organisiert die Mitgliederversammlung, feiert 130. Geburtstag - und Pr\u00e4sident Claus Vogt stellt sich dem Fan-Podcast.", "start_date": "2026-09-02T21:30:00+00:00", "title": "VfB in Team"}, {"desc": null, "start_date": "2026-09-02T22:00:00+00:00", "title": "Sendepause"}, {"desc": "\"VfB inTeam - das Saisonfinale\" ist im Saisonendspurt n\u00e4her dran als je zuvor, l\u00e4sst die historische Spielzeit Revue passieren und blickt mit den Akteuren auf die internationale Reise voraus.", "start_date": "2026-09-03T06:00:00+00:00", "title": "VfB in Team"}, {"desc": null, "start_date": "2026-09-03T07:35:00+00:00", "title": "Ligue 1 26/27"}, {"desc": null, "start_date": "2026-09-03T09:25:00+00:00", "title": "Bundesliga 26/27"}, {"desc": "\"Geht nicht, gibt's nicht\" feat. Imke Salander.", "start_date": "2026-09-03T11:15:00+00:00", "title": "Her Element by Laura Wontorra"}, {"desc": "In Episode 1 haben wir der momentan verletzten Kapit\u00e4nin des Nationalteams, Marie G\u00fclich, und Shooting Star Frieda B\u00fchner kurz vor Auftakt der neuen Saison einen Besuch abgestattet.", "start_date": "2026-09-03T12:10:00+00:00", "title": "Let&#039;s go Ballin&#039;"}, {"desc": null, "start_date": "2026-09-03T12:30:00+00:00", "title": "Bundesliga 26/27"}, {"desc": null, "start_date": "2026-09-03T14:20:00+00:00", "title": "Get Wild"}, {"desc": "Wir zeigen euch die Highlights des 3. LaLiga Spieltags.", "start_date": "2026-09-03T15:20:00+00:00", "title": "LALIGA Highlightshow 26/27"}, {"desc": null, "start_date": "2026-09-03T15:55:00+00:00", "title": "Coppa Italia 26/27"}, {"desc": "Wir zeigen euch die Highlights des 2. Frauen Bundesliga Spieltags.", "start_date": "2026-09-03T18:05:00+00:00", "title": "Google Pixel Frauen-Bundesliga Highlightshow 26/27"}, {"desc": null, "start_date": "2026-09-03T18:30:00+00:00", "title": "Ligue 1 26/27"}, {"desc": "Nach dem Klassenerhalt und ausgiebigen Partys auf Ronaldos Boot steht der Klub trotzdem vor gro\u00dfen Problemen. Die spanische Polizei ermittelt wegen m\u00f6glicher Spiel-Manipulationen. Sieben Valladolid-Spieler werden befragt und der ehemalige Kapit\u00e4n muss ins Gef\u00e4ngnis. Zus\u00e4tzlich verl\u00e4sst Topst\u00fcrmer Sergi Guardiola den Klub. Sportlich l\u00e4uft es aber gut, allen voran beim Innenverteidiger-Youngster Moh", "start_date": "2026-09-03T21:05:00+00:00", "title": "Originals: Ronaldo Naz\u00e1rio - El Presidente"}, {"desc": null, "start_date": "2026-09-03T22:00:00+00:00", "title": "Sendepause"}], "offset": "+00:00", "timezone": "UTC", "error_code": -1, "start_date": "2026-09-02", "icon": ""}