{"end_date": "2026-09-05", "name": "Franceinfo", "info_url": "https://epg.pw/channels/459183/20260828.html", "country": "France", "description": null, "error_message": "", "provider": "", "source_url": "https://epg.pw/api/epg.json?channel_id=459183&date=20260828&timezone=None", "epg_list": [{"desc": "L'actualit\u00e9 \u00e0 travers les JT, les invit\u00e9s et les experts en plateau, les chroniques sur les sujets du moment, les revues de presse, et les reportages et interviews.", "start_date": "2026-09-04T02:59:00+00:00", "title": "La matinale"}, {"desc": "L'actualit\u00e9 \u00e0 travers les JT, les invit\u00e9s et les experts en plateau, les chroniques sur les sujets du moment, les revues de presse, et les reportages et interviews.", "start_date": "2026-09-04T04:27:00+00:00", "title": "La matinale"}, {"desc": "Un face-\u00e0-face avec celles et ceux qui sont au coeur de l'actualit\u00e9. Soit dix minutes pour rebondir sur les faits mais aussi pour aller plus loin.", "start_date": "2026-09-04T05:40:00+00:00", "title": "L'invit\u00e9 politique"}, {"desc": "L'actualit\u00e9 \u00e0 travers les JT, les invit\u00e9s et les experts en plateau, les chroniques sur les sujets du moment, les revues de presse, et les reportages et interviews.", "start_date": "2026-09-04T05:49:00+00:00", "title": "La matinale"}, {"desc": "Le 8h30 franceinfo est le rendez-vous quotidien d'actualit\u00e9 politique, diffus\u00e9 sur la cha\u00eene franceinfo en simultan\u00e9 radio/t\u00e9l\u00e9vision.", "start_date": "2026-09-04T06:33:00+00:00", "title": "8h30 franceinfo"}, {"desc": null, "start_date": "2026-09-04T06:58:00+00:00", "title": "L'info s'\u00e9claire"}, {"desc": null, "start_date": "2026-09-04T08:58:00+00:00", "title": "Le fil info"}, {"desc": null, "start_date": "2026-09-04T10:58:00+00:00", "title": "L'info s'\u00e9claire"}, {"desc": null, "start_date": "2026-09-04T11:58:00+00:00", "title": "Le fil info"}, {"desc": null, "start_date": "2026-09-04T12:19:00+00:00", "title": "L'info outre-mer"}, {"desc": null, "start_date": "2026-09-04T12:29:00+00:00", "title": "Le fil info"}, {"desc": null, "start_date": "2026-09-04T14:39:00+00:00", "title": "Le Scan info"}, {"desc": null, "start_date": "2026-09-04T15:58:00+00:00", "title": "Avant le 20h"}, {"desc": "\"Les inform\u00e9s\" est une \u00e9mission d'information et de d\u00e9bat durant laquelle 4 invit\u00e9(e)s commentent l'actualit\u00e9 et d\u00e9veloppent leurs points de vue.", "start_date": "2026-09-04T18:02:00+00:00", "title": "Les inform\u00e9s du soir"}, {"desc": "Toute l'actualit\u00e9 revue et comment\u00e9e par Claire-Elisabeth Beaufort.", "start_date": "2026-09-04T18:28:00+00:00", "title": "A suivre avec Claire-Elisabeth Beaufort"}, {"desc": null, "start_date": "2026-09-04T20:59:00+00:00", "title": "23h info"}, {"desc": "France 24 traite de toutes les actualit\u00e9s, en temps r\u00e9el, en images et en vid\u00e9os, avec les analyses et les derni\u00e8res informations des journalistes de la r\u00e9daction.", "start_date": "2026-09-04T23:59:00+00:00", "title": "France 24"}, {"desc": "L'actualit\u00e9 \u00e0 travers les JT, les invit\u00e9s et les experts en plateau, les chroniques sur les sujets du moment, les revues de presse, et les reportages et interviews.", "start_date": "2026-09-05T02:59:00+00:00", "title": "La matinale"}, {"desc": "L'actualit\u00e9 \u00e0 travers les JT, les invit\u00e9s et les experts en plateau, les chroniques sur les sujets du moment, les revues de presse, et les reportages et interviews.", "start_date": "2026-09-05T04:27:00+00:00", "title": "La matinale"}, {"desc": "Un face-\u00e0-face avec celles et ceux qui sont au coeur de l'actualit\u00e9. Soit dix minutes pour rebondir sur les faits mais aussi pour aller plus loin.", "start_date": "2026-09-05T05:40:00+00:00", "title": "L'invit\u00e9 politique"}, {"desc": "L'actualit\u00e9 \u00e0 travers les JT, les invit\u00e9s et les experts en plateau, les chroniques sur les sujets du moment, les revues de presse, et les reportages et interviews.", "start_date": "2026-09-05T05:49:00+00:00", "title": "La matinale"}, {"desc": "Le 8h30 franceinfo est le rendez-vous quotidien d'actualit\u00e9 politique, diffus\u00e9 sur la cha\u00eene franceinfo en simultan\u00e9 radio/t\u00e9l\u00e9vision.", "start_date": "2026-09-05T06:34:00+00:00", "title": "8h30 franceinfo"}, {"desc": null, "start_date": "2026-09-05T06:59:00+00:00", "title": "L'info s'\u00e9claire"}, {"desc": null, "start_date": "2026-09-05T08:58:00+00:00", "title": "Le fil info"}, {"desc": "Pour y voir plus clair dans la jungle des intox, l'\u00e9quipe passe au crible les rumeurs, les fausses informations et les affirmations douteuses qui circulent dans le d\u00e9bat public.", "start_date": "2026-09-05T10:58:00+00:00", "title": "Vrai ou faux, l'\u00e9mission"}, {"desc": null, "start_date": "2026-09-05T11:58:00+00:00", "title": "Le fil info"}, {"desc": null, "start_date": "2026-09-05T12:19:00+00:00", "title": "L'info outre-mer"}, {"desc": null, "start_date": "2026-09-05T12:29:00+00:00", "title": "Le fil info"}, {"desc": null, "start_date": "2026-09-05T14:39:00+00:00", "title": "Le Scan info"}, {"desc": null, "start_date": "2026-09-05T15:58:00+00:00", "title": "Avant le 20h"}, {"desc": "\"Le document de franceinfo\" est une \u00e9mission documentaire qui fait d\u00e9couvrir aux t\u00e9l\u00e9spectateurs de reportages singuliers.", "start_date": "2026-09-05T18:04:00+00:00", "title": "Le document de franceinfo"}, {"desc": "Chaque num\u00e9ro est th\u00e9matis\u00e9 autour d'un pays europ\u00e9en avec un reportage de quinze minutes sur une initiative inspirante, un invit\u00e9 en plateau pour savoir si le mod\u00e8le pr\u00e9sent\u00e9 est applicable \u00e0 la France et une chronique sur les actualit\u00e9s.", "start_date": "2026-09-05T18:33:00+00:00", "title": "Nous, les Europ\u00e9ens"}, {"desc": "Toute l'actualit\u00e9 revue et comment\u00e9e par Claire-Elisabeth Beaufort.", "start_date": "2026-09-05T18:59:00+00:00", "title": "A suivre avec Claire-Elisabeth Beaufort"}], "offset": "+00:00", "timezone": "UTC", "error_code": -1, "start_date": "2026-09-04", "icon": ""}