{"end_date": "2026-09-03", "name": "Franceinfo", "info_url": "https://epg.pw/channels/459183/20260902.html", "country": "France", "description": null, "error_message": "", "provider": "", "source_url": "https://epg.pw/api/epg.json?channel_id=459183&date=20260902&timezone=None", "epg_list": [{"desc": "L'actualit\u00e9 \u00e0 travers les JT, les invit\u00e9s et les experts en plateau, les chroniques sur les sujets du moment, les revues de presse, et les reportages et interviews.", "start_date": "2026-09-02T02:59:00+00:00", "title": "La matinale"}, {"desc": "L'actualit\u00e9 \u00e0 travers les JT, les invit\u00e9s et les experts en plateau, les chroniques sur les sujets du moment, les revues de presse, et les reportages et interviews.", "start_date": "2026-09-02T04:27:00+00:00", "title": "La matinale"}, {"desc": "Un face-\u00e0-face avec celles et ceux qui sont au coeur de l'actualit\u00e9. Soit dix minutes pour rebondir sur les faits mais aussi pour aller plus loin.", "start_date": "2026-09-02T05:40:00+00:00", "title": "L'invit\u00e9 politique"}, {"desc": "L'actualit\u00e9 \u00e0 travers les JT, les invit\u00e9s et les experts en plateau, les chroniques sur les sujets du moment, les revues de presse, et les reportages et interviews.", "start_date": "2026-09-02T05:49:00+00:00", "title": "La matinale"}, {"desc": "Le 8h30 franceinfo est le rendez-vous quotidien d'actualit\u00e9 politique, diffus\u00e9 sur la cha\u00eene franceinfo en simultan\u00e9 radio/t\u00e9l\u00e9vision.", "start_date": "2026-09-02T06:33:00+00:00", "title": "8h30 franceinfo"}, {"desc": null, "start_date": "2026-09-02T06:58:00+00:00", "title": "L'info s'\u00e9claire"}, {"desc": null, "start_date": "2026-09-02T08:58:00+00:00", "title": "Le fil info"}, {"desc": null, "start_date": "2026-09-02T11:20:00+00:00", "title": "L'info outre-mer"}, {"desc": null, "start_date": "2026-09-02T11:29:00+00:00", "title": "Le fil info"}, {"desc": null, "start_date": "2026-09-02T14:39:00+00:00", "title": "Le Scan info"}, {"desc": null, "start_date": "2026-09-02T15:58:00+00:00", "title": "Avant le 20h"}, {"desc": "\"Les inform\u00e9s\" est une \u00e9mission d'information et de d\u00e9bat durant laquelle 4 invit\u00e9(e)s commentent l'actualit\u00e9 et d\u00e9veloppent leurs points de vue.", "start_date": "2026-09-02T18:02:00+00:00", "title": "Les inform\u00e9s du soir"}, {"desc": "Une mise en avant le terrain, le reportage et le d\u00e9cryptage de l'actualit\u00e9.", "start_date": "2026-09-02T18:28:00+00:00", "title": "A suivre avec Lo\u00efc de la Mornais"}, {"desc": null, "start_date": "2026-09-02T20:59:00+00:00", "title": "23h info"}, {"desc": "France 24 traite de toutes les actualit\u00e9s, en temps r\u00e9el, en images et en vid\u00e9os, avec les analyses et les derni\u00e8res informations des journalistes de la r\u00e9daction.", "start_date": "2026-09-02T23:59:00+00:00", "title": "France 24"}, {"desc": "L'actualit\u00e9 \u00e0 travers les JT, les invit\u00e9s et les experts en plateau, les chroniques sur les sujets du moment, les revues de presse, et les reportages et interviews.", "start_date": "2026-09-03T02:59:00+00:00", "title": "La matinale"}, {"desc": "L'actualit\u00e9 \u00e0 travers les JT, les invit\u00e9s et les experts en plateau, les chroniques sur les sujets du moment, les revues de presse, et les reportages et interviews.", "start_date": "2026-09-03T04:27:00+00:00", "title": "La matinale"}, {"desc": "Un face-\u00e0-face avec celles et ceux qui sont au coeur de l'actualit\u00e9. Soit dix minutes pour rebondir sur les faits mais aussi pour aller plus loin.", "start_date": "2026-09-03T05:40:00+00:00", "title": "L'invit\u00e9 politique"}, {"desc": "L'actualit\u00e9 \u00e0 travers les JT, les invit\u00e9s et les experts en plateau, les chroniques sur les sujets du moment, les revues de presse, et les reportages et interviews.", "start_date": "2026-09-03T05:49:00+00:00", "title": "La matinale"}, {"desc": "Le 8h30 franceinfo est le rendez-vous quotidien d'actualit\u00e9 politique, diffus\u00e9 sur la cha\u00eene franceinfo en simultan\u00e9 radio/t\u00e9l\u00e9vision.", "start_date": "2026-09-03T06:33:00+00:00", "title": "8h30 franceinfo"}, {"desc": null, "start_date": "2026-09-03T06:58:00+00:00", "title": "L'info s'\u00e9claire"}, {"desc": null, "start_date": "2026-09-03T08:58:00+00:00", "title": "Le fil info"}, {"desc": null, "start_date": "2026-09-03T11:20:00+00:00", "title": "L'info outre-mer"}, {"desc": null, "start_date": "2026-09-03T11:29:00+00:00", "title": "Le fil info"}, {"desc": null, "start_date": "2026-09-03T14:39:00+00:00", "title": "Le Scan info"}, {"desc": null, "start_date": "2026-09-03T15:58:00+00:00", "title": "Avant le 20h"}, {"desc": "\"Les inform\u00e9s\" est une \u00e9mission d'information et de d\u00e9bat durant laquelle 4 invit\u00e9(e)s commentent l'actualit\u00e9 et d\u00e9veloppent leurs points de vue.", "start_date": "2026-09-03T18:02:00+00:00", "title": "Les inform\u00e9s du soir"}, {"desc": "Une mise en avant le terrain, le reportage et le d\u00e9cryptage de l'actualit\u00e9.", "start_date": "2026-09-03T18:28:00+00:00", "title": "A suivre avec Lo\u00efc de la Mornais"}, {"desc": null, "start_date": "2026-09-03T20:59:00+00:00", "title": "23h info"}, {"desc": "France 24 traite de toutes les actualit\u00e9s, en temps r\u00e9el, en images et en vid\u00e9os, avec les analyses et les derni\u00e8res informations des journalistes de la r\u00e9daction.", "start_date": "2026-09-03T23:59:00+00:00", "title": "France 24"}], "offset": "+00:00", "timezone": "UTC", "error_code": -1, "start_date": "2026-09-02", "icon": ""}