{"end_date": "2026-08-31", "name": "RAI 1", "info_url": "https://epg.pw/channels/459199/20260830.html", "country": "France", "description": null, "error_message": "", "provider": "", "source_url": "https://epg.pw/api/epg.json?channel_id=459199&date=20260830&timezone=None", "epg_list": [{"desc": null, "start_date": "2026-08-30T00:05:00+00:00", "title": "Che tempo fa"}, {"desc": "L'itin\u00e9raire professionnel d'une personnalit\u00e9 issue du domaine de la culture, du spectacle ou du sport.", "start_date": "2026-08-30T00:10:00+00:00", "title": "Sottovoce"}, {"desc": null, "start_date": "2026-08-30T01:40:00+00:00", "title": "Reazione a catena"}, {"desc": "Nata nel 2012, la fortunata trasmissione di Rai1 gi\u00e0 nel titolo fa riferimento al suo esclusivo campo d'azione che \u00e8 l'immenso patrimonio dell'archivio audiovisivo della RAI. In particolare seleziona \"scenette\" dell'intrattenimento, quelle baciate dal successo e non solo, e riporta alla ribalta anche quelle \"chicche\" dimenticate, cio\u00e8 non accolte dalla dovuta attenzione durante la messa in onda or", "start_date": "2026-08-30T02:55:00+00:00", "title": "TecheTecheT\u00e8"}, {"desc": null, "start_date": "2026-08-30T03:20:00+00:00", "title": "A Sua immagine"}, {"desc": null, "start_date": "2026-08-30T04:00:00+00:00", "title": "RAInews24"}, {"desc": null, "start_date": "2026-08-30T05:00:00+00:00", "title": "TG1"}, {"desc": "Un racconto sulla bellezza e fragilit\u00e0 del nostro mare, custode di biodiversit\u00e0 e culla di civilt\u00e0. Un focus su potenzialit\u00e0 economiche, problemi ambientali e sicurezza, nel rispetto delle tradizioni.", "start_date": "2026-08-30T05:05:00+00:00", "title": "Linea blu"}, {"desc": null, "start_date": "2026-08-30T06:00:00+00:00", "title": "TG1"}, {"desc": "In studio Carolina Rey e Fabio Gallo condurranno il pubblico nei luoghi pi\u00f9 suggestivi, affollati o nascosti del nostro Paese grazie agli inviati Rosanna Cacio e Fabrizio D'Alessio che individueranno e racconteranno le centinaia di tipicit\u00e0 del Belpaese, i luoghi d'arte e i luoghi speciali che fanno dell'Italia una delle mete pi\u00f9 ambite dal turismo internazionale.", "start_date": "2026-08-30T06:20:00+00:00", "title": "Unomattina Weekly"}, {"desc": null, "start_date": "2026-08-30T07:00:00+00:00", "title": "TG1"}, {"desc": "Carolina Rey e Fabio Gallo ci guidano alla scoperta dei luoghi pi\u00f9 suggestivi e nascosti d'Italia, senza tralasciare l'attualit\u00e0 con ospiti, collegamenti e approfondimenti sulle notizie pi\u00f9 rilevanti della settimana.", "start_date": "2026-08-30T07:05:00+00:00", "title": "Unomattina Weekly"}, {"desc": "Il telegiornale di RAI 1, edizione per i sordi in LIS (lingua dei segni italiana).", "start_date": "2026-08-30T07:25:00+00:00", "title": "TG1 L.I.S."}, {"desc": "Nel solco della tradizione della storica trasmissione Rai, \"Check-Up\" riporta all'attenzione del pubblico l'eccellenza medica del nostro Paese, grazie alla presenza in studio dei pi\u00f9 autorevoli medici italiani. In un momento in cui ci si interroga quotidianamente su temi medico-scientifici, il programma si propone anche di sostenere le ragioni della scienza medica e di offrire gli strumenti per af", "start_date": "2026-08-30T07:30:00+00:00", "title": "Check Up"}, {"desc": null, "start_date": "2026-08-30T08:15:00+00:00", "title": "A Sua immagine"}, {"desc": "Celebrazione della Santa Messa, momento centrale della vita liturgica cristiana. Regia di Simone Chiappetta. Commento liturgico di Orazio Coclite.", "start_date": "2026-08-30T08:55:00+00:00", "title": "Santa Messa"}, {"desc": null, "start_date": "2026-08-30T09:50:00+00:00", "title": "A Sua immagine"}, {"desc": null, "start_date": "2026-08-30T10:00:00+00:00", "title": "A Sua immagine"}, {"desc": null, "start_date": "2026-08-30T10:10:00+00:00", "title": "A Sua immagine"}, {"desc": "Un viaggio tra le eccellenze dell'agricoltura italiana, tra ambiente, enogastronomia e nuove frontiere per la salvaguardia del territorio.", "start_date": "2026-08-30T10:20:00+00:00", "title": "Linea verde"}, {"desc": null, "start_date": "2026-08-30T11:30:00+00:00", "title": "Telegiornale"}, {"desc": "Ogni settimana la \"signora della domenica\" accoglier\u00e0 nello studio di \"Domenica In\" i protagonisti dell'attualit\u00e0, i grandi nomi e i nuovi talenti dello spettacolo, le persone che, con le loro piccole e grandi storie , ci faranno emozionare e ci permetteranno di capire meglio il presente. Un appuntamento da vivere con il sorriso e il buonumore, andando dritti al cuore delle cose e delle persone.", "start_date": "2026-08-30T12:00:00+00:00", "title": "Domenica in"}, {"desc": "Anna Falchi e Fabrizio Rocca accolgono artisti e personaggi del mondo dello spettacolo per commentare insieme notizie e curiosit\u00e0 dell'estate.", "start_date": "2026-08-30T12:40:00+00:00", "title": "Un'estate italiana"}, {"desc": "Gli artisti di strada condivideranno i loro talenti legati ad ogni forma d'arte, dalla musica al canto, dalla danza alla giocoleria, e incanteranno i telespettatori con straordinarie esibizioni. Ma ognuno di loro, oltre al proprio talento, reca con s\u00e9 una storia personale, a volte commovente, altre volte eccentrica o divertente, ma che non manca mai di suscitare curiosit\u00e0 ed emozioni in chi l'asco", "start_date": "2026-08-30T13:30:00+00:00", "title": "Dalla strada al palco"}, {"desc": null, "start_date": "2026-08-30T15:05:00+00:00", "title": "Che tempo fa"}, {"desc": null, "start_date": "2026-08-30T15:15:00+00:00", "title": "TG1"}, {"desc": "Nek conduce il talent show dedicato a cantanti, musicisti e artisti di strada che si esibiscono e si raccontano per conquistare il premio di miglior artista di strada d'Italia.", "start_date": "2026-08-30T15:20:00+00:00", "title": "Dalla strada al palco"}, {"desc": null, "start_date": "2026-08-30T16:40:00+00:00", "title": "Reazione a catena"}, {"desc": null, "start_date": "2026-08-30T18:00:00+00:00", "title": "Telegiornale"}, {"desc": null, "start_date": "2026-08-30T18:35:00+00:00", "title": "L'Eredit\u00e0"}, {"desc": "In\u00e9dit. Leopoldo e Amanda si promettono amore eterno da bambini. Venticinque anni dopo, l'ambizione di lui mette a rischio il loro matrimonio quando lei riceve un lavoro all'estero. Lui cercher\u00e0 di riconquistarla.", "start_date": "2026-08-30T19:30:00+00:00", "title": "Rido perch\u00e9 ti amo"}, {"desc": null, "start_date": "2026-08-30T21:35:00+00:00", "title": "TG1"}, {"desc": "Approfondimento settimanale del Tg1: attualit\u00e0, sport, esteri, cultura, politica. Direttore Gian Marco Chiocci, con Marialuisa Busi, Alessandra Mancuso e altri.", "start_date": "2026-08-30T21:40:00+00:00", "title": "Speciale TG1"}, {"desc": null, "start_date": "2026-08-30T22:50:00+00:00", "title": "Che tempo fa"}, {"desc": "L'itin\u00e9raire professionnel d'une personnalit\u00e9 issue du domaine de la culture, du spectacle ou du sport.", "start_date": "2026-08-30T22:55:00+00:00", "title": "Sottovoce"}, {"desc": null, "start_date": "2026-08-31T00:25:00+00:00", "title": "Reazione a catena"}, {"desc": null, "start_date": "2026-08-31T01:40:00+00:00", "title": "Il commissario Rex"}, {"desc": null, "start_date": "2026-08-31T02:25:00+00:00", "title": "RAInews24"}, {"desc": null, "start_date": "2026-08-31T04:00:00+00:00", "title": "1mattina News"}, {"desc": "Lo spazio dedicato a chi si mette in viaggio. Informazioni su viabilit\u00e0, condizioni meteorologiche, interruzioni stradali e percorsi alternativi con aggiornamenti in tempo reale.", "start_date": "2026-08-31T04:25:00+00:00", "title": "Previsioni sulla viabilit\u00e0"}, {"desc": null, "start_date": "2026-08-31T04:30:00+00:00", "title": "TG1"}, {"desc": null, "start_date": "2026-08-31T04:35:00+00:00", "title": "1mattina News"}, {"desc": null, "start_date": "2026-08-31T04:55:00+00:00", "title": "Che tempo fa"}, {"desc": null, "start_date": "2026-08-31T05:00:00+00:00", "title": "TG1"}, {"desc": null, "start_date": "2026-08-31T05:10:00+00:00", "title": "1mattina News"}, {"desc": null, "start_date": "2026-08-31T06:00:00+00:00", "title": "TG1"}, {"desc": null, "start_date": "2026-08-31T06:30:00+00:00", "title": "Che tempo fa"}, {"desc": "Lo storico contenitore della mattina di Rai1 si occupa come di consueto di attualit\u00e0 italiana ed estera, politica, econom ia, medicina, benessere, cronaca e della promozione del territorio. Si affronteranno quotidianamente, con ospiti in studio ed in collegamento, i temi caldi della politica, dell'attualit\u00e0 e della cronaca. L'angolo web consente di tenere sempre aperta , in tempo reale, una finest", "start_date": "2026-08-31T06:35:00+00:00", "title": "Unomattina"}, {"desc": "Il telegiornale di RAI 1, edizione per i sordi in LIS (lingua dei segni italiana).", "start_date": "2026-08-31T07:00:00+00:00", "title": "TG1 L.I.S."}, {"desc": "Il programma della mattina di Rai1 che racconta l'attualit\u00e0 italiana ed estera. Cronaca, politica, cultura, spettacolo, medicina, economia, senza tralasciare l'approfondimento degli argomenti dell'agenda sociale, reportage e speciali.", "start_date": "2026-08-31T07:05:00+00:00", "title": "Unomattina"}, {"desc": "\"Italia A/R\" sar\u00e0 un viaggio vissuto in prima persona, con pedalate fra i borghi, esperienze sportive, incontri con chi quei luoghi li abita e li protegge ogni giorno. Quaranta puntate, una bicicletta e un cane di nome Patricio: il racconto delle radici e delle tradizioni del nostro Paese si unir\u00e0 infatti alla passione del conduttore per la bicicletta, che si sposter\u00e0 da una tappa all'altra in cam", "start_date": "2026-08-31T09:20:00+00:00", "title": "Italia A/R"}, {"desc": "RUBRICA - Camper Osteria Italia porta gli italiani in un viaggio nel cuore pulsante delle tradizioni gastronomiche italiane: le osterie. Tra sapori autentici, sfide culinarie e collegamenti dai territori, racconta la ricchez - za della nostra cucina e dei borghi d'Italia con allegria e convivialit\u00e0. - Conduce Peppone Da un'idea di Angelo Mellone Un programma di Andrea Caterini Produttore Esecutivo", "start_date": "2026-08-31T09:50:00+00:00", "title": "Camper Osteria Italia"}, {"desc": null, "start_date": "2026-08-31T11:30:00+00:00", "title": "Telegiornale"}, {"desc": null, "start_date": "2026-08-31T12:05:00+00:00", "title": "Un'altra vita"}, {"desc": null, "start_date": "2026-08-31T14:00:00+00:00", "title": "TG1"}, {"desc": null, "start_date": "2026-08-31T14:05:00+00:00", "title": "Che tempo fa"}, {"desc": "Rotocalco d'attualit\u00e0, informazione e spettacolo.", "start_date": "2026-08-31T14:10:00+00:00", "title": "La vita in diretta"}, {"desc": null, "start_date": "2026-08-31T16:40:00+00:00", "title": "Reazione a catena"}, {"desc": null, "start_date": "2026-08-31T18:00:00+00:00", "title": "Telegiornale"}, {"desc": null, "start_date": "2026-08-31T18:30:00+00:00", "title": "L'Eredit\u00e0"}, {"desc": null, "start_date": "2026-08-31T19:30:00+00:00", "title": "Il giovane Montalbano"}, {"desc": "Cinque puntate, ognuna dedicata a un giornalista minacciato dalla criminalit\u00e0 organizzata, raccontate attraverso i suoi occhi e il suo lavoro: uno sguardo inedito sull'Italia di oggi e di domani. Cinque documentari che sveleranno la vita e l'attivit\u00e0, difficile e piena di insidie, dei giornalisti che con coraggio raccontano storie di mafie, malaffare, corruzione e poteri illegali.", "start_date": "2026-08-31T21:35:00+00:00", "title": "Cose Nostre"}, {"desc": null, "start_date": "2026-08-31T21:55:00+00:00", "title": "TG1"}, {"desc": "Un programma che racconta la vita di uomini e donne che si sono opposti alla violenza delle mafie pagando un prezzo altissimo, senza mai smettere di fare il proprio dovere. Storie di testimoni.", "start_date": "2026-08-31T22:00:00+00:00", "title": "Cose Nostre"}, {"desc": null, "start_date": "2026-08-31T22:45:00+00:00", "title": "Che tempo fa"}, {"desc": null, "start_date": "2026-08-31T22:50:00+00:00", "title": "Reazione a catena"}], "offset": "+00:00", "timezone": "UTC", "error_code": -1, "start_date": "2026-08-30", "icon": ""}