{"end_date": "2026-09-05", "name": "Histoire", "info_url": "https://epg.pw/channels/459200/20260828.html", "country": "France", "description": null, "error_message": "", "provider": "", "source_url": "https://epg.pw/api/epg.json?channel_id=459200&date=20260828&timezone=None", "epg_list": [{"desc": "Pour certains, Ferdinand Marcos est un des grands dirigeants politiques du XXe si\u00e8cle, pour d'autres, il illustre parfaitement la d\u00e9finition du dictateur.", "start_date": "2026-09-04T00:45:00+00:00", "title": "Le si\u00e8cle de l'Asie"}, {"desc": "2017 a marqu\u00e9 les 70 ans de la partition des Indes qui a entra\u00een\u00e9 l'une des plus grandes migrations de l'histoire contemporaine des peuples.", "start_date": "2026-09-04T01:30:00+00:00", "title": "Le si\u00e8cle de l'Asie"}, {"desc": "En 1519, l'explorateur portugais Fernand de Magellan et ses hommes entreprennent une exp\u00e9dition capitale. Comme Christophe Colomb avant lui, il part \u00e0 la recherche d'une route maritime par l'ouest vers le l\u00e9gendaire archipel des Moluques, en Asie. Magellan va conduire son \u00e9quipage vers des terres jamais foul\u00e9es auparavant.", "start_date": "2026-09-04T02:20:00+00:00", "title": "Magellan sur la route des \u00e9pices"}, {"desc": "Nos programmes se terminent pour cette journ\u00e9e, en attendant ceux de demain.", "start_date": "2026-09-04T03:11:00+00:00", "title": "Pause"}, {"desc": "Edith Thompson et Frederick Bywaters \u00e9taient amoureux : le couple a \u00e9t\u00e9 condamn\u00e9 pour un meurtre dans une affaire qui a choqu\u00e9 la soci\u00e9t\u00e9 et fascin\u00e9 Hitchcock.", "start_date": "2026-09-04T04:00:00+00:00", "title": "Itin\u00e9raire d'un crime"}, {"desc": "Cette s\u00e9rie d\u00e9voile des reconstitutions extraordinaires appuy\u00e9es par des sources d'archives qui prouvent comment les policiers britanniques ont traduit en justice les plus d\u00e9testables meurtriers.", "start_date": "2026-09-04T04:40:00+00:00", "title": "Itin\u00e9raire d'un crime"}, {"desc": "Cette s\u00e9rie d\u00e9voile des reconstitutions extraordinaires appuy\u00e9es par des sources d'archives qui prouvent comment les policiers britanniques ont traduit en justice les plus d\u00e9testables meurtriers.", "start_date": "2026-09-04T05:30:00+00:00", "title": "Itin\u00e9raire d'un crime"}, {"desc": "Par une journ\u00e9e d'\u00e9t\u00e9 de 1934, une horrible d\u00e9couverte est faite dans une malle de la consigne de la gare de Brighton : une enqu\u00eate polici\u00e8re est lanc\u00e9e.", "start_date": "2026-09-04T06:15:00+00:00", "title": "Itin\u00e9raire d'un crime"}, {"desc": "Dans cette collection de documentaires, seul, sur la sc\u00e8ne du th\u00e9\u00e2tre de la Tour Eiffel, Franck Ferrand nous embarque dans des histoires incroyables en nous contant, dans chaque \u00e9pisode, les derni\u00e8res heures d'un personnage historique ou d'un \u00e9v\u00e9nement embl\u00e9matique.", "start_date": "2026-09-04T07:00:00+00:00", "title": "Les derni\u00e8res heures..."}, {"desc": "Cette s\u00e9rie relate l'histoire d'Ukrainiens dont la vie a \u00e9t\u00e9 transform\u00e9e par la guerre. Leurs t\u00e9moignages donnent une perspective individuelle aux \u00e9v\u00e9nements.", "start_date": "2026-09-04T07:30:00+00:00", "title": "Ukraine : une ann\u00e9e en guerre"}, {"desc": "Il s'agit d'un si\u00e8ge comme l'Europe n'en avait pas connu depuis 80 ans : Marioupol a \u00e9t\u00e9 encercl\u00e9e et bloqu\u00e9e pendant pr\u00e8s de trois mois par les forces russes. Elle est devenue le th\u00e9\u00e2tre de certains des pires crimes de guerre, les civils \u00e9tant bombard\u00e9s sans discernement dans le but de forcer les quelques milliers de soldats qui d\u00e9fendaient la ville \u00e0 se rendre.", "start_date": "2026-09-04T08:15:00+00:00", "title": "Ukraine : une ann\u00e9e en guerre"}, {"desc": "Cette s\u00e9rie relate l'histoire d'Ukrainiens dont la vie a \u00e9t\u00e9 transform\u00e9e par la guerre. Leurs t\u00e9moignages donnent une perspective individuelle aux \u00e9v\u00e9nements.", "start_date": "2026-09-04T09:05:00+00:00", "title": "Ukraine : une ann\u00e9e en guerre"}, {"desc": null, "start_date": "2026-09-04T09:50:00+00:00", "title": "La science secr\u00e8te des nazis"}, {"desc": null, "start_date": "2026-09-04T10:35:00+00:00", "title": "La science secr\u00e8te des nazis"}, {"desc": "En 1864, le corps d'un riche banquier est d\u00e9couvert sur les rails entre les gares de Bow et Hackney Wick \u00e0 Londres. La mort de Thomas Briggs n'est pas un accident mais bien le premier meurtre sur un chemin de fer britannique. Personne n'aurait pu pr\u00e9dire le drame \u00e0 venir, la fuite d\u00e9sesp\u00e9r\u00e9e du tueur et la course transatlantique pour le traduire en justice.", "start_date": "2026-09-04T11:35:00+00:00", "title": "Les trains du crime"}, {"desc": "Percy Lefroy Mapleton \u00e9tait un jeune \u00e9crivain talentueux. Mais c'\u00e9tait aussi un menteur et un voleur. En 1881, une com\u00e9dienne devient son obsession. Convaincu qu'elle \u00e9tait son \u00e2me soeur, il a concoct\u00e9 une fraude \u00e9labor\u00e9e pour gagner son c\u0153ur, ce qui l'a finalement conduit \u00e0 un crime sombre et violent.", "start_date": "2026-09-04T12:20:00+00:00", "title": "Les trains du crime"}, {"desc": "Une nuit de septembre 1895, deux policiers des chemins de fer surprirent une bande de voleurs dans un d\u00e9p\u00f4t de marchandises de Wigan. Une violente bagarre \u00e9clata et le sergent-d\u00e9tective Robert Kidd fut poignard\u00e9 \u00e0 mort.", "start_date": "2026-09-04T13:05:00+00:00", "title": "Les trains du crime"}, {"desc": "Gr\u00e2ce aux derni\u00e8res techniques scientifiques, Philippe Charlier enqu\u00eate sur les pathologies qui rongeaient Jean-Paul Marat et Maximilien Robespierre avant leur mort.", "start_date": "2026-09-04T14:10:00+00:00", "title": "L'histoire au scalpel"}, {"desc": "Le m\u00e9decin l\u00e9giste et anthropologue Philippe Charlier s'int\u00e9resse \u00e0 Ren\u00e9 Descartes, l'un des philosophes les plus c\u00e9l\u00e8bres de l'histoire et expose sa pens\u00e9e.", "start_date": "2026-09-04T15:00:00+00:00", "title": "L'histoire au scalpel"}, {"desc": "Et si la guerre de Troie, chant\u00e9e par Hom\u00e8re, avait vraiment eu lieu ? En 1870, l'arch\u00e9ologue allemand Heinrich Schliemann entreprend de fouiller la colline d'Hisarlik, en Turquie. Il y d\u00e9couvre les ruines d'une citadelle antique et ce qu'il pense \u00eatre le tr\u00e9sor du roi Priam. Depuis, des dizaines d'arch\u00e9ologues se sont succ\u00e9d\u00e9 sur la petite colline d'Hisarlik, le site devenant un laboratoire gr\u00e2ce", "start_date": "2026-09-04T15:55:00+00:00", "title": "La guerre de Troie a bien eu lieu"}, {"desc": "Dan Snow part \u00e0 la recherche de l'Atlantide, cit\u00e9 mythique qui intrigue depuis des mill\u00e9naires. Son p\u00e9riple \u00e0 travers la M\u00e9diterran\u00e9e l'am\u00e8ne \u00e0 examiner les indices g\u00e9ologiques et historiques susceptibles d'expliquer l'origine de cette l\u00e9gende. Il confronte les anciennes th\u00e9ories aux d\u00e9couvertes modernes pour tenter de percer le myst\u00e8re.", "start_date": "2026-09-04T17:30:00+00:00", "title": "Les grandes d\u00e9couvertes avec Dan Snow"}, {"desc": "La fondation de Rome en 753 avant J.-C., le proc\u00e8s de Socrate en 399 avant J.-C., la donation de Constantin en 315, la bataille de Talas en 751, la mort de Saint Louis le 25 ao\u00fbt 1270, la prise de Constantinople en 1453, l'assassinat d'Henri IV le 14 mai 1610, la d\u00e9claration d'ind\u00e9pendance am\u00e9ricaine le 4 juillet 1776, le printemps des peuples en 1848, le sac du palais d'\u00e9t\u00e9 de P\u00e9kin en 1860 : l'h", "start_date": "2026-09-04T18:15:00+00:00", "title": "Quand l'histoire fait dates"}, {"desc": "Entre 1793 et 1796, la Vend\u00e9e fut le th\u00e9\u00e2tre d'affrontements d'une rare violence entre paysans et aristocrates insurg\u00e9s et le pouvoir r\u00e9volutionnaire, en particulier lors de l'envoi des colonnes infernales en 1794. Massacre de patriotes, massacres de royalistes : 170 000 Vend\u00e9ens p\u00e9rirent. Que s'est-il r\u00e9ellement pass\u00e9 durant ces trois ann\u00e9es de combat ?", "start_date": "2026-09-04T18:50:00+00:00", "title": "L'ombre d'un doute"}, {"desc": "Chaque ann\u00e9e, les Fran\u00e7ais c\u00e9l\u00e8brent le 14 juillet, anniversaire de la prise de la Bastille en 1789. Que s'est-il r\u00e9ellement pass\u00e9 ce jour-l\u00e0 ? A travers les destins des principaux protagonistes, ce reportage apporte un \u00e9clairage nouveau sur cette journ\u00e9e. Ainsi, la veille de sa chute, la forteresse ne comptait pas plus de dix d\u00e9tenus.", "start_date": "2026-09-04T19:45:00+00:00", "title": "L'ombre d'un doute"}, {"desc": "Retour sur une affaire qui occupe les historiens depuis plus de deux si\u00e8cles. En septembre 1792, alors que la monarchie vient de tomber, les Joyaux de la Couronne, la plus riche collection de bijoux en Europe, disparaissent. Cette perte d'une immense partie du tr\u00e9sor national fran\u00e7ais reste \u00e0 ce jour le plus grand casse de l'histoire.", "start_date": "2026-09-04T20:35:00+00:00", "title": "L'ombre d'un doute"}, {"desc": "Johanna Bonger, belle-soeur de Vincent Van Gogh, devient l'h\u00e9riti\u00e8re inattendue de sa collection de tableaux malgr\u00e9 leurs rares rencontres. Cette jeune bourgeoise hollandaise, d\u00e9termin\u00e9e et perspicace, entreprend de pr\u00e9server et diffuser l'oeuvre du peintre. Son engagement sans faille transforme le destin artistique de l'artiste, le sauvant de l'oubli et assurant sa post\u00e9rit\u00e9 internationale...", "start_date": "2026-09-04T21:35:00+00:00", "title": "A la recherche de l'art perdu"}, {"desc": "D\u00e8s 1943, les Monuments Men, experts d'art, se donnent pour mission de parcourir l'Europe \u00e0 la recherche des oeuvres d'art pill\u00e9es par les nazis.", "start_date": "2026-09-04T22:20:00+00:00", "title": "A la recherche de l'art perdu"}, {"desc": "En 1911, La Joconde dispara\u00eet du Louvre. Pendant deux ans, les th\u00e9ories les plus extravagantes circulent alors sur le sort du tableau. M\u00eame Picasso est suspect\u00e9 du vol.", "start_date": "2026-09-04T23:10:00+00:00", "title": "A la recherche de l'art perdu"}, {"desc": "Les N\u00e9erlandais ont mis du temps \u00e0 appr\u00e9cier \"le ma\u00eetre de la lumi\u00e8re\". Pendant 200 ans, Vermeer et son oeuvre sont totalement tomb\u00e9s dans l'oubli, laissant le champ libre \u00e0 de nombreux falsificateurs.", "start_date": "2026-09-04T23:55:00+00:00", "title": "A la recherche de l'art perdu"}, {"desc": "Le 11 novembre 1942, les troupes allemandes franchissent la ligne de d\u00e9marcation en r\u00e9action au d\u00e9barquement des Alli\u00e9s en Afrique du Nord. Les Fran\u00e7ais de la zone non occup\u00e9e vont vivre \u00e0 leur tour au rythme des uniformes allemands et des tourments de l'occupation. C'est dans cette zone dite \"libre\" qu'est diffus\u00e9, d'octobre 1940 \u00e0 ao\u00fbt 1942 le journal France Actualit\u00e9s Path\u00e9-Gaumont, les soci\u00e9t\u00e9", "start_date": "2026-09-05T00:40:00+00:00", "title": "Au royaume du Mar\u00e9chal"}, {"desc": "Alors que Kamala Harris se pr\u00e9sente comme candidate \u00e0 la pr\u00e9sidence des Etats-Unis, le journaliste anglo-allemand, Matt Frei, examine si elle peut vaincre Donald Trump.", "start_date": "2026-09-05T02:10:00+00:00", "title": "Harris vs Trump : la fracture am\u00e9ricaine"}, {"desc": "N\u00e9e dans une famille de la bourgeoisie juive dans la Vienne de la fin du XIXe si\u00e8cle, Alice Urbach doit subvenir seule aux besoins de ses enfants apr\u00e8s le d\u00e9c\u00e8s de son \u00e9poux. Passionn\u00e9e de gastronomie, elle ouvre une \u00e9cole de cuisine. En 1935, elle publie un livre intitul\u00e9 \"C'est comme \u00e7a qu'on cuisine \u00e0 Vienne\" qui conna\u00eet un \u00e9norme succ\u00e8s. Mais, en mars 1938, Hitler annexe l'Autriche, et Alice U", "start_date": "2026-09-05T03:00:00+00:00", "title": "Comment les nazis ont spoli\u00e9 ma grand-m\u00e8re : l'histoire du livre de cuisine d'Alice"}, {"desc": "Mercredi\u202f13\u202fmai 1981, sur la place Saint-Pierre de Rome. Tandis que Jean-Paul\u202fII salue les milliers de fid\u00e8les, un homme dissimul\u00e9 dans la foule tire sur le pape. C'est la sid\u00e9ration, ce que personne ne pouvait imaginer, vient pourtant de se produire : on a tir\u00e9 sur le pape. Cet attentat marquera les esprits \u00e0 jamais. Une religieuse portugaise pr\u00e9nomm\u00e9e Lucia avait alert\u00e9 le Vatican qu'un destin t", "start_date": "2026-09-05T04:00:00+00:00", "title": "L'\u00e9nigme de Fatima : que nous cache le Vatican ?"}, {"desc": "Les t\u00e9moins de J\u00e9hovah sont une organisation religieuse structur\u00e9e qui a converti pr\u00e8s de 8 millions d'adeptes dans le monde. Ils sont connus pour leur pros\u00e9lytisme et leur patrimoine repose sur la construction de b\u00e2timents par des b\u00e9n\u00e9voles. Ce mouvement, exclusivement dirig\u00e9 par des hommes, annonce une fin du monde imminente et seuls les membres de l'organisation seront sauv\u00e9s. Les t\u00e9moins de J\u00e9", "start_date": "2026-09-05T04:50:00+00:00", "title": "L'\u00e9nigme des t\u00e9moins de J\u00e9hovah"}, {"desc": "La Stasi a tiss\u00e9 un vaste r\u00e9seau d'espionnage au Royaume-Uni pendant la guerre froide. La journaliste britannique Julie Etchingham examine les archives d\u00e9classifi\u00e9es pour r\u00e9v\u00e9ler les activit\u00e9s de la police secr\u00e8te est-allemande sur le territoire britannique. Tandis que Berlin a ouvert ses dossiers il y a trente ans, l'identit\u00e9 des informateurs locaux reste encore secr\u00e8te, posant la question des ra", "start_date": "2026-09-05T05:50:00+00:00", "title": "Stasi, espionnage \u00e0 l'anglaise"}, {"desc": "Marcus Klingberg, mort \u00e0 Paris en 2015 apr\u00e8s 20 ans de prison en Isra\u00ebl, \u00e9tait l'espion le plus dangereux de son pays. Juif polonais engag\u00e9 dans l'Arm\u00e9e rouge pour fuir la Shoah et v\u00e9t\u00e9ran de l'ind\u00e9pendance d'Isra\u00ebl, le professeur Klingberg a \u00e9t\u00e9 pendant trente ans \u00e0 la t\u00eate du programme secret d'armes bact\u00e9riologiques isra\u00e9lien. Nul ne se doutait alors qu'il \u00e9tait la taupe num\u00e9ro un du KGB. Les m", "start_date": "2026-09-05T06:40:00+00:00", "title": "Marcus Klingberg, un pur espion"}, {"desc": "Tout le monde conna\u00eet James Bond et ses gadgets. Au-del\u00e0 de la fiction, cette s\u00e9rie documentaire explore les progr\u00e8s de la panoplie technologique de l'espion-type au fil des d\u00e9cennies. Codes secrets, instruments de surveillance, poisons mortels : tous les aspects du m\u00e9tier sont abord\u00e9s dans les huit \u00e9pisodes de cette saison.", "start_date": "2026-09-05T07:55:00+00:00", "title": "L'art de l'espionnage"}, {"desc": "Tout le monde conna\u00eet James Bond et ses gadgets. Au-del\u00e0 de la fiction, cette s\u00e9rie documentaire explore les progr\u00e8s de la panoplie technologique de l'espion-type au fil des d\u00e9cennies. Codes secrets, instruments de surveillance, poisons mortels : tous les aspects du m\u00e9tier sont abord\u00e9s dans les huit \u00e9pisodes de cette saison.", "start_date": "2026-09-05T08:35:00+00:00", "title": "L'art de l'espionnage"}, {"desc": "Au d\u00e9but de la Seconde Guerre mondiale, scientifiques, politiques et services secrets s'engagent dans une bataille afin de r\u00e9cup\u00e9rer l'eau lourde, \u00e9l\u00e9ment essentiel \u00e0 la fabrication de la premi\u00e8re bombe atomique de l'histoire. C'est un des \u00e9pisodes les plus secrets du conflit. Mais le IIIe Reich n'aura pas la bombe car r\u00e9sistants norv\u00e9giens, savants fran\u00e7ais et chercheurs am\u00e9ricains se mobiliseron", "start_date": "2026-09-05T09:20:00+00:00", "title": "Le IIIe Reich n'aura pas la bombe"}, {"desc": "Le 14 mai 1941, 3747 juifs \u00e9trangers sont arr\u00eat\u00e9s par la police parisienne lors de la rafle dite du \"billet vert\", la premi\u00e8re en France. Plus de huit d\u00e9cennies apr\u00e8s ce drame, un reportage photo sans \u00e9quivalent vient d'\u00eatre miraculeusement retrouv\u00e9. Cette centaine de clich\u00e9s pris par les services de propagande allemands documentent cette matin\u00e9e au cours de laquelle ces hommes ont \u00e9t\u00e9 arr\u00eat\u00e9s et ", "start_date": "2026-09-05T10:10:00+00:00", "title": "1941, les secrets de la rafle du billet vert"}, {"desc": "Dans cette s\u00e9rie, l'historien Dan Snow parcourt le monde sur les traces des d\u00e9couvertes historiques les plus spectaculaires de tous les temps. Dans cet \u00e9pisode, Dan Snow nous relate l'incroyable mise au jour de la cit\u00e9 de Pomp\u00e9i.", "start_date": "2026-09-05T11:15:00+00:00", "title": "Les grandes d\u00e9couvertes avec Dan Snow"}, {"desc": "Dans cette s\u00e9rie, l'historien Dan Snow parcourt le monde sur les traces des d\u00e9couvertes historiques les plus spectaculaires de tous les temps. Dans cet \u00e9pisode, Dan Snow nous relate l'incroyable mise au jour de la cit\u00e9 de Pomp\u00e9i.", "start_date": "2026-09-05T12:05:00+00:00", "title": "Les grandes d\u00e9couvertes avec Dan Snow"}, {"desc": "L'historien Dan Snow relate l'incroyable d\u00e9couverte de gigantesques os de dinosaures dans l'Ouest am\u00e9ricain, qui ont marqu\u00e9 l'histoire de la pal\u00e9ontologie.", "start_date": "2026-09-05T12:55:00+00:00", "title": "Les grandes d\u00e9couvertes avec Dan Snow"}, {"desc": "Le professeur Roberts enqu\u00eate sur les circonstances de la mort du roi George IV d'Angleterre. A travers une reconstitution d\u00e9taill\u00e9e de l'autopsie historique, dirig\u00e9e par un m\u00e9decin l\u00e9giste, elle analyse les causes du d\u00e9c\u00e8s de ce monarque. En collaboration avec des experts m\u00e9dicaux et historiens, l'enqu\u00eate r\u00e9v\u00e8le les conditions m\u00e9dicales et le contexte historique de ses derniers jours.", "start_date": "2026-09-05T13:55:00+00:00", "title": "Autopsie royale"}, {"desc": "Des autopsies reconstitu\u00e9es r\u00e9v\u00e8lent les secrets entourant la mort de plusieurs souverains britanniques. Ces cas sont examin\u00e9s par la professeure Alice Roberts, anatomiste, ost\u00e9o-arch\u00e9ologue et anthropologue. Epaul\u00e9e par des historiens et sp\u00e9cialistes en m\u00e9decine l\u00e9gale, elle d\u00e9voile les v\u00e9ritables circonstances du d\u00e9c\u00e8s de ces monarques dont la fin demeurait jusqu'alors myst\u00e9rieuse.", "start_date": "2026-09-05T14:45:00+00:00", "title": "Autopsie royale"}, {"desc": "En 1770, \u00e0 14 ans \u00e0 peine, l'archiduchesse d'Autriche, Maria Antonia Anna Josepha Joana de Habsbourg-Lorraine, devient Dauphine de France, apr\u00e8s son mariage par procuration avec Louis XVI. Le 16 octobre 1793, le tribunal r\u00e9volutionnaire reconna\u00eet Marie-Antoinette coupable de coop\u00e9ration avec les puissances \u00e9trang\u00e8res : elle est condamn\u00e9e \u00e0 la peine de mort.", "start_date": "2026-09-05T15:30:00+00:00", "title": "L'ombre d'un doute"}, {"desc": "Louis XVII, le fils du roi Louis XVI et de Marie-Antoinette est mort le 8 juin 1795 \u00e0 la prison du Temple, \u00e0 Paris, Une analyse ADN r\u00e9alis\u00e9e en 2000 atteste son parcours.", "start_date": "2026-09-05T16:25:00+00:00", "title": "L'ombre d'un doute"}, {"desc": "Dans cet \u00e9pisode, Franck Ferrand revient sur la fin de Louis XVI et \u00e9voque les moments de doute, d'\u00e9motion de celui fut un Roi et qui n'est plus qu'un simple citoyen.", "start_date": "2026-09-05T18:15:00+00:00", "title": "Les derni\u00e8res heures..."}, {"desc": "Scanner, dosage carbone 14, microscopie \u00e9lectronique \u00e0 balayage, dosages toxicologiques : Philippe Charlier, m\u00e9decin l\u00e9giste et anthropologue, utilise les derni\u00e8res techniques de la m\u00e9decine l\u00e9gale pour faire parler des morts illustres et tenter de d\u00e9couvrir les causes de leur d\u00e9c\u00e8s. Marat et Robespierre, les rois Louis XIII et Louis XIV, Saint Louis, le mar\u00e9chal Ney ou encore Napol\u00e9on Bonaparte s", "start_date": "2026-09-05T18:50:00+00:00", "title": "L'histoire au scalpel"}, {"desc": "Scanner, dosage carbone 14, microscopie \u00e9lectronique \u00e0 balayage, dosages toxicologiques : Philippe Charlier, m\u00e9decin l\u00e9giste et anthropologue, utilise les derni\u00e8res techniques de la m\u00e9decine l\u00e9gale pour faire parler des morts illustres et tenter de d\u00e9couvrir les causes de leur d\u00e9c\u00e8s. Marat et Robespierre, les rois Louis XIII et Louis XIV, Saint Louis, le mar\u00e9chal Ney ou encore Napol\u00e9on Bonaparte s", "start_date": "2026-09-05T19:45:00+00:00", "title": "L'histoire au scalpel"}, {"desc": "Gr\u00e2ce \u00e0 des analyses et des pr\u00e9l\u00e8vements jamais r\u00e9alis\u00e9s auparavant, Philippe Charlier, m\u00e9decin l\u00e9giste et anthropologue, l\u00e8ve le voile sur les derniers myst\u00e8res qui entourent la mort de grands personnages historiques. Louis XIII et Louis XIV, le mar\u00e9chal Ney ou encore Napol\u00e9on : ces patients hors du commun r\u00e9v\u00e8lent tous leurs secrets dans ces enqu\u00eates historiques et m\u00e9dicales.", "start_date": "2026-09-05T20:35:00+00:00", "title": "L'histoire au scalpel"}], "offset": "+00:00", "timezone": "UTC", "error_code": -1, "start_date": "2026-09-04", "icon": ""}