{"end_date": "2026-08-30", "name": "Histoire", "info_url": "https://epg.pw/channels/459200/20260829.html", "country": "France", "description": null, "error_message": "", "provider": "", "source_url": "https://epg.pw/api/epg.json?channel_id=459200&date=20260829&timezone=None", "epg_list": [{"desc": "Le 14 mai 1610, \u00e0 Paris, le roi de France Henri IV est poignard\u00e9 \u00e0 trois reprises par Fran\u00e7ois Ravaillac, un catholique fanatique. Franck Ferrand \u00e9voque ses derni\u00e8res heures.", "start_date": "2026-08-29T18:10:00+00:00", "title": "Les derni\u00e8res heures..."}, {"desc": "Gr\u00e2ce \u00e0 des analyses et des pr\u00e9l\u00e8vements jamais r\u00e9alis\u00e9s auparavant, Philippe Charlier, m\u00e9decin l\u00e9giste et anthropologue, l\u00e8ve le voile sur les derniers myst\u00e8res qui entourent la mort de grands personnages historiques. Louis XIII et Louis XIV, le mar\u00e9chal Ney ou encore Napol\u00e9on : ces patients hors du commun r\u00e9v\u00e8lent tous leurs secrets dans ces enqu\u00eates historiques et m\u00e9dicales.", "start_date": "2026-08-29T18:50:00+00:00", "title": "L'histoire au scalpel"}, {"desc": "Gr\u00e2ce \u00e0 des analyses et des pr\u00e9l\u00e8vements jamais r\u00e9alis\u00e9s auparavant, Philippe Charlier, m\u00e9decin l\u00e9giste et anthropologue, l\u00e8ve le voile sur les derniers myst\u00e8res qui entourent la mort de grands personnages historiques. Louis XIII et Louis XIV, le mar\u00e9chal Ney ou encore Napol\u00e9on : ces patients hors du commun r\u00e9v\u00e8lent tous leurs secrets dans ces enqu\u00eates historiques et m\u00e9dicales.", "start_date": "2026-08-29T19:45:00+00:00", "title": "L'histoire au scalpel"}, {"desc": "Gr\u00e2ce aux derni\u00e8res techniques scientifiques, Philippe Charlier enqu\u00eate sur les pathologies qui rongeaient Jean-Paul Marat et Maximilien Robespierre avant leur mort.", "start_date": "2026-08-29T20:35:00+00:00", "title": "L'histoire au scalpel"}, {"desc": "Le m\u00e9decin l\u00e9giste et anthropologue Philippe Charlier s'int\u00e9resse \u00e0 Ren\u00e9 Descartes, l'un des philosophes les plus c\u00e9l\u00e8bres de l'histoire et expose sa pens\u00e9e.", "start_date": "2026-08-29T21:35:00+00:00", "title": "L'histoire au scalpel"}, {"desc": "L'histoire sombre et m\u00e9connue des foyers et cit\u00e9s d'h\u00e9bergement mis en place par l'Etat fran\u00e7ais pour loger, isoler, et surveiller les immigr\u00e9s pendant les Trente Glorieuses.", "start_date": "2026-08-29T22:30:00+00:00", "title": "Une vie en transit ou l'illusion du provisoire"}, {"desc": "La derni\u00e8re g\u00e9n\u00e9ration de Pieds-Noirs est en train de dispara\u00eetre. Leurs enfants, n\u00e9s apr\u00e8s l'ind\u00e9pendance, se retrouvent d\u00e9positaires d'une histoire qu'ils n'ont pas v\u00e9cue, d'un r\u00e9cit partiel ou confus, d'un h\u00e9ritage parfois lourd \u00e0 porter. C'est le cas de Muriel, Nicolas, Mathilde, Rapha\u00ebl, Emilie et Guillaume. La terre de leurs origines n'existe plus, elle s'est dissoute dans le tragique de l'H", "start_date": "2026-08-29T23:30:00+00:00", "title": "Enfants de Pieds-Noirs, enfants du divorce"}, {"desc": "Les enfants de Pieds-Noirs, n\u00e9s apr\u00e8s l'Ind\u00e9pendance, se retrouvent d\u00e9positaires d'une histoire qu'ils n'ont pas v\u00e9cue, d'un r\u00e9cit partiel et d'un h\u00e9ritage parfois lourd \u00e0 porter.", "start_date": "2026-08-30T00:20:00+00:00", "title": "Enfants de Pieds-Noirs, enfants du divorce"}, {"desc": "Madeleine dite Milou, Denise et Simone Jacob, la future Simone Veil, ont v\u00e9cu une enfance heureuse \u00e0 Nice avant que la Seconde Guerre mondiale ne brise leur bonheur. A partir de correspondances in\u00e9dites et de journaux familiaux, ce film, port\u00e9 par un casting de voix d'acteurs exceptionnels, raconte le destin tragique des soeurs Jacob, l'exp\u00e9rience intime de l'enfer des camps et la vie apr\u00e8s. Leur ", "start_date": "2026-08-30T01:15:00+00:00", "title": "Simone Veil et ses soeurs n\u00e9es Jacob"}, {"desc": "Que sont devenues les victimes des attentats du 13 novembre 2015 \u00e0 Paris et Saint-Denis ? Les survivants, les rescap\u00e9s, les familles et les proches des personnes d\u00e9c\u00e9d\u00e9es ? Et ceux et celles, m\u00e9decins, pompiers, policiers, voisins, qui les ont secourus ? Ce document se fonde sur des t\u00e9moignages recueillis apr\u00e8s les attentats.", "start_date": "2026-08-30T02:45:00+00:00", "title": "13 novembre 2015, des vies plus jamais ordinaires"}, {"desc": "Dans cette collection de documentaires, seul, sur la sc\u00e8ne du th\u00e9\u00e2tre de la Tour Eiffel, Franck Ferrand nous embarque dans des histoires incroyables en nous contant, dans chaque \u00e9pisode, les derni\u00e8res heures d'un personnage historique ou d'un \u00e9v\u00e9nement embl\u00e9matique.", "start_date": "2026-08-30T04:00:00+00:00", "title": "Les derni\u00e8res heures..."}, {"desc": "Dans cette collection de documentaires, seul, sur la sc\u00e8ne du th\u00e9\u00e2tre de la Tour Eiffel, Franck Ferrand nous embarque dans des histoires incroyables en nous contant, dans chaque \u00e9pisode, les derni\u00e8res heures d'un personnage historique ou d'un \u00e9v\u00e9nement embl\u00e9matique.", "start_date": "2026-08-30T04:30:00+00:00", "title": "Les derni\u00e8res heures..."}, {"desc": "Apr\u00e8s son abdication, l'empereur Charles Quint, qui s'est retir\u00e9 \u00e0 Yuste, en Castille, meurt de la malaria le 21 septembre 1558. Franck Ferrand \u00e9voque ses derni\u00e8res heures.", "start_date": "2026-08-30T05:05:00+00:00", "title": "Les derni\u00e8res heures..."}, {"desc": "Dans cette collection de documentaires, seul, sur la sc\u00e8ne du th\u00e9\u00e2tre de la Tour Eiffel, Franck Ferrand nous embarque dans des histoires incroyables en nous contant, dans chaque \u00e9pisode, les derni\u00e8res heures d'un personnage historique ou d'un \u00e9v\u00e9nement embl\u00e9matique.", "start_date": "2026-08-30T05:35:00+00:00", "title": "Les derni\u00e8res heures..."}, {"desc": "Le 14 mai 1610, \u00e0 Paris, le roi de France Henri IV est poignard\u00e9 \u00e0 trois reprises par Fran\u00e7ois Ravaillac, un catholique fanatique. Franck Ferrand \u00e9voque ses derni\u00e8res heures.", "start_date": "2026-08-30T06:10:00+00:00", "title": "Les derni\u00e8res heures..."}, {"desc": "Cette s\u00e9rie de documentaires retrace l'histoire des grands paquebots disparus, du Titanic aux symboles des r\u00e9gimes fascistes. Il explore leur conception, leur apog\u00e9e et leur fin souvent tragique. Ces chefs-d'\u0153uvre d'ing\u00e9nierie incarnaient le prestige national. Les diff\u00e9rents volets examinent les circonstances de leur disparition, s'appuyant sur des images rares et l'expertise d'historiens. Une plo", "start_date": "2026-08-30T06:40:00+00:00", "title": "Les paquebots perdus"}, {"desc": "Tout au long de son existence, Pierre Mend\u00e8s France a \u00e9crit sur sa vie, son histoire et celle de sa famille. Il a collect\u00e9 et tri\u00e9 quantit\u00e9 d'images, de notes, des documents in\u00e9dits. Quarante ans apr\u00e8s sa mort, Yves Jeuland et Alix Maurin donnent \u00e0 d\u00e9couvrir un autre Mend\u00e8s France. Le r\u00e9cit d'un destin, au fil des pages de ses cahiers priv\u00e9s. Une vie romanesque et rocambolesque, celle de PMF, homm", "start_date": "2026-08-30T07:25:00+00:00", "title": "Mend\u00e8s la France"}, {"desc": "Ce documentaire propose de revenir sur les annales du combat pour l'abolition de la peine de mort \u00e0 travers des archives audiovisuelles mais aussi un d\u00e9cryptage historique, des interviews de grands t\u00e9moins et un entretien exceptionnel avec Robert Badinter, l'architecte de l'abolition en France.", "start_date": "2026-08-30T08:40:00+00:00", "title": "L'abolition, le combat capital"}, {"desc": "Antoine K\u00f6pe, un citoyen austro-hongrois a document\u00e9 la chute de l'Empire ottoman \u00e0 travers des centaines d'archives personnelles. Alors que s'approche le centenaire du Trait\u00e9 de Lausanne, ce documentaire refl\u00e8te un monde qui permettait \u00e0 des soci\u00e9t\u00e9s multiethniques et confessionnelles de s'\u00e9panouir.", "start_date": "2026-08-30T09:35:00+00:00", "title": "Antoine le Bienheureux"}, {"desc": "En 1519, l'explorateur portugais Fernand de Magellan et ses hommes entreprennent une exp\u00e9dition capitale. Comme Christophe Colomb avant lui, il part \u00e0 la recherche d'une route maritime par l'ouest vers le l\u00e9gendaire archipel des Moluques, en Asie. Magellan va conduire son \u00e9quipage vers des terres jamais foul\u00e9es auparavant.", "start_date": "2026-08-30T10:30:00+00:00", "title": "Magellan sur la route des \u00e9pices"}, {"desc": "Tout le monde connait les Templiers, cet ordre religieux dont l'ascension fulgurante puis la disparition brutale ont marqu\u00e9 le Moyen Age. Mais peu de gens savent qu'ils ont construit des b\u00e2timents exceptionnels dans l'ensemble du monde chr\u00e9tien, en Terre Sainte mais aussi et surtout en Europe. Gr\u00e2ce aux recherches arch\u00e9ologiques les plus r\u00e9centes, \u00e0 des reconstitutions en trois dimensions et \u00e0 l'i", "start_date": "2026-08-30T11:25:00+00:00", "title": "Les templiers : la d\u00e9mesure des b\u00e2tisseurs"}, {"desc": "Entre 1428 et 1429, Orl\u00e9ans va subir un si\u00e8ge violent et sans piti\u00e9. Les Fran\u00e7ais vont r\u00e9sister pendant sept mois \u00e0 une arm\u00e9e anglaise bien d\u00e9termin\u00e9e \u00e0 conqu\u00e9rir cette ville strat\u00e9gique. Gr\u00e2ce au g\u00e9nie de ses architectes, la ville d'Orl\u00e9ans est extr\u00eamement bien d\u00e9fendue : des murs d'enceinte imprenables, une artillerie de pointe et un gigantesque pont. Pendant des mois, les 30 000 habitants d'Orl", "start_date": "2026-08-30T12:20:00+00:00", "title": "Forteresses assi\u00e9g\u00e9es"}, {"desc": "Pour prot\u00e9ger ses terres normandes des convoitises du Roi de France, Richard Coeur de Lion, Roi d'Angleterre, d\u00e9cide de construire une incroyable forteresse aux dimensions monumentales : un colosse de 5000 tonnes de pierre, 200 m\u00e8tres de longueur, 100 m\u00e8tres de hauteur : le ch\u00e2teau Gaillard. Quatre ans plus tard seulement, le roi de France Philippe Auguste met le si\u00e8ge devant la b\u00e2tisse.", "start_date": "2026-08-30T13:10:00+00:00", "title": "Ch\u00e2teau Gaillard, une forteresse imprenable"}, {"desc": "Brahim, chauffeur de car, assiste dans les Aur\u00e8s, le 1er novembre 1954, \u00e0 l'assassinat de deux passagers. Cet attentat, sign\u00e9 par le FLN, compte parmi les dizaines qui \u00e9clatent ce jour-l\u00e0 sur tout le territoire alg\u00e9rien. Il marque le d\u00e9but de la guerre d'ind\u00e9pendance. Install\u00e9e depuis 1830 en Alg\u00e9rie, la France coloniale est rest\u00e9e sourde aux alertes. Elle ignore encore qu'elle est condamn\u00e9e.", "start_date": "2026-08-30T14:20:00+00:00", "title": "En guerre(s) pour l'Alg\u00e9rie"}, {"desc": "Brahim, chauffeur de car, assiste dans les Aur\u00e8s, le 1er novembre 1954, \u00e0 l'assassinat de deux passagers. Cet attentat, sign\u00e9 par le FLN, compte parmi les dizaines qui \u00e9clatent ce jour-l\u00e0 sur tout le territoire alg\u00e9rien. Il marque le d\u00e9but de la guerre d'ind\u00e9pendance. Install\u00e9e depuis 1830 en Alg\u00e9rie, la France coloniale est rest\u00e9e sourde aux alertes. Elle ignore encore qu'elle est condamn\u00e9e.", "start_date": "2026-08-30T15:10:00+00:00", "title": "En guerre(s) pour l'Alg\u00e9rie"}, {"desc": "Brahim, chauffeur de car, assiste dans les Aur\u00e8s, le 1er novembre 1954, \u00e0 l'assassinat de deux passagers. Cet attentat, sign\u00e9 par le FLN, compte parmi les dizaines qui \u00e9clatent ce jour-l\u00e0 sur tout le territoire alg\u00e9rien. Il marque le d\u00e9but de la guerre d'ind\u00e9pendance. Install\u00e9e depuis 1830 en Alg\u00e9rie, la France coloniale est rest\u00e9e sourde aux alertes. Elle ignore encore qu'elle est condamn\u00e9e.", "start_date": "2026-08-30T16:05:00+00:00", "title": "En guerre(s) pour l'Alg\u00e9rie"}, {"desc": "Quelques figures f\u00e9minines occupaient des positions de fa\u00e7ade au sein du parti nazi, mais leur mission r\u00f4le \u00e9tait de promouvoir l'id\u00e9al f\u00e9minin nazi centr\u00e9 sur la maternit\u00e9 et le foyer.", "start_date": "2026-08-30T17:05:00+00:00", "title": "Les femmes du IIIe Reich"}, {"desc": "Quelques figures f\u00e9minines occupaient des positions de fa\u00e7ade au sein du parti nazi, mais leur mission r\u00f4le \u00e9tait de promouvoir l'id\u00e9al f\u00e9minin nazi centr\u00e9 sur la maternit\u00e9 et le foyer.", "start_date": "2026-08-30T17:50:00+00:00", "title": "Les femmes du IIIe Reich"}, {"desc": "La Stasi a tiss\u00e9 un vaste r\u00e9seau d'espionnage au Royaume-Uni pendant la guerre froide. La journaliste britannique Julie Etchingham examine les archives d\u00e9classifi\u00e9es pour r\u00e9v\u00e9ler les activit\u00e9s de la police secr\u00e8te est-allemande sur le territoire britannique. Tandis que Berlin a ouvert ses dossiers il y a trente ans, l'identit\u00e9 des informateurs locaux reste encore secr\u00e8te, posant la question des ra", "start_date": "2026-08-30T18:50:00+00:00", "title": "Stasi, espionnage \u00e0 l'anglaise"}, {"desc": "Marcus Klingberg, mort \u00e0 Paris en 2015 apr\u00e8s 20 ans de prison en Isra\u00ebl, \u00e9tait l'espion le plus dangereux de son pays. Juif polonais engag\u00e9 dans l'Arm\u00e9e rouge pour fuir la Shoah et v\u00e9t\u00e9ran de l'ind\u00e9pendance d'Isra\u00ebl, le professeur Klingberg a \u00e9t\u00e9 pendant trente ans \u00e0 la t\u00eate du programme secret d'armes bact\u00e9riologiques isra\u00e9lien. Nul ne se doutait alors qu'il \u00e9tait la taupe num\u00e9ro un du KGB. Les m", "start_date": "2026-08-30T19:40:00+00:00", "title": "Marcus Klingberg, un pur espion"}, {"desc": "Mercredi\u202f13\u202fmai 1981, sur la place Saint-Pierre de Rome. Tandis que Jean-Paul\u202fII salue les milliers de fid\u00e8les, un homme dissimul\u00e9 dans la foule tire sur le pape. C'est la sid\u00e9ration, ce que personne ne pouvait imaginer, vient pourtant de se produire : on a tir\u00e9 sur le pape. Cet attentat marquera les esprits \u00e0 jamais. Une religieuse portugaise pr\u00e9nomm\u00e9e Lucia avait alert\u00e9 le Vatican qu'un destin t", "start_date": "2026-08-30T20:50:00+00:00", "title": "L'\u00e9nigme de Fatima : que nous cache le Vatican ?"}, {"desc": "Les t\u00e9moins de J\u00e9hovah sont une organisation religieuse structur\u00e9e qui a converti pr\u00e8s de 8 millions d'adeptes dans le monde. Ils sont connus pour leur pros\u00e9lytisme et leur patrimoine repose sur la construction de b\u00e2timents par des b\u00e9n\u00e9voles. Ce mouvement, exclusivement dirig\u00e9 par des hommes, annonce une fin du monde imminente et seuls les membres de l'organisation seront sauv\u00e9s. Les t\u00e9moins de J\u00e9", "start_date": "2026-08-30T21:45:00+00:00", "title": "L'\u00e9nigme des t\u00e9moins de J\u00e9hovah"}, {"desc": "Pendant la Seconde Guerre mondiale, des femmes s'engagent dans des missions p\u00e9rilleuses contre l'Allemagne nazie. Pilotes, journalistes ou encore espionnes, ces femmes op\u00e8rent clandestinement en territoire occup\u00e9, coordonnant la r\u00e9sistance et sabotant les installations ennemies. Leurs actions d\u00e9stabilisent les op\u00e9rations nazies, tandis que certaines s'infiltrent en zone alli\u00e9e pour espionner au pr", "start_date": "2026-08-30T22:45:00+00:00", "title": "En premi\u00e8re ligne : combattantes de 39-45"}, {"desc": "Pendant la Seconde Guerre mondiale, des femmes s'engagent dans des missions p\u00e9rilleuses contre l'Allemagne nazie. Pilotes, journalistes ou encore espionnes, ces femmes op\u00e8rent clandestinement en territoire occup\u00e9, coordonnant la r\u00e9sistance et sabotant les installations ennemies. Leurs actions d\u00e9stabilisent les op\u00e9rations nazies, tandis que certaines s'infiltrent en zone alli\u00e9e pour espionner au pr", "start_date": "2026-08-30T23:35:00+00:00", "title": "En premi\u00e8re ligne : combattantes de 39-45"}], "offset": "+00:00", "timezone": "UTC", "error_code": -1, "start_date": "2026-08-29", "icon": ""}