{"end_date": "2026-09-01", "name": "Histoire", "info_url": "https://epg.pw/channels/459200/20260831.html", "country": "France", "description": null, "error_message": "", "provider": "", "source_url": "https://epg.pw/api/epg.json?channel_id=459200&date=20260831&timezone=None", "epg_list": [{"desc": "Pendant la Seconde Guerre mondiale, des femmes s'engagent dans des missions p\u00e9rilleuses contre l'Allemagne nazie. Pilotes, journalistes ou encore espionnes, ces femmes op\u00e8rent clandestinement en territoire occup\u00e9, coordonnant la r\u00e9sistance et sabotant les installations ennemies. Leurs actions d\u00e9stabilisent les op\u00e9rations nazies, tandis que certaines s'infiltrent en zone alli\u00e9e pour espionner au pr", "start_date": "2026-08-31T00:20:00+00:00", "title": "En premi\u00e8re ligne : combattantes de 39-45"}, {"desc": "Tout au long de son existence, Pierre Mend\u00e8s France a \u00e9crit sur sa vie, son histoire et celle de sa famille. Il a collect\u00e9 et tri\u00e9 quantit\u00e9 d'images, de notes, des documents in\u00e9dits. Quarante ans apr\u00e8s sa mort, Yves Jeuland et Alix Maurin donnent \u00e0 d\u00e9couvrir un autre Mend\u00e8s France. Le r\u00e9cit d'un destin, au fil des pages de ses cahiers priv\u00e9s. Une vie romanesque et rocambolesque, celle de PMF, homm", "start_date": "2026-08-31T01:10:00+00:00", "title": "Mend\u00e8s la France"}, {"desc": "Pour certains, Ferdinand Marcos est un des grands dirigeants politiques du XXe si\u00e8cle, pour d'autres, il illustre parfaitement la d\u00e9finition du dictateur.", "start_date": "2026-08-31T02:20:00+00:00", "title": "Le si\u00e8cle de l'Asie"}, {"desc": "2017 a marqu\u00e9 les 70 ans de la partition des Indes qui a entra\u00een\u00e9 l'une des plus grandes migrations de l'histoire contemporaine des peuples.", "start_date": "2026-08-31T03:10:00+00:00", "title": "Le si\u00e8cle de l'Asie"}, {"desc": "Cette s\u00e9rie de documentaires retrace l'histoire des grands paquebots disparus, du Titanic aux symboles des r\u00e9gimes fascistes. Il explore leur conception, leur apog\u00e9e et leur fin souvent tragique. Ces chefs-d'\u0153uvre d'ing\u00e9nierie incarnaient le prestige national. Les diff\u00e9rents volets examinent les circonstances de leur disparition, s'appuyant sur des images rares et l'expertise d'historiens. Une plo", "start_date": "2026-08-31T04:00:00+00:00", "title": "Les paquebots perdus"}, {"desc": "Cette s\u00e9rie de documentaires retrace l'histoire des grands paquebots disparus, du Titanic aux symboles des r\u00e9gimes fascistes. Il explore leur conception, leur apog\u00e9e et leur fin souvent tragique. Ces chefs-d'\u0153uvre d'ing\u00e9nierie incarnaient le prestige national. Les diff\u00e9rents volets examinent les circonstances de leur disparition, s'appuyant sur des images rares et l'expertise d'historiens. Une plo", "start_date": "2026-08-31T04:40:00+00:00", "title": "Les paquebots perdus"}, {"desc": "Le conflit syrien a \u00e9t\u00e9 marqu\u00e9 par des attaques aux armes chimiques qui ont d\u00e9vast\u00e9 La Ghouta, Douma et d'autres localit\u00e9s. Ces actes de guerre ont caus\u00e9 des milliers de victimes civiles innocentes. Des experts documentent m\u00e9ticuleusement ces \u00e9v\u00e9nements en recueillant les t\u00e9moignages des survivants et rassemblent les preuves n\u00e9cessaires pour identifier et poursuivre les responsables de ces crimes.", "start_date": "2026-08-31T05:25:00+00:00", "title": "Syrie, la guerre toxique"}, {"desc": "Le conflit syrien a \u00e9t\u00e9 marqu\u00e9 par des attaques aux armes chimiques qui ont d\u00e9vast\u00e9 La Ghouta, Douma et d'autres localit\u00e9s. Ces actes de guerre ont caus\u00e9 des milliers de victimes civiles innocentes. Des experts documentent m\u00e9ticuleusement ces \u00e9v\u00e9nements en recueillant les t\u00e9moignages des survivants et rassemblent les preuves n\u00e9cessaires pour identifier et poursuivre les responsables de ces crimes.", "start_date": "2026-08-31T06:15:00+00:00", "title": "Syrie, la guerre toxique"}, {"desc": "Le conflit syrien a \u00e9t\u00e9 marqu\u00e9 par des attaques aux armes chimiques qui ont d\u00e9vast\u00e9 La Ghouta, Douma et d'autres localit\u00e9s. Ces actes de guerre ont caus\u00e9 des milliers de victimes civiles innocentes. Des experts documentent m\u00e9ticuleusement ces \u00e9v\u00e9nements en recueillant les t\u00e9moignages des survivants et rassemblent les preuves n\u00e9cessaires pour identifier et poursuivre les responsables de ces crimes.", "start_date": "2026-08-31T07:10:00+00:00", "title": "Syrie, la guerre toxique"}, {"desc": "De la Premi\u00e8re Guerre mondiale \u00e0 nos jours, le statut de la femme n'a cess\u00e9 d'\u00e9voluer entre amour, interdictions, sexualit\u00e9, douleur de l'accouchement, domination masculine, instrumentalisation et progr\u00e8s m\u00e9dicaux, sociaux et politiques. Les femmes, en effet, ont men\u00e9 bien des combats dans un monde domin\u00e9 par les hommes et sont les actrices incontournables de la grande histoire de notre pays. Mais", "start_date": "2026-08-31T07:50:00+00:00", "title": "Tu seras m\u00e8re ma fille"}, {"desc": "Apr\u00e8s la d\u00e9faite de Stalingrad en 1943 et apr\u00e8s que tous les ponts vers la civilisation aient \u00e9t\u00e9 d\u00e9truits, les nazis planifient un suicide \u00e0 l'\u00e9chelle mondiale, qui touchera tout d'abord les Allemands.", "start_date": "2026-08-31T09:25:00+00:00", "title": "Ascension et d\u00e9clin du nazisme"}, {"desc": "En 1945, la guerre est finie. De nombreux nazis brodent leurs propres l\u00e9gendes ou ont recours \u00e0 l'aide d'eccl\u00e9siastiques catholiques afin de s'\u00e9chapper.", "start_date": "2026-08-31T10:20:00+00:00", "title": "Ascension et d\u00e9clin du nazisme"}, {"desc": "En 1770, \u00e0 14 ans \u00e0 peine, l'archiduchesse d'Autriche, Maria Antonia Anna Josepha Joana de Habsbourg-Lorraine, devient Dauphine de France, apr\u00e8s son mariage par procuration avec Louis XVI. Le 16 octobre 1793, le tribunal r\u00e9volutionnaire reconna\u00eet Marie-Antoinette coupable de coop\u00e9ration avec les puissances \u00e9trang\u00e8res : elle est condamn\u00e9e \u00e0 la peine de mort.", "start_date": "2026-08-31T11:35:00+00:00", "title": "L'ombre d'un doute"}, {"desc": "Louis XVII, le fils du roi Louis XVI et de Marie-Antoinette est mort le 8 juin 1795 \u00e0 la prison du Temple, \u00e0 Paris, Une analyse ADN r\u00e9alis\u00e9e en 2000 atteste son parcours.", "start_date": "2026-08-31T12:30:00+00:00", "title": "L'ombre d'un doute"}, {"desc": "De l'assassinat de C\u00e9sar, vainqueur de la guerre des Gaules, par son fils adoptif Brutus sur les marches du S\u00e9nat, aux r\u00e8gnes sanglants des empereurs Caligula et N\u00e9ron, le d\u00e9sordre et la violence r\u00e8gnent au sommet de l'Empire romain.", "start_date": "2026-08-31T14:25:00+00:00", "title": "Secrets d'empires"}, {"desc": "A l'apog\u00e9e de sa puissance, l'empire celte, pourtant non centralis\u00e9, s'\u00e9tendait des \u00eeles britanniques \u00e0 l\u2019Anatolie, en passant par la Bretagne, la Gaule, l'Espagne, l'Italie et les Balkans.", "start_date": "2026-08-31T15:15:00+00:00", "title": "Secrets d'empires"}, {"desc": "Il y a 1200 ans, les pillards Vikings s'engouffrent sur la Seine. Le roi des Francs n\u00e9gocie la paix en \u00e9change d'un territoire qui deviendra la Normandie : le pays des Hommes du Nord.", "start_date": "2026-08-31T16:05:00+00:00", "title": "Normandie, terre de guerriers"}, {"desc": "\u00c0 la t\u00eate de la Normandie, les descendants de Rollon ont constitu\u00e9 un duch\u00e9 puissant et particuli\u00e8rement bien organis\u00e9. Mais en 1035, la couronne revient \u00e0 un enfant de 8 ans, Guillaume le Conqu\u00e9rant. Les Des barons du duch\u00e9 se rebellent et ambitionnent de se d\u00e9barrasser de l'h\u00e9ritier. Suite \u00e0 leur \u00e9chec, l'enfant promet de se venger. A l'\u00e2ge de 20 ans, il est enfin pr\u00eat \u00e0 combattre quiconque oser", "start_date": "2026-08-31T16:55:00+00:00", "title": "Normandie, terre de guerriers"}, {"desc": "En 1189 Richard Coeur de Lion s'allie \u00e0 son ennemi Philippe Auguste pour participer \u00e0 la 3e croisade De retour en France, profitant de son absence, ce dernier conquiert la Normandie.", "start_date": "2026-08-31T17:50:00+00:00", "title": "Normandie, terre de guerriers"}, {"desc": "In\u00e9dit.", "start_date": "2026-08-31T18:50:00+00:00", "title": "Gr\u00e8ce antique, les chroniques de l'ombre"}, {"desc": "In\u00e9dit.", "start_date": "2026-08-31T19:45:00+00:00", "title": "Gr\u00e8ce antique, les chroniques de l'ombre"}, {"desc": "In\u00e9dit.", "start_date": "2026-08-31T20:40:00+00:00", "title": "Gr\u00e8ce antique, les chroniques de l'ombre"}, {"desc": "Quelques figures f\u00e9minines occupaient des positions de fa\u00e7ade au sein du parti nazi, mais leur mission r\u00f4le \u00e9tait de promouvoir l'id\u00e9al f\u00e9minin nazi centr\u00e9 sur la maternit\u00e9 et le foyer.", "start_date": "2026-08-31T21:35:00+00:00", "title": "Les femmes du IIIe Reich"}, {"desc": "Quelques figures f\u00e9minines occupaient des positions de fa\u00e7ade au sein du parti nazi, mais leur mission r\u00f4le \u00e9tait de promouvoir l'id\u00e9al f\u00e9minin nazi centr\u00e9 sur la maternit\u00e9 et le foyer.", "start_date": "2026-08-31T22:25:00+00:00", "title": "Les femmes du IIIe Reich"}, {"desc": "John Fitzgerald Kennedy et Frank Sinatra sont deux figures embl\u00e9matiques de l'Am\u00e9rique des ann\u00e9es 1960. Leur premi\u00e8re rencontre a eu lieu au Sands Hotel de Las Vegas, un \u00e9tablissement associ\u00e9 \u00e0 la mafia, o\u00f9 ils ont rapidement d\u00e9velopp\u00e9 une amiti\u00e9 solide. Sinatra, symbole du glamour d'Hollywood, offrait \u00e0 Kennedy un acc\u00e8s privil\u00e9gi\u00e9 aux femmes de ce milieu, tandis que Kennedy introduisait Sinatra d", "start_date": "2026-08-31T23:15:00+00:00", "title": "Kennedy et Sinatra, la mafia en h\u00e9ritage"}, {"desc": "Suite \u00e0 son \u00e9lection en 1960, Kennedy confie l'organisation de son gala d'investiture \u00e0 Frank Sinatra. Les relations entre les deux hommes se d\u00e9t\u00e9riorent quand le pr\u00e9sident doit rompre avec le milieu mafieux, notamment Sam Giancana, qui avait soutenu sa campagne. Cette rupture, sur r\u00e9v\u00e9lations du FBI d'une liaison commune, met fin \u00e0 leur amiti\u00e9. L'assassinat de Kennedy laissera Sinatra inconsolabl", "start_date": "2026-09-01T00:00:00+00:00", "title": "Kennedy et Sinatra, la mafia en h\u00e9ritage"}, {"desc": "A l'occasion du 75e anniversaire de la Capitulation, le documentariste Michael Wadding retrace les \u00e9v\u00e9nements du 8 mai 1945 tels qu'ils se sont d\u00e9roul\u00e9s \u00e0 travers le monde. Des moments cl\u00e9s, comme la reddition de toutes les forces allemandes, aux histoires intimes de soldats quittant les camps de prisonniers de guerre pour entrer dans une \u00e8re de paix, ce document propose le r\u00e9cit d'une journ\u00e9e pas", "start_date": "2026-09-01T00:45:00+00:00", "title": "Le 8 mai 45, heure par heure"}, {"desc": "Le 11 novembre 1942, les troupes allemandes franchissent la ligne de d\u00e9marcation en r\u00e9action au d\u00e9barquement des Alli\u00e9s en Afrique du Nord. Les Fran\u00e7ais de la zone non occup\u00e9e vont vivre \u00e0 leur tour au rythme des uniformes allemands et des tourments de l'occupation. C'est dans cette zone dite \"libre\" qu'est diffus\u00e9, d'octobre 1940 \u00e0 ao\u00fbt 1942 le journal France Actualit\u00e9s Path\u00e9-Gaumont, les soci\u00e9t\u00e9", "start_date": "2026-09-01T01:30:00+00:00", "title": "Au royaume du Mar\u00e9chal"}, {"desc": "Tout le monde conna\u00eet James Bond et ses gadgets. Au-del\u00e0 de la fiction, cette s\u00e9rie documentaire explore les progr\u00e8s de la panoplie technologique de l'espion-type au fil des d\u00e9cennies. Codes secrets, instruments de surveillance, poisons mortels : tous les aspects du m\u00e9tier sont abord\u00e9s dans les huit \u00e9pisodes de cette saison.", "start_date": "2026-09-01T03:05:00+00:00", "title": "L'art de l'espionnage"}, {"desc": "En 1770, \u00e0 14 ans \u00e0 peine, l'archiduchesse d'Autriche, Maria Antonia Anna Josepha Joana de Habsbourg-Lorraine, devient Dauphine de France, apr\u00e8s son mariage par procuration avec Louis XVI. Le 16 octobre 1793, le tribunal r\u00e9volutionnaire reconna\u00eet Marie-Antoinette coupable de coop\u00e9ration avec les puissances \u00e9trang\u00e8res : elle est condamn\u00e9e \u00e0 la peine de mort.", "start_date": "2026-09-01T04:00:00+00:00", "title": "L'ombre d'un doute"}, {"desc": "Louis XVII, le fils du roi Louis XVI et de Marie-Antoinette est mort le 8 juin 1795 \u00e0 la prison du Temple, \u00e0 Paris, Une analyse ADN r\u00e9alis\u00e9e en 2000 atteste son parcours.", "start_date": "2026-09-01T04:55:00+00:00", "title": "L'ombre d'un doute"}, {"desc": "En 1985, \u00e0 bord du Rainbow Warrior, Bunny McDiarmid et Peter Willcox m\u00e8nent une campagne contre les essais nucl\u00e9aires dans le Pacifique Sud. Leur mission de protection des \u00eeles oc\u00e9aniennes s'interrompt brutalement dans le port d'Auckland quand deux charges explosives d\u00e9truisent le bateau de Greenpeace. L'attentat co\u00fbte la vie \u00e0 un photographe et r\u00e9v\u00e8le l'ampleur des tensions environnementales.", "start_date": "2026-09-01T06:45:00+00:00", "title": "Rainbow Warrior : meurtre dans le Pacifique"}, {"desc": "Le Rainbow Warrior, navire de Greenpeace, est d\u00e9truit par une explosion dans le port d'Auckland en juillet 1985, causant la mort d'un photographe. Face \u00e0 cet acte terroriste sans pr\u00e9c\u00e9dent, la police n\u00e9o-z\u00e9landaise lance sa plus grande enqu\u00eate. Les enqu\u00eateurs d\u00e9couvrent rapidement des indices r\u00e9v\u00e9lant une op\u00e9ration minutieusement planifi\u00e9e, depuis la surveillance du navire jusqu'\u00e0 son sabotage.", "start_date": "2026-09-01T07:25:00+00:00", "title": "Rainbow Warrior : meurtre dans le Pacifique"}, {"desc": "L'attentat contre le Rainbow Warrior dans le port d'Auckland le 10 juillet 1985 co\u00fbte la vie \u00e0 un photographe. L'enqu\u00eate polici\u00e8re n\u00e9o-z\u00e9landaise pi\u00e9tine jusqu'\u00e0 ce que des investigations journalistiques fran\u00e7aises d\u00e9voilent l'implication des services secrets de l'Hexagone dans le sabordage du navire de Greenpeace. Les r\u00e9percussions diplomatiques \u00e9branlent les plus hautes sph\u00e8res du pouvoir fran\u00e7a", "start_date": "2026-09-01T08:10:00+00:00", "title": "Rainbow Warrior : meurtre dans le Pacifique"}, {"desc": "La victoire de la Luftwaffe dans la bataille d'Angleterre aurait expos\u00e9 la Grande-Bretagne \u00e0 une invasion allemande mais le combat a \u00e9t\u00e9 remport\u00e9 par la RAF.", "start_date": "2026-09-01T09:00:00+00:00", "title": "Les batailles mythiques de la Seconde Guerre mondiale"}, {"desc": "L'attaque surprise men\u00e9e par le Japon sur la base navale am\u00e9ricaine de Pearl Harbor, le 7 d\u00e9cembre 1941, a pr\u00e9cipit\u00e9 l'entr\u00e9e en guerre des Etats-Unis.", "start_date": "2026-09-01T09:45:00+00:00", "title": "Les batailles mythiques de la Seconde Guerre mondiale"}, {"desc": "Le 6 juin 1944, une op\u00e9ration amphibie d'une ampleur in\u00e9dite permet aux Alli\u00e9s de d\u00e9barquer en Normandie, d\u00e9butant ainsi la lib\u00e9ration de la France.", "start_date": "2026-09-01T10:30:00+00:00", "title": "Les batailles mythiques de la Seconde Guerre mondiale"}, {"desc": "Dans cet \u00e9pisode, le th\u00e9\u00e2tre de la Tour Eiffel devient le cadre introspectif des derni\u00e8res heures d'une personnalit\u00e9 historique marquante : Indira Gandhi, premi\u00e8re femme Premier ministre de l'Inde. A travers une narration riche en d\u00e9tails, Franck Ferrand transporte les t\u00e9l\u00e9spectateurs dans le pass\u00e9 pour explorer les circonstances entourant son tragique assassinat.", "start_date": "2026-09-01T11:35:00+00:00", "title": "Les derni\u00e8res heures..."}, {"desc": "Dans cette collection de documentaires, seul, sur la sc\u00e8ne du th\u00e9\u00e2tre de la Tour Eiffel, Franck Ferrand nous embarque dans des histoires incroyables en nous contant, dans chaque \u00e9pisode, les derni\u00e8res heures d'un personnage historique ou d'un \u00e9v\u00e9nement embl\u00e9matique.", "start_date": "2026-09-01T12:05:00+00:00", "title": "Les derni\u00e8res heures..."}, {"desc": "Dans cette collection de documentaires, seul, sur la sc\u00e8ne du th\u00e9\u00e2tre de la Tour Eiffel, Franck Ferrand nous embarque dans des histoires incroyables en nous contant, dans chaque \u00e9pisode, les derni\u00e8res heures d'un personnage historique ou d'un \u00e9v\u00e9nement embl\u00e9matique.", "start_date": "2026-09-01T12:35:00+00:00", "title": "Les derni\u00e8res heures..."}, {"desc": "Retour sur la fin \u00e9nigmatique de Cl\u00e9op\u00e2tre, reine \u00e9gyptienne l\u00e9gendaire. Franck Ferrand d\u00e9peint la trag\u00e9die de Cl\u00e9op\u00e2tre \u00e0 travers les r\u00e9cits historiques, mettant en lumi\u00e8re les intrigues politiques, les relations tumultueuses et le destin singulier de la derni\u00e8re pharaonne d'\u00c9gypte.", "start_date": "2026-09-01T13:05:00+00:00", "title": "Les derni\u00e8res heures..."}, {"desc": "Dans cette collection de documentaires, seul, sur la sc\u00e8ne du th\u00e9\u00e2tre de la Tour Eiffel, Franck Ferrand nous embarque dans des histoires incroyables en nous contant, dans chaque \u00e9pisode, les derni\u00e8res heures d'un personnage historique ou d'un \u00e9v\u00e9nement embl\u00e9matique.", "start_date": "2026-09-01T13:35:00+00:00", "title": "Les derni\u00e8res heures..."}, {"desc": "Des autopsies reconstitu\u00e9es r\u00e9v\u00e8lent les secrets entourant la mort de plusieurs souverains britanniques. Ces cas sont examin\u00e9s par la professeure Alice Roberts, anatomiste, ost\u00e9o-arch\u00e9ologue et anthropologue. Epaul\u00e9e par des historiens et sp\u00e9cialistes en m\u00e9decine l\u00e9gale, elle d\u00e9voile les v\u00e9ritables circonstances du d\u00e9c\u00e8s de ces monarques dont la fin demeurait jusqu'alors myst\u00e9rieuse.", "start_date": "2026-09-01T14:10:00+00:00", "title": "Autopsie royale"}, {"desc": null, "start_date": "2026-09-01T14:55:00+00:00", "title": "Gr\u00e8ce antique, les chroniques de l'ombre"}, {"desc": null, "start_date": "2026-09-01T15:50:00+00:00", "title": "Gr\u00e8ce antique, les chroniques de l'ombre"}, {"desc": null, "start_date": "2026-09-01T16:45:00+00:00", "title": "Gr\u00e8ce antique, les chroniques de l'ombre"}, {"desc": "Elles \u00e9taient m\u00e8res, jeunes filles, r\u00e9sistantes et communistes pour la plupart. Leur \"crime\" : avoir dit non \u00e0 la barbarie nazie. En janvier 1943, elles ont \u00e9t\u00e9 d\u00e9port\u00e9es dans le seul train de Fran\u00e7aises non-juives \u00e0 destination du camp de concentration et d'extermination d'Auschwitz-Birkenau. En tout, 231 femmes sont parties, et seulement 49 sont revenues. Elles sont les survivantes d'un groupe q", "start_date": "2026-09-01T17:40:00+00:00", "title": "Matricule 31000, le courage des ombres"}, {"desc": "Au d\u00e9but de la Seconde Guerre mondiale, scientifiques, politiques et services secrets s'engagent dans une bataille afin de r\u00e9cup\u00e9rer l'eau lourde, \u00e9l\u00e9ment essentiel \u00e0 la fabrication de la premi\u00e8re bombe atomique de l'histoire. C'est un des \u00e9pisodes les plus secrets du conflit. Mais le IIIe Reich n'aura pas la bombe car r\u00e9sistants norv\u00e9giens, savants fran\u00e7ais et chercheurs am\u00e9ricains se mobiliseron", "start_date": "2026-09-01T18:50:00+00:00", "title": "Le IIIe Reich n'aura pas la bombe"}, {"desc": "Le 14 mai 1941, 3747 juifs \u00e9trangers sont arr\u00eat\u00e9s par la police parisienne lors de la rafle dite du \"billet vert\", la premi\u00e8re en France. Plus de huit d\u00e9cennies apr\u00e8s ce drame, un reportage photo sans \u00e9quivalent vient d'\u00eatre miraculeusement retrouv\u00e9. Cette centaine de clich\u00e9s pris par les services de propagande allemands documentent cette matin\u00e9e au cours de laquelle ces hommes ont \u00e9t\u00e9 arr\u00eat\u00e9s et ", "start_date": "2026-09-01T19:45:00+00:00", "title": "1941, les secrets de la rafle du billet vert"}, {"desc": "Pers\u00e9cut\u00e9s, d\u00e9port\u00e9s et frapp\u00e9s d'un triangle rose quand les juifs portaient une \u00e9toile jaune, des hommes et des femmes ont \u00e9t\u00e9 cibl\u00e9s par le IIIe Reich uniquement en raison de leur orientation sexuelle. Bas\u00e9 sur des archives r\u00e9cemment d\u00e9couvertes et les derni\u00e8res recherches historiques, ce film d\u00e9taille les m\u00e9canismes de r\u00e9pression mis en place par le r\u00e9gime nazi contre les lesbiennes et les homo", "start_date": "2026-09-01T20:45:00+00:00", "title": "Homosexuels et lesbiennes face au nazisme"}, {"desc": "Mars 1944, une fillette rentre de l'\u00e9cole, trouve des scell\u00e9s sur la porte close de la maison familiale. La voix d'une enfant de 12 ans raconte l'histoire de la famille Cahn.", "start_date": "2026-09-01T21:45:00+00:00", "title": "Le cahier de Dani\u00e8le Kahn"}, {"desc": "Au d\u00e9but de la Seconde Guerre mondiale, le Corps exp\u00e9ditionnaire britannique et d'autres troupes alli\u00e9es ont \u00e9t\u00e9 sauv\u00e9s du port maritime fran\u00e7ais de Dunkerque et emmen\u00e9s de l'autre c\u00f4t\u00e9 de la Manche, en Angleterre. Nick Mavroidakis d\u00e9voile les secrets de cette \u00e9vacuation, l'encerclement des troupes fran\u00e7aises par les Allemands, ainsi que l'histoire des 38 000 hommes qui ont \u00e9t\u00e9 abandonn\u00e9s. Par ail", "start_date": "2026-09-01T22:40:00+00:00", "title": "Les batailles mythiques de la Seconde Guerre mondiale"}, {"desc": "Le 6 juin 1944, une op\u00e9ration amphibie d'une ampleur in\u00e9dite permet aux Alli\u00e9s de d\u00e9barquer en Normandie, d\u00e9butant ainsi la lib\u00e9ration de la France.", "start_date": "2026-09-01T23:25:00+00:00", "title": "Les batailles mythiques de la Seconde Guerre mondiale"}], "offset": "+00:00", "timezone": "UTC", "error_code": -1, "start_date": "2026-08-31", "icon": ""}