{"end_date": "2026-09-04", "name": "Histoire", "info_url": "https://epg.pw/channels/459200/20260903.html", "country": "France", "description": null, "error_message": "", "provider": "", "source_url": "https://epg.pw/api/epg.json?channel_id=459200&date=20260903&timezone=None", "epg_list": [{"desc": "Madeleine dite Milou, Denise et Simone Jacob, la future Simone Veil, ont v\u00e9cu une enfance heureuse \u00e0 Nice avant que la Seconde Guerre mondiale ne brise leur bonheur. A partir de correspondances in\u00e9dites et de journaux familiaux, ce film, port\u00e9 par un casting de voix d'acteurs exceptionnels, raconte le destin tragique des soeurs Jacob, l'exp\u00e9rience intime de l'enfer des camps et la vie apr\u00e8s. Leur ", "start_date": "2026-09-03T01:10:00+00:00", "title": "Simone Veil et ses soeurs n\u00e9es Jacob"}, {"desc": "Tout au long de son existence, Pierre Mend\u00e8s France a \u00e9crit sur sa vie, son histoire et celle de sa famille. Il a collect\u00e9 et tri\u00e9 quantit\u00e9 d'images, de notes, des documents in\u00e9dits. Quarante ans apr\u00e8s sa mort, Yves Jeuland et Alix Maurin donnent \u00e0 d\u00e9couvrir un autre Mend\u00e8s France. Le r\u00e9cit d'un destin, au fil des pages de ses cahiers priv\u00e9s. Une vie romanesque et rocambolesque, celle de PMF, homm", "start_date": "2026-09-03T02:40:00+00:00", "title": "Mend\u00e8s la France"}, {"desc": "Alors que la police enqu\u00eatait sur la disparition de la riche veuve Olive Durand Deacon, elle n'aurait pas pu imaginer les aveux de l'homme qu'elle interrogeait.", "start_date": "2026-09-03T04:00:00+00:00", "title": "Itin\u00e9raire d'un crime"}, {"desc": "Au cours de l'\u00e9t\u00e9 1953, le monde a assist\u00e9 au couronnement de la reine Elizabeth II or, la veille de la c\u00e9r\u00e9monie, le corps d'une adolescente a \u00e9t\u00e9 retrouv\u00e9 flottant dans la Tamise.", "start_date": "2026-09-03T04:40:00+00:00", "title": "Itin\u00e9raire d'un crime"}, {"desc": "Cette s\u00e9rie d\u00e9voile des reconstitutions extraordinaires appuy\u00e9es par des sources d'archives qui prouvent comment les policiers britanniques ont traduit en justice les plus d\u00e9testables meurtriers.", "start_date": "2026-09-03T05:30:00+00:00", "title": "Itin\u00e9raire d'un crime"}, {"desc": "En \u00e9tudiant les fake news \u00e0 travers l'Histoire, Ian Hislop revient sur leurs origines, ce qui les motive pouvoir, profit, parano\u00efa, propagande et ce qui peut \u00eatre fait pour lutter contre.", "start_date": "2026-09-03T06:15:00+00:00", "title": "L'histoire vraie des fake news"}, {"desc": "12 octobre 2000. Lors de son ravitaillement en carburant dans le port d'Aden, au Y\u00e9men, le destroyer am\u00e9ricain USS Cole est attaqu\u00e9 par deux terroristes islamistes \u00e0 bord d'une embarcation pi\u00e9g\u00e9e. L'op\u00e9ration est command\u00e9e par Oussama Ben Laden. Cet attentat-suicide entra\u00eene la mort de 17 marins, dont deux femmes, et des blessures graves chez 39 autres. C'est la premi\u00e8re fois qu'Al-Qa\u00efda cible dir", "start_date": "2026-09-03T07:20:00+00:00", "title": "USS Cole, les pr\u00e9mices du 11 septembre"}, {"desc": "12 octobre 2000. Lors de son ravitaillement en carburant dans le port d'Aden, au Y\u00e9men, le destroyer am\u00e9ricain USS Cole est attaqu\u00e9 par deux terroristes islamistes \u00e0 bord d'une embarcation pi\u00e9g\u00e9e. L'op\u00e9ration est command\u00e9e par Oussama Ben Laden. Cet attentat-suicide entra\u00eene la mort de 17 marins, dont deux femmes, et des blessures graves chez 39 autres. C'est la premi\u00e8re fois qu'Al-Qa\u00efda cible dir", "start_date": "2026-09-03T08:05:00+00:00", "title": "USS Cole, les pr\u00e9mices du 11 septembre"}, {"desc": "12 octobre 2000. Lors de son ravitaillement en carburant dans le port d'Aden, au Y\u00e9men, le destroyer am\u00e9ricain USS Cole est attaqu\u00e9 par deux terroristes islamistes \u00e0 bord d'une embarcation pi\u00e9g\u00e9e. L'op\u00e9ration est command\u00e9e par Oussama Ben Laden. Cet attentat-suicide entra\u00eene la mort de 17 marins, dont deux femmes, et des blessures graves chez 39 autres. C'est la premi\u00e8re fois qu'Al-Qa\u00efda cible dir", "start_date": "2026-09-03T09:00:00+00:00", "title": "USS Cole, les pr\u00e9mices du 11 septembre"}, {"desc": null, "start_date": "2026-09-03T09:45:00+00:00", "title": "La science secr\u00e8te des nazis"}, {"desc": null, "start_date": "2026-09-03T10:35:00+00:00", "title": "La science secr\u00e8te des nazis"}, {"desc": "Jimmy Alcott avait rejoint l'arm\u00e9e apr\u00e8s avoir quitt\u00e9 l'\u00e9cole, mais son s\u00e9jour en Allemagne s'\u00e9tait termin\u00e9 dans la honte lorsqu'il fut traduit en cour martiale pour le meurtre violent d'un civil.", "start_date": "2026-09-03T11:35:00+00:00", "title": "Les trains du crime"}, {"desc": "Un soir de mai 1957, une vieille comtesse polonaise rentrait chez elle lorsqu'elle a \u00e9t\u00e9 agress\u00e9e dans une station de m\u00e9tro. Poignard\u00e9e, elle est d\u00e9c\u00e9d\u00e9e \u00e0 l'h\u00f4pital dans la nuit.", "start_date": "2026-09-03T12:20:00+00:00", "title": "Les trains du crime"}, {"desc": "En 1910, la ville de Newcastle est boulevers\u00e9e par un proc\u00e8s pour meurtre. Un homme avait \u00e9t\u00e9 tu\u00e9 dans un train et son salaire fut vol\u00e9.", "start_date": "2026-09-03T13:05:00+00:00", "title": "Les trains du crime"}, {"desc": "En 1519, l'explorateur portugais Fernand de Magellan et ses hommes entreprennent une exp\u00e9dition capitale. Comme Christophe Colomb avant lui, il part \u00e0 la recherche d'une route maritime par l'ouest vers le l\u00e9gendaire archipel des Moluques, en Asie. Magellan va conduire son \u00e9quipage vers des terres jamais foul\u00e9es auparavant.", "start_date": "2026-09-03T13:55:00+00:00", "title": "Magellan sur la route des \u00e9pices"}, {"desc": "Dan Snow enqu\u00eate sur les myst\u00e8res de Stonehenge, monument pr\u00e9historique embl\u00e9matique du sud de l'Angleterre. En suivant les traces des arch\u00e9ologues, il explore l'histoire de ce cercle de pierres n\u00e9olithiques par des fouilles et analyses approfondies. Les d\u00e9couvertes scientifiques r\u00e9centes lui permettent d'\u00e9clairer l'origine, la construction et la signification de ce site sacr\u00e9.", "start_date": "2026-09-03T14:50:00+00:00", "title": "Les grandes d\u00e9couvertes avec Dan Snow"}, {"desc": "Dan Snow parcourt les sentiers escarp\u00e9s du Machu Picchu, citadelle inca nich\u00e9e dans les Andes p\u00e9ruviennes. Son exploration retrace l'histoire de ce site myst\u00e9rieux, de sa construction \u00e0 son abandon. L'h\u00e9ritage architectural des Incas t\u00e9moigne de leur ma\u00eetrise de la pierre et de l'agriculture en terrasses, tandis que l'orientation du site refl\u00e8te l'importance des rituels solaires.", "start_date": "2026-09-03T15:35:00+00:00", "title": "Les grandes d\u00e9couvertes avec Dan Snow"}, {"desc": "En 1974, des paysans d\u00e9couvrent pr\u00e8s de Xi'an une arm\u00e9e de 8000 guerriers de terre cuite vieille de 2000 ans. Ces statues grandeur nature, chacune au visage unique et remarquablement conserv\u00e9e, sont enterr\u00e9es dans le mausol\u00e9e du premier empereur de Chine Qin Shi Huang. Cette d\u00e9couverte arch\u00e9ologique majeure t\u00e9moigne de la puissance de la dynastie Qin et de ses croyances en une protection dans l'au", "start_date": "2026-09-03T16:20:00+00:00", "title": "Les grandes d\u00e9couvertes avec Dan Snow"}, {"desc": "Lieu de p\u00e8lerinage important dans l'Antiquit\u00e9, l'\u00eele de Philae fascine les voyageurs depuis des si\u00e8cles. Sur ce rocher surgi du Nil, surnomm\u00e9 la \"perle de l'\u00c9gypte\", de puissants souverains ont fait b\u00e2tir des sanctuaires monumentaux depuis l'\u00e9poque des derniers pharaons jusqu'aux Romains. Par la suite, les temples ont \u00e9t\u00e9 pill\u00e9s, vandalis\u00e9s ou transform\u00e9s, avant que les constructions successives d", "start_date": "2026-09-03T17:10:00+00:00", "title": "Philae, le sanctuaire englouti"}, {"desc": null, "start_date": "2026-09-03T18:50:00+00:00", "title": "La science secr\u00e8te des nazis"}, {"desc": null, "start_date": "2026-09-03T19:40:00+00:00", "title": "La science secr\u00e8te des nazis"}, {"desc": null, "start_date": "2026-09-03T20:25:00+00:00", "title": "La science secr\u00e8te des nazis"}, {"desc": null, "start_date": "2026-09-03T21:10:00+00:00", "title": "La science secr\u00e8te des nazis"}, {"desc": "Au d\u00e9but de la Seconde Guerre mondiale, scientifiques, politiques et services secrets s'engagent dans une bataille afin de r\u00e9cup\u00e9rer l'eau lourde, \u00e9l\u00e9ment essentiel \u00e0 la fabrication de la premi\u00e8re bombe atomique de l'histoire. C'est un des \u00e9pisodes les plus secrets du conflit. Mais le IIIe Reich n'aura pas la bombe car r\u00e9sistants norv\u00e9giens, savants fran\u00e7ais et chercheurs am\u00e9ricains se mobiliseron", "start_date": "2026-09-03T21:55:00+00:00", "title": "Le IIIe Reich n'aura pas la bombe"}, {"desc": "Le 14 mai 1941, 3747 juifs \u00e9trangers sont arr\u00eat\u00e9s par la police parisienne lors de la rafle dite du \"billet vert\", la premi\u00e8re en France. Plus de huit d\u00e9cennies apr\u00e8s ce drame, un reportage photo sans \u00e9quivalent vient d'\u00eatre miraculeusement retrouv\u00e9. Cette centaine de clich\u00e9s pris par les services de propagande allemands documentent cette matin\u00e9e au cours de laquelle ces hommes ont \u00e9t\u00e9 arr\u00eat\u00e9s et ", "start_date": "2026-09-03T22:50:00+00:00", "title": "1941, les secrets de la rafle du billet vert"}, {"desc": "D\u00e9but 1998, l'Asie est frapp\u00e9e par une violente crise \u00e9conomique : en Indon\u00e9sie, des manifestations poussent le pr\u00e9sident Suharto \u00e0 la d\u00e9mission.", "start_date": "2026-09-03T23:55:00+00:00", "title": "Le si\u00e8cle de l'Asie"}, {"desc": "Pour certains, Ferdinand Marcos est un des grands dirigeants politiques du XXe si\u00e8cle, pour d'autres, il illustre parfaitement la d\u00e9finition du dictateur.", "start_date": "2026-09-04T00:45:00+00:00", "title": "Le si\u00e8cle de l'Asie"}, {"desc": "2017 a marqu\u00e9 les 70 ans de la partition des Indes qui a entra\u00een\u00e9 l'une des plus grandes migrations de l'histoire contemporaine des peuples.", "start_date": "2026-09-04T01:30:00+00:00", "title": "Le si\u00e8cle de l'Asie"}, {"desc": "En 1519, l'explorateur portugais Fernand de Magellan et ses hommes entreprennent une exp\u00e9dition capitale. Comme Christophe Colomb avant lui, il part \u00e0 la recherche d'une route maritime par l'ouest vers le l\u00e9gendaire archipel des Moluques, en Asie. Magellan va conduire son \u00e9quipage vers des terres jamais foul\u00e9es auparavant.", "start_date": "2026-09-04T02:20:00+00:00", "title": "Magellan sur la route des \u00e9pices"}, {"desc": "Nos programmes se terminent pour cette journ\u00e9e, en attendant ceux de demain.", "start_date": "2026-09-04T03:11:00+00:00", "title": "Pause"}, {"desc": "Edith Thompson et Frederick Bywaters \u00e9taient amoureux : le couple a \u00e9t\u00e9 condamn\u00e9 pour un meurtre dans une affaire qui a choqu\u00e9 la soci\u00e9t\u00e9 et fascin\u00e9 Hitchcock.", "start_date": "2026-09-04T04:00:00+00:00", "title": "Itin\u00e9raire d'un crime"}, {"desc": "Cette s\u00e9rie d\u00e9voile des reconstitutions extraordinaires appuy\u00e9es par des sources d'archives qui prouvent comment les policiers britanniques ont traduit en justice les plus d\u00e9testables meurtriers.", "start_date": "2026-09-04T04:40:00+00:00", "title": "Itin\u00e9raire d'un crime"}, {"desc": "Cette s\u00e9rie d\u00e9voile des reconstitutions extraordinaires appuy\u00e9es par des sources d'archives qui prouvent comment les policiers britanniques ont traduit en justice les plus d\u00e9testables meurtriers.", "start_date": "2026-09-04T05:30:00+00:00", "title": "Itin\u00e9raire d'un crime"}, {"desc": "Par une journ\u00e9e d'\u00e9t\u00e9 de 1934, une horrible d\u00e9couverte est faite dans une malle de la consigne de la gare de Brighton : une enqu\u00eate polici\u00e8re est lanc\u00e9e.", "start_date": "2026-09-04T06:15:00+00:00", "title": "Itin\u00e9raire d'un crime"}, {"desc": "Dans cette collection de documentaires, seul, sur la sc\u00e8ne du th\u00e9\u00e2tre de la Tour Eiffel, Franck Ferrand nous embarque dans des histoires incroyables en nous contant, dans chaque \u00e9pisode, les derni\u00e8res heures d'un personnage historique ou d'un \u00e9v\u00e9nement embl\u00e9matique.", "start_date": "2026-09-04T07:00:00+00:00", "title": "Les derni\u00e8res heures..."}, {"desc": "Cette s\u00e9rie relate l'histoire d'Ukrainiens dont la vie a \u00e9t\u00e9 transform\u00e9e par la guerre. Leurs t\u00e9moignages donnent une perspective individuelle aux \u00e9v\u00e9nements.", "start_date": "2026-09-04T07:30:00+00:00", "title": "Ukraine : une ann\u00e9e en guerre"}, {"desc": "Il s'agit d'un si\u00e8ge comme l'Europe n'en avait pas connu depuis 80 ans : Marioupol a \u00e9t\u00e9 encercl\u00e9e et bloqu\u00e9e pendant pr\u00e8s de trois mois par les forces russes. Elle est devenue le th\u00e9\u00e2tre de certains des pires crimes de guerre, les civils \u00e9tant bombard\u00e9s sans discernement dans le but de forcer les quelques milliers de soldats qui d\u00e9fendaient la ville \u00e0 se rendre.", "start_date": "2026-09-04T08:15:00+00:00", "title": "Ukraine : une ann\u00e9e en guerre"}, {"desc": "Cette s\u00e9rie relate l'histoire d'Ukrainiens dont la vie a \u00e9t\u00e9 transform\u00e9e par la guerre. Leurs t\u00e9moignages donnent une perspective individuelle aux \u00e9v\u00e9nements.", "start_date": "2026-09-04T09:05:00+00:00", "title": "Ukraine : une ann\u00e9e en guerre"}, {"desc": null, "start_date": "2026-09-04T09:50:00+00:00", "title": "La science secr\u00e8te des nazis"}, {"desc": null, "start_date": "2026-09-04T10:35:00+00:00", "title": "La science secr\u00e8te des nazis"}, {"desc": "En 1864, le corps d'un riche banquier est d\u00e9couvert sur les rails entre les gares de Bow et Hackney Wick \u00e0 Londres. La mort de Thomas Briggs n'est pas un accident mais bien le premier meurtre sur un chemin de fer britannique. Personne n'aurait pu pr\u00e9dire le drame \u00e0 venir, la fuite d\u00e9sesp\u00e9r\u00e9e du tueur et la course transatlantique pour le traduire en justice.", "start_date": "2026-09-04T11:35:00+00:00", "title": "Les trains du crime"}, {"desc": "Percy Lefroy Mapleton \u00e9tait un jeune \u00e9crivain talentueux. Mais c'\u00e9tait aussi un menteur et un voleur. En 1881, une com\u00e9dienne devient son obsession. Convaincu qu'elle \u00e9tait son \u00e2me soeur, il a concoct\u00e9 une fraude \u00e9labor\u00e9e pour gagner son c\u0153ur, ce qui l'a finalement conduit \u00e0 un crime sombre et violent.", "start_date": "2026-09-04T12:20:00+00:00", "title": "Les trains du crime"}, {"desc": "Une nuit de septembre 1895, deux policiers des chemins de fer surprirent une bande de voleurs dans un d\u00e9p\u00f4t de marchandises de Wigan. Une violente bagarre \u00e9clata et le sergent-d\u00e9tective Robert Kidd fut poignard\u00e9 \u00e0 mort.", "start_date": "2026-09-04T13:05:00+00:00", "title": "Les trains du crime"}, {"desc": "Gr\u00e2ce aux derni\u00e8res techniques scientifiques, Philippe Charlier enqu\u00eate sur les pathologies qui rongeaient Jean-Paul Marat et Maximilien Robespierre avant leur mort.", "start_date": "2026-09-04T14:10:00+00:00", "title": "L'histoire au scalpel"}, {"desc": "Le m\u00e9decin l\u00e9giste et anthropologue Philippe Charlier s'int\u00e9resse \u00e0 Ren\u00e9 Descartes, l'un des philosophes les plus c\u00e9l\u00e8bres de l'histoire et expose sa pens\u00e9e.", "start_date": "2026-09-04T15:00:00+00:00", "title": "L'histoire au scalpel"}, {"desc": "Et si la guerre de Troie, chant\u00e9e par Hom\u00e8re, avait vraiment eu lieu ? En 1870, l'arch\u00e9ologue allemand Heinrich Schliemann entreprend de fouiller la colline d'Hisarlik, en Turquie. Il y d\u00e9couvre les ruines d'une citadelle antique et ce qu'il pense \u00eatre le tr\u00e9sor du roi Priam. Depuis, des dizaines d'arch\u00e9ologues se sont succ\u00e9d\u00e9 sur la petite colline d'Hisarlik, le site devenant un laboratoire gr\u00e2ce", "start_date": "2026-09-04T15:55:00+00:00", "title": "La guerre de Troie a bien eu lieu"}, {"desc": "Dan Snow part \u00e0 la recherche de l'Atlantide, cit\u00e9 mythique qui intrigue depuis des mill\u00e9naires. Son p\u00e9riple \u00e0 travers la M\u00e9diterran\u00e9e l'am\u00e8ne \u00e0 examiner les indices g\u00e9ologiques et historiques susceptibles d'expliquer l'origine de cette l\u00e9gende. Il confronte les anciennes th\u00e9ories aux d\u00e9couvertes modernes pour tenter de percer le myst\u00e8re.", "start_date": "2026-09-04T17:30:00+00:00", "title": "Les grandes d\u00e9couvertes avec Dan Snow"}, {"desc": "La fondation de Rome en 753 avant J.-C., le proc\u00e8s de Socrate en 399 avant J.-C., la donation de Constantin en 315, la bataille de Talas en 751, la mort de Saint Louis le 25 ao\u00fbt 1270, la prise de Constantinople en 1453, l'assassinat d'Henri IV le 14 mai 1610, la d\u00e9claration d'ind\u00e9pendance am\u00e9ricaine le 4 juillet 1776, le printemps des peuples en 1848, le sac du palais d'\u00e9t\u00e9 de P\u00e9kin en 1860 : l'h", "start_date": "2026-09-04T18:15:00+00:00", "title": "Quand l'histoire fait dates"}, {"desc": "Entre 1793 et 1796, la Vend\u00e9e fut le th\u00e9\u00e2tre d'affrontements d'une rare violence entre paysans et aristocrates insurg\u00e9s et le pouvoir r\u00e9volutionnaire, en particulier lors de l'envoi des colonnes infernales en 1794. Massacre de patriotes, massacres de royalistes : 170 000 Vend\u00e9ens p\u00e9rirent. Que s'est-il r\u00e9ellement pass\u00e9 durant ces trois ann\u00e9es de combat ?", "start_date": "2026-09-04T18:50:00+00:00", "title": "L'ombre d'un doute"}, {"desc": "Chaque ann\u00e9e, les Fran\u00e7ais c\u00e9l\u00e8brent le 14 juillet, anniversaire de la prise de la Bastille en 1789. Que s'est-il r\u00e9ellement pass\u00e9 ce jour-l\u00e0 ? A travers les destins des principaux protagonistes, ce reportage apporte un \u00e9clairage nouveau sur cette journ\u00e9e. Ainsi, la veille de sa chute, la forteresse ne comptait pas plus de dix d\u00e9tenus.", "start_date": "2026-09-04T19:45:00+00:00", "title": "L'ombre d'un doute"}, {"desc": "Retour sur une affaire qui occupe les historiens depuis plus de deux si\u00e8cles. En septembre 1792, alors que la monarchie vient de tomber, les Joyaux de la Couronne, la plus riche collection de bijoux en Europe, disparaissent. Cette perte d'une immense partie du tr\u00e9sor national fran\u00e7ais reste \u00e0 ce jour le plus grand casse de l'histoire.", "start_date": "2026-09-04T20:35:00+00:00", "title": "L'ombre d'un doute"}, {"desc": "Johanna Bonger, belle-soeur de Vincent Van Gogh, devient l'h\u00e9riti\u00e8re inattendue de sa collection de tableaux malgr\u00e9 leurs rares rencontres. Cette jeune bourgeoise hollandaise, d\u00e9termin\u00e9e et perspicace, entreprend de pr\u00e9server et diffuser l'oeuvre du peintre. Son engagement sans faille transforme le destin artistique de l'artiste, le sauvant de l'oubli et assurant sa post\u00e9rit\u00e9 internationale...", "start_date": "2026-09-04T21:35:00+00:00", "title": "A la recherche de l'art perdu"}, {"desc": "D\u00e8s 1943, les Monuments Men, experts d'art, se donnent pour mission de parcourir l'Europe \u00e0 la recherche des oeuvres d'art pill\u00e9es par les nazis.", "start_date": "2026-09-04T22:20:00+00:00", "title": "A la recherche de l'art perdu"}, {"desc": "En 1911, La Joconde dispara\u00eet du Louvre. Pendant deux ans, les th\u00e9ories les plus extravagantes circulent alors sur le sort du tableau. M\u00eame Picasso est suspect\u00e9 du vol.", "start_date": "2026-09-04T23:10:00+00:00", "title": "A la recherche de l'art perdu"}, {"desc": "Les N\u00e9erlandais ont mis du temps \u00e0 appr\u00e9cier \"le ma\u00eetre de la lumi\u00e8re\". Pendant 200 ans, Vermeer et son oeuvre sont totalement tomb\u00e9s dans l'oubli, laissant le champ libre \u00e0 de nombreux falsificateurs.", "start_date": "2026-09-04T23:55:00+00:00", "title": "A la recherche de l'art perdu"}], "offset": "+00:00", "timezone": "UTC", "error_code": -1, "start_date": "2026-09-03", "icon": ""}