{"end_date": "2026-04-27", "name": "TVE Internacional", "info_url": "https://epg.pw/channels/459227/20260426.html", "country": "France", "description": null, "error_message": "", "provider": "", "source_url": "https://epg.pw/api/epg.json?channel_id=459227&date=20260426&timezone=None", "epg_list": [{"desc": "Magac\u00edn de actualidad cuyo objetivo es mostrar al espectador las l\u00edneas fundamentales de lo que est\u00e1 pasando en el \u00e1mbito cultural. Con una vocaci\u00f3n divulgativa clara, el espacio presta especial atenci\u00f3n a las artes esc\u00e9nicas, la m\u00fasica y las artes pl\u00e1sticas.", "start_date": "2026-04-26T00:25:00+00:00", "title": "Atencion obras"}, {"desc": "Programa de actualidad taurina y todos los aspectos relacionados con el mundo del toro.", "start_date": "2026-04-26T00:55:00+00:00", "title": "Tendido cero"}, {"desc": null, "start_date": "2026-04-26T01:55:00+00:00", "title": "Noticias 24 h"}, {"desc": null, "start_date": "2026-04-26T04:00:00+00:00", "title": "Noticias 24 h"}, {"desc": null, "start_date": "2026-04-26T05:00:00+00:00", "title": "Medina en tve"}, {"desc": null, "start_date": "2026-04-26T05:15:00+00:00", "title": "Buenas noticias tv"}, {"desc": "Programa para la difusi\u00f3n de la cultura y religi\u00f3n hebreas.", "start_date": "2026-04-26T05:30:00+00:00", "title": "Shalom"}, {"desc": null, "start_date": "2026-04-26T05:45:00+00:00", "title": "\u00daltimas preguntas"}, {"desc": "Reportajes testimonio de la fe cat\u00f3lica.", "start_date": "2026-04-26T06:10:00+00:00", "title": "Testimonio"}, {"desc": "Documentales y reportajes sobre la vocaci\u00f3n misionera de la Iglesia.", "start_date": "2026-04-26T06:15:00+00:00", "title": "Pueblo de dios"}, {"desc": "Hoy en \u00a1Qu\u00e9 animal! nos adentramos en el misterioso mundo de las medusas. Por ejemplo, una de ellas guarda el secreto de la vida eterna. Est\u00e1n formados por un 95% de agua, no tienen ni cerebro ni coraz\u00f3n y no todos son urticantes. En este cap\u00edtulo descubrimos qu\u00e9 clases habitan en nuestras costas.", "start_date": "2026-04-26T06:45:00+00:00", "title": "\u00a1Qu\u00e9 animal!"}, {"desc": "Independientes, solitarios, con una vista excelente, preparada incluso para la oscuridad\u00bf Hablamos de los gatos, un felino com\u00fan en muchas casas, pero tambi\u00e9n de los m\u00e1s grandes de su especie: los tigres o los leones. Y no nos olvidamos del lince ib\u00e9rico.", "start_date": "2026-04-26T07:13:00+00:00", "title": "\u00a1Qu\u00e9 animal!"}, {"desc": "Programa divulgativo sobrre ecolog\u00eda y medio ambiente, el objetivo del mismo es abogar por el desarrollo sostenible.", "start_date": "2026-04-26T07:40:00+00:00", "title": "Escarabajo verde"}, {"desc": "Un recorrido a trav\u00e9s de la voz del actor \u00c1lex O'Dogherty por las principales arterias fluviales de Espa\u00f1a para conocer a fondo sus paisajes, su historia y sus modos de vida, y tambi\u00e9n su relaci\u00f3n con la humanidad a lo largo del tiempo.", "start_date": "2026-04-26T08:10:00+00:00", "title": "Rios"}, {"desc": "Un espacio para conocer c\u00f3mo es la vida en las peque\u00f1as comunidades rurales y cu\u00e1les son sus principales tradiciones.", "start_date": "2026-04-26T09:10:00+00:00", "title": "Beatus ille"}, {"desc": "La Defensora de la Audiencia, Beatriz Ari\u00f1o, atiende las quejas, reclamaciones y sugerencias de los usuarios de la Corporaci\u00f3n en el programa RTVE Responde.", "start_date": "2026-04-26T09:40:00+00:00", "title": "Rtve responde"}, {"desc": "Primera parte de un viaje alrededor de la trayectoria musical y personal del grupo ABBA. Repasaremos su trayectoria, los principios, el triunfo en el festival de Eurovisi\u00f3n, sus temas en ingl\u00e9s y castellano, las versiones y las parodias de nuestros mejores humoristas.", "start_date": "2026-04-26T10:10:00+00:00", "title": "Viaje al centro de la tele"}, {"desc": "En el programa Flash Moda de esta semana nos trasladamos a Barcelona para seguir muy de cerca todo lo que se presenta en la pasarela 080 Barcelona Fashion. Nos ponemos al d\u00eda en decoraci\u00f3n de interiores en Casa Decor, y la actriz Manuela Velasco comparte con nosotros su pasi\u00f3n por la moda espa\u00f1ola.", "start_date": "2026-04-26T10:40:00+00:00", "title": "Flash moda"}, {"desc": "Magazine en directo, en donde hacemos un repaso a toda la actualidad social de nuestro pa\u00eds.", "start_date": "2026-04-26T11:05:00+00:00", "title": "D corazon"}, {"desc": null, "start_date": "2026-04-26T12:55:00+00:00", "title": "Telediario 1"}, {"desc": "Actualidad deportiva diaria nacional e internacional.", "start_date": "2026-04-26T13:45:00+00:00", "title": "Deportes 1"}, {"desc": null, "start_date": "2026-04-26T13:50:00+00:00", "title": "La suerte en tus manos"}, {"desc": null, "start_date": "2026-04-26T13:55:00+00:00", "title": "Saber y ganar fin de semana"}, {"desc": null, "start_date": "2026-04-26T14:40:00+00:00", "title": "Barrio esperanza"}, {"desc": "and#34;La ciudad no es para m\u00edand#34; protagonizada por Paco Mart\u00ednez Soria, es la comedia que emitimos este s\u00e1bado y de la que nos van a hablar Jacob Petrus, director y presentador de and#34;Aqu\u00ed la Tierraand#34;, y el poeta y novelista Benjam\u00edn Prado.", "start_date": "2026-04-26T15:55:00+00:00", "title": "Cine de barrio 2018"}, {"desc": "Agust\u00edn Valverde, un jubilado pueblerino, decide visitar a su hijo, que vive en Madrid. All\u00ed, lograr\u00e1 solucionar todos los problemas de su familia. Comedia de tono moralizante muy exitosa y popular, que convirti\u00f3 a Paco Mart\u00ednez Soria en una estrella cinematogr\u00e1fica al final de su carrera. Este interpreta a un personaje que mezcla los tradicionales esquemas del paleto en la ciudad y del hombre bon", "start_date": "2026-04-26T16:05:00+00:00", "title": "La ciudad no es para mi"}, {"desc": "\u00bfSukha? es cultura, bienestar y conocimiento. Es arte, m\u00fasica, historia, humor y divulgaci\u00f3n. Es conectar con la vida en directo y ampliar la conversaci\u00f3n. \u00bfSukha? es televisi\u00f3n para disfrutar.", "start_date": "2026-04-26T17:50:00+00:00", "title": "Sukha"}, {"desc": null, "start_date": "2026-04-26T18:55:00+00:00", "title": "Telediario 2"}, {"desc": "Actualidad deportiva diaria nacional e internacional.", "start_date": "2026-04-26T19:50:00+00:00", "title": "Deportes 2"}, {"desc": "Un retrato visual del silencio y el viento a trav\u00e9s de los ojos de uno de los mejores fot\u00f3grafos espa\u00f1oles del siglo XX, At\u00edn Aya.", "start_date": "2026-04-26T20:00:00+00:00", "title": "Imprescindibles at\u00edn aya"}, {"desc": "Lara Siscar entrevista en profundidad a periodistas singulares de Espa\u00f1a. Con ellos viaja al lugar de un hecho impactante del que fueron testigos, recuerdan sus or\u00edgenes, se encuentran con amigos, y narran la intrahistoria de las grandes noticias que todos recordamos.", "start_date": "2026-04-26T20:55:00+00:00", "title": "En primicia"}, {"desc": "En Portada aborda el tema de la vivienda que se ha convertido en la mayor preocupaci\u00f3n de los espa\u00f1oles porque cada vez es m\u00e1s dif\u00edcil acceder a una casa. La mayor\u00eda de los propietarios de pisos de alquiler son particulares, el mercado lo mueven los fondos de inversi\u00f3n y los grandes tenedores.", "start_date": "2026-04-26T21:45:00+00:00", "title": "En portada (nueva temporada)"}, {"desc": "and#34;La revoluci\u00f3n de la cultura tiene que ver con la denuncia y la protestaand#34;, explica el cantautor, que no es partidario de and#34;juzgar la historia de la conquista de am\u00e9rica con los ojos de hoyand#34;.", "start_date": "2026-04-26T22:40:00+00:00", "title": "Plano general"}, {"desc": "Espacio de cultura que se ha convertido en un punto de referencia obligado para todos aquellos inquietos por seguir las \u00faltimas tendencias en el campo de la creaci\u00f3n art\u00edstica. Temporada tras temporada, el programa ha sabido crear su propio lenguaje televisivo.", "start_date": "2026-04-26T23:10:00+00:00", "title": "Metropolis"}, {"desc": "Latenight de actualidad, humor y cultura, conducido por Henar \u00c1lvarez, con una mesa diversa de colaboradores e invitados.", "start_date": "2026-04-26T23:40:00+00:00", "title": "Al cielo con ella"}, {"desc": "Espacio que recoge la actualidad cinematogr\u00e1fica espa\u00f1ola e internacional desgranando los estrenos de la cartelera. El programa se hace eco, tambi\u00e9n, de lo que acontece en los festivales y repasa la trayectoria de actores y directores clave del s\u00e9ptimo arte.", "start_date": "2026-04-27T01:00:00+00:00", "title": "Dias de cine"}, {"desc": null, "start_date": "2026-04-27T02:00:00+00:00", "title": "Noticias 24 h"}, {"desc": "Programa divulgativo sobre educaci\u00f3n.", "start_date": "2026-04-27T03:30:00+00:00", "title": "La aventura del saber"}, {"desc": null, "start_date": "2026-04-27T04:30:00+00:00", "title": "Telediario matinal"}, {"desc": "El programa cuenta con reportajes y entrevistas, dedicados a analizar en profundidad el mundo de la pol\u00edtica y la actualidad.", "start_date": "2026-04-27T05:50:00+00:00", "title": "La hora de la 1"}, {"desc": "Ma\u00f1aneros es el magacine matinal de entretenimiento de TVE, que recoge la actualidad con rigor y en tiempo real., de una manera \u00e1gil, amable e interactiva.", "start_date": "2026-04-27T08:35:00+00:00", "title": "Ma\u00f1aneros 360"}, {"desc": "Ma\u00f1aneros es el magacine matinal de entretenimiento de TVE, que recoge la actualidad con rigor y en tiempo real., de una manera \u00e1gil, amable e interactiva.", "start_date": "2026-04-27T12:20:00+00:00", "title": "Ma\u00f1aneros 360"}, {"desc": null, "start_date": "2026-04-27T12:55:00+00:00", "title": "Telediario 1"}, {"desc": "Actualidad deportiva diaria nacional e internacional.", "start_date": "2026-04-27T13:35:00+00:00", "title": "Deportes 1"}, {"desc": null, "start_date": "2026-04-27T13:40:00+00:00", "title": "Saber y ganar"}, {"desc": null, "start_date": "2026-04-27T14:25:00+00:00", "title": "Cifras y letras"}, {"desc": "Magacine de actualidad social y pol\u00edtica con secciones de humor y de verificaci\u00f3n de noticias falsas.", "start_date": "2026-04-27T14:55:00+00:00", "title": "Directo al grano"}, {"desc": "En 1913, en Espagne, Jana est embauch\u00e9e comme domestique au sein du domaine \"La Promesa\", situ\u00e9 dans la vall\u00e9e de Los Pedroches, apr\u00e8s avoir sauv\u00e9 la vie du fils de la propri\u00e9taire, la marquise de Luj\u00e1n. Ses nouveaux employeurs ignorent qu'elle n'est pas arriv\u00e9e chez eux par hasard. La jeune femme est bien d\u00e9termin\u00e9e en effet \u00e0 venger la mort de sa m\u00e8re et cherche par ailleurs \u00e0 retrouver son fr\u00e8r", "start_date": "2026-04-27T16:45:00+00:00", "title": "La promesa"}, {"desc": "Las nuevas tramas abren paso a un nuevo tablero de juego donde sus protagonistas no solo buscan sobrevivir y salir hacia adelante, sino tambi\u00e9n echar la vista atr\u00e1s, recogiendo el legado de los or\u00edgenes de la serie: la verdadera raz\u00f3n por la que Adriana y sus hermanos llegaron hasta all\u00ed.", "start_date": "2026-04-27T17:40:00+00:00", "title": "Valle salvaje"}, {"desc": "Presentado y dirigido por Jacob Petrus, ge\u00f3grafo especializado en climatolog\u00eda, \"Aqu\u00ed la tierra\", ofrece entrevistas con expertos sobre los distintos fen\u00f3menos atmosf\u00e9ricos, charlas con invitados famosos en torno al tema de la Tierra y conecta cada d\u00eda con un equipo de reporteros repartidos por toda Espa\u00f1a, que acercan las mejores y m\u00e1s curiosas im\u00e1genes desde puntos de vista nunca vistos.", "start_date": "2026-04-27T18:30:00+00:00", "title": "Aqui la tierra"}, {"desc": null, "start_date": "2026-04-27T18:55:00+00:00", "title": "Telediario 2"}, {"desc": "Actualidad deportiva diaria nacional e internacional.", "start_date": "2026-04-27T19:40:00+00:00", "title": "Deportes 2"}, {"desc": "Un grupo de grandes c\u00f3micos y c\u00f3micas acompa\u00f1an a David Broncano, que entrevista a gente famosa en un teatro del centro de Madrid Acces de lunes a jue.", "start_date": "2026-04-27T19:45:00+00:00", "title": "La revuelta"}, {"desc": "Es un talent show para encontrar al mejor cocinero amateur de Espa\u00f1a.", "start_date": "2026-04-27T21:00:00+00:00", "title": "Masterchef"}, {"desc": "\u00bfSukha? es cultura, bienestar y conocimiento. Es arte, m\u00fasica, historia, humor y divulgaci\u00f3n. Es conectar con la vida en directo y ampliar la conversaci\u00f3n. \u00bfSukha? es televisi\u00f3n para disfrutar.", "start_date": "2026-04-27T23:30:00+00:00", "title": "Sukha"}], "offset": "+00:00", "timezone": "UTC", "error_code": -1, "start_date": "2026-04-26", "icon": ""}