{"end_date": "2026-04-28", "name": "Das Erste", "info_url": "https://epg.pw/channels/459232/20260420.html", "country": "France", "description": null, "error_message": "", "provider": "", "source_url": "https://epg.pw/api/epg.json?channel_id=459232&date=20260420&timezone=None", "epg_list": [{"desc": "Die Polizei in Fuseta findet einen Toten mit einer Feder im Auge, eine Anspielung auf die Ikarus-Sage. Kommissar Leander Lost vermutet zun\u00e4chst die Tat eines spanischen Serienm\u00f6rders. Nach einem zweiten Mord erkennt Lost jedoch eine gezielt gelegte falsche F\u00e4hrte. Sein fotografisches Ged\u00e4chtnis deckt eine Verbindung zwischen den Opfern auf. Parallel wird der Drogenkurier Toninho zum Polizei-Inform", "start_date": "2026-04-26T00:00:00+00:00", "title": "Lost in Fuseta - Ein Krimi aus Portugal: Wei\u00dfe Fracht"}, {"desc": "Der autistische Ermittler Leander Lost ger\u00e4t in ein t\u00f6dliches Dilemma. Gangster entf\u00fchren die Freundin des Informanten Toninho und fordern dessen Auslieferung. Lost, der nicht l\u00fcgen kann, muss gegen seine Natur handeln und weiht seine Kollegen ein. W\u00e4hrend sie ein T\u00e4uschungsman\u00f6ver planen, um die Geisel zu befreien, startet Toninho einen gef\u00e4hrlichen Alleingang. Die Lage eskaliert, als ein Drogenb", "start_date": "2026-04-26T01:30:00+00:00", "title": "Lost in Fuseta - Ein Krimi aus Portugal: Wei\u00dfe Fracht"}, {"desc": null, "start_date": "2026-04-26T03:00:00+00:00", "title": "Tagesschau"}, {"desc": "Bereits seit 1994 berichtet das Boulevardmagazin von Montag bis Samstag am sp\u00e4ten Nachmittag in einem unterhaltsamen Mix \u00fcber nationale und internationale aktuelle Geschehnisse, \u00fcber Klatsch und K\u00f6nigsh\u00e4user, \u00fcber Prominente und solche, die es gerne sein m\u00f6chten. Au\u00dferdem werden Tipps und Trends pr\u00e4sentiert, Home-Storys und Berichte von Premieren, Veranstaltungen und Charity-Events.", "start_date": "2026-04-26T03:05:00+00:00", "title": "Brisant"}, {"desc": "Autofahren wie vor rund 130 Jahren - das probieren Lisa und Lena heute aus. Mit dem ersten Automobil, dem \"Benz Patent-Motorwagen\" fahren sie auf den Spuren der ersten Frau am Steuer, Berta Benz. Im Automuseum entdecken die Zwillinge eine gro\u00dfe Vielfalt an Oldtimern. F\u00fcr sie \u00fcberraschend: Auch Elektroautos gibt es schon seit mehr als hundert Jahren! Mit einem modernen Exemplar d\u00fcrfen sie dann so r", "start_date": "2026-04-26T03:30:00+00:00", "title": "TickTack Zeitreise mit Lisa & Lena"}, {"desc": null, "start_date": "2026-04-26T03:55:00+00:00", "title": "Shaun das Schaf"}, {"desc": "Der Club zum Mitmachen.", "start_date": "2026-04-26T04:00:00+00:00", "title": "Tigerenten Club"}, {"desc": "Emma ist 12 Jahre alt und lebt in einem Dorf in Brandenburg. Ihr gro\u00dfer Traum: Sie will Schauspielerin werden und auf die ganz gro\u00dfe B\u00fchne. Daf\u00fcr steht sie regelm\u00e4\u00dfig vor der Kamera und nimmt an Theaterkursen teil. F\u00fcr die KiKA-Sendung \"Team Timster\" hat sie B\u00fccher vorgestellt. Das hat ihr gro\u00dfen Spa\u00df gemacht. Ihre zweite Leidenschaft: ihre Seidenh\u00fchner. Die flauschigen Tiere begleiten sie durch d", "start_date": "2026-04-26T05:00:00+00:00", "title": "#tr\u00e4ume - Vom Landleben auf die gro\u00dfe B\u00fchne"}, {"desc": "Le jeune Max, \u00e2g\u00e9 de 9 ans, d\u00e9m\u00e9nage au ch\u00e2teau de Geroldseck avec sa m\u00e8re, employ\u00e9e en tant qu'infirmi\u00e8re au sein d'une r\u00e9sidence pour personnes \u00e2g\u00e9es. Mais un voleur s\u00e9vit dans les lieux. Soup\u00e7onn\u00e9e, la m\u00e8re de Max est menac\u00e9e de licenciement. En compagnie de trois r\u00e9sidents de la maison de retraite, Max s'emploie \u00e0 retrouver le v\u00e9ritable coupable...", "start_date": "2026-04-26T05:15:00+00:00", "title": "Max und die wilde 7"}, {"desc": "In der neuen, 13-teiligen Familienserie erbt Florian Wiesner, genannt Flori (gespielt von Leon und Lino de Greiff), von seinem Gro\u00dfvater einen Bauernhof in Bayern. Zum Erbe geh\u00f6rt auch Racko, Opas treuer Hund.", "start_date": "2026-04-26T06:35:00+00:00", "title": "Racko - Ein Hund f\u00fcr alle F\u00e4lle"}, {"desc": "In der neuen, 13-teiligen Familienserie erbt Florian Wiesner, genannt Flori (gespielt von Leon und Lino de Greiff), von seinem Gro\u00dfvater einen Bauernhof in Bayern. Zum Erbe geh\u00f6rt auch Racko, Opas treuer Hund.", "start_date": "2026-04-26T07:00:00+00:00", "title": "Racko - Ein Hund f\u00fcr alle F\u00e4lle"}, {"desc": "Um deren Geheimnisse des Alltags zu l\u00fcften, reist Ralph Caspers rund um die Welt und besucht Familien u.a. in Japan, Polen, Frankreich und Gro\u00dfbritannien.", "start_date": "2026-04-26T07:30:00+00:00", "title": "Die Sendung mit der Maus"}, {"desc": null, "start_date": "2026-04-26T08:00:00+00:00", "title": "Tagesschau"}, {"desc": "K\u00fcchenjunge Johann w\u00e4re gern ein Prinz und ist in Prinzessin Aurora verliebt. Dabei bemerkt er nicht, dass Lisbeth, die Kammerzofe der Prinzessin in ihn verliebt ist. Durch einen Zufall zieht Johann die Galoschen des Gl\u00fccks an und aus ihm wird Prinz Ludwig. Da er weder die Benimmregeln noch die Rituale des Adels kennt, droht er aufzufliegen. Ausgerechnet Lisbeth versucht, ihn davor zu bewahren.", "start_date": "2026-04-26T08:03:00+00:00", "title": "Die Galoschen des Gl\u00fccks"}, {"desc": "Hansel et Gretel accompagnent leur p\u00e8re \u00e0 la foire du village. S'ennuyant quelque peu, ils se mettent \u00e0 la recherche de deux de leurs amis, myst\u00e9rieusement disparus. Ils se sauvent de la foire et, malgr\u00e9 l'interdiction de leurs parents, p\u00e9n\u00e8trent dans la For\u00eat Noire enchant\u00e9e. Ces lieux magiques leurs r\u00e9v\u00e8lent bien des curiosit\u00e9s. Ils rencontrent ainsi une famille de trolls et aper\u00e7oivent une mais", "start_date": "2026-04-26T09:00:00+00:00", "title": "H\u00e4nsel und Gretel"}, {"desc": null, "start_date": "2026-04-26T10:00:00+00:00", "title": "Tagesschau"}, {"desc": "J\u00f6rg Sch\u00f6nenborn, Volker Herres und Ellen Ehni moderieren im Wechsel die Talkrunde.", "start_date": "2026-04-26T10:03:00+00:00", "title": "Presseclub"}, {"desc": "Das w\u00f6chentliche Magazin will schwierige politische Prozesse und komplexe Probleme Europas erkl\u00e4ren, aber auch fremde Mentalit\u00e4ten und Perspektiven zeigen.", "start_date": "2026-04-26T10:45:00+00:00", "title": "Europamagazin"}, {"desc": "Als Symbol einer modernen, weltoffenen DDR er\u00f6ffnete 1976 der Palast der Republik. Er vereinte Politik und Kultur mit Propaganda, Disco sowie Bowlingbahn. Obwohl vom Volk als \"Honeckers Lampenladen\" verspottet, war er sehr beliebt. 1990 wegen Asbest geschlossen, wurde er sp\u00e4ter abgerissen. Dieser Abriss symbolisiert f\u00fcr viele ehemalige DDR-B\u00fcrger den schmerzhaften Beweis f\u00fcr den Umgang der Bundesr", "start_date": "2026-04-26T11:15:00+00:00", "title": "Palast der Republik"}, {"desc": null, "start_date": "2026-04-26T12:00:00+00:00", "title": "Tagesschau"}, {"desc": "Veronika Hofer assure seule la gestion du grand h\u00f4tel familial. Son quotidien s'assombrit avec l'arriv\u00e9e de sa m\u00e8re Lore, chanteuse d'op\u00e9rette, dont elle n'avait plus de nouvelles depuis des ann\u00e9es. Irrit\u00e9e par sa pr\u00e9sence, Veronika trouve r\u00e9confort aupr\u00e8s de Max, ignorant qu'il dissimule un lourd secret...", "start_date": "2026-04-26T12:03:00+00:00", "title": "Der Schwarzwaldhof - Alte Wunden"}, {"desc": "Mit einem Trick schaffte es der Patriarch Helmut, seine Familie nach Mallorca zu locken. W\u00e4hrend einer mehrt\u00e4gigen Wanderung durch das Tramuntana-Gebirge m\u00f6chte der pensionierte Fleischereibesitzer seinen Angeh\u00f6rigen eine wichtige Mitteilung machen. Auch Helmuts Sohn Klaus, der mit seiner 28-j\u00e4hrigen Tochter Stefanie anreist, hat etwas auf dem Herzen. Zudem sorgt ein \u00dcberraschungsgast f\u00fcr Unruhe.", "start_date": "2026-04-26T13:30:00+00:00", "title": "Familie W\u00f6hler auf Mallorca"}, {"desc": "Bereits seit 1994 berichtet das Boulevardmagazin von Montag bis Samstag am sp\u00e4ten Nachmittag in einem unterhaltsamen Mix \u00fcber nationale und internationale aktuelle Geschehnisse, \u00fcber Klatsch und K\u00f6nigsh\u00e4user, \u00fcber Prominente und solche, die es gerne sein m\u00f6chten. Au\u00dferdem werden Tipps und Trends pr\u00e4sentiert, Home-Storys und Berichte von Premieren, Veranstaltungen und Charity-Events.", "start_date": "2026-04-26T15:00:00+00:00", "title": "Brisant"}, {"desc": null, "start_date": "2026-04-26T15:45:00+00:00", "title": "Tagesschau"}, {"desc": "Mit Themen rund um die Bundespolitik werden die Folgen und Konsequenzen politischer Entscheidungen f\u00fcr den Zuschauer herausgestellt: Welche Vorschl\u00e4ge hat die Regierung, welche die Opposition? Welche politischen Forderungen sind durchsetzbar, und was f\u00fcr Konsequenzen folgen daraus f\u00fcr die B\u00fcrger?", "start_date": "2026-04-26T16:00:00+00:00", "title": "Bericht aus Berlin"}, {"desc": "Ob von aktuellen politischen Entwicklungen, neuen oder schon lange andauernden kriegerischen Konflikten, gesellschaftlichen Ver\u00e4nderungen oder Gewalttaten, Fl\u00fcchtlingsdramen oder Hungersn\u00f6ten, Natur- und Umweltkatastrophen oder gravierenden Folgen des Klimawandels, die Korrespondenten der ARD-Studios berichten zu ganz unterschiedlichen Themen aktuell und umfassend aus allen Regionen der Welt.", "start_date": "2026-04-26T16:30:00+00:00", "title": "Weltspiegel"}, {"desc": "Das Sportmagazin berichtet an 365 Tagen im Jahr zu aktuellen Nachrichten-Themen aus Deutschland, Europa und der Welt. Ob Fu\u00dfball-Bundesliga, Handball, Laufen, Tennis, Radsport, Eishockey, Boxen oder Motorsport - in dieser Sendung erfahren die Zuschauer daheim, wer wo wann was gewonnen hat und erhalten eine \u00dcbersicht zu allen News-Themen aus der Sportwelt, den Sportarten, Ligen und Vereinen.", "start_date": "2026-04-26T17:15:00+00:00", "title": "Sportschau"}, {"desc": null, "start_date": "2026-04-26T17:57:00+00:00", "title": "Gewinnzahlen Deutsche Fernsehlotterie"}, {"desc": null, "start_date": "2026-04-26T18:00:00+00:00", "title": "Tagesschau"}, {"desc": null, "start_date": "2026-04-26T18:15:00+00:00", "title": "Tatort"}, {"desc": "Erstsendung 26.04.2026 Talkshow Erstsendung 26.04.2026.", "start_date": "2026-04-26T19:45:00+00:00", "title": "Caren Miosga"}, {"desc": null, "start_date": "2026-04-26T20:45:00+00:00", "title": "Tagesthemen"}, {"desc": "\"ttt\" ist ein traditionsreiches Kulturmagazin des Hessischen Rundfunks. In seiner Extraausgabe wird \u00fcber aktuelle Highlights aus dem Kulturleben berichtet.", "start_date": "2026-04-26T21:05:00+00:00", "title": "ttt - titel thesen temperamente"}, {"desc": null, "start_date": "2026-04-26T21:35:00+00:00", "title": "Druckfrisch"}, {"desc": "Issu d'une famille pakistanaise qui a immigr\u00e9 aux Etats-Unis, Kumail sent qu'il a des obligations envers les siens, que ce soit au niveau de l'emploi et de son futur mariage arrang\u00e9. L'homme ne r\u00eave pourtant que de gagner sa vie comme humoriste. Lors d'un de ses spectacles, il fait la rencontre d'Emily. L'amour se d\u00e9veloppe au fil des rencontres, mais leurs diff\u00e9rences culturelles risquent d'avoir", "start_date": "2026-04-26T22:05:00+00:00", "title": "The Big Sick"}, {"desc": null, "start_date": "2026-04-27T00:00:00+00:00", "title": "Tagesschau"}, {"desc": "Mit einem Trick schaffte es der Patriarch Helmut, seine Familie nach Mallorca zu locken. W\u00e4hrend einer mehrt\u00e4gigen Wanderung durch das Tramuntana-Gebirge m\u00f6chte der pensionierte Fleischereibesitzer seinen Angeh\u00f6rigen eine wichtige Mitteilung machen. Auch Helmuts Sohn Klaus, der mit seiner 28-j\u00e4hrigen Tochter Stefanie anreist, hat etwas auf dem Herzen. Zudem sorgt ein \u00dcberraschungsgast f\u00fcr Unruhe.", "start_date": "2026-04-27T00:05:00+00:00", "title": "Familie W\u00f6hler auf Mallorca"}, {"desc": "Erstsendung 26.04.2026 Talkshow Erstsendung 26.04.2026.", "start_date": "2026-04-27T01:35:00+00:00", "title": "Caren Miosga"}, {"desc": "Das F\u00fcllprogramm zeigt im Nachtprogramm Landschaftsaufnahmen aus deutschen Landen.", "start_date": "2026-04-27T02:35:00+00:00", "title": "Deutschlandbilder"}, {"desc": null, "start_date": "2026-04-27T02:40:00+00:00", "title": "Tagesschau"}, {"desc": "Ob von aktuellen politischen Entwicklungen, neuen oder schon lange andauernden kriegerischen Konflikten, gesellschaftlichen Ver\u00e4nderungen oder Gewalttaten, Fl\u00fcchtlingsdramen oder Hungersn\u00f6ten, Natur- und Umweltkatastrophen oder gravierenden Folgen des Klimawandels, die Korrespondenten der ARD-Studios berichten zu ganz unterschiedlichen Themen aktuell und umfassend aus allen Regionen der Welt.", "start_date": "2026-04-27T02:45:00+00:00", "title": "Weltspiegel"}, {"desc": "So startet man gut in den Tag. Mit dem \"ZDF-Morgenmagazin\" kann man sich gleich zum Fr\u00fchst\u00fcck \u00fcber die neuesten Nachrichten aus den Bereichen Politik, Wirtschaft, Gesellschaft, Kultur und Sport informieren. Zu den wichtigsten News gibt es interessante und kritische Hintergrundberichte. Au\u00dferdem werden Politiker, Kulturschaffende, Comedians und Sportler interviewt.", "start_date": "2026-04-27T03:30:00+00:00", "title": "ZDF-Morgenmagazin"}, {"desc": null, "start_date": "2026-04-27T07:00:00+00:00", "title": "Tagesschau"}, {"desc": "Polizeiobermeister Hubert (Christian Tramitz) und Staller (Helmfried von L\u00fcttichau) haben sich eigentlich vorgenommen, Dienst nach Vorschrift zu machen. Doch mit sch\u00f6ner Regelm\u00e4\u00dfigkeit geraten sie an F\u00e4lle, die mindestens eine Nummer zu gro\u00df f\u00fcr sie sind. Sehr zum \u00c4rger des ambitionierten Revierleiters Girwidz, der f\u00fcr das Amt des B\u00fcrgermeisters kandidieren will ...", "start_date": "2026-04-27T07:05:00+00:00", "title": "Hubert und Staller"}, {"desc": "Die Kommissarin Jasmin Sayed gr\u00fcndet eine neue Eliteeinheit: Das \"Wasserkriminaldezernat Eins der Wasserschutzpolizei Berlin\"\", kurz \"WaPo Berlin\", soll f\u00fcr Sicherheit auf den Gew\u00e4ssern Berlins sorgen.", "start_date": "2026-04-27T07:55:00+00:00", "title": "WaPo Berlin"}, {"desc": null, "start_date": "2026-04-27T08:40:00+00:00", "title": "Tagesschau"}, {"desc": null, "start_date": "2026-04-27T08:45:00+00:00", "title": "Meister des Alltags"}, {"desc": "Zwei Teamkapit\u00e4ne stellen sich im Team mit jeweils einem prominenten Studiogast den Fragen des Moderators Kai Pflaume. Seit der ersten Sendung im Juli 2015 bildeten Elton und Bernhard Ho\u00ebcker dieses Quizmaster-Duo. Im Oktober 2025 \u00fcbergab Elton den Staffelstab an den Schauspieler Wotan Wilke M\u00f6hring. Es gilt, richtige Antworten auf skurrile und knifflige Fragen aus Wissenschaft, Tierwelt und dem t", "start_date": "2026-04-27T09:15:00+00:00", "title": "Wer wei\u00df denn sowas?"}, {"desc": "Nachrichten aus aller Welt, Neues aus Politik, Wirtschaft, B\u00f6rse, Sport, Kultur und Service.", "start_date": "2026-04-27T10:00:00+00:00", "title": "ARD-Mittagsmagazin"}, {"desc": null, "start_date": "2026-04-27T12:00:00+00:00", "title": "Tagesschau"}, {"desc": "Ce n'est pas parce qu'on atteint un \u00e2ge m\u00fbre que la vie devient n\u00e9cessairement monotone. Les femmes de Luneburg l'ont bien compris, ces quadrag\u00e9naires au temp\u00e9rament flamboyant vivent les moments les plus anim\u00e9s de leur vie, entre histoires d'amour passionn\u00e9es et carri\u00e8re, la vie leur r\u00e9serve encore bien des surprises.", "start_date": "2026-04-27T12:10:00+00:00", "title": "Rote Rosen"}, {"desc": null, "start_date": "2026-04-27T13:00:00+00:00", "title": "Tagesschau"}, {"desc": "F\u00fcrstenhof, h\u00f4tel cinq \u00e9toile au c\u0153ur de Vagen en Bavi\u00e8re, est l'\u00e9picentre des histoires qui lient de nombreux habitants de la r\u00e9gion. Qu'il s'agisse de ses propri\u00e9taires, son petit personnel ou d'autres personnalit\u00e9s influentes, les intrigues m\u00ealant amour, argent, famille et trahison qui gravitent autour de l'\u00e9tablissement sont nombreuses.", "start_date": "2026-04-27T13:10:00+00:00", "title": "Sturm der Liebe"}, {"desc": null, "start_date": "2026-04-27T14:00:00+00:00", "title": "Tagesschau"}, {"desc": "Das zwei Wochen alte Zebrafohlen Michael ist kerngesund, aber es gibt ein Problem. Das hei\u00dft Nora. Die Stute ist extrem aufdringlich und klebt st\u00e4ndig an Mutter Layla und ihrem kleinen Michael. In der sogenannten R\u00fcckw\u00e4rtigen Tierhaltung landen die Tiere, deren Gehege noch nicht fertig sind oder gerade umgebaut werden. F\u00fcr die Tierpflegerin Maria Bischoff ist die Durchgangsstation sehr spannend.", "start_date": "2026-04-27T14:10:00+00:00", "title": "Elefant, Tiger & Co."}, {"desc": null, "start_date": "2026-04-27T15:00:00+00:00", "title": "Tagesschau"}, {"desc": "Bereits seit 1994 berichtet das Boulevardmagazin von Montag bis Samstag am sp\u00e4ten Nachmittag in einem unterhaltsamen Mix \u00fcber nationale und internationale aktuelle Geschehnisse, \u00fcber Klatsch und K\u00f6nigsh\u00e4user, \u00fcber Prominente und solche, die es gerne sein m\u00f6chten. Au\u00dferdem werden Tipps und Trends pr\u00e4sentiert, Home-Storys und Berichte von Premieren, Veranstaltungen und Charity-Events.", "start_date": "2026-04-27T15:15:00+00:00", "title": "Brisant"}, {"desc": "Zwei Teamkapit\u00e4ne stellen sich im Team mit jeweils einem prominenten Studiogast den Fragen des Moderators Kai Pflaume. Seit der ersten Sendung im Juli 2015 bildeten Elton und Bernhard Ho\u00ebcker dieses Quizmaster-Duo. Im Oktober 2025 \u00fcbergab Elton den Staffelstab an den Schauspieler Wotan Wilke M\u00f6hring. Es gilt, richtige Antworten auf skurrile und knifflige Fragen aus Wissenschaft, Tierwelt und dem t", "start_date": "2026-04-27T16:00:00+00:00", "title": "Wer wei\u00df denn sowas?"}, {"desc": "Cette s\u00e9rie polici\u00e8re raconte les affaires criminelles que les inspecteurs du poste de police 14, dans le quartier de Kiez \u00e0 Hambourg, tentent de r\u00e9soudre. Les enqu\u00eates sont dirig\u00e9es par Dirk Matthies, un policier de conviction et \u00e9galement un vrai gars de Hambourg. Il conna\u00eet personnellement beaucoup de prostitu\u00e9es et de petites frappes, qui sont ses informateurs.", "start_date": "2026-04-27T16:50:00+00:00", "title": "Gro\u00dfstadtrevier"}, {"desc": "Astronomen schlagen vor, die Erde mit einem gigantischen Staubschirm aus Mondstaub vor der Sonne zu sch\u00fctzen - als letzter Ausweg gegen die Erderw\u00e4rmung. Wie diese gewagte Idee funktionieren k\u00f6nnte, erfahren Sie von Anja Reschke bei \"Wissen vor acht - Zukunft\".", "start_date": "2026-04-27T17:45:00+00:00", "title": "Wissen vor acht - Zukunft"}, {"desc": null, "start_date": "2026-04-27T17:50:00+00:00", "title": "Wetter vor acht"}, {"desc": "Die Frankfurter Wertpapierb\u00f6rse ist die gr\u00f6\u00dfte der sieben Wertpapierb\u00f6rsen in Deutschland. Die wichtigsten Wertpapier-Arten sind Aktien, Anleihen, Zertifikate und Optionsscheine, Fonds und ETFs. Die Sendung pr\u00e4sentiert Aktuelles von der Frankfurter B\u00f6rse und Ereignisse aus der Wirtschaftswelt. Ein Moderatorenteam erkl\u00e4rt aktuelle Nachrichten der Wirtschaft, neue Trends und komplexe Zusammenh\u00e4nge.", "start_date": "2026-04-27T17:55:00+00:00", "title": "Wirtschaft vor acht"}, {"desc": null, "start_date": "2026-04-27T18:00:00+00:00", "title": "Tagesschau"}, {"desc": "Anl\u00e4sslich des 100. Jubil\u00e4ums des Kruger Nationalparks f\u00fchrt eine Reise durch spektakul\u00e4re Landschaften. Sie zeigt die Tierwelt mit L\u00f6wen und Elefanten und beleuchtet, wie moderner Naturschutz das Zusammenleben von Mensch und Natur sichert.", "start_date": "2026-04-27T18:15:00+00:00", "title": "100 Jahre Kruger Nationalpark mit Dirk Steffens"}, {"desc": "Weitere Informationen folgen in K\u00fcrze.", "start_date": "2026-04-27T19:00:00+00:00", "title": "Arena"}, {"desc": null, "start_date": "2026-04-27T20:15:00+00:00", "title": "Tagesthemen"}, {"desc": "Ist man so alt, wie man sich f\u00fchlt? Die Dokumentation beleuchtet, wie der Alterungsprozess beeinflussbar ist. Eine Frau versucht, durch Sport und Ern\u00e4hrung ihr biologisches Alter zu senken, ein 82-j\u00e4hriger Athlet beweist seine Fitness bei Wettk\u00e4mpfen und eine Schauspielerin k\u00e4mpft gegen g\u00e4ngige Altersbilder und f\u00fcr die Wertsch\u00e4tzung von Frauen jenseits der 47.", "start_date": "2026-04-27T20:50:00+00:00", "title": "Mein K\u00f6rper. Mein Alter"}, {"desc": "Regelm\u00e4\u00dfig kommt es in den gro\u00dfen Haftanstalten in Rom, Mailand und Neapel zu Aufst\u00e4nden. Denn Italiens Gef\u00e4ngnisse sind massiv \u00fcberf\u00fcllt, die Zust\u00e4nde katastrophal. Im Schnitt nimmt sich alle drei Tage ein H\u00e4ftling das Leben. Auch unter den Vollzugsbediensteten kommt es zunehmend zu Suiziden. Korrespondentin Verena Sch\u00e4lter trifft jugendliche Straft\u00e4ter, versucht einen Einblick in die Welt hinter", "start_date": "2026-04-27T21:35:00+00:00", "title": "Italiens Jugend im Knast?"}, {"desc": null, "start_date": "2026-04-27T22:20:00+00:00", "title": "Tagesschau"}, {"desc": null, "start_date": "2026-04-27T22:30:00+00:00", "title": "Tatort"}, {"desc": null, "start_date": "2026-04-28T00:00:00+00:00", "title": "Tagesschau"}], "offset": "+00:00", "timezone": "UTC", "error_code": -1, "start_date": "2026-04-26", "icon": ""}