{"end_date": "2026-09-02", "name": "Das Erste", "info_url": "https://epg.pw/channels/459232/20260901.html", "country": "France", "description": null, "error_message": "", "provider": "", "source_url": "https://epg.pw/api/epg.json?channel_id=459232&date=20260901&timezone=None", "epg_list": [{"desc": "Erstsendung 31.08.2026 Moderation: Louis Klamroth Talkshow Erstsendung 31.08.2026.", "start_date": "2026-09-01T00:35:00+00:00", "title": "Hart aber fair"}, {"desc": "Drohnen sorgen zunehmend f\u00fcr St\u00f6rungen an Flugh\u00e4fen und \u00fcber sensiblen Anlagen. Nach einem Vorfall in M\u00fcnchen geht der Journalist Manuel Stark der Frage nach, wie Deutschland unerlaubte Drohnen erkennen und abwehren kann. Er besucht Forschungseinrichtungen, Testzentren und die Bundeswehr, beleuchtet moderne Abwehrtechnologien und zeigt zugleich die Chancen von Drohnen in Rettung, Katastrophenschut", "start_date": "2026-09-01T01:50:00+00:00", "title": "Game of Drones"}, {"desc": "Bereits seit 1994 berichtet das Boulevardmagazin von Montag bis Samstag am sp\u00e4ten Nachmittag in einem unterhaltsamen Mix \u00fcber nationale und internationale aktuelle Geschehnisse, \u00fcber Klatsch und K\u00f6nigsh\u00e4user, \u00fcber Prominente und solche, die es gerne sein m\u00f6chten. Au\u00dferdem werden Tipps und Trends pr\u00e4sentiert, Home-Storys und Berichte von Premieren, Veranstaltungen und Charity-Events.", "start_date": "2026-09-01T02:35:00+00:00", "title": "Brisant"}, {"desc": null, "start_date": "2026-09-01T02:58:00+00:00", "title": "Tagesschau"}, {"desc": "Die BR-Dokuserie f\u00fcr ARD Crime Time \"SUDO \u2013 vom Sch\u00fcler zum Darknet-Boss\" wird aus unterschiedlichen Perspektiven erz\u00e4hlt: vor allem aus der des Gejagten, Louis, und der seines J\u00e4gers vom BKA.", "start_date": "2026-09-01T03:00:00+00:00", "title": "SUDO. Auf der dunklen Seite der Macht"}, {"desc": "En Direct. So startet man gut in den Tag. Mit dem \"ZDF-Morgenmagazin\" kann man sich gleich zum Fr\u00fchst\u00fcck \u00fcber die neuesten Nachrichten aus den Bereichen Politik, Wirtschaft, Gesellschaft, Kultur und Sport informieren. Zu den wichtigsten News gibt es interessante und kritische Hintergrundberichte. Au\u00dferdem werden Politiker, Kulturschaffende, Comedians und Sportler interviewt.", "start_date": "2026-09-01T03:30:00+00:00", "title": "ZDF-Morgenmagazin"}, {"desc": null, "start_date": "2026-09-01T07:00:00+00:00", "title": "Tagesschau"}, {"desc": "Neues Revier, neues Gl\u00fcck: Nach dem Umzug hat das Team sch\u00f6nere B\u00fcror\u00e4ume und Riedl endlich seinen eigenen Arbeitsplatz. Aber ansonsten ist es nicht weit her mit der Idylle: Das schr\u00e4ge Ermittlerduo Franz Hubert und Reimund Girwidz hat alle H\u00e4nde voll zu tun mit dem meist eher unorganisierten Verbrechen in Wolfratshausen. Beherzt und dabei unfreiwillig komisch greifen sie ihre neuen F\u00e4lle an. Nat\u00fc", "start_date": "2026-09-01T07:05:00+00:00", "title": "Hubert ohne Staller"}, {"desc": "Suite \u00e0 l'incendie de sa ferme organique \u00e0 Brandenburg, les r\u00eaves de vie paisible \u00e0 la campagne du commissaire Finn Kieswetter se sont envol\u00e9s en fum\u00e9e et le voil\u00e0 de retour \u00e0 L\u00fcbeck pour reprendre du service. Il y retrouve son amour de jeunesse, Elke Rasmussen, devenue procureur g\u00e9n\u00e9rale, et l'ex-mari de celle-ci, Lars Englen, son sup\u00e9rieur direct. La reprise dans ce contexte ne sera pas facile.", "start_date": "2026-09-01T07:55:00+00:00", "title": "Morden im Norden"}, {"desc": null, "start_date": "2026-09-01T08:40:00+00:00", "title": "Tagesschau"}, {"desc": null, "start_date": "2026-09-01T08:45:00+00:00", "title": "Meister des Alltags"}, {"desc": null, "start_date": "2026-09-01T09:15:00+00:00", "title": "Gefragt - Gejagt"}, {"desc": "Nachrichten aus aller Welt, Neues aus Politik, Wirtschaft, B\u00f6rse, Sport, Kultur und Service.", "start_date": "2026-09-01T10:00:00+00:00", "title": "ARD-Mittagsmagazin"}, {"desc": null, "start_date": "2026-09-01T12:00:00+00:00", "title": "Tagesschau"}, {"desc": "Ce n'est pas parce qu'on atteint un \u00e2ge m\u00fbre que la vie devient n\u00e9cessairement monotone. Les femmes de Luneburg l'ont bien compris, ces quadrag\u00e9naires au temp\u00e9rament flamboyant vivent les moments les plus anim\u00e9s de leur vie, entre histoires d'amour passionn\u00e9es et carri\u00e8re, la vie leur r\u00e9serve encore bien des surprises.", "start_date": "2026-09-01T12:10:00+00:00", "title": "Rote Rosen"}, {"desc": null, "start_date": "2026-09-01T13:00:00+00:00", "title": "Tagesschau"}, {"desc": "F\u00fcrstenhof, h\u00f4tel cinq \u00e9toile au c\u0153ur de Vagen en Bavi\u00e8re, est l'\u00e9picentre des histoires qui lient de nombreux habitants de la r\u00e9gion. Qu'il s'agisse de ses propri\u00e9taires, son petit personnel ou d'autres personnalit\u00e9s influentes, les intrigues m\u00ealant amour, argent, famille et trahison qui gravitent autour de l'\u00e9tablissement sont nombreuses.", "start_date": "2026-09-01T13:10:00+00:00", "title": "Sturm der Liebe"}, {"desc": null, "start_date": "2026-09-01T14:00:00+00:00", "title": "Tagesschau"}, {"desc": "Von Frau zu Frau Bei den Gorillas gab es wieder Nachwuchs. Kumili hat hinter den Kulissen des Pongolandes ihr erstes Baby geboren. Frank Schellhardt m\u00f6chte nun die Gorillafamilie zusammenf\u00fchren - doch da gibt es ein Problem. Unter den Gorillaweibchen gab es in der Vergangenheit Spannungen und die junge Mutter Kumili hatte es schwer - wurde von den anderen beiden Weibchen gemobbt und ausgegrenzt. R", "start_date": "2026-09-01T14:10:00+00:00", "title": "Elefant, Tiger & Co."}, {"desc": null, "start_date": "2026-09-01T15:00:00+00:00", "title": "Tagesschau"}, {"desc": "Bereits seit 1994 berichtet das Boulevardmagazin von Montag bis Samstag am sp\u00e4ten Nachmittag in einem unterhaltsamen Mix \u00fcber nationale und internationale aktuelle Geschehnisse, \u00fcber Klatsch und K\u00f6nigsh\u00e4user, \u00fcber Prominente und solche, die es gerne sein m\u00f6chten. Au\u00dferdem werden Tipps und Trends pr\u00e4sentiert, Home-Storys und Berichte von Premieren, Veranstaltungen und Charity-Events.", "start_date": "2026-09-01T15:15:00+00:00", "title": "Brisant"}, {"desc": null, "start_date": "2026-09-01T16:00:00+00:00", "title": "Gefragt - Gejagt"}, {"desc": "Das Team um Hauptkommissarin Maike Junghans und Sami Fares sowie die Kommissar:innen Jana Macourek und Moritz Kr\u00e4tschmer l\u00f6sen gemeinsam die schwierigsten Kriminalf\u00e4lle an Land und auf dem Wasser. Ihr Einsatzgebiet: Die Elbe zwischen Dresden und der deutsch-tschechischen Grenze. Ihr Auftrag: Die Bek\u00e4mpfung der Kriminalit\u00e4t auf einer der sch\u00f6nsten Wasserstra\u00dfen Deutschlands. (ARD-Serie) Einige Sequ", "start_date": "2026-09-01T16:50:00+00:00", "title": "WaPo Elbe"}, {"desc": null, "start_date": "2026-09-01T17:45:00+00:00", "title": "Wissen vor acht - Natur"}, {"desc": null, "start_date": "2026-09-01T17:50:00+00:00", "title": "Wetter vor acht"}, {"desc": null, "start_date": "2026-09-01T17:55:00+00:00", "title": "Wirtschaft vor acht"}, {"desc": null, "start_date": "2026-09-01T18:00:00+00:00", "title": "Tagesschau"}, {"desc": null, "start_date": "2026-09-01T18:15:00+00:00", "title": "Die Kanzlei"}, {"desc": "S\u00e9rie hospitali\u00e8re allemande sur les vies personnelles et professionnelles du personnel soignant de la clinique Sachsenklinik \u00e0 Leipzig. L'intrigue est bas\u00e9e sur l'amiti\u00e9 entre les docteurs Roland Heilmann, Achim Kreutzer et Maia Dietz mais s'\u00e9tend \u00e0 plusieurs personnages r\u00e9currents et suit plusieurs histoires qui se croisent au fil des \u00e9pisodes.", "start_date": "2026-09-01T19:00:00+00:00", "title": "In aller Freundschaft"}, {"desc": null, "start_date": "2026-09-01T19:45:00+00:00", "title": "FAKT: Schwarz, Rot, Blau"}, {"desc": null, "start_date": "2026-09-01T20:15:00+00:00", "title": "Tagesthemen"}, {"desc": "In dem Talkformat wird informativ, unterhaltsam und bisweilen kontrovers \u00fcber aktuell bedeutsame Themen diskutiert. Daf\u00fcr hat Sandra Maischberger stets hochkar\u00e4tige G\u00e4ste im Studio. In Sachen Themenvielfalt sind kaum Grenzen gesetzt. Wichtig ist alles, was die Leute gerade bewegt, von Politik und Gesellschaft \u00fcber Boulevard-News bis hin zu bedeutsamen Sportveranstaltungen.", "start_date": "2026-09-01T20:50:00+00:00", "title": "Maischberger"}, {"desc": null, "start_date": "2026-09-01T22:05:00+00:00", "title": "Tagesschau"}, {"desc": null, "start_date": "2026-09-01T22:15:00+00:00", "title": "Die Kanzlei"}, {"desc": "S\u00e9rie hospitali\u00e8re allemande sur les vies personnelles et professionnelles du personnel soignant de la clinique Sachsenklinik \u00e0 Leipzig. L'intrigue est bas\u00e9e sur l'amiti\u00e9 entre les docteurs Roland Heilmann, Achim Kreutzer et Maia Dietz mais s'\u00e9tend \u00e0 plusieurs personnages r\u00e9currents et suit plusieurs histoires qui se croisent au fil des \u00e9pisodes.", "start_date": "2026-09-01T23:00:00+00:00", "title": "In aller Freundschaft"}, {"desc": null, "start_date": "2026-09-01T23:48:00+00:00", "title": "Tagesschau"}, {"desc": "In dem Talkformat wird informativ, unterhaltsam und bisweilen kontrovers \u00fcber aktuell bedeutsame Themen diskutiert. Daf\u00fcr hat Sandra Maischberger stets hochkar\u00e4tige G\u00e4ste im Studio. In Sachen Themenvielfalt sind kaum Grenzen gesetzt. Wichtig ist alles, was die Leute gerade bewegt, von Politik und Gesellschaft \u00fcber Boulevard-News bis hin zu bedeutsamen Sportveranstaltungen.", "start_date": "2026-09-01T23:50:00+00:00", "title": "Maischberger"}, {"desc": "Jede Nacht fahren die Teams der Mainzer Polizei raus ins Ungewisse - um zu helfen, zu beruhigen oder bei Verbrechen und Todesf\u00e4llen ganz genau hinzusehen. Auf der Autobahn, in der Innenstadt oder im Kriminaldauerdienst erwarten sie oft ungew\u00f6hnliche Eins\u00e4tze.", "start_date": "2026-09-02T01:05:00+00:00", "title": "Nachtstreife"}, {"desc": "Das w\u00f6chentliche Magazin will schwierige politische Prozesse und komplexe Probleme Europas erkl\u00e4ren, aber auch fremde Mentalit\u00e4ten und Perspektiven zeigen.", "start_date": "2026-09-02T01:50:00+00:00", "title": "Europamagazin"}, {"desc": "Bereits seit 1994 berichtet das Boulevardmagazin von Montag bis Samstag am sp\u00e4ten Nachmittag in einem unterhaltsamen Mix \u00fcber nationale und internationale aktuelle Geschehnisse, \u00fcber Klatsch und K\u00f6nigsh\u00e4user, \u00fcber Prominente und solche, die es gerne sein m\u00f6chten. Au\u00dferdem werden Tipps und Trends pr\u00e4sentiert, Home-Storys und Berichte von Premieren, Veranstaltungen und Charity-Events.", "start_date": "2026-09-02T02:20:00+00:00", "title": "Brisant"}, {"desc": null, "start_date": "2026-09-02T02:58:00+00:00", "title": "Tagesschau"}, {"desc": null, "start_date": "2026-09-02T03:00:00+00:00", "title": "FAKT"}, {"desc": "En Direct. So startet man gut in den Tag. Mit dem \"ZDF-Morgenmagazin\" kann man sich gleich zum Fr\u00fchst\u00fcck \u00fcber die neuesten Nachrichten aus den Bereichen Politik, Wirtschaft, Gesellschaft, Kultur und Sport informieren. Zu den wichtigsten News gibt es interessante und kritische Hintergrundberichte. Au\u00dferdem werden Politiker, Kulturschaffende, Comedians und Sportler interviewt.", "start_date": "2026-09-02T03:30:00+00:00", "title": "ZDF-Morgenmagazin"}, {"desc": null, "start_date": "2026-09-02T07:00:00+00:00", "title": "Tagesschau"}, {"desc": "Neues Revier, neues Gl\u00fcck: Nach dem Umzug hat das Team sch\u00f6nere B\u00fcror\u00e4ume und Riedl endlich seinen eigenen Arbeitsplatz. Aber ansonsten ist es nicht weit her mit der Idylle: Das schr\u00e4ge Ermittlerduo Franz Hubert und Reimund Girwidz hat alle H\u00e4nde voll zu tun mit dem meist eher unorganisierten Verbrechen in Wolfratshausen. Beherzt und dabei unfreiwillig komisch greifen sie ihre neuen F\u00e4lle an. Nat\u00fc", "start_date": "2026-09-02T07:05:00+00:00", "title": "Hubert ohne Staller"}, {"desc": "Suite \u00e0 l'incendie de sa ferme organique \u00e0 Brandenburg, les r\u00eaves de vie paisible \u00e0 la campagne du commissaire Finn Kieswetter se sont envol\u00e9s en fum\u00e9e et le voil\u00e0 de retour \u00e0 L\u00fcbeck pour reprendre du service. Il y retrouve son amour de jeunesse, Elke Rasmussen, devenue procureur g\u00e9n\u00e9rale, et l'ex-mari de celle-ci, Lars Englen, son sup\u00e9rieur direct. La reprise dans ce contexte ne sera pas facile.", "start_date": "2026-09-02T07:55:00+00:00", "title": "Morden im Norden"}, {"desc": null, "start_date": "2026-09-02T08:40:00+00:00", "title": "Tagesschau"}, {"desc": null, "start_date": "2026-09-02T08:45:00+00:00", "title": "Meister des Alltags"}, {"desc": null, "start_date": "2026-09-02T09:15:00+00:00", "title": "Gefragt - Gejagt"}, {"desc": "Nachrichten aus aller Welt, Neues aus Politik, Wirtschaft, B\u00f6rse, Sport, Kultur und Service.", "start_date": "2026-09-02T10:00:00+00:00", "title": "ARD-Mittagsmagazin"}, {"desc": null, "start_date": "2026-09-02T12:00:00+00:00", "title": "Tagesschau"}, {"desc": "Ce n'est pas parce qu'on atteint un \u00e2ge m\u00fbre que la vie devient n\u00e9cessairement monotone. Les femmes de Luneburg l'ont bien compris, ces quadrag\u00e9naires au temp\u00e9rament flamboyant vivent les moments les plus anim\u00e9s de leur vie, entre histoires d'amour passionn\u00e9es et carri\u00e8re, la vie leur r\u00e9serve encore bien des surprises.", "start_date": "2026-09-02T12:10:00+00:00", "title": "Rote Rosen"}, {"desc": null, "start_date": "2026-09-02T13:00:00+00:00", "title": "Tagesschau"}, {"desc": "F\u00fcrstenhof, h\u00f4tel cinq \u00e9toile au c\u0153ur de Vagen en Bavi\u00e8re, est l'\u00e9picentre des histoires qui lient de nombreux habitants de la r\u00e9gion. Qu'il s'agisse de ses propri\u00e9taires, son petit personnel ou d'autres personnalit\u00e9s influentes, les intrigues m\u00ealant amour, argent, famille et trahison qui gravitent autour de l'\u00e9tablissement sont nombreuses.", "start_date": "2026-09-02T13:10:00+00:00", "title": "Sturm der Liebe"}, {"desc": null, "start_date": "2026-09-02T14:00:00+00:00", "title": "Tagesschau"}, {"desc": "Tapir auf Tour Sowohl von seinen Eltern als auch den Pflegern ist Nachwuchstapir Baru sein ganzes Leben lang nach Strich und Faden umhegt und gepflegt worden. Doch f\u00fcr Timo Ge\u00dfner und seine Kollegen hei\u00dft es jetzt: Abschied nehmen von ihrem aufgeweckten Sch\u00fcler. In Tschechien wartet bereits eine junge Dame auf den nun nahezu erwachsenen Tapir. Und so tritt Baru in einem majest\u00e4tischen Abteil seine", "start_date": "2026-09-02T14:10:00+00:00", "title": "Elefant, Tiger & Co."}, {"desc": null, "start_date": "2026-09-02T15:00:00+00:00", "title": "Tagesschau"}, {"desc": "Bereits seit 1994 berichtet das Boulevardmagazin von Montag bis Samstag am sp\u00e4ten Nachmittag in einem unterhaltsamen Mix \u00fcber nationale und internationale aktuelle Geschehnisse, \u00fcber Klatsch und K\u00f6nigsh\u00e4user, \u00fcber Prominente und solche, die es gerne sein m\u00f6chten. Au\u00dferdem werden Tipps und Trends pr\u00e4sentiert, Home-Storys und Berichte von Premieren, Veranstaltungen und Charity-Events.", "start_date": "2026-09-02T15:15:00+00:00", "title": "Brisant"}, {"desc": null, "start_date": "2026-09-02T16:00:00+00:00", "title": "Gefragt - Gejagt"}, {"desc": "Eine Pflegekraft der Psychatrie wird ermordet und eine Patientin behauptet, sie habe die Tat im Auftrag des Teufels begangen. Ein Musiker st\u00f6\u00dft seinen Zwillingsbruder aus Eifersucht in den Starnberger See, dann verschwinden teure Gem\u00e4lde. Dann treibt auch noch eine Leiche im muffigen Becken einer Kl\u00e4ranlage und es wird auch noch der Katastrophenfall in Wolfratshausen ausgerufen...", "start_date": "2026-09-02T16:50:00+00:00", "title": "Hubert ohne Staller"}, {"desc": "Wissen Sie, warum Fischst\u00e4bchen keine R\u00fcckenschmerzen haben? Sie nehmen unfreiwillig Schmerzsalben \u2026 Dieser lustige Spruch hat einen wahren Kern: Wenn wir uns selbst Schmerzsalben auftragen, behandeln wir automatisch auch Fische mit. Denn \u00fcber 90 Prozent des Wirkstoffes landen beim Duschen in unserem Abwasser. Wen wir mit unseren Schmerzsalben noch alles mittherapieren und was Geier in Indien dami", "start_date": "2026-09-02T17:45:00+00:00", "title": "Wissen vor acht - Erde"}, {"desc": null, "start_date": "2026-09-02T17:50:00+00:00", "title": "Wetter vor acht"}, {"desc": null, "start_date": "2026-09-02T17:55:00+00:00", "title": "Wirtschaft vor acht"}, {"desc": null, "start_date": "2026-09-02T18:00:00+00:00", "title": "Tagesschau"}, {"desc": "En Direct.", "start_date": "2026-09-02T18:15:00+00:00", "title": "VfL Osnabr\u00fcck / Bayern Munich"}, {"desc": null, "start_date": "2026-09-02T21:05:00+00:00", "title": "Die Derbys - Die legend\u00e4ren Fu\u00dfball-Duelle der Welt"}], "offset": "+00:00", "timezone": "UTC", "error_code": -1, "start_date": "2026-09-01", "icon": ""}