{"end_date": "2026-09-03", "name": "SWR-Fernsehen", "info_url": "https://epg.pw/channels/459240/20260902.html", "country": "France", "description": null, "error_message": "", "provider": "", "source_url": "https://epg.pw/api/epg.json?channel_id=459240&date=20260902&timezone=None", "epg_list": [{"desc": "Das t\u00e4gliche Service-Magazin bietet praktische Tipps und Informationen rund um die Themen Heim und Garten, Gesundheit, K\u00fcche und Haushalt. Experten geben hilfreiche Ratschl\u00e4ge f\u00fcr den Alltag und vermitteln Wissenswertes zu zahlreichen Lebensbereichen. Die Zuschauer k\u00f6nnen sich aktiv an der Sendung beteiligen, ihre Meinung zu aktuellen Themen \u00e4u\u00dfern und mit Studiog\u00e4sten ins Gespr\u00e4ch kommen. Dar\u00fcber", "start_date": "2026-09-02T00:05:00+00:00", "title": "Kaffee oder Tee"}, {"desc": "Was auch immer passiert, das Infomagazin ist einfach dichter dran - mit Reporterberichten, Nachrichtenfilmen, Meldungen, Kommentaren und der Meinung unserer Zuschauerinnen und Zuschauer. Diese k\u00f6nnen sich t\u00e4glich mit ihren Fragen und Diskussionsbeitr\u00e4gen direkt via Telefon an Experten im Fernsehstudio wenden. Reporterinnen und Reporter sind st\u00e4ndig vor Ort, wenn es aktuelle Probleme gibt.", "start_date": "2026-09-02T01:55:00+00:00", "title": "aktueller bericht"}, {"desc": null, "start_date": "2026-09-02T02:35:00+00:00", "title": "SWR Aktuell Rheinland-Pfalz"}, {"desc": null, "start_date": "2026-09-02T03:00:00+00:00", "title": "SWR Aktuell Baden-W\u00fcrttemberg"}, {"desc": "Wer sich schon einmal mit dem Auto verfahren hat, wei\u00df die Vorteile eines satellitengest\u00fctzten Navigationssystems zu sch\u00e4tzen. Nur den wenigsten ist bewusst, dass dahinter eine \u00e4u\u00dferst aufw\u00e4ndige Technik steckt. 24 Satelliten des amerikanischen Global Positioning Systems (GPS) kreisen um die Erde und senden Funksignale, mit deren Hilfe sich die Position von Autos, Flugzeugen oder Schiffen bestimme", "start_date": "2026-09-02T03:30:00+00:00", "title": "total ph\u00e4nomenal"}, {"desc": "Er kann Verw\u00fcstungen unvorstellbaren Ausma\u00dfes anrichten, aber auch mit sanfter Kraft Segelschiffe oder M\u00fchlen antreiben. Seine Ursache lag lange Zeit im Verborgenen. Erst mit der modernen Meteorologie kamen Forscher seiner Entstehung auf die Schliche. Der Wind, er ist nicht nur eine lokale Erscheinung, sondern auch eine treibende Kraft f\u00fcr das Wetter und das Klima auf der Erde. Als Ausgleich von D", "start_date": "2026-09-02T03:45:00+00:00", "title": "total ph\u00e4nomenal"}, {"desc": null, "start_date": "2026-09-02T04:00:00+00:00", "title": "SWR3 Morningshow"}, {"desc": "Die Sendung zeigt live an rund 40 Standorten, wie das Wetter an den sch\u00f6nsten Orten in Baden-W\u00fcrttemberg, Rheinland-Pfalz, dem Saarland und angrenzenden Nachbarl\u00e4ndern ist. Scheint auf den Gipfeln die Sonne? Sind im Winter die Pisten pr\u00e4pariert und laufen die Lifte? Regnet es am Zielort und muss die Wanderung dem Museumsbesuch weichen? Die Wetterbilder helfen bei der Freizeitgestaltung genauso wie", "start_date": "2026-09-02T05:55:00+00:00", "title": "Panoramablick"}, {"desc": null, "start_date": "2026-09-02T07:00:00+00:00", "title": "Landesschau Baden-W\u00fcrttemberg"}, {"desc": "Eine Bahn der Superlative feiert 2001 ihren 100. Geburtstag: die Montreux-Berner Oberlandbahn. In ihren ersten vier Jahren ist sie noch eine kleine Lokalbahn, doch ab 1905 ziehen sich ihre meterspurigen Gleise durchgehend vom mond\u00e4nen Ort Montreux am Genfer See, \u00fcber den weltbekannten Skiort Gstaad bis nach Lenk. Ein bis heute weltbekannter Touristenzug war geboren. Die MOB bietet Luxusz\u00fcge der Ex", "start_date": "2026-09-02T08:20:00+00:00", "title": "Eisenbahn-Romantik"}, {"desc": "F\u00fcrstenhof, h\u00f4tel cinq \u00e9toile au c\u0153ur de Vagen en Bavi\u00e8re, est l'\u00e9picentre des histoires qui lient de nombreux habitants de la r\u00e9gion. Qu'il s'agisse de ses propri\u00e9taires, son petit personnel ou d'autres personnalit\u00e9s influentes, les intrigues m\u00ealant amour, argent, famille et trahison qui gravitent autour de l'\u00e9tablissement sont nombreuses.", "start_date": "2026-09-02T08:50:00+00:00", "title": "Sturm der Liebe"}, {"desc": null, "start_date": "2026-09-02T09:40:00+00:00", "title": "aktiv und gesund"}, {"desc": null, "start_date": "2026-09-02T10:10:00+00:00", "title": "ARD-Buffet Spezial"}, {"desc": "Robert, brillant architecte, est sur le point d'\u00e9pouser Lotta, sa ravissante coll\u00e8gue. C'est alors qu'il est victime d'un accident qui le laisse amn\u00e9sique. Incapable de se souvenir de son identit\u00e9, il s'\u00e9prend bient\u00f4t de la d\u00e9licieuse Teresa, sa compagne d'infortune, qui l'a pris sous son aile...", "start_date": "2026-09-02T10:55:00+00:00", "title": "Liebe vergisst man nicht"}, {"desc": "Die beiden R\u00e4tselmeister Bernhard Ho\u00ebcker und Elton stellen sich erneut den unglaublichen, am\u00fcsanten und \u00fcberraschenden Fragen von Moderator Kai Pflaume. Superhirn Bernhard Ho\u00ebcker und Quizmaster Elton spielen im Team mit jeweils einem prominenten Studiogast, denn es gilt, richtige Antworten auf skurrile und knifflige Fragen aus Wissenschaft, Tierwelt und dem t\u00e4glichen Leben zu finden. (Erstausstr", "start_date": "2026-09-02T12:25:00+00:00", "title": "Wer wei\u00df denn sowas?"}, {"desc": "Polizeiobermeister Hubert (Christian Tramitz) und Staller (Helmfried von L\u00fcttichau) haben sich eigentlich vorgenommen, Dienst nach Vorschrift zu machen. Doch mit sch\u00f6ner Regelm\u00e4\u00dfigkeit geraten sie an F\u00e4lle, die mindestens eine Nummer zu gro\u00df f\u00fcr sie sind. Sehr zum \u00c4rger des ambitionierten Revierleiters Girwidz, der f\u00fcr das Amt des B\u00fcrgermeisters kandidieren will ...", "start_date": "2026-09-02T13:10:00+00:00", "title": "Hubert und Staller"}, {"desc": null, "start_date": "2026-09-02T14:00:00+00:00", "title": "SWR Aktuell Baden-W\u00fcrttemberg"}, {"desc": null, "start_date": "2026-09-02T14:04:00+00:00", "title": "Baden-W\u00fcrttemberg Wetter"}, {"desc": "Das t\u00e4gliche Service-Magazin bietet praktische Tipps und Informationen rund um die Themen Heim und Garten, Gesundheit, K\u00fcche und Haushalt. Experten geben hilfreiche Ratschl\u00e4ge f\u00fcr den Alltag und vermitteln Wissenswertes zu zahlreichen Lebensbereichen. Die Zuschauer k\u00f6nnen sich aktiv an der Sendung beteiligen, ihre Meinung zu aktuellen Themen \u00e4u\u00dfern und mit Studiog\u00e4sten ins Gespr\u00e4ch kommen. Dar\u00fcber", "start_date": "2026-09-02T14:05:00+00:00", "title": "Kaffee oder Tee"}, {"desc": null, "start_date": "2026-09-02T15:00:00+00:00", "title": "SWR Aktuell Baden-W\u00fcrttemberg"}, {"desc": "Das t\u00e4gliche Service-Magazin bietet praktische Tipps und Informationen rund um die Themen Heim und Garten, Gesundheit, K\u00fcche und Haushalt. Experten geben hilfreiche Ratschl\u00e4ge f\u00fcr den Alltag und vermitteln Wissenswertes zu zahlreichen Lebensbereichen. Die Zuschauer k\u00f6nnen sich aktiv an der Sendung beteiligen, ihre Meinung zu aktuellen Themen \u00e4u\u00dfern und mit Studiog\u00e4sten ins Gespr\u00e4ch kommen. Dar\u00fcber", "start_date": "2026-09-02T15:05:00+00:00", "title": "Kaffee oder Tee"}, {"desc": null, "start_date": "2026-09-02T16:00:00+00:00", "title": "SWR Aktuell Baden-W\u00fcrttemberg"}, {"desc": null, "start_date": "2026-09-02T16:10:00+00:00", "title": "Landesschau Baden-W\u00fcrttemberg"}, {"desc": null, "start_date": "2026-09-02T17:30:00+00:00", "title": "SWR Aktuell Baden-W\u00fcrttemberg"}, {"desc": null, "start_date": "2026-09-02T17:57:00+00:00", "title": "Baden-W\u00fcrttemberg Wetter"}, {"desc": null, "start_date": "2026-09-02T18:00:00+00:00", "title": "Tagesschau"}, {"desc": "Nur etwa zehn Prozent unseres Alters sind durch unsere Gene festgesetzt. Den Gro\u00dfteil bestimmen wir selbst durch unseren Lebensstil. Die Sendung beantwortet Fragen wie: Warum ist nicht nur was wir essen wichtig, sondern auch wie wir essen? Kann man ein aktives Leben f\u00fchren, ohne regelm\u00e4\u00dfig Sport zu treiben? Und warum kann gerade der Ruhestand das Risiko f\u00fcr Krankheiten erh\u00f6hen? Zudem simuliert ein", "start_date": "2026-09-02T18:15:00+00:00", "title": "Quarks"}, {"desc": "Deutschland steht in der Pflege vor einer gewaltigen Herausforderung: Die Zahl der Pflegebed\u00fcrftigen steigt, w\u00e4hrend es gleichzeitig an qualifiziertem Personal fehlt. K\u00f6nnen menschen\u00e4hnliche Roboter helfen, den Pflegenotstand zu entsch\u00e4rfen? Die Dokumentation begleitet Betroffene und Pflegekr\u00e4fte, zeigt Chancen und Grenzen der neuen Technologien und blickt hinter die Kulissen deutscher Forschungsl", "start_date": "2026-09-02T19:00:00+00:00", "title": "Roboter am Krankenbett"}, {"desc": null, "start_date": "2026-09-02T19:45:00+00:00", "title": "SWR Aktuell Baden-W\u00fcrttemberg"}, {"desc": "S\u00e9rie pionni\u00e8re du genre policier allemand, chaque \u00e9pisode traite d'un crime commit quelque part en Allemagne o\u00f9 la police locale doit enqu\u00eater, mettant donc en sc\u00e8ne diff\u00e9rents commissaires et quelques personnages r\u00e9guliers. Les enqu\u00eates soul\u00e8vent r\u00e9guli\u00e8rement des questions sociales en lien direct avec les lieux du crimes, c'est le d\u00e9fi que doivent relever les forces de police locales.", "start_date": "2026-09-02T20:00:00+00:00", "title": "Tatort"}, {"desc": "Jede Nacht fahren die Teams der Mainzer Polizei raus ins Ungewisse - um zu helfen, zu beruhigen oder bei Verbrechen und Todesf\u00e4llen ganz genau hinzusehen. Auf der Autobahn, in der Innenstadt oder im Kriminaldauerdienst erwarten sie oft ungew\u00f6hnliche Eins\u00e4tze.", "start_date": "2026-09-02T21:30:00+00:00", "title": "Nachtstreife 7."}, {"desc": "Jede Nacht fahren die Teams der Mainzer Polizei raus ins Ungewisse - um zu helfen, zu beruhigen oder bei Verbrechen und Todesf\u00e4llen ganz genau hinzusehen. Auf der Autobahn, in der Innenstadt oder im Kriminaldauerdienst erwarten sie oft ungew\u00f6hnliche Eins\u00e4tze.", "start_date": "2026-09-02T22:15:00+00:00", "title": "Nachtstreife"}, {"desc": "ARD Crime Time und die BBC starten eine erfolgreiche Zusammenarbeit: Die ARD Mediathek zeigt exklusiv eine der erfolgreichsten True Crime-Doku-Serien der BBC mit neuen packenden Inhalten f\u00fcr den deutschen Markt. Den Anfang macht die englische Originalversion \"Chloe Ayling - My Unbelievable Kidnapping\" um die \"unglaubliche Entf\u00fchrung\" des 20-j\u00e4hrigen Models w\u00e4hrend eines Shootings in Mailand. Die j", "start_date": "2026-09-02T23:00:00+00:00", "title": "Entf\u00fchrt! Keiner will mir glauben"}, {"desc": "ARD Crime Time und die BBC starten eine erfolgreiche Zusammenarbeit: Die ARD Mediathek zeigt exklusiv eine der erfolgreichsten True Crime-Doku-Serien der BBC mit neuen packenden Inhalten f\u00fcr den deutschen Markt. Den Anfang macht die englische Originalversion \"Chloe Ayling - My Unbelievable Kidnapping\" um die \"unglaubliche Entf\u00fchrung\" des 20-j\u00e4hrigen Models w\u00e4hrend eines Shootings in Mailand. Die j", "start_date": "2026-09-02T23:40:00+00:00", "title": "Entf\u00fchrt! Keiner will mir glauben"}, {"desc": "ARD Crime Time und die BBC starten eine erfolgreiche Zusammenarbeit: Die ARD Mediathek zeigt exklusiv eine der erfolgreichsten True Crime-Doku-Serien der BBC mit neuen packenden Inhalten f\u00fcr den deutschen Markt. Den Anfang macht die englische Originalversion \"Chloe Ayling - My Unbelievable Kidnapping\" um die \"unglaubliche Entf\u00fchrung\" des 20-j\u00e4hrigen Models w\u00e4hrend eines Shootings in Mailand. Die j", "start_date": "2026-09-03T00:05:00+00:00", "title": "Entf\u00fchrt! Keiner will mir glauben"}, {"desc": "ARD Crime Time und die BBC starten eine erfolgreiche Zusammenarbeit: Die ARD Mediathek zeigt exklusiv eine der erfolgreichsten True Crime-Doku-Serien der BBC mit neuen packenden Inhalten f\u00fcr den deutschen Markt. Den Anfang macht die englische Originalversion \"Chloe Ayling - My Unbelievable Kidnapping\" um die \"unglaubliche Entf\u00fchrung\" des 20-j\u00e4hrigen Models w\u00e4hrend eines Shootings in Mailand. Die j", "start_date": "2026-09-03T00:40:00+00:00", "title": "Entf\u00fchrt! Keiner will mir glauben"}, {"desc": "Jede Nacht fahren die Teams der Mainzer Polizei raus ins Ungewisse - um zu helfen, zu beruhigen oder bei Verbrechen und Todesf\u00e4llen ganz genau hinzusehen. Auf der Autobahn, in der Innenstadt oder im Kriminaldauerdienst erwarten sie oft ungew\u00f6hnliche Eins\u00e4tze.", "start_date": "2026-09-03T01:10:00+00:00", "title": "Nachtstreife 7."}, {"desc": "Mit einer Helikopter-Kamera pr\u00e4sentiert ein Filmteam verschiedene Seen und ihre Regionen im S\u00fcdwesten.", "start_date": "2026-09-03T01:55:00+00:00", "title": "Der S\u00fcdwesten von oben"}, {"desc": "Der Saarkanal verbindet die Saar mit dem franz\u00f6sischen Kanalsystem. Arndt Reisenbichler begleitet G\u00fcnther Mickan, der in einem umgebauten Lastkahn lebt. W\u00e4hrend der Fahrt besichtigen sie historische St\u00e4tten, ein Schloss und lokale Betriebe.", "start_date": "2026-09-03T02:25:00+00:00", "title": "Expedition in die Heimat"}, {"desc": null, "start_date": "2026-09-03T02:35:00+00:00", "title": "SWR Aktuell Rheinland-Pfalz"}, {"desc": null, "start_date": "2026-09-03T03:00:00+00:00", "title": "SWR Aktuell Baden-W\u00fcrttemberg"}, {"desc": "Das Sehen: eine H\u00f6chstleistung der Evolution, erm\u00f6glicht durch High-Tech-Instrumente aus dem Labor der Natur. Unabl\u00e4ssig str\u00f6men auf jedes Lebewesen Reize aus der Umwelt ein. Menschen verarbeiten diese Reize vor allem mit den Augen. Wie viel Hightech in einem Linsenauge steckt, wie das Scharfstellen funktioniert, wie die Rezeptoren arbeiten und Bilder im Gehirn entstehen, all das wird anschaulich ", "start_date": "2026-09-03T03:30:00+00:00", "title": "total ph\u00e4nomenal"}, {"desc": "Erd\u00f6l ist etwas ganz Besonderes - mit dem schwarzen Gold l\u00e4uft alles wie geschmiert: Autos, Flugzeuge, Maschinen und Heizungen. Und viele Gegenst\u00e4nde des t\u00e4glichen Gebrauchs werden ebenfalls aus dem Rohstoff gewonnen. Doch die Vorr\u00e4te werden langsam knapp, das Erd\u00f6l deshalb immer teurer. Das sp\u00fcren die Verbraucher nicht nur an der Tankstelle. Und f\u00fcr die \u00d6lkonzerne rechnen sich immer neue Wege, um", "start_date": "2026-09-03T03:45:00+00:00", "title": "total ph\u00e4nomenal"}, {"desc": null, "start_date": "2026-09-03T04:00:00+00:00", "title": "SWR3 Morningshow"}, {"desc": "Die Sendung zeigt live an rund 40 Standorten, wie das Wetter an den sch\u00f6nsten Orten in Baden-W\u00fcrttemberg, Rheinland-Pfalz, dem Saarland und angrenzenden Nachbarl\u00e4ndern ist. Scheint auf den Gipfeln die Sonne? Sind im Winter die Pisten pr\u00e4pariert und laufen die Lifte? Regnet es am Zielort und muss die Wanderung dem Museumsbesuch weichen? Die Wetterbilder helfen bei der Freizeitgestaltung genauso wie", "start_date": "2026-09-03T05:55:00+00:00", "title": "Panoramablick"}, {"desc": null, "start_date": "2026-09-03T07:00:00+00:00", "title": "Landesschau Baden-W\u00fcrttemberg"}, {"desc": "Begleitet wird eine Sonderfahrt in die Zentralschweiz: Bis Konstanz zog das \"deutsche Krokodil\", die E 94 279, den Zug. Anschlie\u00dfend fuhr der schweizerische E-Lok-Oldtimer Be 4/6 12320, eine braune Stangen-E-Lok, durchs h\u00fcgelige Mittelthurgauer Land und \u00fcber die S\u00fcdostbahn nach Arth-Goldau. Dort ging es mit Volldampf \u00fcber die Zahnradstrecke der Arth-Rigi-Bahn hinauf auf den 1.798 Meter hohen Rigi.", "start_date": "2026-09-03T08:20:00+00:00", "title": "Eisenbahn-Romantik"}, {"desc": "F\u00fcrstenhof, h\u00f4tel cinq \u00e9toile au c\u0153ur de Vagen en Bavi\u00e8re, est l'\u00e9picentre des histoires qui lient de nombreux habitants de la r\u00e9gion. Qu'il s'agisse de ses propri\u00e9taires, son petit personnel ou d'autres personnalit\u00e9s influentes, les intrigues m\u00ealant amour, argent, famille et trahison qui gravitent autour de l'\u00e9tablissement sont nombreuses.", "start_date": "2026-09-03T08:50:00+00:00", "title": "Sturm der Liebe"}, {"desc": null, "start_date": "2026-09-03T09:40:00+00:00", "title": "aktiv und gesund"}, {"desc": null, "start_date": "2026-09-03T10:10:00+00:00", "title": "ARD-Buffet Spezial"}, {"desc": "Robert, brillant architecte, est sur le point d'\u00e9pouser Lotta, sa ravissante coll\u00e8gue. C'est alors qu'il est victime d'un accident qui le laisse amn\u00e9sique. Incapable de se souvenir de son identit\u00e9, il s'\u00e9prend bient\u00f4t de la d\u00e9licieuse Teresa, sa compagne d'infortune, qui l'a pris sous son aile...", "start_date": "2026-09-03T10:55:00+00:00", "title": "Liebe vergisst man nicht"}, {"desc": "Die beiden R\u00e4tselmeister Bernhard Ho\u00ebcker und Elton stellen sich erneut den unglaublichen, am\u00fcsanten und \u00fcberraschenden Fragen von Moderator Kai Pflaume. Superhirn Bernhard Ho\u00ebcker und Quizmaster Elton spielen im Team mit jeweils einem prominenten Studiogast, denn es gilt, richtige Antworten auf skurrile und knifflige Fragen aus Wissenschaft, Tierwelt und dem t\u00e4glichen Leben zu finden. (Erstausstr", "start_date": "2026-09-03T12:25:00+00:00", "title": "Wer wei\u00df denn sowas?"}, {"desc": "Polizeiobermeister Hubert (Christian Tramitz) und Staller (Helmfried von L\u00fcttichau) haben sich eigentlich vorgenommen, Dienst nach Vorschrift zu machen. Doch mit sch\u00f6ner Regelm\u00e4\u00dfigkeit geraten sie an F\u00e4lle, die mindestens eine Nummer zu gro\u00df f\u00fcr sie sind. Sehr zum \u00c4rger des ambitionierten Revierleiters Girwidz, der f\u00fcr das Amt des B\u00fcrgermeisters kandidieren will ...", "start_date": "2026-09-03T13:10:00+00:00", "title": "Hubert und Staller"}, {"desc": null, "start_date": "2026-09-03T14:00:00+00:00", "title": "SWR Aktuell Baden-W\u00fcrttemberg"}, {"desc": null, "start_date": "2026-09-03T14:04:00+00:00", "title": "Baden-W\u00fcrttemberg Wetter"}, {"desc": "Das t\u00e4gliche Service-Magazin bietet praktische Tipps und Informationen rund um die Themen Heim und Garten, Gesundheit, K\u00fcche und Haushalt. Experten geben hilfreiche Ratschl\u00e4ge f\u00fcr den Alltag und vermitteln Wissenswertes zu zahlreichen Lebensbereichen. Die Zuschauer k\u00f6nnen sich aktiv an der Sendung beteiligen, ihre Meinung zu aktuellen Themen \u00e4u\u00dfern und mit Studiog\u00e4sten ins Gespr\u00e4ch kommen. Dar\u00fcber", "start_date": "2026-09-03T14:05:00+00:00", "title": "Kaffee oder Tee"}, {"desc": null, "start_date": "2026-09-03T15:00:00+00:00", "title": "SWR Aktuell Baden-W\u00fcrttemberg"}, {"desc": "Das t\u00e4gliche Service-Magazin bietet praktische Tipps und Informationen rund um die Themen Heim und Garten, Gesundheit, K\u00fcche und Haushalt. Experten geben hilfreiche Ratschl\u00e4ge f\u00fcr den Alltag und vermitteln Wissenswertes zu zahlreichen Lebensbereichen. Die Zuschauer k\u00f6nnen sich aktiv an der Sendung beteiligen, ihre Meinung zu aktuellen Themen \u00e4u\u00dfern und mit Studiog\u00e4sten ins Gespr\u00e4ch kommen. Dar\u00fcber", "start_date": "2026-09-03T15:05:00+00:00", "title": "Kaffee oder Tee"}, {"desc": null, "start_date": "2026-09-03T16:00:00+00:00", "title": "SWR Aktuell Baden-W\u00fcrttemberg"}, {"desc": null, "start_date": "2026-09-03T16:10:00+00:00", "title": "Landesschau Baden-W\u00fcrttemberg"}, {"desc": null, "start_date": "2026-09-03T17:30:00+00:00", "title": "SWR Aktuell Baden-W\u00fcrttemberg"}, {"desc": null, "start_date": "2026-09-03T17:57:00+00:00", "title": "Baden-W\u00fcrttemberg Wetter"}, {"desc": null, "start_date": "2026-09-03T18:00:00+00:00", "title": "Tagesschau"}, {"desc": null, "start_date": "2026-09-03T18:15:00+00:00", "title": "Zur Sache Baden-W\u00fcrttemberg"}, {"desc": "Die Dokumentationsreihe zeichnet im Wahljahr 2026 ein Stimmungsbild aus Sachsen-Anhalt und Baden-W\u00fcrttemberg. Im Vergleich von Ost und West wird deutlich, dass die Ursachen von Unzufriedenheit und Wut oft \u00e4hnlicher sind, als g\u00e4ngige Klischees vermuten lassen. Menschen aus beiden Regionen berichten von ihren Erfahrungen, Erwartungen und Sorgen - von wirtschaftlichen Herausforderungen bis hin zu pol", "start_date": "2026-09-03T19:00:00+00:00", "title": "Wut. H\u00fcben wie dr\u00fcben"}, {"desc": null, "start_date": "2026-09-03T19:45:00+00:00", "title": "SWR Aktuell Baden-W\u00fcrttemberg"}, {"desc": "Hauptkommissar Benedikt Beissl sorgt in dieser ARD-Serie schon seit Jahrzehnten in Berchtesgaden f\u00fcr Recht und Ordnung. Er ist wie der Watzmann \u2013 das Wahrzeichen von Berchtesgaden. Gro\u00df, m\u00e4chtig und unverr\u00fcckbar. Doch dann kommt ein neuer Kollege: Jerry Paulsen. Einige Sequenzen enthalten Blitzlicht-Effekte, die sich auf lichtempfindliche Zuschauer auswirken k\u00f6nnen.", "start_date": "2026-09-03T20:00:00+00:00", "title": "Watzmann ermittelt"}, {"desc": "Hauptkommissar Benedikt Beissl sorgt in dieser ARD-Serie schon seit Jahrzehnten in Berchtesgaden f\u00fcr Recht und Ordnung. Er ist wie der Watzmann \u2013 das Wahrzeichen von Berchtesgaden. Gro\u00df, m\u00e4chtig und unverr\u00fcckbar. Doch dann kommt ein neuer Kollege: Jerry Paulsen. Einige Sequenzen enthalten Blitzlicht-Effekte, die sich auf lichtempfindliche Zuschauer auswirken k\u00f6nnen.", "start_date": "2026-09-03T20:45:00+00:00", "title": "Watzmann ermittelt"}, {"desc": "Moritz et Julius, deux \u00e9tudiants en cin\u00e9ma berlinois, ont v\u00e9cu une histoire folle. Le court m\u00e9trage d'animation sur lequel ils ont travaill\u00e9 pendant trois ans se fait remarquer d'abord sur une plateforme de vid\u00e9os en ligne puis dans de nombreux festivals. Mais leur aventure tourne court lorsqu'un Am\u00e9ricain, un certain M.F., s'approprie leur cr\u00e9ation, en modifie le titre et le g\u00e9n\u00e9rique et remporte", "start_date": "2026-09-03T21:35:00+00:00", "title": "Der talentierte Mr. F"}, {"desc": "Bruno Hafner aus Riedlingen ist Ofensetzer und Spezialist f\u00fcr Lehm\u00f6fen. Beim Pizzaofen im Au\u00dfenbereich setzt er auf einen Materialmix aus modernen und tradierten Werkstoffen. Er kombiniert Lehmsteine, Lehmputz und Lehmm\u00f6rtel mit Hourdis-Platten und Schamott-Steinen. Lehm gilt als schwieriger Werkstoff, doch wer wie er mit dem Naturmaterial umgehen kann, liebt es auch und kennt alle Arbeitsschritte", "start_date": "2026-09-03T22:55:00+00:00", "title": "Handwerkskunst"}, {"desc": "Es ist Hochsaison f\u00fcr sommerliches Obst. Immer mehr Sorten, die fr\u00fcher jenseits der Alpen zuhause waren, wachsen mittlerweile auch im S\u00fcdwesten. Im Sommer reif und dennoch eher unbekannt ist die schwarze Johannisbeere. Zu Unrecht, wie ein Landwirt bei Heilbronn beweist. Dass Obsth\u00f6fe gerade im Sommer auch sch\u00f6ne Ausflugsziele sein k\u00f6nnen, zeigt ein Betrieb in der S\u00fcdpfalz.", "start_date": "2026-09-03T23:25:00+00:00", "title": "Treffpunkt"}, {"desc": "Die gr\u00f6\u00dfte Herausforderung beim Ausbau der Dachwohnung in Martines Haus war es, auf den nur 40 Quadratmetern m\u00f6glichst viel unterzubringen: Schlafzimmer, K\u00fcche, Arbeitsplatz, Bad und WC und das Ganze dabei noch luftig wirken zu lassen. Doch die K\u00fcnstlerin aus Unkel am Mittelrhein hatte viele Ideen. \u00dcberregional bekannt geworden ist sie durch ihre rosa Wolken aus Hasendraht - Installationen, f\u00fcr di", "start_date": "2026-09-03T23:55:00+00:00", "title": "ARD Room Tour"}], "offset": "+00:00", "timezone": "UTC", "error_code": -1, "start_date": "2026-09-02", "icon": ""}