{"end_date": "2026-04-24", "name": "La Cha\u00eene Parlementaire", "info_url": "https://epg.pw/channels/459242/20260422.html", "country": "France", "description": null, "error_message": "", "provider": "", "source_url": "https://epg.pw/api/epg.json?channel_id=459242&date=20260422&timezone=None", "epg_list": [{"desc": "Le 27 octobre 1962, l'avion d'Enrico Mattei s'\u00e9crase. Dispara\u00eet alors \"l'Italien le plus puissant depuis Jules C\u00e9sar\", fondateur de l'ENI, la soci\u00e9t\u00e9 p\u00e9troli\u00e8re italienne, l'homme qui a os\u00e9 d\u00e9fier le cartel anglo-am\u00e9ricain des Sept Soeurs. Le mot \"sabotage\" circule alors dans toute l'Italie, mais une enqu\u00eate exp\u00e9ditive impose la th\u00e8se de l'accident. Dans une atmosph\u00e8re de film noir, le film retrac", "start_date": "2026-04-23T18:39:00+00:00", "title": "Enrico Mattei, le rebelle du p\u00e9trole"}, {"desc": "Chaque soir, un d\u00e9bat anim\u00e9 par Jean-Pierre Gratien accompagne la diffusion d'un documentaire, en pr\u00e9sence de parlementaires, d'acteurs de la soci\u00e9t\u00e9 civile et d'experts.", "start_date": "2026-04-23T19:39:00+00:00", "title": "D\u00e9batDoc"}, {"desc": "Les sujets d'actualit\u00e9 et les grandes questions qui animent la soci\u00e9t\u00e9 sont d\u00e9battus par les invit\u00e9s de Thomas Hugues. Experts, personnalit\u00e9s politiques ou observateurs, ils analysent les probl\u00e9matiques et confrontent leurs id\u00e9es afin d'offrir \u00e0 chacun les cl\u00e9s pour comprendre les enjeux du moment.", "start_date": "2026-04-23T20:00:00+00:00", "title": "Sens public"}, {"desc": "Anna Cabana et Christophe Ono-dit-Biot interrogent les relations entre femmes et hommes \u00e0 l'heure des grandes mutations contemporaines, du patriarcat aux combats f\u00e9ministes, des espoirs d'\u00e9galit\u00e9 aux nouvelles tensions, de la r\u00e9volution #Metoo \u00e0 la progression du masculinisme.", "start_date": "2026-04-23T21:31:00+00:00", "title": "Le banquet"}, {"desc": "Un apr\u00e8s-midi de fin d'\u00e9t\u00e9, dans un quartier de banlieue tout au nord de la France, en p\u00e9riph\u00e9rie de Calais et de la mer. Des enfants et des adolescents tuent le temps qui s'\u00e9coule en bas des tours, entre les immeubles et les terrains vagues. Ils parlent d'amour, de doutes et d'espoirs, tentent de comprendre ce qui les anime.", "start_date": "2026-04-23T22:29:00+00:00", "title": "Entre deux \u00e2ges, portraits d'une jeunesse"}, {"desc": "Quelles sont les aspirations de la jeunesse dite \"p\u00e9riurbaine\" ? Dans ce contexte g\u00e9ographique, quelle mobilit\u00e9, quels r\u00eaves et quelles strat\u00e9gies d'\u00e9mancipation se d\u00e9veloppent lors de cette p\u00e9riode cl\u00e9 de l'existence ?", "start_date": "2026-04-23T23:29:00+00:00", "title": "D\u00e9batDoc"}, {"desc": "La r\u00e9daction de LCP propose de revoir des morceaux choisis des s\u00e9ances publiques dans l'h\u00e9micycle et des s\u00e9ances de travaux ou des auditions en commissions.", "start_date": "2026-04-24T00:00:00+00:00", "title": "La s\u00e9ance est ouverte !"}], "offset": "+00:00", "timezone": "UTC", "error_code": -1, "start_date": "2026-04-23", "icon": ""}