{"end_date": "2026-08-29", "name": "RTP Internacional", "info_url": "https://epg.pw/channels/459243/20260827.html", "country": "France", "description": null, "error_message": "", "provider": "", "source_url": "https://epg.pw/api/epg.json?channel_id=459243&date=20260827&timezone=None", "epg_list": [{"desc": null, "start_date": "2026-08-28T18:07:00+00:00", "title": "O pre\u00e7o certo"}, {"desc": null, "start_date": "2026-08-28T18:58:00+00:00", "title": "Telejornal"}, {"desc": "Uma s\u00e9rie de programas sobre as romarias e festas tradicionais de Portugal.", "start_date": "2026-08-28T20:01:00+00:00", "title": "Romaria do meu cora\u00e7\u00e3o"}, {"desc": null, "start_date": "2026-08-28T20:30:00+00:00", "title": "Joker"}, {"desc": null, "start_date": "2026-08-28T21:30:00+00:00", "title": "Salto de F\u00e9"}, {"desc": "S\u00e9rie documental com 8 epis\u00f3dios de 52 minutos, produzida pela Aniki Media Productions e realizada pelo jornalista e documentarista Carlos Pereira. Uma s\u00e9rie que d\u00e1 voz \u00e0 comunidade portuguesa em Fran\u00e7a A s\u00e9rie pretende retratar, de forma profunda e transversal, a hist\u00f3ria e o contributo da vasta comunidade portuguesa em Fran\u00e7a \u2014 hoje estimada em cerca de 1,5 milh\u00f5es de pessoas \u2014 desde o s\u00e9culo XV", "start_date": "2026-08-28T22:00:00+00:00", "title": "O extraordin\u00e1rio percurso da comunidade portuguesa de Fran\u00e7a"}, {"desc": "Programa semanal sobre a vinha e os vinhos portugueses em Portugal e no mundo. O mercado nacional e o mercado de exporta\u00e7\u00e3o. A excel\u00eancia de alguns dos nossos vinhos.", "start_date": "2026-08-28T22:45:00+00:00", "title": "A ess\u00eancia"}, {"desc": null, "start_date": "2026-08-28T23:00:00+00:00", "title": "24 Horas"}, {"desc": null, "start_date": "2026-08-29T00:00:00+00:00", "title": "Not\u00edcias do Atl\u00e2ntico"}], "offset": "+00:00", "timezone": "UTC", "error_code": -1, "start_date": "2026-08-28", "icon": ""}