{"end_date": "2026-08-31", "name": "RTP Internacional", "info_url": "https://epg.pw/channels/459243/20260829.html", "country": "France", "description": null, "error_message": "", "provider": "", "source_url": "https://epg.pw/api/epg.json?channel_id=459243&date=20260829&timezone=None", "epg_list": [{"desc": null, "start_date": "2026-08-29T00:00:00+00:00", "title": "Not\u00edcias do Atl\u00e2ntico"}, {"desc": null, "start_date": "2026-08-29T01:02:00+00:00", "title": "Sinais de vida"}, {"desc": "Quem s\u00e3o os velhos da nossa vida? E que tipo de idosos seremos? Um argumentista e um fot\u00f3grafo, Lu\u00eds Filipe Borges e Lu\u00eds Godinho, dois amigos e contadores de hist\u00f3rias, prop\u00f5em-se escutar as partilhas de s\u00e1bios em cada ilha do territ\u00f3rio atl\u00e2ntico.", "start_date": "2026-08-29T01:45:00+00:00", "title": "Caixa Negra - Arca de Mem\u00f3rias A\u00e7orianas"}, {"desc": "Personalidades ligadas \u00e0s ci\u00eancias sociais e exatas passam por este programa de entrevista conduzido pelo jornalista Armando Mendes.", "start_date": "2026-08-29T02:15:00+00:00", "title": "Conversas com Ci\u00eancia"}, {"desc": "Conhe\u00e7a os s\u00edmbolos que marcaram a riqueza econ\u00f3mica e cultural dos propriet\u00e1rios em v\u00e1rias Ilhas dos A\u00e7ores.", "start_date": "2026-08-29T02:45:00+00:00", "title": "Solares e pal\u00e1cios dos A\u00e7ores"}, {"desc": "Ao longo de 8 programas, \"Portugal De...\" retrata o percurso e a opini\u00e3o pessoal de 8 figuras marcantes de uma gera\u00e7\u00e3o sobre Portugal. O objetivo de cada programa \u00e9 o de captar a ess\u00eancia de ser portugu\u00eas, o porqu\u00ea, como \u00e9 ser portugu\u00eas. A identidade portuguesa de hoje, de ontem e amanh\u00e3, por portugueses de refer\u00eancia da sua gera\u00e7\u00e3o. Procuramos vis\u00f5es e detalhes, pormenores de um Portugal que exis", "start_date": "2026-08-29T03:15:00+00:00", "title": "Portugal de..."}, {"desc": "Uma viagem pelas ilhas de S\u00e3o Tom\u00e9 e Pr\u00edncipe para desvendar um arquip\u00e9lago virgem, onde o turismo passa ao de leve. Levemente, pisamos uma terra farta em cacau e caf\u00e9, rica em hist\u00f3rias que cruzam povos de \u00c1frica, que para ali viajaram para trabalhar nas ro\u00e7as. Verde. H\u00famido. Isolado. Deslumbrante.", "start_date": "2026-08-29T04:00:00+00:00", "title": "Afrikando S\u00e3o Tom\u00e9 e Pr\u00edncipe"}, {"desc": "Se tiv\u00e9ssemos nascido noutro pa\u00eds como \u00e9 que seria a nossa vida, como \u00e9 que seriam as brincadeiras, a comida e a escola? Esta rubrica d\u00e1-vos a conhecer como vivem as crian\u00e7as noutros pa\u00edses.", "start_date": "2026-08-29T04:30:00+00:00", "title": "Crian\u00e7as no mundo"}, {"desc": null, "start_date": "2026-08-29T04:35:00+00:00", "title": "Zig, Zag, Zzz e Amigos"}, {"desc": null, "start_date": "2026-08-29T04:40:00+00:00", "title": "O Panda e o Galo"}, {"desc": null, "start_date": "2026-08-29T04:50:00+00:00", "title": "O Di\u00e1rio de Alice"}, {"desc": null, "start_date": "2026-08-29T04:55:00+00:00", "title": "A Minha Lancheira"}, {"desc": "Programa sobre os animais e o seu universo. Cada epis\u00f3dio \u00e9 dedicado a um animal diferente, numa viagem ao seu mundo para os conhecemos melhor. Vamos descobrir onde vivem, quais as suas caracter\u00edsticas, como se organizam, o que comem, como se reproduzem. Qual \u00e9 o teu animal preferido?", "start_date": "2026-08-29T05:00:00+00:00", "title": "No Mundo dos Animais"}, {"desc": null, "start_date": "2026-08-29T05:10:00+00:00", "title": "As Aventuras do Max - Atlantos"}, {"desc": "S\u00e9rie em que crian\u00e7as explicam, com as suas pr\u00f3prias palavras, os artigos mais importantes da Constitui\u00e7\u00e3o da Rep\u00fablica Portuguesa para a inf\u00e2ncia. Em cada epis\u00f3dio, temos uma curiosidade sobre a Constitui\u00e7\u00e3o e depois a exposi\u00e7\u00e3o de um artigo em linguagem simples, ligada ao dia a dia das crian\u00e7as.", "start_date": "2026-08-29T05:20:00+00:00", "title": "Miss\u00e3o: Democracia - A Constitui\u00e7\u00e3o"}, {"desc": null, "start_date": "2026-08-29T05:25:00+00:00", "title": "Pulga Atr\u00e1s da Orelha"}, {"desc": "A evolu\u00e7\u00e3o da medicina resulta das grandes contribui\u00e7\u00f5es que, no tempo e no espa\u00e7o, foram dadas por v\u00e1rias civiliza\u00e7\u00f5es, que com ela tamb\u00e9m evolu\u00edram. \"A Arte da Cura\" \u00e9 uma s\u00e9rie documental de 13 epis\u00f3dios, com apresenta\u00e7\u00e3o e produ\u00e7\u00e3o de Rita Saldanha, que retrata precisamente essa evolu\u00e7\u00e3o em Portugal, contando a hist\u00f3ria da medicina sob a perspetiva econ\u00f3mica e pol\u00edtica de cada \u00e9poca.", "start_date": "2026-08-29T05:30:00+00:00", "title": "A arte da cura"}, {"desc": null, "start_date": "2026-08-29T06:00:00+00:00", "title": "Bom dia Portugal fim de semana"}, {"desc": "Do Corvo a Santa Maria, os A\u00e7ores acolhem atualmente cerca de 5.100 estrangeiros de 97 nacionalidade diferentes. S\u00e3o pessoas que atravessaram as fronteiras dos seus pa\u00edses e encontraram na Regi\u00e3o um ambiente ideal para estudar, trabalhar e para viver.", "start_date": "2026-08-29T09:00:00+00:00", "title": "Al\u00e9m das Fronteiras"}, {"desc": null, "start_date": "2026-08-29T09:15:00+00:00", "title": "Lisboa, Outras Formas de Vida"}, {"desc": "Sele\u00e7\u00e3o dos melhores momentos musicais da Pra\u00e7a da Alegria.", "start_date": "2026-08-29T10:15:00+00:00", "title": "M\u00fasica na Pra\u00e7a"}, {"desc": null, "start_date": "2026-08-29T11:58:00+00:00", "title": "Jornal da tarde"}, {"desc": "Programa da Provedora do Telespectador da RTP dedicado a dar voz ao p\u00fablico e a refor\u00e7ar a transpar\u00eancia do servi\u00e7o p\u00fablico de televis\u00e3o. A Provedora analisa as queixas, d\u00favidas e sugest\u00f5es dos telespectadores, promovendo um di\u00e1logo direto entre quem v\u00ea televis\u00e3o e quem a faz.", "start_date": "2026-08-29T13:15:00+00:00", "title": "Ouvir Quem V\u00ea"}, {"desc": "\"Chefs da Nossa Terra\" percorrer\u00e1 o pa\u00eds de norte a sul com o objetivo de promover o melhor de cada regi\u00e3o, usando como fio condutor uma competi\u00e7\u00e3o culin\u00e1ria. Em cada programa, quatro equipas formadas por quatro elementos v\u00e3o mostrar o que valem em seis provas culin\u00e1rias.", "start_date": "2026-08-29T13:30:00+00:00", "title": "Chefs da Nossa Terra"}, {"desc": null, "start_date": "2026-08-29T18:07:00+00:00", "title": "O pre\u00e7o certo"}, {"desc": null, "start_date": "2026-08-29T18:58:00+00:00", "title": "Telejornal"}, {"desc": null, "start_date": "2026-08-29T20:00:00+00:00", "title": "The Floor"}, {"desc": "Marisa Liz, Gisela Jo\u00e3o, Mickael Carreira e Anselmo Ralph procuram os grupos de concorrentes com as melhores vozes de Portugal.", "start_date": "2026-08-29T21:45:00+00:00", "title": "The Voice Gera\u00e7\u00f5es - Os Apurados"}, {"desc": "H\u00e1 muitos instrumentos tradicionais da Madeira que est\u00e3o em vias de extin\u00e7\u00e3o. Nesta s\u00e9rie documental fomos \u00e0 procura de construtores que nos ajudaram a perceber a construir estes pequenos instrumentos usados sobretudo em grupos tradicionais da Madeira.", "start_date": "2026-08-29T22:30:00+00:00", "title": "Construir Sons"}, {"desc": "\"Terra Europa\" \u00e9 a nova s\u00e9rie de atualidade europeia, com emiss\u00e3o semanal nos canais de televis\u00e3o e r\u00e1dio da RTP. Em contagem decrescente para as elei\u00e7\u00f5es europeias, o \"Terra Europa\" traz reportagens exclusivas sobre os temas que preocupam os cidad\u00e3os: cria\u00e7\u00e3o de emprego, altera\u00e7\u00f5es clim\u00e1ticas, inova.", "start_date": "2026-08-29T22:45:00+00:00", "title": "Terra Europa"}, {"desc": "En Direct.", "start_date": "2026-08-29T23:00:00+00:00", "title": "24 Horas"}, {"desc": null, "start_date": "2026-08-30T00:00:00+00:00", "title": "Not\u00edcias do Atl\u00e2ntico"}, {"desc": "A divulga\u00e7\u00e3o de grupos folcl\u00f3ricos, numa grande recolha etnogr\u00e1fica numa viagem pelo tempo. A g\u00e9nese, o traje, a sonoridade e as refer\u00eancias culturais dos diferentes grupos levam-nos a quase todos os concelhos da ilha.", "start_date": "2026-08-30T01:00:00+00:00", "title": "Dan\u00e7a Com Hist\u00f3ria"}, {"desc": null, "start_date": "2026-08-30T01:45:00+00:00", "title": "Sons de Vit\u00f3ria"}, {"desc": "O Janela Indiscreta \u00e9 o seu programa de cinema! Apresenta, em primeira m\u00e3o, estreias cinematogr\u00e1ficas e entrevistas exclusivas aos protagonistas das produ\u00e7\u00f5es nacionais e internacionais, dando a conhecer curiosidades e hist\u00f3rias de bastidores.", "start_date": "2026-08-30T03:00:00+00:00", "title": "Janela Indiscreta"}, {"desc": "Fotobox \u00e9 um programa sobre fotografia. A tecnologia, os fot\u00f3grafos e as suas fotografias t\u00eam uma presen\u00e7a assegurada neste programa.", "start_date": "2026-08-30T03:45:00+00:00", "title": "Fotobox"}, {"desc": "A origem das palavras e curiosidade da l\u00edngua portuguesa.", "start_date": "2026-08-30T04:00:00+00:00", "title": "Esta L\u00edngua Que Nos Une - Compacto"}, {"desc": "Os contos tradicionais de Portugal e do Mundo narrados pela Fil\u00f3 e pelo Gabi!", "start_date": "2026-08-30T04:30:00+00:00", "title": "Hora do Conto"}, {"desc": null, "start_date": "2026-08-30T04:35:00+00:00", "title": "Zig, Zag, Zzz e Amigos"}, {"desc": null, "start_date": "2026-08-30T04:40:00+00:00", "title": "O Panda e o Galo"}, {"desc": null, "start_date": "2026-08-30T04:50:00+00:00", "title": "O Di\u00e1rio de Alice"}, {"desc": "Parecem hist\u00f3rias malucas e inventadas, mas aconteceram mesmo na Hist\u00f3ria de Portugal!", "start_date": "2026-08-30T04:55:00+00:00", "title": "Hist\u00f3rias Estapaf\u00fardias"}, {"desc": "Programa sobre os animais e o seu universo. Cada epis\u00f3dio \u00e9 dedicado a um animal diferente, numa viagem ao seu mundo para os conhecemos melhor. Vamos descobrir onde vivem, quais as suas caracter\u00edsticas, como se organizam, o que comem, como se reproduzem. Qual \u00e9 o teu animal preferido?", "start_date": "2026-08-30T05:00:00+00:00", "title": "No Mundo dos Animais"}, {"desc": null, "start_date": "2026-08-30T05:10:00+00:00", "title": "As Aventuras do Max - Atlantos"}, {"desc": "S\u00e9rie em que crian\u00e7as explicam, com as suas pr\u00f3prias palavras, os artigos mais importantes da Constitui\u00e7\u00e3o da Rep\u00fablica Portuguesa para a inf\u00e2ncia. Em cada epis\u00f3dio, temos uma curiosidade sobre a Constitui\u00e7\u00e3o e depois a exposi\u00e7\u00e3o de um artigo em linguagem simples, ligada ao dia a dia das crian\u00e7as.", "start_date": "2026-08-30T05:20:00+00:00", "title": "Miss\u00e3o: Democracia - A Constitui\u00e7\u00e3o"}, {"desc": null, "start_date": "2026-08-30T05:25:00+00:00", "title": "Pulga Atr\u00e1s da Orelha"}, {"desc": "Nesta s\u00e9rie pretende-se revelar os bastidores das ind\u00fastrias alimentares na Regi\u00e3o Aut\u00f3noma da Madeira, mostrando os processo de produ\u00e7\u00e3o, tecnologia, pessoas e hist\u00f3rias que d\u00e3o vida aos produtos que todos os dias chegam \u00e0 nossa mesa.", "start_date": "2026-08-30T05:30:00+00:00", "title": "Como Se Faz - Ind\u00fastrias da Madeira"}, {"desc": "En Direct.", "start_date": "2026-08-30T06:00:00+00:00", "title": "Bom Dia Portugal - Fim de Semana"}, {"desc": "En Direct.", "start_date": "2026-08-30T09:30:00+00:00", "title": "Eucaristia Dominical"}, {"desc": "In\u00e9dit. Do majestoso bosque primordial, heran\u00e7a de dois pa\u00edses e acima de tudo um ref\u00fagio para uma biodiversidade extraordin\u00e1ria, nasceu um outro tipo de bosque igualmente m\u00e1gico, o Montado Ib\u00e9rico.", "start_date": "2026-08-30T11:00:00+00:00", "title": "Montado - O Bosque do Lince Ib\u00e9rico"}, {"desc": "En Direct.", "start_date": "2026-08-30T11:58:00+00:00", "title": "Jornal da Tarde"}, {"desc": "Em Castelo Branco, por entre as ru\u00ednas do antigo Col\u00e9gio de S\u00e3o Fiel, visitamos as antigas salas, onde estudou Egas Moniz, pr\u00e9mio Nobel da medicina. Rumamos depois a Montalegre, onde conseguimos entrar no misterioso Mosteiro de Pit\u00f5es das J\u00fanias, encerrado h\u00e1 quase 200 anos.", "start_date": "2026-08-30T13:15:00+00:00", "title": "Portugal Fenomenal"}, {"desc": "Em Casa d' Am\u00e1lia \u00e9 um programa inspirado nas c\u00e9lebres noites em que Am\u00e1lia Rodrigues recebia em sua casa, na Rua de S\u00e3o Bento, poetas, cantores, pintores, m\u00fasicos, atores, mas acima de tudo amigos, para tert\u00falias infind\u00e1veis, que entravam pela noite dentro.", "start_date": "2026-08-30T13:30:00+00:00", "title": "Em Casa d' Am\u00e1lia"}, {"desc": "Os cantares ao desafio est\u00e3o no processo para eleva\u00e7\u00e3o a patrim\u00f3nio imaterial da Humanidade pela Unesco. Com este mote a RTP quer dar mais for\u00e7a a esta manifesta\u00e7\u00e3o popular. \"Domingo H\u00e1 Desgarra\" apresentado por Jo\u00e3o Paulo Rodrigues e Lara Lopes.", "start_date": "2026-08-30T16:00:00+00:00", "title": "Domingo H\u00e1 Desgarrada - Especial"}, {"desc": "En Direct.", "start_date": "2026-08-30T18:58:00+00:00", "title": "Telejornal"}, {"desc": "O The Voice Gera\u00e7\u00f5es junta mi\u00fados e gra\u00fados no mesmo palco. Os concorrentes ter\u00e3o de atuar em grupos de duas ou mais pessoas de gera\u00e7\u00f5es diferentes.", "start_date": "2026-08-30T20:01:00+00:00", "title": "The Voice Gera\u00e7\u00f5es"}, {"desc": "S\u00e9rie documental do artista Ant\u00f3nio Jorge Gon\u00e7alves, em que acompanhamos dois artistas que usam o desenho como forma de escrita.", "start_date": "2026-08-30T22:30:00+00:00", "title": "Pessoas Que Desenham a Liberdade"}, {"desc": "En Direct.", "start_date": "2026-08-30T23:00:00+00:00", "title": "24 Horas"}, {"desc": null, "start_date": "2026-08-31T00:00:00+00:00", "title": "Not\u00edcias do Atl\u00e2ntico"}], "offset": "+00:00", "timezone": "UTC", "error_code": -1, "start_date": "2026-08-29", "icon": ""}