{"end_date": "2026-09-01", "name": "RTP Internacional", "info_url": "https://epg.pw/channels/459243/20260830.html", "country": "France", "description": null, "error_message": "", "provider": "", "source_url": "https://epg.pw/api/epg.json?channel_id=459243&date=20260830&timezone=None", "epg_list": [{"desc": null, "start_date": "2026-08-30T00:00:00+00:00", "title": "Not\u00edcias do Atl\u00e2ntico"}, {"desc": "A divulga\u00e7\u00e3o de grupos folcl\u00f3ricos, numa grande recolha etnogr\u00e1fica numa viagem pelo tempo. A g\u00e9nese, o traje, a sonoridade e as refer\u00eancias culturais dos diferentes grupos levam-nos a quase todos os concelhos da ilha.", "start_date": "2026-08-30T01:00:00+00:00", "title": "Dan\u00e7a Com Hist\u00f3ria"}, {"desc": null, "start_date": "2026-08-30T01:45:00+00:00", "title": "Sons de Vit\u00f3ria"}, {"desc": "O Janela Indiscreta \u00e9 o seu programa de cinema! Apresenta, em primeira m\u00e3o, estreias cinematogr\u00e1ficas e entrevistas exclusivas aos protagonistas das produ\u00e7\u00f5es nacionais e internacionais, dando a conhecer curiosidades e hist\u00f3rias de bastidores.", "start_date": "2026-08-30T03:00:00+00:00", "title": "Janela Indiscreta"}, {"desc": "Fotobox \u00e9 um programa sobre fotografia. A tecnologia, os fot\u00f3grafos e as suas fotografias t\u00eam uma presen\u00e7a assegurada neste programa.", "start_date": "2026-08-30T03:45:00+00:00", "title": "Fotobox"}, {"desc": "A origem das palavras e curiosidade da l\u00edngua portuguesa.", "start_date": "2026-08-30T04:00:00+00:00", "title": "Esta L\u00edngua Que Nos Une - Compacto"}, {"desc": "Os contos tradicionais de Portugal e do Mundo narrados pela Fil\u00f3 e pelo Gabi!", "start_date": "2026-08-30T04:30:00+00:00", "title": "Hora do Conto"}, {"desc": null, "start_date": "2026-08-30T04:35:00+00:00", "title": "Zig, Zag, Zzz e Amigos"}, {"desc": null, "start_date": "2026-08-30T04:40:00+00:00", "title": "O Panda e o Galo"}, {"desc": null, "start_date": "2026-08-30T04:50:00+00:00", "title": "O Di\u00e1rio de Alice"}, {"desc": "Parecem hist\u00f3rias malucas e inventadas, mas aconteceram mesmo na Hist\u00f3ria de Portugal!", "start_date": "2026-08-30T04:55:00+00:00", "title": "Hist\u00f3rias Estapaf\u00fardias"}, {"desc": "Programa sobre os animais e o seu universo. Cada epis\u00f3dio \u00e9 dedicado a um animal diferente, numa viagem ao seu mundo para os conhecemos melhor. Vamos descobrir onde vivem, quais as suas caracter\u00edsticas, como se organizam, o que comem, como se reproduzem. Qual \u00e9 o teu animal preferido?", "start_date": "2026-08-30T05:00:00+00:00", "title": "No Mundo dos Animais"}, {"desc": null, "start_date": "2026-08-30T05:10:00+00:00", "title": "As Aventuras do Max - Atlantos"}, {"desc": "S\u00e9rie em que crian\u00e7as explicam, com as suas pr\u00f3prias palavras, os artigos mais importantes da Constitui\u00e7\u00e3o da Rep\u00fablica Portuguesa para a inf\u00e2ncia. Em cada epis\u00f3dio, temos uma curiosidade sobre a Constitui\u00e7\u00e3o e depois a exposi\u00e7\u00e3o de um artigo em linguagem simples, ligada ao dia a dia das crian\u00e7as.", "start_date": "2026-08-30T05:20:00+00:00", "title": "Miss\u00e3o: Democracia - A Constitui\u00e7\u00e3o"}, {"desc": null, "start_date": "2026-08-30T05:25:00+00:00", "title": "Pulga Atr\u00e1s da Orelha"}, {"desc": "Nesta s\u00e9rie pretende-se revelar os bastidores das ind\u00fastrias alimentares na Regi\u00e3o Aut\u00f3noma da Madeira, mostrando os processo de produ\u00e7\u00e3o, tecnologia, pessoas e hist\u00f3rias que d\u00e3o vida aos produtos que todos os dias chegam \u00e0 nossa mesa.", "start_date": "2026-08-30T05:30:00+00:00", "title": "Como Se Faz - Ind\u00fastrias da Madeira"}, {"desc": "En Direct.", "start_date": "2026-08-30T06:00:00+00:00", "title": "Bom Dia Portugal - Fim de Semana"}, {"desc": "En Direct.", "start_date": "2026-08-30T09:30:00+00:00", "title": "Eucaristia Dominical"}, {"desc": "In\u00e9dit. Do majestoso bosque primordial, heran\u00e7a de dois pa\u00edses e acima de tudo um ref\u00fagio para uma biodiversidade extraordin\u00e1ria, nasceu um outro tipo de bosque igualmente m\u00e1gico, o Montado Ib\u00e9rico.", "start_date": "2026-08-30T11:00:00+00:00", "title": "Montado - O Bosque do Lince Ib\u00e9rico"}, {"desc": "En Direct.", "start_date": "2026-08-30T11:58:00+00:00", "title": "Jornal da Tarde"}, {"desc": "Em Castelo Branco, por entre as ru\u00ednas do antigo Col\u00e9gio de S\u00e3o Fiel, visitamos as antigas salas, onde estudou Egas Moniz, pr\u00e9mio Nobel da medicina. Rumamos depois a Montalegre, onde conseguimos entrar no misterioso Mosteiro de Pit\u00f5es das J\u00fanias, encerrado h\u00e1 quase 200 anos.", "start_date": "2026-08-30T13:15:00+00:00", "title": "Portugal Fenomenal"}, {"desc": "Em Casa d' Am\u00e1lia \u00e9 um programa inspirado nas c\u00e9lebres noites em que Am\u00e1lia Rodrigues recebia em sua casa, na Rua de S\u00e3o Bento, poetas, cantores, pintores, m\u00fasicos, atores, mas acima de tudo amigos, para tert\u00falias infind\u00e1veis, que entravam pela noite dentro.", "start_date": "2026-08-30T13:30:00+00:00", "title": "Em Casa d' Am\u00e1lia"}, {"desc": "Os cantares ao desafio est\u00e3o no processo para eleva\u00e7\u00e3o a patrim\u00f3nio imaterial da Humanidade pela Unesco. Com este mote a RTP quer dar mais for\u00e7a a esta manifesta\u00e7\u00e3o popular. \"Domingo H\u00e1 Desgarra\" apresentado por Jo\u00e3o Paulo Rodrigues e Lara Lopes.", "start_date": "2026-08-30T16:00:00+00:00", "title": "Domingo H\u00e1 Desgarrada - Especial"}, {"desc": "En Direct.", "start_date": "2026-08-30T18:58:00+00:00", "title": "Telejornal"}, {"desc": "O The Voice Gera\u00e7\u00f5es junta mi\u00fados e gra\u00fados no mesmo palco. Os concorrentes ter\u00e3o de atuar em grupos de duas ou mais pessoas de gera\u00e7\u00f5es diferentes.", "start_date": "2026-08-30T20:01:00+00:00", "title": "The Voice Gera\u00e7\u00f5es"}, {"desc": "S\u00e9rie documental do artista Ant\u00f3nio Jorge Gon\u00e7alves, em que acompanhamos dois artistas que usam o desenho como forma de escrita.", "start_date": "2026-08-30T22:30:00+00:00", "title": "Pessoas Que Desenham a Liberdade"}, {"desc": "En Direct.", "start_date": "2026-08-30T23:00:00+00:00", "title": "24 Horas"}, {"desc": null, "start_date": "2026-08-31T00:00:00+00:00", "title": "Not\u00edcias do Atl\u00e2ntico"}, {"desc": "Programa semanal sobre a vinha e os vinhos portugueses em Portugal e no mundo. O mercado nacional e o mercado de exporta\u00e7\u00e3o. A excel\u00eancia de alguns dos nossos vinhos.", "start_date": "2026-08-31T01:00:00+00:00", "title": "A Ess\u00eancia"}, {"desc": "\"S\u00f3 Como e Bebo. Por Acaso, Trabalho!\" foi uma frase proferida por F\u00e1bio Porchat durante as filmagens de \"Viagem a Portugal\". Que melhor pretexto para ele voltar que sent\u00e1-lo \u00e0 mesa? Uma conversa com quatro convidados. Um mote: uma palavra, um conceito.", "start_date": "2026-08-31T01:15:00+00:00", "title": "S\u00f3 Como e Bebo. Por Acaso, Trabalho!"}, {"desc": "D. Jo\u00e3o, o pr\u00edncipe regente, a rainha D. Maria I, sua m\u00e3e, a restante fam\u00edlia Real e parte da nobreza portuguesa chegam ao Rio de Janeiro em 1808. Nunca antes se vira uma Coroa europeia assentar arraiais numa das suas col\u00f3nias.", "start_date": "2026-08-31T02:15:00+00:00", "title": "Visita Guiada"}, {"desc": null, "start_date": "2026-08-31T03:00:00+00:00", "title": "Joker"}, {"desc": "Os portugueses t\u00eam agora menos amigos do que tinham h\u00e1 10 anos... e h\u00e1 um aumento do sentimento de solid\u00e3o, apesar de estarmos sempre online. Conviver faz bem \u00e0 sa\u00fade f\u00edsica, mental e permite-nos viver mais anos com qualidade. Vamos saber como no pr\u00f3ximo Sociedade Civil.", "start_date": "2026-08-31T04:00:00+00:00", "title": "Sociedade Civil"}, {"desc": "En Direct.", "start_date": "2026-08-31T05:00:00+00:00", "title": "Bom Dia Portugal"}, {"desc": "En Direct. Jorge Gabriel e S\u00f3nia Ara\u00fajo d\u00e3o-lhe as boas vindas \u00e0 Pra\u00e7a da Alegria! Porque sabemos que gosta da nossa companhia, oferecemos boa disposi\u00e7\u00e3o at\u00e9 \u00e0 hora de almo\u00e7o! De segunda a sexta-feira, a Pra\u00e7a da Alegria leva at\u00e9 si a melhor m\u00fasica, as \u00faltimas tend\u00eancias da moda.", "start_date": "2026-08-31T09:00:00+00:00", "title": "Pra\u00e7a da Alegria"}, {"desc": "En Direct.", "start_date": "2026-08-31T11:58:00+00:00", "title": "Jornal da Tarde"}, {"desc": null, "start_date": "2026-08-31T13:15:00+00:00", "title": "Sinais de Vida"}, {"desc": "En Direct. A RTP vai acompanhar uma das tradi\u00e7\u00f5es portuguesas celebradas em todo o Pa\u00eds: as Festas das Vindimas.", "start_date": "2026-08-31T14:00:00+00:00", "title": "Festa das Vindimas"}, {"desc": null, "start_date": "2026-08-31T15:30:00+00:00", "title": "Agarra-me Se Puderes"}, {"desc": "En Direct.", "start_date": "2026-08-31T16:30:00+00:00", "title": "Portugal em Rede"}, {"desc": null, "start_date": "2026-08-31T18:07:00+00:00", "title": "O Pre\u00e7o Certo"}, {"desc": "En Direct.", "start_date": "2026-08-31T18:58:00+00:00", "title": "Telejornal"}, {"desc": "Carlos Pescador, minhoto de nascen\u00e7a, e o seu fiel amigo Ad\u00e9rito, mariscadores e her\u00f3is das escarpas do Atl\u00e2ntico, arriscam a vida de sorriso no rosto todos os dias em que o mar e o c\u00e9u d\u00e3o tr\u00e9guas, em busca dos percebes onde mais ningu\u00e9m os apanha.", "start_date": "2026-08-31T20:01:00+00:00", "title": "Entre o Mar e a Terra"}, {"desc": null, "start_date": "2026-08-31T20:30:00+00:00", "title": "Joker"}, {"desc": null, "start_date": "2026-08-31T21:45:00+00:00", "title": "Felp"}, {"desc": "Programa de televis\u00e3o e de r\u00e1dio sobre pe\u00e7as da hist\u00f3ria da arte e da cultura portuguesas. Em cada emiss\u00e3o o programa elege uma pe\u00e7a-protagonista, num arco temporal de cerca de 800 anos e abrangendo todo o territ\u00f3rio nacional, ilhas inclu\u00eddas.", "start_date": "2026-08-31T22:15:00+00:00", "title": "Visita Guiada"}, {"desc": "Programa semanal sobre a vinha e os vinhos portugueses em Portugal e no mundo. O mercado nacional e o mercado de exporta\u00e7\u00e3o. A excel\u00eancia de alguns dos nossos vinhos.", "start_date": "2026-08-31T22:45:00+00:00", "title": "A Ess\u00eancia"}, {"desc": "En Direct.", "start_date": "2026-08-31T23:00:00+00:00", "title": "24 Horas"}, {"desc": null, "start_date": "2026-09-01T00:00:00+00:00", "title": "Not\u00edcias do Atl\u00e2ntico"}], "offset": "+00:00", "timezone": "UTC", "error_code": -1, "start_date": "2026-08-30", "icon": ""}