{"end_date": "2026-09-02", "name": "RTP Internacional", "info_url": "https://epg.pw/channels/459243/20260901.html", "country": "France", "description": null, "error_message": "", "provider": "", "source_url": "https://epg.pw/api/epg.json?channel_id=459243&date=20260901&timezone=None", "epg_list": [{"desc": null, "start_date": "2026-09-01T00:00:00+00:00", "title": "Not\u00edcias do Atl\u00e2ntico"}, {"desc": null, "start_date": "2026-09-01T01:02:00+00:00", "title": "Sinais de Vida"}, {"desc": "Document\u00e1rio de Adriana Romero sobre um dos mais conceituados compositores e pianistas portugueses.", "start_date": "2026-09-01T01:45:00+00:00", "title": "Ant\u00f3nio Pinho Vargas: O Que \u00c9 um Nome?"}, {"desc": "Nesta s\u00e9rie pretende-se revelar os bastidores das ind\u00fastrias alimentares na Regi\u00e3o Aut\u00f3noma da Madeira, mostrando os processo de produ\u00e7\u00e3o, tecnologia, pessoas e hist\u00f3rias que d\u00e3o vida aos produtos que todos os dias chegam \u00e0 nossa mesa.", "start_date": "2026-09-01T02:15:00+00:00", "title": "Como Se Faz - Ind\u00fastrias da Madeira"}, {"desc": "\"Terra Europa\" \u00e9 a nova s\u00e9rie de atualidade europeia, com emiss\u00e3o semanal nos canais de televis\u00e3o e r\u00e1dio da RTP. Em contagem decrescente para as elei\u00e7\u00f5es europeias, o \"Terra Europa\" traz reportagens exclusivas sobre os temas que preocupam os cidad\u00e3os: cria\u00e7\u00e3o de emprego, altera\u00e7\u00f5es clim\u00e1ticas, inova.", "start_date": "2026-09-01T02:45:00+00:00", "title": "Terra Europa"}, {"desc": null, "start_date": "2026-09-01T03:00:00+00:00", "title": "Joker"}, {"desc": "O Sociedade Civil \u00e9 um programa com Hist\u00f3ria que quer fazer cada vez mais parte do dia-a-dia de todos os portugueses. S\u00e3o quest\u00f5es p\u00fablicas debatidas por gente distinta, temas particulares apresentados de forma clara.", "start_date": "2026-09-01T04:00:00+00:00", "title": "Sociedade Civil"}, {"desc": "En Direct.", "start_date": "2026-09-01T05:00:00+00:00", "title": "Bom Dia Portugal"}, {"desc": "En Direct. Jorge Gabriel e S\u00f3nia Ara\u00fajo d\u00e3o-lhe as boas vindas \u00e0 Pra\u00e7a da Alegria! Porque sabemos que gosta da nossa companhia, oferecemos boa disposi\u00e7\u00e3o at\u00e9 \u00e0 hora de almo\u00e7o! De segunda a sexta-feira, a Pra\u00e7a da Alegria leva at\u00e9 si a melhor m\u00fasica, as \u00faltimas tend\u00eancias da moda e conselhos \u00fateis.", "start_date": "2026-09-01T09:00:00+00:00", "title": "Pra\u00e7a da Alegria"}, {"desc": "En Direct.", "start_date": "2026-09-01T11:58:00+00:00", "title": "Jornal da Tarde"}, {"desc": null, "start_date": "2026-09-01T13:00:00+00:00", "title": "Hora da Sorte - Lotaria Cl\u00e1ssica"}, {"desc": null, "start_date": "2026-09-01T13:22:00+00:00", "title": "Sinais de Vida"}, {"desc": "En Direct. A RTP vai acompanhar uma das tradi\u00e7\u00f5es portuguesas celebradas em todo o Pa\u00eds: as Festas das Vindimas.", "start_date": "2026-09-01T14:00:00+00:00", "title": "Festa das Vindimas"}, {"desc": null, "start_date": "2026-09-01T15:30:00+00:00", "title": "Agarra-me Se Puderes"}, {"desc": "En Direct.", "start_date": "2026-09-01T16:30:00+00:00", "title": "Portugal em Rede"}, {"desc": null, "start_date": "2026-09-01T18:07:00+00:00", "title": "O Pre\u00e7o Certo"}, {"desc": "En Direct.", "start_date": "2026-09-01T18:58:00+00:00", "title": "Telejornal"}, {"desc": "S\u00e9rie documental que oferece um olhar sem filtros sobre os bastidores da linha 112. Longe das sirenes e das luzes azuis, o protagonismo deste formato pertence exclusivamente \u00e0 voz dos operadores do Centro Operacional 112 e do INEM.", "start_date": "2026-09-01T20:01:00+00:00", "title": "Chamada de Emerg\u00eancia"}, {"desc": null, "start_date": "2026-09-01T20:30:00+00:00", "title": "Joker"}, {"desc": "Num pa\u00eds onde os bonecos de peluche vivem como cidad\u00e3os de segunda, uma comunidade farta de ser deixada na prateleira decide organizar-se. Entre caf\u00e9s de bairro, lavandarias suspeitas e milit\u00e2ncia com enchimento, nasce o FELP (Frente Espetacular pela Liberdade Peluda).", "start_date": "2026-09-01T21:30:00+00:00", "title": "Felp"}, {"desc": "S\u00e9rie documental que narra a hist\u00f3ria global do trabalho em Portugal e as suas interliga\u00e7\u00f5es no mundo, para celebrar o 50\u00ba anivers\u00e1rio da revolu\u00e7\u00e3o dos cravos. A s\u00e9rie salienta a mundializa\u00e7\u00e3o, as contradi\u00e7\u00f5es da modernidade e as interliga\u00e7\u00f5es entre economia e cultura, pol\u00edtica e modos de vida.", "start_date": "2026-09-01T22:00:00+00:00", "title": "De P\u00e9 Sobre a Hist\u00f3ria: O Mundo do Trabalho"}, {"desc": "Hora de Agir \u00e9 um programa que impacta pela qualidade das interven\u00e7\u00f5es, pela import\u00e2ncia dos temas, e pelos bons exemplos que procuram inspirar e acelerar todas as mudan\u00e7as.", "start_date": "2026-09-01T22:45:00+00:00", "title": "Hora de Agir"}, {"desc": "En Direct.", "start_date": "2026-09-01T23:00:00+00:00", "title": "24 Horas"}, {"desc": null, "start_date": "2026-09-02T00:00:00+00:00", "title": "Not\u00edcias do Atl\u00e2ntico"}, {"desc": null, "start_date": "2026-09-02T01:02:00+00:00", "title": "Sinais de Vida"}, {"desc": "\"A Vida Privada dos Livros\" \u00e9 uma s\u00e9rie da autoria da jornalista Ana Daniela Soares - RTP3, e do bibli\u00f3filo internacionalmente reputado Alberto Manguel, sobre hist\u00f3rias de livros, de escritores e de leitores. Deambulando por alguns lugares de Lisboa, e n\u00e3o s\u00f3, folheamos p\u00e1ginas que ligam os livros e a cidade a Dickens, Borges, Cervantes, Virginia Wolf, entre muitos outros. Uma produ\u00e7\u00e3o da Farol de", "start_date": "2026-09-02T01:45:00+00:00", "title": "A Vida Privada dos Livros"}, {"desc": "A Regi\u00e3o Aut\u00f3noma da Madeira assinala em 2026 meio s\u00e9culo de autonomia. Nesta s\u00e9rie de document\u00e1rios explicamos o processo auton\u00f3mico deste percurso de 50 anos, de uma Regi\u00e3o que passou a ter \u00f3rg\u00e3os de governo pr\u00f3prio.", "start_date": "2026-09-02T02:00:00+00:00", "title": "Uma Hist\u00f3ria de Autonomia - 50 Anos"}, {"desc": null, "start_date": "2026-09-02T03:00:00+00:00", "title": "Joker"}, {"desc": "Cinco dias por semana, cinco temas de interesse com apresenta\u00e7\u00e3o de Lu\u00eds de Castro.", "start_date": "2026-09-02T04:00:00+00:00", "title": "Sociedade Civil"}, {"desc": "En Direct.", "start_date": "2026-09-02T05:00:00+00:00", "title": "Bom Dia Portugal"}, {"desc": "En Direct. Jorge Gabriel e S\u00f3nia Ara\u00fajo d\u00e3o-lhe as boas vindas \u00e0 Pra\u00e7a da Alegria! Porque sabemos que gosta da nossa companhia, oferecemos boa disposi\u00e7\u00e3o at\u00e9 \u00e0 hora de almo\u00e7o! De segunda a sexta-feira, a Pra\u00e7a da Alegria leva at\u00e9 si a melhor m\u00fasica, as \u00faltimas tend\u00eancias da moda e conselhos \u00fateis.", "start_date": "2026-09-02T09:00:00+00:00", "title": "Pra\u00e7a da Alegria"}, {"desc": "En Direct.", "start_date": "2026-09-02T11:58:00+00:00", "title": "Jornal da Tarde"}, {"desc": null, "start_date": "2026-09-02T13:15:00+00:00", "title": "Sinais de Vida"}, {"desc": "En Direct. A RTP vai acompanhar uma das tradi\u00e7\u00f5es portuguesas celebradas em todo o Pa\u00eds: as Festas das Vindimas.", "start_date": "2026-09-02T14:00:00+00:00", "title": "Festa das Vindimas"}, {"desc": null, "start_date": "2026-09-02T15:30:00+00:00", "title": "Agarra-me Se Puderes"}, {"desc": "En Direct.", "start_date": "2026-09-02T16:30:00+00:00", "title": "Portugal em Rede"}, {"desc": null, "start_date": "2026-09-02T18:07:00+00:00", "title": "O Pre\u00e7o Certo"}, {"desc": "En Direct.", "start_date": "2026-09-02T18:58:00+00:00", "title": "Telejornal"}, {"desc": "Revelamos as ru\u00ednas de tr\u00eas antigos pal\u00e1cios com mais de 250 anos. No Norte, dois nobres fidalgos lan\u00e7aram-se na constru\u00e7\u00e3o de dois majestosos Pal\u00e1cios, que ficaram inacabados! Em Vila Franca de Xira, o Duque de Laf\u00f5es concluiu o seu pal\u00e1cio, mas um violento inc\u00eandio destruiu a arquitetura original.", "start_date": "2026-09-02T20:00:00+00:00", "title": "Portugal Fenomenal"}, {"desc": null, "start_date": "2026-09-02T20:30:00+00:00", "title": "Joker"}], "offset": "+00:00", "timezone": "UTC", "error_code": -1, "start_date": "2026-09-01", "icon": ""}