{"end_date": "2026-08-30", "name": "RTL tvi", "info_url": "https://epg.pw/channels/459280/20260829.html", "country": "France", "description": null, "error_message": "", "provider": "", "source_url": "https://epg.pw/api/epg.json?channel_id=459280&date=20260829&timezone=None", "epg_list": [{"desc": "Le 5 juin 1944, durant la Seconde Guerre mondiale, cinq jours avant le plus important massacre de civils fran\u00e7ais, Philippe Gerbier, officier des Forces Fran\u00e7aises Libres, est parachut\u00e9 pr\u00e8s d'Oradour-sur-Glane. A quelques jours du D\u00e9barquement, il est charg\u00e9 de diriger une mission secr\u00e8te et capitale pour la R\u00e9sistance. Sur place, il retrouve Marie, son amour de jeunesse, qui fuit avec sa fille u", "start_date": "2026-08-30T18:50:00+00:00", "title": "Oradour"}, {"desc": "A Oradour-sur-Glane, Philippe Gerbier, officier des Forces Fran\u00e7aises Libres, retrouve Marie, son amour de jeunesse, qui fuit avec sa fille un mari violent.", "start_date": "2026-08-30T19:50:00+00:00", "title": "Oradour"}, {"desc": "Plus de 75 ans apr\u00e8s la fin de la Seconde Guerre mondiale, la Belgique cache encore des histoires secr\u00e8tes li\u00e9es \u00e0 l'occupation allemande sur son territoire. Une p\u00e9riode sombre pour l'Europe enti\u00e8re avec de nombreux secrets enfouis. Gr\u00e2ce \u00e0 de nombreuses reconstitutions historiques et des images d'archives, retour sur ces liens surprenants et insoup\u00e7onn\u00e9s de la Belgique avec l'Allemagne nazie et A", "start_date": "2026-08-30T20:55:00+00:00", "title": "Belgique nazie"}, {"desc": "Lo\u00efc n'est pas un \"chef\", mais un fou de cuisine. Ses grands-parents et parents sont \u00e0 la base de son \u00e9ducation culinaire et c'est gr\u00e2ce aux livres, \u00e0 la t\u00e9l\u00e9vision, Facebook, YouTube et Instagram que Lo\u00efc a poursuivi son apprentissage. Sa cuisine est super rapide, facile et toujours gourmande. Soucieux de son \u00e9poque et du monde dans lequel il vit, il essaie de privil\u00e9gier les produits de saison e", "start_date": "2026-08-30T22:20:00+00:00", "title": "Lo\u00efc, fou de cuisine"}, {"desc": null, "start_date": "2026-08-30T22:38:00+00:00", "title": "M\u00e9t\u00e9o soir"}, {"desc": null, "start_date": "2026-08-30T22:40:00+00:00", "title": "RTL info 19 heures"}, {"desc": "Un rendez-vous politique pr\u00e9sent\u00e9 par Martin Buxant, qui r\u00e9unit plusieurs intervenants autour d'un sujet d'actualit\u00e9. Les journalistes Mathieu Col et Lo\u00efc Parmentier, \u00e9galement pr\u00e9sents, proposent un reportage de fond.", "start_date": "2026-08-30T23:25:00+00:00", "title": "Face \u00e0 Buxant"}, {"desc": null, "start_date": "2026-08-30T23:40:00+00:00", "title": "Moments d'\u00e9vasion"}], "offset": "+00:00", "timezone": "UTC", "error_code": -1, "start_date": "2026-08-30", "icon": ""}