{"end_date": "2026-09-01", "name": "RTL tvi", "info_url": "https://epg.pw/channels/459280/20260831.html", "country": "France", "description": null, "error_message": "", "provider": "", "source_url": "https://epg.pw/api/epg.json?channel_id=459280&date=20260831&timezone=None", "epg_list": [{"desc": "Philippe Etchebest se rend \u00e0 Saint-Malo-de-Guersac pour aider Myriam qui, apr\u00e8s une carri\u00e8re dans l'\u00e9v\u00e9nementiel, a repris un restaurant. Dans cet \u00e9tablissement, tout semble pourtant tr\u00e8s correct, des plats en passant par le service. Pourtant, un d\u00e9tail crucial vient \u00e9veiller la curiosit\u00e9 du chef Etchebest : la situation financi\u00e8re de Myriam est catastrophique, et elle et son \u00e9quipe sont \u00e0 fleur d", "start_date": "2026-08-31T18:25:00+00:00", "title": "Cauchemar en cuisine"}, {"desc": "Gordon, Gino et Fred explorent les merveilles culturelles et culinaires de San Francisco et de Napa Valley, dans le nord de la Baie. Les trois chefs sauront tout des traditions locales, et sauront pr\u00e9parer les mets les plus succulents d'une des r\u00e9gions les plus dynamiques de la Californie.", "start_date": "2026-08-31T20:15:00+00:00", "title": "Gordon Ramsay : bataille de chefs"}, {"desc": "Les chefs Gordon Ramsay, Gino D'Acampo et Fred Siriex ont parcouru le monde au cours de leurs aventures culinaires. Dans cet \u00e9pisode, ils partagent les meilleurs moments de ce qu'ils ont vu, cuisin\u00e9 et go\u00fbt\u00e9 dans leurs road trips successifs.", "start_date": "2026-08-31T21:15:00+00:00", "title": "Gordon Ramsay : bataille de chefs"}, {"desc": null, "start_date": "2026-08-31T22:12:00+00:00", "title": "M\u00e9t\u00e9o soir"}, {"desc": null, "start_date": "2026-08-31T22:15:00+00:00", "title": "RTL info 19 heures"}, {"desc": null, "start_date": "2026-08-31T23:00:00+00:00", "title": "Moments d'\u00e9vasion"}, {"desc": null, "start_date": "2026-08-31T23:10:00+00:00", "title": "15 minutes pour comprendre."}, {"desc": "Retrouvez le programme diffus\u00e9 en boucle du journal, des magazines, des s\u00e9ries pendant toute la nuit jusqu'au matin.", "start_date": "2026-09-01T00:50:00+00:00", "title": "Boucle de nuit"}, {"desc": "Retrouvez les programmes de la radio.", "start_date": "2026-09-01T03:00:00+00:00", "title": "bel RTL vision"}, {"desc": null, "start_date": "2026-09-01T07:50:00+00:00", "title": "Shopping Hours"}, {"desc": "L'enqu\u00eate franchit une nouvelle \u00e9tape et menace de faire \u00e9clater des secrets. La curiosit\u00e9 de Mirta pourrait bien l'entra\u00eener sur une piste inattendue. En ce jour de rentr\u00e9e, Louisa d\u00e9couvre une nouvelle facette d'un proche...", "start_date": "2026-09-01T09:50:00+00:00", "title": "Plus belle la vie, encore plus belle"}, {"desc": null, "start_date": "2026-09-01T10:15:00+00:00", "title": "Images \u00e0 l'appui"}, {"desc": "Chaque jour, Sophie Pendeville fait part aux t\u00e9l\u00e9spectateurs des moments forts de la journ\u00e9e en pr\u00e9sentant les \u00e9missions des trois cha\u00eenes, les contenus RTL play, l'actualit\u00e9 des radios, des actions concours, ainsi que les sorties cin\u00e9ma et certains \u00e9v\u00e9nements.", "start_date": "2026-09-01T10:26:00+00:00", "title": "Dans votre canap'"}, {"desc": "Une personnalit\u00e9 issue du cin\u00e9ma, de la musique, de la litt\u00e9rature, du th\u00e9\u00e2tre, de l'humour ou encore des arts visuels, partage son actualit\u00e9, mais aussi son parcours.", "start_date": "2026-09-01T10:45:00+00:00", "title": "Acc\u00e8s VIP"}, {"desc": null, "start_date": "2026-09-01T10:55:00+00:00", "title": "RTL info 13 heures"}, {"desc": null, "start_date": "2026-09-01T11:30:00+00:00", "title": "15 minutes pour comprendre."}, {"desc": null, "start_date": "2026-09-01T11:35:00+00:00", "title": "M\u00e9t\u00e9o midi"}, {"desc": "Mariela, une jeune V\u00e9n\u00e9zu\u00e9lienne, r\u00e9alise son r\u00eave en partant aux Etats-Unis comme jeune fille au pair chez une famille, au demeurant parfaite. Elle est accueillie chaleureusement par Chase, Lori et la petite Abbey et fait la connaissance de Sarah, une jeune nounou qui devient vite son amie...", "start_date": "2026-09-01T11:45:00+00:00", "title": "La maison du mal"}, {"desc": null, "start_date": "2026-09-01T13:29:00+00:00", "title": "La meilleure boulangerie de France"}, {"desc": "Au commissariat, l'enqu\u00eate se poursuit. La police fait face \u00e0 des proches pr\u00eats \u00e0 tout pour prot\u00e9ger les leurs. En parall\u00e8le, une voisine inattendue pose ses valises dans le quartier du Mistral, alors que Steve se confie et tente de s'accepter tel qu'il est...", "start_date": "2026-09-01T14:40:00+00:00", "title": "Plus belle la vie, encore plus belle"}, {"desc": null, "start_date": "2026-09-01T15:00:00+00:00", "title": "La roue de la fortune"}, {"desc": "Chaque jour, Sophie Pendeville fait part aux t\u00e9l\u00e9spectateurs des moments forts de la journ\u00e9e en pr\u00e9sentant les \u00e9missions des trois cha\u00eenes, les contenus RTL play, l'actualit\u00e9 des radios, des actions concours, ainsi que les sorties cin\u00e9ma et certains \u00e9v\u00e9nements.", "start_date": "2026-09-01T16:05:00+00:00", "title": "Dans votre canap'"}, {"desc": null, "start_date": "2026-09-01T16:10:00+00:00", "title": "Septante et un"}, {"desc": null, "start_date": "2026-09-01T17:00:00+00:00", "title": "RTL info 19 heures"}, {"desc": null, "start_date": "2026-09-01T17:40:00+00:00", "title": "M\u00e9t\u00e9o d'avant-soir\u00e9e"}, {"desc": "\"Zone Bru-Ouest : des d\u00e9tails qui comptent\". Dans l'ouest de Bruxelles, les policiers multiplient les contr\u00f4les dans des secteurs sensibles. \"Zone Boraine : Perquisitions, saisies et armes \u00e0 feu\". Les policiers traquent les infractions routi\u00e8res et les comportements suspects. D'un simple contr\u00f4le de remorque \u00e0 une intervention plus sensible autour de stup\u00e9fiants et d'argent liquide, les d\u00e9couverte", "start_date": "2026-09-01T17:50:00+00:00", "title": "Enqu\u00eates"}, {"desc": "Un soir, l'oncle Vernon, la tante P\u00e9tunia et Dudley, le cousin d'Harry Potter, accueillent des invit\u00e9s importants, contraignant Harry \u00e0 garder la chambre. C'est alors que Dobby, un elfe, fait son apparition. Il annonce \u00e0 Harry que des menaces p\u00e8sent sur l'\u00e9cole de Poudlard. Le gar\u00e7onnet refuse bien \u00e9videmment de croire ce petit \u00eatre, et surtout de suivre son conseil : ne pas retourner en classe l\u00e0", "start_date": "2026-09-01T18:20:00+00:00", "title": "Harry Potter et la Chambre des secrets"}, {"desc": "Une personnalit\u00e9 issue du cin\u00e9ma, de la musique, de la litt\u00e9rature, du th\u00e9\u00e2tre, de l'humour ou encore des arts visuels, partage son actualit\u00e9, mais aussi son parcours.", "start_date": "2026-09-01T21:25:00+00:00", "title": "Acc\u00e8s VIP"}, {"desc": null, "start_date": "2026-09-01T21:27:00+00:00", "title": "M\u00e9t\u00e9o soir"}, {"desc": null, "start_date": "2026-09-01T21:30:00+00:00", "title": "RTL info 19 heures"}, {"desc": null, "start_date": "2026-09-01T22:25:00+00:00", "title": "Moments d'\u00e9vasion"}, {"desc": null, "start_date": "2026-09-01T23:15:00+00:00", "title": "15 minutes pour comprendre."}], "offset": "+00:00", "timezone": "UTC", "error_code": -1, "start_date": "2026-08-31", "icon": ""}