{"end_date": "2026-09-06", "name": "CANAL 22 INTERNACIONAL", "info_url": "https://epg.pw/channels/464872/20260829.html", "country": "US", "description": null, "error_message": "", "provider": "", "source_url": "https://epg.pw/api/epg.json?channel_id=464872&date=20260829&timezone=None", "epg_list": [{"desc": null, "start_date": "2026-09-04T00:00:00+00:00", "title": "Festival Ambulante"}, {"desc": "Un paseo por colecciones de objetos sorprendentes e inusuales y la conexi\u00f3n de la vida cotidiana con el arte, la filosof\u00eda y la historia.", "start_date": "2026-09-04T00:30:00+00:00", "title": "El gabinete de curiosidades del Dr. Zagal"}, {"desc": "Noticiario cultural que busca brindar acceso al arte, a las ciencias, a las humanidades y a nuestra actualidad mediante el disfrute y la comprensi\u00f3n.", "start_date": "2026-09-04T01:00:00+00:00", "title": "Culturas veintid\u00f3s"}, {"desc": "Noticiario cultural que busca brindar acceso al arte, a las ciencias, a las humanidades y a nuestra actualidad mediante el disfrute y la comprensi\u00f3n.", "start_date": "2026-09-04T01:30:00+00:00", "title": "Culturas veintid\u00f3s"}, {"desc": "Espacio para discutir temas relevantes de la vida p\u00fablica nacional e internacional con un gran elenco de analistas.", "start_date": "2026-09-04T02:00:00+00:00", "title": "Masiosare"}, {"desc": "Espacio para discutir temas relevantes de la vida p\u00fablica nacional e internacional con un gran elenco de analistas.", "start_date": "2026-09-04T02:30:00+00:00", "title": "Masiosare"}, {"desc": "El acontecer nacional e internacional para armar el rompecabezas cotidiano de la informaci\u00f3n desde una mirada de experiencia y prestigio.", "start_date": "2026-09-04T03:00:00+00:00", "title": "Punto de referencia, tu noticiero"}, {"desc": "El acontecer nacional e internacional para armar el rompecabezas cotidiano de la informaci\u00f3n desde una mirada de experiencia y prestigio.", "start_date": "2026-09-04T03:30:00+00:00", "title": "Punto de referencia, tu noticiero"}, {"desc": "En 1996, Ricardo Rocha difundi\u00f3 un video que contradec\u00eda la versi\u00f3n oficial de la matanza de Aguas Blancas, en el que se expone la colusi\u00f3n del poder pol\u00edtico, medi\u00e1tico y judicial para ocultar la verdad en casos que han indignado a M\u00e9xico.", "start_date": "2026-09-04T04:00:00+00:00", "title": "Expedientes olvidados"}, {"desc": "En 1996, Ricardo Rocha difundi\u00f3 un video que contradec\u00eda la versi\u00f3n oficial de la matanza de Aguas Blancas, en el que se expone la colusi\u00f3n del poder pol\u00edtico, medi\u00e1tico y judicial para ocultar la verdad en casos que han indignado a M\u00e9xico.", "start_date": "2026-09-04T04:30:00+00:00", "title": "Expedientes olvidados"}, {"desc": "Conversaciones e interpretaciones exclusivas. Una combinaci\u00f3n de canciones del cat\u00e1logo de oro mexicano y charlas \u00edntimas junto a figuras destacadas.", "start_date": "2026-09-04T05:00:00+00:00", "title": "El cancionero y sus amigos"}, {"desc": "Conversaciones e interpretaciones exclusivas. Una combinaci\u00f3n de canciones del cat\u00e1logo de oro mexicano y charlas \u00edntimas junto a figuras destacadas.", "start_date": "2026-09-04T05:30:00+00:00", "title": "El cancionero y sus amigos"}, {"desc": "Espacio donde se centra en los problemas del pasado y presente que afectan al continente africano. Se analizan las dicotom\u00edas de \u00c1frica, el porqu\u00e9 unas naciones florecen, otras parecen que est\u00e1n estancadas, entre otros temas.", "start_date": "2026-09-04T06:00:00+00:00", "title": "El \u00c1frica de Lumumba"}, {"desc": "Espacio que da a conocer las historias de vida de personajes sencillos, inmersos en el d\u00eda a d\u00eda de sus obras, trabajos, pasiones, creencias e historias.", "start_date": "2026-09-04T06:30:00+00:00", "title": "Vidas"}, {"desc": "Un proyecto musical compuesto por los hermanos Elizabeth y Hugo Valdivieso, de Juchit\u00e1n, Oaxaca, cuyas historias de vida inspiran las letras de sus canciones.", "start_date": "2026-09-04T07:00:00+00:00", "title": "Suena"}, {"desc": "Serie que busca retratar la historia de aquellos alimentos que surgieron a partir del encuentro de dos pueblos con tradiciones culinarias distintas.", "start_date": "2026-09-04T07:30:00+00:00", "title": "Goloso mestizo"}, {"desc": "Estos hermosos e imponentes volcanes, no solo est\u00e1n ligados al culto de los antepasados. Actualmente, estos dos gigantes y sus alrededores conforman un parque nacional decretado en 1935.", "start_date": "2026-09-04T08:00:00+00:00", "title": "La senda del agua"}, {"desc": null, "start_date": "2026-09-04T08:30:00+00:00", "title": "Esto es tradici\u00f3n"}, {"desc": "De la mano de Ximena, Benjam\u00edn, M\u00f3nica, \u00d3scar y Santiago, el televidente visitar\u00e1 destinos de turismo alternativo ind\u00edgena y sus tradiciones, al mismo tiempo que averigua m\u00e1s acerca de la cultura maya.", "start_date": "2026-09-04T09:00:00+00:00", "title": "Senderos"}, {"desc": "Erick visita la Universidad Rusa de la Amistad de los Pueblos y, por una semana, convive con cinco estudiantes que le muestran lo m\u00e1s importante de la vida y los estudios en la RUDN.", "start_date": "2026-09-04T09:30:00+00:00", "title": "La lista de Erick"}, {"desc": "Una mirada a las tradiciones y costumbres de Cher\u00e1n a trav\u00e9s de XEPUR, la estaci\u00f3n de la comunidad pur\u00e9pecha.", "start_date": "2026-09-04T10:00:00+00:00", "title": "Ecos ind\u00edgenas: La voz de la diversidad"}, {"desc": "Un paseo por colecciones de objetos sorprendentes e inusuales y la conexi\u00f3n de la vida cotidiana con el arte, la filosof\u00eda y la historia.", "start_date": "2026-09-04T10:30:00+00:00", "title": "El gabinete de curiosidades del Dr. Zagal"}, {"desc": "En 1996, Ricardo Rocha difundi\u00f3 un video que contradec\u00eda la versi\u00f3n oficial de la matanza de Aguas Blancas, en el que se expone la colusi\u00f3n del poder pol\u00edtico, medi\u00e1tico y judicial para ocultar la verdad en casos que han indignado a M\u00e9xico.", "start_date": "2026-09-04T11:00:00+00:00", "title": "Expedientes olvidados"}, {"desc": "En 1996, Ricardo Rocha difundi\u00f3 un video que contradec\u00eda la versi\u00f3n oficial de la matanza de Aguas Blancas, en el que se expone la colusi\u00f3n del poder pol\u00edtico, medi\u00e1tico y judicial para ocultar la verdad en casos que han indignado a M\u00e9xico.", "start_date": "2026-09-04T11:30:00+00:00", "title": "Expedientes olvidados"}, {"desc": "Espacio para discutir temas relevantes de la vida p\u00fablica nacional e internacional con un gran elenco de analistas.", "start_date": "2026-09-04T12:00:00+00:00", "title": "Masiosare"}, {"desc": "Espacio para discutir temas relevantes de la vida p\u00fablica nacional e internacional con un gran elenco de analistas.", "start_date": "2026-09-04T12:30:00+00:00", "title": "Masiosare"}, {"desc": "Espacio donde se centra en los problemas del pasado y presente que afectan al continente africano. Se analizan las dicotom\u00edas de \u00c1frica, el porqu\u00e9 unas naciones florecen, otras parecen que est\u00e1n estancadas, entre otros temas.", "start_date": "2026-09-04T13:00:00+00:00", "title": "El \u00c1frica de Lumumba"}, {"desc": "Transmisi\u00f3n de la conferencia de Claudia Sheinbaum, presidenta de M\u00e9xico. Desde el Palacio Nacional.", "start_date": "2026-09-04T13:30:00+00:00", "title": "Conferencia matutina de la presidenta de M\u00e9xico"}, {"desc": "Transmisi\u00f3n de la conferencia de Claudia Sheinbaum, presidenta de M\u00e9xico. Desde el Palacio Nacional.", "start_date": "2026-09-04T14:00:00+00:00", "title": "Conferencia matutina de la presidenta de M\u00e9xico"}, {"desc": "Transmisi\u00f3n de la conferencia de Claudia Sheinbaum, presidenta de M\u00e9xico. Desde el Palacio Nacional.", "start_date": "2026-09-04T14:30:00+00:00", "title": "Conferencia matutina de la presidenta de M\u00e9xico"}, {"desc": "Transmisi\u00f3n de la conferencia de Claudia Sheinbaum, presidenta de M\u00e9xico. Desde el Palacio Nacional.", "start_date": "2026-09-04T15:00:00+00:00", "title": "Conferencia matutina de la presidenta de M\u00e9xico"}, {"desc": "An\u00e1lisis de los temas de mayor inter\u00e9s de la conferencia matutina presidencial, as\u00ed como un balance informativo de lo que sucede en M\u00e9xico.", "start_date": "2026-09-04T15:30:00+00:00", "title": "Ma\u00f1anera 360"}, {"desc": "An\u00e1lisis de los temas de mayor inter\u00e9s de la conferencia matutina presidencial, as\u00ed como un balance informativo de lo que sucede en M\u00e9xico.", "start_date": "2026-09-04T16:00:00+00:00", "title": "Ma\u00f1anera 360"}, {"desc": "En 1996, Ricardo Rocha difundi\u00f3 un video que contradec\u00eda la versi\u00f3n oficial de la matanza de Aguas Blancas, en el que se expone la colusi\u00f3n del poder pol\u00edtico, medi\u00e1tico y judicial para ocultar la verdad en casos que han indignado a M\u00e9xico.", "start_date": "2026-09-04T16:30:00+00:00", "title": "Expedientes olvidados"}, {"desc": "En 1996, Ricardo Rocha difundi\u00f3 un video que contradec\u00eda la versi\u00f3n oficial de la matanza de Aguas Blancas, en el que se expone la colusi\u00f3n del poder pol\u00edtico, medi\u00e1tico y judicial para ocultar la verdad en casos que han indignado a M\u00e9xico.", "start_date": "2026-09-04T17:00:00+00:00", "title": "Expedientes olvidados"}, {"desc": "Erick visita la Universidad Rusa de la Amistad de los Pueblos y, por una semana, convive con cinco estudiantes que le muestran lo m\u00e1s importante de la vida y los estudios en la RUDN.", "start_date": "2026-09-04T17:30:00+00:00", "title": "La lista de Erick"}, {"desc": null, "start_date": "2026-09-04T18:00:00+00:00", "title": "Esto es tradici\u00f3n"}, {"desc": "D\u00e9bora debe seguir su campa\u00f1a sola, luego del asesinato de Jorge Eliecer Gait\u00e1n. El crimen adem\u00e1s provoca una revoluci\u00f3n que golpea el coraz\u00f3n de los que luchan por el libre pensamiento.", "start_date": "2026-09-04T18:30:00+00:00", "title": "D\u00e9bora, la mujer que desnud\u00f3 a Colombia"}, {"desc": "Un programa con reportajes de inter\u00e9s general.", "start_date": "2026-09-04T19:00:00+00:00", "title": "Reportajes generales 24"}, {"desc": "Una mirada a la batalla contra el cambio clim\u00e1tico en los diferentes sectores socioecon\u00f3micos.", "start_date": "2026-09-04T19:30:00+00:00", "title": "NCC reporte clim\u00e1tico"}, {"desc": "Prep\u00e1rate para un viaje de sabor que despierta todos los sentidos. Dos platillos luchan entre s\u00ed, uno dulce y otro salado, presentando la comida tradicional del Estado de Guanajuato.", "start_date": "2026-09-04T20:00:00+00:00", "title": "Dulce o salado"}, {"desc": "La labor de las personas dedicadas a cuidar a los mam\u00edferos acu\u00e1ticos y sus actividades creadas para involucrar a la comunidad para la conservaci\u00f3n de las especies.", "start_date": "2026-09-04T20:30:00+00:00", "title": "Ecoazul"}, {"desc": "Se relatan las historias de los residentes de una casa con la intenci\u00f3n de crear una etnograf\u00eda de la gran Ciudad de M\u00e9xico, con su diversidad de estratos, clases, or\u00edgenes, niveles culturales, estilos de vida, h\u00e1bitos y costumbres.", "start_date": "2026-09-04T21:00:00+00:00", "title": "Un d\u00eda en la vida"}, {"desc": "Las experiencias de migrantes en busca del sue\u00f1o americano. Las dificultades que enfrentan en su traves\u00eda, como la detenci\u00f3n en la frontera, p\u00e9rdida de familiares en el desierto y la lucha por mantener sus ra\u00edces y cultura.", "start_date": "2026-09-04T21:30:00+00:00", "title": "Me voy pal norte"}, {"desc": "Se exploran historias de la vida rural y urbana en M\u00e9xico, resaltando tradiciones, cultura, oficios y paisajes para destacar su riqueza cultural y natural.", "start_date": "2026-09-04T22:00:00+00:00", "title": "Por esta Tierra"}, {"desc": "Programa que da a conocer las danzas m\u00e1s representativas del estado de Guanajuato, a trav\u00e9s de un viaje lleno de historia, color y tradici\u00f3n.", "start_date": "2026-09-04T22:30:00+00:00", "title": "Identidad en movimiento"}, {"desc": "Un espacio para conocer las propuestas musicales de solistas y agrupaciones que est\u00e1n surgiendo en la escena musical de Zacatecas.", "start_date": "2026-09-04T23:00:00+00:00", "title": "Sesiones"}, {"desc": "El Brasil contempor\u00e1neo visto a trav\u00e9s del f\u00fatbol. Un espacio para quienes aman el f\u00fatbol y tambi\u00e9n para quienes quieren ver a Brasil con otros ojos. Con un lenguaje moderno, salpicado de reflexiones cinematogr\u00e1ficas y culturales.", "start_date": "2026-09-04T23:30:00+00:00", "title": "Deu Bola"}, {"desc": "Un espacio dedicado al mundo de la cinematograf\u00eda en el que se presentan entrevistas, cr\u00edticas y noticias relacionadas con el s\u00e9ptimo arte.", "start_date": "2026-09-05T00:00:00+00:00", "title": "Marquesina 22"}, {"desc": "Un recuento de la vida y obra de los artistas que han dejado huella en el mundo cultural.", "start_date": "2026-09-05T00:30:00+00:00", "title": "Visiones y Revisiones"}, {"desc": "Noticiario cultural que busca brindar acceso al arte, a las ciencias, a las humanidades y a nuestra actualidad mediante el disfrute y la comprensi\u00f3n.", "start_date": "2026-09-05T01:00:00+00:00", "title": "Culturas veintid\u00f3s"}, {"desc": "Noticiario cultural que busca brindar acceso al arte, a las ciencias, a las humanidades y a nuestra actualidad mediante el disfrute y la comprensi\u00f3n.", "start_date": "2026-09-05T01:30:00+00:00", "title": "Culturas veintid\u00f3s"}, {"desc": "Espacio para discutir temas relevantes de la vida p\u00fablica nacional e internacional con un gran elenco de analistas.", "start_date": "2026-09-05T02:00:00+00:00", "title": "Masiosare"}, {"desc": "Espacio para discutir temas relevantes de la vida p\u00fablica nacional e internacional con un gran elenco de analistas.", "start_date": "2026-09-05T02:30:00+00:00", "title": "Masiosare"}, {"desc": "El acontecer nacional e internacional para armar el rompecabezas cotidiano de la informaci\u00f3n desde una mirada de experiencia y prestigio.", "start_date": "2026-09-05T03:00:00+00:00", "title": "Punto de referencia, tu noticiero"}, {"desc": "El acontecer nacional e internacional para armar el rompecabezas cotidiano de la informaci\u00f3n desde una mirada de experiencia y prestigio.", "start_date": "2026-09-05T03:30:00+00:00", "title": "Punto de referencia, tu noticiero"}, {"desc": "En el marco del a\u00f1o de la mujer ind\u00edgena, una serie que borra los silencios de la historia para iluminar el poder de mujeres que gobernaron antes de que sus nombres fueran escritos.", "start_date": "2026-09-05T04:00:00+00:00", "title": "Ancestras"}, {"desc": "En el marco del a\u00f1o de la mujer ind\u00edgena, una serie que borra los silencios de la historia para iluminar el poder de mujeres que gobernaron antes de que sus nombres fueran escritos.", "start_date": "2026-09-05T04:30:00+00:00", "title": "Ancestras"}, {"desc": "Se conocen algunas maravillas que habitan el mar, manglares, aguas abiertas, corales y dem\u00e1s ecosistemas testigos de la imponente fuerza de los tiburones y el mimetismo m\u00e1gico de algunas sorprendentes especies.", "start_date": "2026-09-05T05:00:00+00:00", "title": "Mundo m\u00e1gico submarino"}, {"desc": "Se conocen algunas maravillas que habitan el mar, manglares, aguas abiertas, corales y dem\u00e1s ecosistemas testigos de la imponente fuerza de los tiburones y el mimetismo m\u00e1gico de algunas sorprendentes especies.", "start_date": "2026-09-05T05:30:00+00:00", "title": "Mundo m\u00e1gico submarino"}, {"desc": "Un programa con reportajes de inter\u00e9s general.", "start_date": "2026-09-05T06:00:00+00:00", "title": "Reportajes generales 24"}, {"desc": "Una mirada a la batalla contra el cambio clim\u00e1tico en los diferentes sectores socioecon\u00f3micos.", "start_date": "2026-09-05T06:30:00+00:00", "title": "NCC reporte clim\u00e1tico"}, {"desc": "D\u00e9bora debe seguir su campa\u00f1a sola, luego del asesinato de Jorge Eliecer Gait\u00e1n. El crimen adem\u00e1s provoca una revoluci\u00f3n que golpea el coraz\u00f3n de los que luchan por el libre pensamiento.", "start_date": "2026-09-05T07:00:00+00:00", "title": "D\u00e9bora, la mujer que desnud\u00f3 a Colombia"}, {"desc": "Prep\u00e1rate para un viaje de sabor que despierta todos los sentidos. Dos platillos luchan entre s\u00ed, uno dulce y otro salado, presentando la comida tradicional del Estado de Guanajuato.", "start_date": "2026-09-05T07:30:00+00:00", "title": "Dulce o salado"}, {"desc": "La labor de las personas dedicadas a cuidar a los mam\u00edferos acu\u00e1ticos y sus actividades creadas para involucrar a la comunidad para la conservaci\u00f3n de las especies.", "start_date": "2026-09-05T08:00:00+00:00", "title": "Ecoazul"}, {"desc": "Programa que da a conocer las danzas m\u00e1s representativas del estado de Guanajuato, a trav\u00e9s de un viaje lleno de historia, color y tradici\u00f3n.", "start_date": "2026-09-05T08:30:00+00:00", "title": "Identidad en movimiento"}, {"desc": "Un espacio para conocer las propuestas musicales de solistas y agrupaciones que est\u00e1n surgiendo en la escena musical de Zacatecas.", "start_date": "2026-09-05T09:00:00+00:00", "title": "Sesiones"}, {"desc": "El Brasil contempor\u00e1neo visto a trav\u00e9s del f\u00fatbol. Un espacio para quienes aman el f\u00fatbol y tambi\u00e9n para quienes quieren ver a Brasil con otros ojos. Con un lenguaje moderno, salpicado de reflexiones cinematogr\u00e1ficas y culturales.", "start_date": "2026-09-05T09:30:00+00:00", "title": "Deu Bola"}, {"desc": "Un espacio dedicado al mundo de la cinematograf\u00eda en el que se presentan entrevistas, cr\u00edticas y noticias relacionadas con el s\u00e9ptimo arte.", "start_date": "2026-09-05T10:00:00+00:00", "title": "Marquesina 22"}, {"desc": "Un recuento de la vida y obra de los artistas que han dejado huella en el mundo cultural.", "start_date": "2026-09-05T10:30:00+00:00", "title": "Visiones y Revisiones"}, {"desc": "En el marco del a\u00f1o de la mujer ind\u00edgena, una serie que borra los silencios de la historia para iluminar el poder de mujeres que gobernaron antes de que sus nombres fueran escritos.", "start_date": "2026-09-05T11:00:00+00:00", "title": "Ancestras"}, {"desc": "En el marco del a\u00f1o de la mujer ind\u00edgena, una serie que borra los silencios de la historia para iluminar el poder de mujeres que gobernaron antes de que sus nombres fueran escritos.", "start_date": "2026-09-05T11:30:00+00:00", "title": "Ancestras"}, {"desc": "Espacio para discutir temas relevantes de la vida p\u00fablica nacional e internacional con un gran elenco de analistas.", "start_date": "2026-09-05T12:00:00+00:00", "title": "Masiosare"}, {"desc": "Espacio para discutir temas relevantes de la vida p\u00fablica nacional e internacional con un gran elenco de analistas.", "start_date": "2026-09-05T12:30:00+00:00", "title": "Masiosare"}, {"desc": "Las experiencias de migrantes en busca del sue\u00f1o americano. Las dificultades que enfrentan en su traves\u00eda, como la detenci\u00f3n en la frontera, p\u00e9rdida de familiares en el desierto y la lucha por mantener sus ra\u00edces y cultura.", "start_date": "2026-09-05T13:00:00+00:00", "title": "Me voy pal norte"}, {"desc": "Un programa con reportajes de inter\u00e9s general.", "start_date": "2026-09-05T13:30:00+00:00", "title": "Reportajes generales 24"}, {"desc": "Espacio que da a conocer las historias de vida de personajes sencillos, inmersos en el d\u00eda a d\u00eda de sus obras, trabajos, pasiones, creencias e historias.", "start_date": "2026-09-05T14:00:00+00:00", "title": "Vidas"}, {"desc": "Una mirada a la batalla contra el cambio clim\u00e1tico en los diferentes sectores socioecon\u00f3micos.", "start_date": "2026-09-05T14:30:00+00:00", "title": "NCC reporte clim\u00e1tico"}, {"desc": "Noticiero que divulga, fomenta e interpreta las actividades cient\u00edficas y culturales en el mundo, y fortalece la cooperaci\u00f3n y comunicaci\u00f3n entre los distintos pueblos de Iberoam\u00e9rica.", "start_date": "2026-09-05T15:00:00+00:00", "title": "Noticiero cient\u00edfico y cultural iberoamericano"}, {"desc": "Espacio donde se centra en los problemas del pasado y presente que afectan al continente africano. Se analizan las dicotom\u00edas de \u00c1frica, el porqu\u00e9 unas naciones florecen, otras parecen que est\u00e1n estancadas, entre otros temas.", "start_date": "2026-09-05T15:30:00+00:00", "title": "El \u00c1frica de Lumumba"}, {"desc": "Una programaci\u00f3n alternativa para ni\u00f1os que fomenta la curiosidad, el gusto por las artes, la lectura y los valores de convivencia y tolerancia.", "start_date": "2026-09-05T16:00:00+00:00", "title": "\u00a1Clic Clac!"}, {"desc": "Una programaci\u00f3n alternativa para ni\u00f1os que fomenta la curiosidad, el gusto por las artes, la lectura y los valores de convivencia y tolerancia.", "start_date": "2026-09-05T16:30:00+00:00", "title": "\u00a1Clic Clac!"}, {"desc": "Una programaci\u00f3n alternativa para ni\u00f1os que fomenta la curiosidad, el gusto por las artes, la lectura y los valores de convivencia y tolerancia.", "start_date": "2026-09-05T17:00:00+00:00", "title": "\u00a1Clic Clac!"}, {"desc": "Una programaci\u00f3n alternativa para ni\u00f1os que fomenta la curiosidad, el gusto por las artes, la lectura y los valores de convivencia y tolerancia.", "start_date": "2026-09-05T17:30:00+00:00", "title": "\u00a1Clic Clac!"}, {"desc": "Una programaci\u00f3n alternativa para ni\u00f1os que fomenta la curiosidad, el gusto por las artes, la lectura y los valores de convivencia y tolerancia.", "start_date": "2026-09-05T18:00:00+00:00", "title": "\u00a1Clic Clac!"}, {"desc": "Una programaci\u00f3n alternativa para ni\u00f1os que fomenta la curiosidad, el gusto por las artes, la lectura y los valores de convivencia y tolerancia.", "start_date": "2026-09-05T18:30:00+00:00", "title": "\u00a1Clic Clac!"}, {"desc": "Se conocen algunas maravillas que habitan el mar, manglares, aguas abiertas, corales y dem\u00e1s ecosistemas testigos de la imponente fuerza de los tiburones y el mimetismo m\u00e1gico de algunas sorprendentes especies.", "start_date": "2026-09-05T19:00:00+00:00", "title": "Mundo m\u00e1gico submarino"}, {"desc": "Se conocen algunas maravillas que habitan el mar, manglares, aguas abiertas, corales y dem\u00e1s ecosistemas testigos de la imponente fuerza de los tiburones y el mimetismo m\u00e1gico de algunas sorprendentes especies.", "start_date": "2026-09-05T19:30:00+00:00", "title": "Mundo m\u00e1gico submarino"}, {"desc": "Un viaje a las monta\u00f1as doradas de Alt\u00e1i, un territorio milenario lleno de leyendas, riquezas naturales y una comunidad profundamente conectada con su tierra. Se explora la historia y el alma de Xinjiang.", "start_date": "2026-09-05T20:00:00+00:00", "title": "El Macizo de Alt\u00e1i"}, {"desc": "Se rastrea a varias parejas que se casaron en medio de la crisis econ\u00f3mica cubana hace casi 30 a\u00f1os para saber qu\u00e9 fue de sus vidas.", "start_date": "2026-09-05T20:30:00+00:00", "title": "Amores cubanos"}, {"desc": "Una mirada a la cultura y costumbres de Tlaxiaco, Oaxaca.", "start_date": "2026-09-05T21:00:00+00:00", "title": "Ecos ind\u00edgenas: La voz de la diversidad"}, {"desc": "A sus 23 a\u00f1os, Camilo Gonz\u00e1lez canta m\u00fasica urbana y es gobernador del Resguardo Karmata R\u00faa de Jard\u00edn.", "start_date": "2026-09-05T21:30:00+00:00", "title": "So Bia"}, {"desc": "Un homenaje a los m\u00edsticos sonidos e im\u00e1genes v\u00edvidas de la selva tropical en China.", "start_date": "2026-09-05T22:00:00+00:00", "title": "Hainan, China: El misterio de la selva"}, {"desc": "Un homenaje a los m\u00edsticos sonidos e im\u00e1genes v\u00edvidas de la selva tropical en China.", "start_date": "2026-09-05T22:30:00+00:00", "title": "Hainan, China: El misterio de la selva"}, {"desc": "Conversaciones e interpretaciones exclusivas. Una combinaci\u00f3n de canciones del cat\u00e1logo de oro mexicano y charlas \u00edntimas junto a figuras destacadas.", "start_date": "2026-09-05T23:00:00+00:00", "title": "El cancionero y sus amigos"}, {"desc": "Conversaciones e interpretaciones exclusivas. Una combinaci\u00f3n de canciones del cat\u00e1logo de oro mexicano y charlas \u00edntimas junto a figuras destacadas.", "start_date": "2026-09-05T23:30:00+00:00", "title": "El cancionero y sus amigos"}, {"desc": "Tras ser nombrado gobernador militar y comandante general de la provincia de Antioquia, Jos\u00e9 Mar\u00eda C\u00f3rdova debe enfrentar la invasi\u00f3n de los espa\u00f1oles que pretenden apoderarse de la regi\u00f3n.", "start_date": "2026-09-06T00:00:00+00:00", "title": "C\u00f3rdova, un general llamado Arrojo"}], "offset": "+00:00", "timezone": "UTC", "error_code": -1, "start_date": "2026-09-04", "icon": ""}