{"end_date": "2026-09-01", "name": "CANAL 22 INTERNACIONAL", "info_url": "https://epg.pw/channels/464872/20260830.html", "country": "US", "description": null, "error_message": "", "provider": "", "source_url": "https://epg.pw/api/epg.json?channel_id=464872&date=20260830&timezone=None", "epg_list": [{"desc": "Jos\u00e9 Mar\u00eda acompa\u00f1a a Bol\u00edvar en la campa\u00f1a libertadora, cruzando los peligrosos r\u00edos de los llanos, el indomable p\u00e1ramo de Pisba y, finalmente, enfrent\u00e1ndose en dos batallas decisivas.", "start_date": "2026-08-30T00:00:00+00:00", "title": "C\u00f3rdova, un general llamado Arrojo"}, {"desc": "D\u00e9bora lucha implacablemente para evitar que la censura acabe con su obra y recibe el apoyo de Jorge Eliecer Gait\u00e1n.", "start_date": "2026-08-30T00:30:00+00:00", "title": "D\u00e9bora, la mujer que desnud\u00f3 a Colombia"}, {"desc": "Una atrevida apuesta de amigos pondr\u00e1 a prueba la condici\u00f3n f\u00edsica de Erick, as\u00ed como su resistencia y fuerza de voluntad. Tendr\u00e1 que correr bajo una lluvia de colores, conducir un auto de carreras y superar una serie de obst\u00e1culos extremos.", "start_date": "2026-08-30T01:00:00+00:00", "title": "La lista de Erick"}, {"desc": "La Cuervo es una rapera feminista que aborda la m\u00fasica desde un lugar pol\u00edtico y personal. Desde la lucha feminista hasta el amor entre mujeres, la rapera habla de los temas que la mueven y su camino para expresarse a trav\u00e9s de la m\u00fasica.", "start_date": "2026-08-30T01:30:00+00:00", "title": "Suena"}, {"desc": "En el marco del a\u00f1o de la mujer ind\u00edgena, una serie que borra los silencios de la historia para iluminar el poder de mujeres que gobernaron antes de que sus nombres fueran escritos.", "start_date": "2026-08-30T02:00:00+00:00", "title": "Ancestras"}, {"desc": "En el marco del a\u00f1o de la mujer ind\u00edgena, una serie que borra los silencios de la historia para iluminar el poder de mujeres que gobernaron antes de que sus nombres fueran escritos.", "start_date": "2026-08-30T02:30:00+00:00", "title": "Ancestras"}, {"desc": "Un programa que de forma amena responde las dudas de los espectadores sobre el uso del idioma espa\u00f1ol, adem\u00e1s de explicar el origen y el significado de las palabras.", "start_date": "2026-08-30T03:00:00+00:00", "title": "La dichosa palabra"}, {"desc": "Un programa que de forma amena responde las dudas de los espectadores sobre el uso del idioma espa\u00f1ol, adem\u00e1s de explicar el origen y el significado de las palabras.", "start_date": "2026-08-30T03:30:00+00:00", "title": "La dichosa palabra"}, {"desc": "Distintas personalidades comparten sus encuentros con sus primeros libros. Recomiendan obras literarias que fueron fundamentales para su desarrollo personal, y comentan sus m\u00e1s recientes lecturas.", "start_date": "2026-08-30T04:00:00+00:00", "title": "Le\u00e9melo"}, {"desc": "Distintas personalidades comparten sus encuentros con sus primeros libros. Recomiendan obras literarias que fueron fundamentales para su desarrollo personal, y comentan sus m\u00e1s recientes lecturas.", "start_date": "2026-08-30T04:30:00+00:00", "title": "Le\u00e9melo"}, {"desc": "En 1996, Ricardo Rocha difundi\u00f3 un video que contradec\u00eda la versi\u00f3n oficial de la matanza de Aguas Blancas, en el que se expone la colusi\u00f3n del poder pol\u00edtico, medi\u00e1tico y judicial para ocultar la verdad en casos que han indignado a M\u00e9xico.", "start_date": "2026-08-30T05:00:00+00:00", "title": "Expedientes olvidados"}, {"desc": "En 1996, Ricardo Rocha difundi\u00f3 un video que contradec\u00eda la versi\u00f3n oficial de la matanza de Aguas Blancas, en el que se expone la colusi\u00f3n del poder pol\u00edtico, medi\u00e1tico y judicial para ocultar la verdad en casos que han indignado a M\u00e9xico.", "start_date": "2026-08-30T05:30:00+00:00", "title": "Expedientes olvidados"}, {"desc": "Se explora c\u00f3mo la regi\u00f3n de Xinjiang se ha convertido en el punto de encuentro favorito de los amantes del hielo y la nieve. Desde los trineos tirados por caballos hasta las competencias de esqu\u00ed de monta\u00f1a.", "start_date": "2026-08-30T06:00:00+00:00", "title": "El Macizo de Alt\u00e1i"}, {"desc": "La guacamaya roja, con su plumaje tan llamativo, es una de las aves m\u00e1s bellas del mundo, pero esta belleza ha llevado a la especie al borde de la extinci\u00f3n.", "start_date": "2026-08-30T06:30:00+00:00", "title": "Bio guardianes"}, {"desc": "Conversaciones e interpretaciones exclusivas. Una combinaci\u00f3n de canciones del cat\u00e1logo de oro mexicano y charlas \u00edntimas junto a figuras destacadas.", "start_date": "2026-08-30T07:00:00+00:00", "title": "El cancionero y sus amigos"}, {"desc": "Conversaciones e interpretaciones exclusivas. Una combinaci\u00f3n de canciones del cat\u00e1logo de oro mexicano y charlas \u00edntimas junto a figuras destacadas.", "start_date": "2026-08-30T07:30:00+00:00", "title": "El cancionero y sus amigos"}, {"desc": "Jos\u00e9 Mar\u00eda acompa\u00f1a a Bol\u00edvar en la campa\u00f1a libertadora, cruzando los peligrosos r\u00edos de los llanos, el indomable p\u00e1ramo de Pisba y, finalmente, enfrent\u00e1ndose en dos batallas decisivas.", "start_date": "2026-08-30T08:00:00+00:00", "title": "C\u00f3rdova, un general llamado Arrojo"}, {"desc": "D\u00e9bora lucha implacablemente para evitar que la censura acabe con su obra y recibe el apoyo de Jorge Eliecer Gait\u00e1n.", "start_date": "2026-08-30T08:30:00+00:00", "title": "D\u00e9bora, la mujer que desnud\u00f3 a Colombia"}, {"desc": "Una atrevida apuesta de amigos pondr\u00e1 a prueba la condici\u00f3n f\u00edsica de Erick, as\u00ed como su resistencia y fuerza de voluntad. Tendr\u00e1 que correr bajo una lluvia de colores, conducir un auto de carreras y superar una serie de obst\u00e1culos extremos.", "start_date": "2026-08-30T09:00:00+00:00", "title": "La lista de Erick"}, {"desc": "La Cuervo es una rapera feminista que aborda la m\u00fasica desde un lugar pol\u00edtico y personal. Desde la lucha feminista hasta el amor entre mujeres, la rapera habla de los temas que la mueven y su camino para expresarse a trav\u00e9s de la m\u00fasica.", "start_date": "2026-08-30T09:30:00+00:00", "title": "Suena"}, {"desc": "En el marco del a\u00f1o de la mujer ind\u00edgena, una serie que borra los silencios de la historia para iluminar el poder de mujeres que gobernaron antes de que sus nombres fueran escritos.", "start_date": "2026-08-30T10:00:00+00:00", "title": "Ancestras"}, {"desc": "En el marco del a\u00f1o de la mujer ind\u00edgena, una serie que borra los silencios de la historia para iluminar el poder de mujeres que gobernaron antes de que sus nombres fueran escritos.", "start_date": "2026-08-30T10:30:00+00:00", "title": "Ancestras"}, {"desc": "Una mirada a la batalla contra el cambio clim\u00e1tico en los diferentes sectores socioecon\u00f3micos.", "start_date": "2026-08-30T11:00:00+00:00", "title": "NCC reporte clim\u00e1tico"}, {"desc": "Noticiero que divulga, fomenta e interpreta las actividades cient\u00edficas y culturales en el mundo, y fortalece la cooperaci\u00f3n y comunicaci\u00f3n entre los distintos pueblos de Iberoam\u00e9rica.", "start_date": "2026-08-30T11:30:00+00:00", "title": "Noticiero cient\u00edfico y cultural iberoamericano"}, {"desc": "D\u00e9bora lucha implacablemente para evitar que la censura acabe con su obra y recibe el apoyo de Jorge Eliecer Gait\u00e1n.", "start_date": "2026-08-30T12:00:00+00:00", "title": "D\u00e9bora, la mujer que desnud\u00f3 a Colombia"}, {"desc": "Una atrevida apuesta de amigos pondr\u00e1 a prueba la condici\u00f3n f\u00edsica de Erick, as\u00ed como su resistencia y fuerza de voluntad. Tendr\u00e1 que correr bajo una lluvia de colores, conducir un auto de carreras y superar una serie de obst\u00e1culos extremos.", "start_date": "2026-08-30T12:30:00+00:00", "title": "La lista de Erick"}, {"desc": "La Cuervo es una rapera feminista que aborda la m\u00fasica desde un lugar pol\u00edtico y personal. Desde la lucha feminista hasta el amor entre mujeres, la rapera habla de los temas que la mueven y su camino para expresarse a trav\u00e9s de la m\u00fasica.", "start_date": "2026-08-30T13:00:00+00:00", "title": "Suena"}, {"desc": "Un programa con reportajes de inter\u00e9s general.", "start_date": "2026-08-30T13:30:00+00:00", "title": "Reportajes generales 24"}, {"desc": "Especialistas y expertos comparten recomendaciones sobre la prevenci\u00f3n de enfermedades y la salud integral.", "start_date": "2026-08-30T14:00:00+00:00", "title": "SanaMente"}, {"desc": "Una versi\u00f3n especializada en salud del Noticiero cient\u00edfico y cultural Iberoamericano NCC, que busca difundir la ciencia y la tecnolog\u00eda m\u00e9dica en todo Latinoam\u00e9rica.", "start_date": "2026-08-30T14:30:00+00:00", "title": "NCC: Edici\u00f3n salud"}, {"desc": "Un espacio donde la poblaci\u00f3n comparte sus dudas y preguntas a los mejores especialistas de salud.", "start_date": "2026-08-30T15:00:00+00:00", "title": "Consulta directa"}, {"desc": "Un espacio donde la poblaci\u00f3n comparte sus dudas y preguntas a los mejores especialistas de salud.", "start_date": "2026-08-30T15:30:00+00:00", "title": "Consulta directa"}, {"desc": "Una programaci\u00f3n alternativa para ni\u00f1os que fomenta la curiosidad, el gusto por las artes, la lectura y los valores de convivencia y tolerancia.", "start_date": "2026-08-30T16:00:00+00:00", "title": "\u00a1Clic Clac!"}, {"desc": "Una programaci\u00f3n alternativa para ni\u00f1os que fomenta la curiosidad, el gusto por las artes, la lectura y los valores de convivencia y tolerancia.", "start_date": "2026-08-30T16:30:00+00:00", "title": "\u00a1Clic Clac!"}, {"desc": "Una programaci\u00f3n alternativa para ni\u00f1os que fomenta la curiosidad, el gusto por las artes, la lectura y los valores de convivencia y tolerancia.", "start_date": "2026-08-30T17:00:00+00:00", "title": "\u00a1Clic Clac!"}, {"desc": "Una programaci\u00f3n alternativa para ni\u00f1os que fomenta la curiosidad, el gusto por las artes, la lectura y los valores de convivencia y tolerancia.", "start_date": "2026-08-30T17:30:00+00:00", "title": "\u00a1Clic Clac!"}, {"desc": "Una programaci\u00f3n alternativa para ni\u00f1os que fomenta la curiosidad, el gusto por las artes, la lectura y los valores de convivencia y tolerancia.", "start_date": "2026-08-30T18:00:00+00:00", "title": "\u00a1Clic Clac!"}, {"desc": "Una programaci\u00f3n alternativa para ni\u00f1os que fomenta la curiosidad, el gusto por las artes, la lectura y los valores de convivencia y tolerancia.", "start_date": "2026-08-30T18:30:00+00:00", "title": "\u00a1Clic Clac!"}, {"desc": null, "start_date": "2026-08-30T19:00:00+00:00", "title": "26 Festival Eurojazz 2023"}, {"desc": null, "start_date": "2026-08-30T19:30:00+00:00", "title": "26 Festival Eurojazz 2023"}, {"desc": null, "start_date": "2026-08-30T20:00:00+00:00", "title": "26 Festival Eurojazz 2023"}, {"desc": "Se rastrea a varias parejas que se casaron en medio de la crisis econ\u00f3mica cubana hace casi 30 a\u00f1os para saber qu\u00e9 fue de sus vidas.", "start_date": "2026-08-30T20:30:00+00:00", "title": "Amores cubanos"}, {"desc": "Se hace un recorrido por la ciudad de Cuetzalan, ubicada en la Sierra Norte de Puebla.", "start_date": "2026-08-30T21:00:00+00:00", "title": "Ecos ind\u00edgenas: La voz de la diversidad"}, {"desc": "Erick viaja al sur de Rusia, a la cuna del vino espumoso ruso, donde participa en la vendimia y recorre todo el ciclo de elaboraci\u00f3n de la bebida.", "start_date": "2026-08-30T21:30:00+00:00", "title": "La lista de Erick"}, {"desc": "Se explora c\u00f3mo la regi\u00f3n de Xinjiang se ha convertido en el punto de encuentro favorito de los amantes del hielo y la nieve. Desde los trineos tirados por caballos hasta las competencias de esqu\u00ed de monta\u00f1a.", "start_date": "2026-08-30T22:00:00+00:00", "title": "El Macizo de Alt\u00e1i"}, {"desc": "La guacamaya roja, con su plumaje tan llamativo, es una de las aves m\u00e1s bellas del mundo, pero esta belleza ha llevado a la especie al borde de la extinci\u00f3n.", "start_date": "2026-08-30T22:30:00+00:00", "title": "Bio guardianes"}, {"desc": "Un espacio en el que se celebra la m\u00fasica mexicana. Una ventana muy importante para las expresiones art\u00edsticas de M\u00e9xico.", "start_date": "2026-08-30T23:00:00+00:00", "title": "\u00a1Qu\u00e9 lindo es mi M\u00e9xico!"}, {"desc": "Un espacio en el que se celebra la m\u00fasica mexicana. Una ventana muy importante para las expresiones art\u00edsticas de M\u00e9xico.", "start_date": "2026-08-30T23:30:00+00:00", "title": "\u00a1Qu\u00e9 lindo es mi M\u00e9xico!"}, {"desc": "Un espacio para conocer las propuestas musicales de solistas y agrupaciones que est\u00e1n surgiendo en la escena musical de Zacatecas.", "start_date": "2026-08-31T00:00:00+00:00", "title": "Sesiones"}, {"desc": "Con Cemeli Hern\u00e1ndez, descubre el gran talento de las y los semifinalistas del concurso binacional por la paz y contra las adicciones, en una iniciativa que impulsa narrativas musicales libres de violencia.", "start_date": "2026-08-31T00:30:00+00:00", "title": "Las voces de M\u00e9xico canta"}, {"desc": "Convocatoria dirigida a j\u00f3venes cantautores e int\u00e9rpretes mexicanos y mexicano-estadounidenses.", "start_date": "2026-08-31T01:00:00+00:00", "title": "M\u00e9xico canta por la paz y contra las adicciones"}, {"desc": "Convocatoria dirigida a j\u00f3venes cantautores e int\u00e9rpretes mexicanos y mexicano-estadounidenses.", "start_date": "2026-08-31T01:30:00+00:00", "title": "M\u00e9xico canta por la paz y contra las adicciones"}, {"desc": "Convocatoria dirigida a j\u00f3venes cantautores e int\u00e9rpretes mexicanos y mexicano-estadounidenses.", "start_date": "2026-08-31T02:00:00+00:00", "title": "M\u00e9xico canta por la paz y contra las adicciones"}, {"desc": "Convocatoria dirigida a j\u00f3venes cantautores e int\u00e9rpretes mexicanos y mexicano-estadounidenses.", "start_date": "2026-08-31T02:30:00+00:00", "title": "M\u00e9xico canta por la paz y contra las adicciones"}, {"desc": null, "start_date": "2026-08-31T03:00:00+00:00", "title": "Festival Ambulante"}, {"desc": null, "start_date": "2026-08-31T03:30:00+00:00", "title": "Festival Ambulante"}, {"desc": "El programa se centra en la recuperaci\u00f3n de lo m\u00e1s relevante de la producci\u00f3n cinematogr\u00e1fica de Iberoam\u00e9rica, las pel\u00edculas m\u00e1s destacadas y sus creadores.", "start_date": "2026-08-31T04:00:00+00:00", "title": "Encuadre iberoamericano"}, {"desc": "El programa se centra en la recuperaci\u00f3n de lo m\u00e1s relevante de la producci\u00f3n cinematogr\u00e1fica de Iberoam\u00e9rica, las pel\u00edculas m\u00e1s destacadas y sus creadores.", "start_date": "2026-08-31T04:30:00+00:00", "title": "Encuadre iberoamericano"}, {"desc": "Un homenaje a los m\u00edsticos sonidos e im\u00e1genes v\u00edvidas de la selva tropical en China.", "start_date": "2026-08-31T05:00:00+00:00", "title": "Hainan, China: El misterio de la selva"}, {"desc": "Un homenaje a los m\u00edsticos sonidos e im\u00e1genes v\u00edvidas de la selva tropical en China.", "start_date": "2026-08-31T05:30:00+00:00", "title": "Hainan, China: El misterio de la selva"}, {"desc": "Se explora c\u00f3mo la regi\u00f3n de Xinjiang se ha convertido en el punto de encuentro favorito de los amantes del hielo y la nieve. Desde los trineos tirados por caballos hasta las competencias de esqu\u00ed de monta\u00f1a.", "start_date": "2026-08-31T06:00:00+00:00", "title": "El Macizo de Alt\u00e1i"}, {"desc": "La guacamaya roja, con su plumaje tan llamativo, es una de las aves m\u00e1s bellas del mundo, pero esta belleza ha llevado a la especie al borde de la extinci\u00f3n.", "start_date": "2026-08-31T06:30:00+00:00", "title": "Bio guardianes"}, {"desc": "Se hace un recorrido por la ciudad de Cuetzalan, ubicada en la Sierra Norte de Puebla.", "start_date": "2026-08-31T07:00:00+00:00", "title": "Ecos ind\u00edgenas: La voz de la diversidad"}, {"desc": "Erick viaja al sur de Rusia, a la cuna del vino espumoso ruso, donde participa en la vendimia y recorre todo el ciclo de elaboraci\u00f3n de la bebida.", "start_date": "2026-08-31T07:30:00+00:00", "title": "La lista de Erick"}, {"desc": "Se explora c\u00f3mo la regi\u00f3n de Xinjiang se ha convertido en el punto de encuentro favorito de los amantes del hielo y la nieve. Desde los trineos tirados por caballos hasta las competencias de esqu\u00ed de monta\u00f1a.", "start_date": "2026-08-31T08:00:00+00:00", "title": "El Macizo de Alt\u00e1i"}, {"desc": "La guacamaya roja, con su plumaje tan llamativo, es una de las aves m\u00e1s bellas del mundo, pero esta belleza ha llevado a la especie al borde de la extinci\u00f3n.", "start_date": "2026-08-31T08:30:00+00:00", "title": "Bio guardianes"}, {"desc": "Un espacio en el que se celebra la m\u00fasica mexicana. Una ventana muy importante para las expresiones art\u00edsticas de M\u00e9xico.", "start_date": "2026-08-31T09:00:00+00:00", "title": "\u00a1Qu\u00e9 lindo es mi M\u00e9xico!"}, {"desc": "Un espacio en el que se celebra la m\u00fasica mexicana. Una ventana muy importante para las expresiones art\u00edsticas de M\u00e9xico.", "start_date": "2026-08-31T09:30:00+00:00", "title": "\u00a1Qu\u00e9 lindo es mi M\u00e9xico!"}, {"desc": "Un homenaje a los m\u00edsticos sonidos e im\u00e1genes v\u00edvidas de la selva tropical en China.", "start_date": "2026-08-31T10:00:00+00:00", "title": "Hainan, China: El misterio de la selva"}, {"desc": "Un homenaje a los m\u00edsticos sonidos e im\u00e1genes v\u00edvidas de la selva tropical en China.", "start_date": "2026-08-31T10:30:00+00:00", "title": "Hainan, China: El misterio de la selva"}, {"desc": "Un programa con reportajes de inter\u00e9s general.", "start_date": "2026-08-31T11:00:00+00:00", "title": "Reportajes generales 24"}, {"desc": "Especialistas y expertos comparten recomendaciones sobre la prevenci\u00f3n de enfermedades y la salud integral.", "start_date": "2026-08-31T11:30:00+00:00", "title": "SanaMente"}, {"desc": "Un espacio donde la poblaci\u00f3n comparte sus dudas y preguntas a los mejores especialistas de salud.", "start_date": "2026-08-31T12:00:00+00:00", "title": "Consulta directa"}, {"desc": "Un espacio donde la poblaci\u00f3n comparte sus dudas y preguntas a los mejores especialistas de salud.", "start_date": "2026-08-31T12:30:00+00:00", "title": "Consulta directa"}, {"desc": "Una versi\u00f3n especializada en salud del Noticiero cient\u00edfico y cultural Iberoamericano NCC, que busca difundir la ciencia y la tecnolog\u00eda m\u00e9dica en todo Latinoam\u00e9rica.", "start_date": "2026-08-31T13:00:00+00:00", "title": "NCC: Edici\u00f3n salud"}, {"desc": "Transmisi\u00f3n de la conferencia de Claudia Sheinbaum, presidenta de M\u00e9xico. Desde el Palacio Nacional.", "start_date": "2026-08-31T13:30:00+00:00", "title": "Conferencia matutina de la presidenta de M\u00e9xico"}, {"desc": "Transmisi\u00f3n de la conferencia de Claudia Sheinbaum, presidenta de M\u00e9xico. Desde el Palacio Nacional.", "start_date": "2026-08-31T14:00:00+00:00", "title": "Conferencia matutina de la presidenta de M\u00e9xico"}, {"desc": "Transmisi\u00f3n de la conferencia de Claudia Sheinbaum, presidenta de M\u00e9xico. Desde el Palacio Nacional.", "start_date": "2026-08-31T14:30:00+00:00", "title": "Conferencia matutina de la presidenta de M\u00e9xico"}, {"desc": "Transmisi\u00f3n de la conferencia de Claudia Sheinbaum, presidenta de M\u00e9xico. Desde el Palacio Nacional.", "start_date": "2026-08-31T15:00:00+00:00", "title": "Conferencia matutina de la presidenta de M\u00e9xico"}, {"desc": "An\u00e1lisis de los temas de mayor inter\u00e9s de la conferencia matutina presidencial, as\u00ed como un balance informativo de lo que sucede en M\u00e9xico.", "start_date": "2026-08-31T15:30:00+00:00", "title": "Ma\u00f1anera 360"}, {"desc": "An\u00e1lisis de los temas de mayor inter\u00e9s de la conferencia matutina presidencial, as\u00ed como un balance informativo de lo que sucede en M\u00e9xico.", "start_date": "2026-08-31T16:00:00+00:00", "title": "Ma\u00f1anera 360"}, {"desc": "Un programa que de forma amena responde las dudas de los espectadores sobre el uso del idioma espa\u00f1ol, adem\u00e1s de explicar el origen y el significado de las palabras.", "start_date": "2026-08-31T16:30:00+00:00", "title": "La dichosa palabra"}, {"desc": "Un programa que de forma amena responde las dudas de los espectadores sobre el uso del idioma espa\u00f1ol, adem\u00e1s de explicar el origen y el significado de las palabras.", "start_date": "2026-08-31T17:00:00+00:00", "title": "La dichosa palabra"}, {"desc": "Espacio que busca acercar a las personas con la lectura a trav\u00e9s de charlas y diversas actividades.", "start_date": "2026-08-31T17:30:00+00:00", "title": "Leer, una hora inesperada"}, {"desc": "Espacio que busca acercar a las personas con la lectura a trav\u00e9s de charlas y diversas actividades.", "start_date": "2026-08-31T18:00:00+00:00", "title": "Leer, una hora inesperada"}, {"desc": "Historias de egresados y estudiantes de la Universidad Abierta y a Distancia de Colombia que se han convertido en empresarios locales y regionales y han creado propuestas novedosas y productivas en los diferentes departamentos del pa\u00eds.", "start_date": "2026-08-31T18:30:00+00:00", "title": "Con olor a regi\u00f3n"}, {"desc": "Un programa con reportajes de inter\u00e9s general.", "start_date": "2026-08-31T19:00:00+00:00", "title": "Reportajes generales 24"}, {"desc": "Noticiero que divulga, fomenta e interpreta las actividades cient\u00edficas y culturales en el mundo, y fortalece la cooperaci\u00f3n y comunicaci\u00f3n entre los distintos pueblos de Iberoam\u00e9rica.", "start_date": "2026-08-31T19:30:00+00:00", "title": "Noticiero cient\u00edfico y cultural iberoamericano"}, {"desc": "Dos chefs profesionales, sin estar presentes en la cocina, deber\u00e1n preparar, cocinar y presentar un platillo con calidad gourmet contra reloj, todo esto por medio de un participante novato al cual dirigir\u00e1n desde una cabina de audio y video.", "start_date": "2026-08-31T20:00:00+00:00", "title": "Oye al chef"}, {"desc": "M\u00e9xico tiene arrecifes que debe preservar dada la importancia ecol\u00f3gica, social y econ\u00f3mica de los mismos. Una serie de an\u00e1lisis e investigaci\u00f3n documental sobre la vida marina en M\u00e9xico y su relaci\u00f3n con las diversas actividades humanas.", "start_date": "2026-08-31T20:30:00+00:00", "title": "Ecoazul"}, {"desc": "Historias de vida de personas que decidieron vivir en M\u00e9xico y que enriquecen, con su talento, esfuerzo y compromiso, la cultura del pa\u00eds.", "start_date": "2026-08-31T21:00:00+00:00", "title": "\u00bfPor qu\u00e9 en M\u00e9xico?"}, {"desc": "Un espacio de formaci\u00f3n, crecimiento y superaci\u00f3n, en el que se retratan diversos estilos de vida y pasiones al practicar deportes.", "start_date": "2026-08-31T21:30:00+00:00", "title": "Tengo un sue\u00f1o"}, {"desc": "En las monta\u00f1as de Zongolica, Veracruz, una comunidad b\u00e1sicamente de mujeres, extrae de las flores de las monta\u00f1as y sus borregos los colores, los hilos y la inspiraci\u00f3n para producir tejidos y abrigos de enorme belleza.", "start_date": "2026-08-31T22:00:00+00:00", "title": "Flores gemelas"}, {"desc": "A sus 23 a\u00f1os, Camilo Gonz\u00e1lez canta m\u00fasica urbana y es gobernador del Resguardo Karmata R\u00faa de Jard\u00edn.", "start_date": "2026-08-31T22:30:00+00:00", "title": "So Bia"}, {"desc": "D\u00e9bora debe seguir su campa\u00f1a sola, luego del asesinato de Jorge Eliecer Gait\u00e1n. El crimen adem\u00e1s provoca una revoluci\u00f3n que golpea el coraz\u00f3n de los que luchan por el libre pensamiento.", "start_date": "2026-08-31T23:00:00+00:00", "title": "D\u00e9bora, la mujer que desnud\u00f3 a Colombia"}, {"desc": "Serie documental donde se recorren \u00e1mbitos futbol\u00edsticos donde aprenden a jugar los ni\u00f1os y las ni\u00f1as, se relacionan con adultos y forman parte de un deporte colectivo.", "start_date": "2026-08-31T23:30:00+00:00", "title": "Un gol al arco\u00edris"}, {"desc": "Rese\u00f1a de una de las mejores pel\u00edculas de Luis Alcoriza, que recrea con precisi\u00f3n y autenticidad el ambiente y los personajes t\u00edpicos de la costa tabasque\u00f1a.", "start_date": "2026-09-01T00:00:00+00:00", "title": "Los que hicieron nuestro cine"}], "offset": "+00:00", "timezone": "UTC", "error_code": -1, "start_date": "2026-08-30", "icon": ""}