{"end_date": "2026-09-02", "name": "CANAL 22 INTERNACIONAL", "info_url": "https://epg.pw/channels/464872/20260831.html", "country": "US", "description": null, "error_message": "", "provider": "", "source_url": "https://epg.pw/api/epg.json?channel_id=464872&date=20260831&timezone=None", "epg_list": [{"desc": "Un espacio para conocer las propuestas musicales de solistas y agrupaciones que est\u00e1n surgiendo en la escena musical de Zacatecas.", "start_date": "2026-08-31T00:00:00+00:00", "title": "Sesiones"}, {"desc": "Con Cemeli Hern\u00e1ndez, descubre el gran talento de las y los semifinalistas del concurso binacional por la paz y contra las adicciones, en una iniciativa que impulsa narrativas musicales libres de violencia.", "start_date": "2026-08-31T00:30:00+00:00", "title": "Las voces de M\u00e9xico canta"}, {"desc": "Convocatoria dirigida a j\u00f3venes cantautores e int\u00e9rpretes mexicanos y mexicano-estadounidenses.", "start_date": "2026-08-31T01:00:00+00:00", "title": "M\u00e9xico canta por la paz y contra las adicciones"}, {"desc": "Convocatoria dirigida a j\u00f3venes cantautores e int\u00e9rpretes mexicanos y mexicano-estadounidenses.", "start_date": "2026-08-31T01:30:00+00:00", "title": "M\u00e9xico canta por la paz y contra las adicciones"}, {"desc": "Convocatoria dirigida a j\u00f3venes cantautores e int\u00e9rpretes mexicanos y mexicano-estadounidenses.", "start_date": "2026-08-31T02:00:00+00:00", "title": "M\u00e9xico canta por la paz y contra las adicciones"}, {"desc": "Convocatoria dirigida a j\u00f3venes cantautores e int\u00e9rpretes mexicanos y mexicano-estadounidenses.", "start_date": "2026-08-31T02:30:00+00:00", "title": "M\u00e9xico canta por la paz y contra las adicciones"}, {"desc": null, "start_date": "2026-08-31T03:00:00+00:00", "title": "Festival Ambulante"}, {"desc": null, "start_date": "2026-08-31T03:30:00+00:00", "title": "Festival Ambulante"}, {"desc": "El programa se centra en la recuperaci\u00f3n de lo m\u00e1s relevante de la producci\u00f3n cinematogr\u00e1fica de Iberoam\u00e9rica, las pel\u00edculas m\u00e1s destacadas y sus creadores.", "start_date": "2026-08-31T04:00:00+00:00", "title": "Encuadre iberoamericano"}, {"desc": "El programa se centra en la recuperaci\u00f3n de lo m\u00e1s relevante de la producci\u00f3n cinematogr\u00e1fica de Iberoam\u00e9rica, las pel\u00edculas m\u00e1s destacadas y sus creadores.", "start_date": "2026-08-31T04:30:00+00:00", "title": "Encuadre iberoamericano"}, {"desc": "Un homenaje a los m\u00edsticos sonidos e im\u00e1genes v\u00edvidas de la selva tropical en China.", "start_date": "2026-08-31T05:00:00+00:00", "title": "Hainan, China: El misterio de la selva"}, {"desc": "Un homenaje a los m\u00edsticos sonidos e im\u00e1genes v\u00edvidas de la selva tropical en China.", "start_date": "2026-08-31T05:30:00+00:00", "title": "Hainan, China: El misterio de la selva"}, {"desc": "Se explora c\u00f3mo la regi\u00f3n de Xinjiang se ha convertido en el punto de encuentro favorito de los amantes del hielo y la nieve. Desde los trineos tirados por caballos hasta las competencias de esqu\u00ed de monta\u00f1a.", "start_date": "2026-08-31T06:00:00+00:00", "title": "El Macizo de Alt\u00e1i"}, {"desc": "La guacamaya roja, con su plumaje tan llamativo, es una de las aves m\u00e1s bellas del mundo, pero esta belleza ha llevado a la especie al borde de la extinci\u00f3n.", "start_date": "2026-08-31T06:30:00+00:00", "title": "Bio guardianes"}, {"desc": "Se hace un recorrido por la ciudad de Cuetzalan, ubicada en la Sierra Norte de Puebla.", "start_date": "2026-08-31T07:00:00+00:00", "title": "Ecos ind\u00edgenas: La voz de la diversidad"}, {"desc": "Erick viaja al sur de Rusia, a la cuna del vino espumoso ruso, donde participa en la vendimia y recorre todo el ciclo de elaboraci\u00f3n de la bebida.", "start_date": "2026-08-31T07:30:00+00:00", "title": "La lista de Erick"}, {"desc": "Se explora c\u00f3mo la regi\u00f3n de Xinjiang se ha convertido en el punto de encuentro favorito de los amantes del hielo y la nieve. Desde los trineos tirados por caballos hasta las competencias de esqu\u00ed de monta\u00f1a.", "start_date": "2026-08-31T08:00:00+00:00", "title": "El Macizo de Alt\u00e1i"}, {"desc": "La guacamaya roja, con su plumaje tan llamativo, es una de las aves m\u00e1s bellas del mundo, pero esta belleza ha llevado a la especie al borde de la extinci\u00f3n.", "start_date": "2026-08-31T08:30:00+00:00", "title": "Bio guardianes"}, {"desc": "Un espacio en el que se celebra la m\u00fasica mexicana. Una ventana muy importante para las expresiones art\u00edsticas de M\u00e9xico.", "start_date": "2026-08-31T09:00:00+00:00", "title": "\u00a1Qu\u00e9 lindo es mi M\u00e9xico!"}, {"desc": "Un espacio en el que se celebra la m\u00fasica mexicana. Una ventana muy importante para las expresiones art\u00edsticas de M\u00e9xico.", "start_date": "2026-08-31T09:30:00+00:00", "title": "\u00a1Qu\u00e9 lindo es mi M\u00e9xico!"}, {"desc": "Un homenaje a los m\u00edsticos sonidos e im\u00e1genes v\u00edvidas de la selva tropical en China.", "start_date": "2026-08-31T10:00:00+00:00", "title": "Hainan, China: El misterio de la selva"}, {"desc": "Un homenaje a los m\u00edsticos sonidos e im\u00e1genes v\u00edvidas de la selva tropical en China.", "start_date": "2026-08-31T10:30:00+00:00", "title": "Hainan, China: El misterio de la selva"}, {"desc": "Un programa con reportajes de inter\u00e9s general.", "start_date": "2026-08-31T11:00:00+00:00", "title": "Reportajes generales 24"}, {"desc": "Especialistas y expertos comparten recomendaciones sobre la prevenci\u00f3n de enfermedades y la salud integral.", "start_date": "2026-08-31T11:30:00+00:00", "title": "SanaMente"}, {"desc": "Un espacio donde la poblaci\u00f3n comparte sus dudas y preguntas a los mejores especialistas de salud.", "start_date": "2026-08-31T12:00:00+00:00", "title": "Consulta directa"}, {"desc": "Un espacio donde la poblaci\u00f3n comparte sus dudas y preguntas a los mejores especialistas de salud.", "start_date": "2026-08-31T12:30:00+00:00", "title": "Consulta directa"}, {"desc": "Una versi\u00f3n especializada en salud del Noticiero cient\u00edfico y cultural Iberoamericano NCC, que busca difundir la ciencia y la tecnolog\u00eda m\u00e9dica en todo Latinoam\u00e9rica.", "start_date": "2026-08-31T13:00:00+00:00", "title": "NCC: Edici\u00f3n salud"}, {"desc": "Transmisi\u00f3n de la conferencia de Claudia Sheinbaum, presidenta de M\u00e9xico. Desde el Palacio Nacional.", "start_date": "2026-08-31T13:30:00+00:00", "title": "Conferencia matutina de la presidenta de M\u00e9xico"}, {"desc": "Transmisi\u00f3n de la conferencia de Claudia Sheinbaum, presidenta de M\u00e9xico. Desde el Palacio Nacional.", "start_date": "2026-08-31T14:00:00+00:00", "title": "Conferencia matutina de la presidenta de M\u00e9xico"}, {"desc": "Transmisi\u00f3n de la conferencia de Claudia Sheinbaum, presidenta de M\u00e9xico. Desde el Palacio Nacional.", "start_date": "2026-08-31T14:30:00+00:00", "title": "Conferencia matutina de la presidenta de M\u00e9xico"}, {"desc": "Transmisi\u00f3n de la conferencia de Claudia Sheinbaum, presidenta de M\u00e9xico. Desde el Palacio Nacional.", "start_date": "2026-08-31T15:00:00+00:00", "title": "Conferencia matutina de la presidenta de M\u00e9xico"}, {"desc": "An\u00e1lisis de los temas de mayor inter\u00e9s de la conferencia matutina presidencial, as\u00ed como un balance informativo de lo que sucede en M\u00e9xico.", "start_date": "2026-08-31T15:30:00+00:00", "title": "Ma\u00f1anera 360"}, {"desc": "An\u00e1lisis de los temas de mayor inter\u00e9s de la conferencia matutina presidencial, as\u00ed como un balance informativo de lo que sucede en M\u00e9xico.", "start_date": "2026-08-31T16:00:00+00:00", "title": "Ma\u00f1anera 360"}, {"desc": "Un programa que de forma amena responde las dudas de los espectadores sobre el uso del idioma espa\u00f1ol, adem\u00e1s de explicar el origen y el significado de las palabras.", "start_date": "2026-08-31T16:30:00+00:00", "title": "La dichosa palabra"}, {"desc": "Un programa que de forma amena responde las dudas de los espectadores sobre el uso del idioma espa\u00f1ol, adem\u00e1s de explicar el origen y el significado de las palabras.", "start_date": "2026-08-31T17:00:00+00:00", "title": "La dichosa palabra"}, {"desc": "Espacio que busca acercar a las personas con la lectura a trav\u00e9s de charlas y diversas actividades.", "start_date": "2026-08-31T17:30:00+00:00", "title": "Leer, una hora inesperada"}, {"desc": "Espacio que busca acercar a las personas con la lectura a trav\u00e9s de charlas y diversas actividades.", "start_date": "2026-08-31T18:00:00+00:00", "title": "Leer, una hora inesperada"}, {"desc": "Historias de egresados y estudiantes de la Universidad Abierta y a Distancia de Colombia que se han convertido en empresarios locales y regionales y han creado propuestas novedosas y productivas en los diferentes departamentos del pa\u00eds.", "start_date": "2026-08-31T18:30:00+00:00", "title": "Con olor a regi\u00f3n"}, {"desc": "Un programa con reportajes de inter\u00e9s general.", "start_date": "2026-08-31T19:00:00+00:00", "title": "Reportajes generales 24"}, {"desc": "Noticiero que divulga, fomenta e interpreta las actividades cient\u00edficas y culturales en el mundo, y fortalece la cooperaci\u00f3n y comunicaci\u00f3n entre los distintos pueblos de Iberoam\u00e9rica.", "start_date": "2026-08-31T19:30:00+00:00", "title": "Noticiero cient\u00edfico y cultural iberoamericano"}, {"desc": "Dos chefs profesionales, sin estar presentes en la cocina, deber\u00e1n preparar, cocinar y presentar un platillo con calidad gourmet contra reloj, todo esto por medio de un participante novato al cual dirigir\u00e1n desde una cabina de audio y video.", "start_date": "2026-08-31T20:00:00+00:00", "title": "Oye al chef"}, {"desc": "M\u00e9xico tiene arrecifes que debe preservar dada la importancia ecol\u00f3gica, social y econ\u00f3mica de los mismos. Una serie de an\u00e1lisis e investigaci\u00f3n documental sobre la vida marina en M\u00e9xico y su relaci\u00f3n con las diversas actividades humanas.", "start_date": "2026-08-31T20:30:00+00:00", "title": "Ecoazul"}, {"desc": "Historias de vida de personas que decidieron vivir en M\u00e9xico y que enriquecen, con su talento, esfuerzo y compromiso, la cultura del pa\u00eds.", "start_date": "2026-08-31T21:00:00+00:00", "title": "\u00bfPor qu\u00e9 en M\u00e9xico?"}, {"desc": "Un espacio de formaci\u00f3n, crecimiento y superaci\u00f3n, en el que se retratan diversos estilos de vida y pasiones al practicar deportes.", "start_date": "2026-08-31T21:30:00+00:00", "title": "Tengo un sue\u00f1o"}, {"desc": "En las monta\u00f1as de Zongolica, Veracruz, una comunidad b\u00e1sicamente de mujeres, extrae de las flores de las monta\u00f1as y sus borregos los colores, los hilos y la inspiraci\u00f3n para producir tejidos y abrigos de enorme belleza.", "start_date": "2026-08-31T22:00:00+00:00", "title": "Flores gemelas"}, {"desc": "A sus 23 a\u00f1os, Camilo Gonz\u00e1lez canta m\u00fasica urbana y es gobernador del Resguardo Karmata R\u00faa de Jard\u00edn.", "start_date": "2026-08-31T22:30:00+00:00", "title": "So Bia"}, {"desc": "D\u00e9bora debe seguir su campa\u00f1a sola, luego del asesinato de Jorge Eliecer Gait\u00e1n. El crimen adem\u00e1s provoca una revoluci\u00f3n que golpea el coraz\u00f3n de los que luchan por el libre pensamiento.", "start_date": "2026-08-31T23:00:00+00:00", "title": "D\u00e9bora, la mujer que desnud\u00f3 a Colombia"}, {"desc": "Serie documental donde se recorren \u00e1mbitos futbol\u00edsticos donde aprenden a jugar los ni\u00f1os y las ni\u00f1as, se relacionan con adultos y forman parte de un deporte colectivo.", "start_date": "2026-08-31T23:30:00+00:00", "title": "Un gol al arco\u00edris"}, {"desc": "Rese\u00f1a de una de las mejores pel\u00edculas de Luis Alcoriza, que recrea con precisi\u00f3n y autenticidad el ambiente y los personajes t\u00edpicos de la costa tabasque\u00f1a.", "start_date": "2026-09-01T00:00:00+00:00", "title": "Los que hicieron nuestro cine"}, {"desc": "Una mirada a los procesos de producci\u00f3n de las principales actividades econ\u00f3micas en cuatro estados de M\u00e9xico: Jalisco, Nayarit, Colima y Michoac\u00e1n.", "start_date": "2026-09-01T00:30:00+00:00", "title": "As\u00ed se hace: Productos hechos en M\u00e9xico"}, {"desc": "Noticiario cultural que busca brindar acceso al arte, a las ciencias, a las humanidades y a nuestra actualidad mediante el disfrute y la comprensi\u00f3n.", "start_date": "2026-09-01T01:00:00+00:00", "title": "Culturas veintid\u00f3s"}, {"desc": "Noticiario cultural que busca brindar acceso al arte, a las ciencias, a las humanidades y a nuestra actualidad mediante el disfrute y la comprensi\u00f3n.", "start_date": "2026-09-01T01:30:00+00:00", "title": "Culturas veintid\u00f3s"}, {"desc": "Espacio para discutir temas relevantes de la vida p\u00fablica nacional e internacional con un gran elenco de analistas.", "start_date": "2026-09-01T02:00:00+00:00", "title": "Masiosare"}, {"desc": "Espacio para discutir temas relevantes de la vida p\u00fablica nacional e internacional con un gran elenco de analistas.", "start_date": "2026-09-01T02:30:00+00:00", "title": "Masiosare"}, {"desc": "El acontecer nacional e internacional para armar el rompecabezas cotidiano de la informaci\u00f3n desde una mirada de experiencia y prestigio.", "start_date": "2026-09-01T03:00:00+00:00", "title": "Punto de referencia, tu noticiero"}, {"desc": "El acontecer nacional e internacional para armar el rompecabezas cotidiano de la informaci\u00f3n desde una mirada de experiencia y prestigio.", "start_date": "2026-09-01T03:30:00+00:00", "title": "Punto de referencia, tu noticiero"}, {"desc": "Distintas personalidades comparten sus encuentros con sus primeros libros. Recomiendan obras literarias que fueron fundamentales para su desarrollo personal, y comentan sus m\u00e1s recientes lecturas.", "start_date": "2026-09-01T04:00:00+00:00", "title": "Le\u00e9melo"}, {"desc": "Distintas personalidades comparten sus encuentros con sus primeros libros. Recomiendan obras literarias que fueron fundamentales para su desarrollo personal, y comentan sus m\u00e1s recientes lecturas.", "start_date": "2026-09-01T04:30:00+00:00", "title": "Le\u00e9melo"}, {"desc": "Un programa que de forma amena responde las dudas de los espectadores sobre el uso del idioma espa\u00f1ol, adem\u00e1s de explicar el origen y el significado de las palabras.", "start_date": "2026-09-01T05:00:00+00:00", "title": "La dichosa palabra"}, {"desc": "Un programa que de forma amena responde las dudas de los espectadores sobre el uso del idioma espa\u00f1ol, adem\u00e1s de explicar el origen y el significado de las palabras.", "start_date": "2026-09-01T05:30:00+00:00", "title": "La dichosa palabra"}, {"desc": "Un programa con reportajes de inter\u00e9s general.", "start_date": "2026-09-01T06:00:00+00:00", "title": "Reportajes generales 24"}, {"desc": "Noticiero que divulga, fomenta e interpreta las actividades cient\u00edficas y culturales en el mundo, y fortalece la cooperaci\u00f3n y comunicaci\u00f3n entre los distintos pueblos de Iberoam\u00e9rica.", "start_date": "2026-09-01T06:30:00+00:00", "title": "Noticiero cient\u00edfico y cultural iberoamericano"}, {"desc": "Historias de egresados y estudiantes de la Universidad Abierta y a Distancia de Colombia que se han convertido en empresarios locales y regionales y han creado propuestas novedosas y productivas en los diferentes departamentos del pa\u00eds.", "start_date": "2026-09-01T07:00:00+00:00", "title": "Con olor a regi\u00f3n"}, {"desc": "Dos chefs profesionales, sin estar presentes en la cocina, deber\u00e1n preparar, cocinar y presentar un platillo con calidad gourmet contra reloj, todo esto por medio de un participante novato al cual dirigir\u00e1n desde una cabina de audio y video.", "start_date": "2026-09-01T07:30:00+00:00", "title": "Oye al chef"}, {"desc": "M\u00e9xico tiene arrecifes que debe preservar dada la importancia ecol\u00f3gica, social y econ\u00f3mica de los mismos. Una serie de an\u00e1lisis e investigaci\u00f3n documental sobre la vida marina en M\u00e9xico y su relaci\u00f3n con las diversas actividades humanas.", "start_date": "2026-09-01T08:00:00+00:00", "title": "Ecoazul"}, {"desc": "A sus 23 a\u00f1os, Camilo Gonz\u00e1lez canta m\u00fasica urbana y es gobernador del Resguardo Karmata R\u00faa de Jard\u00edn.", "start_date": "2026-09-01T08:30:00+00:00", "title": "So Bia"}, {"desc": "D\u00e9bora debe seguir su campa\u00f1a sola, luego del asesinato de Jorge Eliecer Gait\u00e1n. El crimen adem\u00e1s provoca una revoluci\u00f3n que golpea el coraz\u00f3n de los que luchan por el libre pensamiento.", "start_date": "2026-09-01T09:00:00+00:00", "title": "D\u00e9bora, la mujer que desnud\u00f3 a Colombia"}, {"desc": "Serie documental donde se recorren \u00e1mbitos futbol\u00edsticos donde aprenden a jugar los ni\u00f1os y las ni\u00f1as, se relacionan con adultos y forman parte de un deporte colectivo.", "start_date": "2026-09-01T09:30:00+00:00", "title": "Un gol al arco\u00edris"}, {"desc": "Rese\u00f1a de una de las mejores pel\u00edculas de Luis Alcoriza, que recrea con precisi\u00f3n y autenticidad el ambiente y los personajes t\u00edpicos de la costa tabasque\u00f1a.", "start_date": "2026-09-01T10:00:00+00:00", "title": "Los que hicieron nuestro cine"}, {"desc": "Una mirada a los procesos de producci\u00f3n de las principales actividades econ\u00f3micas en cuatro estados de M\u00e9xico: Jalisco, Nayarit, Colima y Michoac\u00e1n.", "start_date": "2026-09-01T10:30:00+00:00", "title": "As\u00ed se hace: Productos hechos en M\u00e9xico"}, {"desc": "Distintas personalidades comparten sus encuentros con sus primeros libros. Recomiendan obras literarias que fueron fundamentales para su desarrollo personal, y comentan sus m\u00e1s recientes lecturas.", "start_date": "2026-09-01T11:00:00+00:00", "title": "Le\u00e9melo"}, {"desc": "Distintas personalidades comparten sus encuentros con sus primeros libros. Recomiendan obras literarias que fueron fundamentales para su desarrollo personal, y comentan sus m\u00e1s recientes lecturas.", "start_date": "2026-09-01T11:30:00+00:00", "title": "Le\u00e9melo"}, {"desc": "Espacio para discutir temas relevantes de la vida p\u00fablica nacional e internacional con un gran elenco de analistas.", "start_date": "2026-09-01T12:00:00+00:00", "title": "Masiosare"}, {"desc": "Espacio para discutir temas relevantes de la vida p\u00fablica nacional e internacional con un gran elenco de analistas.", "start_date": "2026-09-01T12:30:00+00:00", "title": "Masiosare"}, {"desc": "Un programa con reportajes de inter\u00e9s general.", "start_date": "2026-09-01T13:00:00+00:00", "title": "Reportajes generales 24"}, {"desc": "Transmisi\u00f3n de la conferencia de Claudia Sheinbaum, presidenta de M\u00e9xico. Desde el Palacio Nacional.", "start_date": "2026-09-01T13:30:00+00:00", "title": "Conferencia matutina de la presidenta de M\u00e9xico"}, {"desc": "Transmisi\u00f3n de la conferencia de Claudia Sheinbaum, presidenta de M\u00e9xico. Desde el Palacio Nacional.", "start_date": "2026-09-01T14:00:00+00:00", "title": "Conferencia matutina de la presidenta de M\u00e9xico"}, {"desc": "Transmisi\u00f3n de la conferencia de Claudia Sheinbaum, presidenta de M\u00e9xico. Desde el Palacio Nacional.", "start_date": "2026-09-01T14:30:00+00:00", "title": "Conferencia matutina de la presidenta de M\u00e9xico"}, {"desc": "Transmisi\u00f3n de la conferencia de Claudia Sheinbaum, presidenta de M\u00e9xico. Desde el Palacio Nacional.", "start_date": "2026-09-01T15:00:00+00:00", "title": "Conferencia matutina de la presidenta de M\u00e9xico"}, {"desc": "An\u00e1lisis de los temas de mayor inter\u00e9s de la conferencia matutina presidencial, as\u00ed como un balance informativo de lo que sucede en M\u00e9xico.", "start_date": "2026-09-01T15:30:00+00:00", "title": "Ma\u00f1anera 360"}, {"desc": "An\u00e1lisis de los temas de mayor inter\u00e9s de la conferencia matutina presidencial, as\u00ed como un balance informativo de lo que sucede en M\u00e9xico.", "start_date": "2026-09-01T16:00:00+00:00", "title": "Ma\u00f1anera 360"}, {"desc": "Distintas personalidades comparten sus encuentros con sus primeros libros. Recomiendan obras literarias que fueron fundamentales para su desarrollo personal, y comentan sus m\u00e1s recientes lecturas.", "start_date": "2026-09-01T16:30:00+00:00", "title": "Le\u00e9melo"}, {"desc": "Distintas personalidades comparten sus encuentros con sus primeros libros. Recomiendan obras literarias que fueron fundamentales para su desarrollo personal, y comentan sus m\u00e1s recientes lecturas.", "start_date": "2026-09-01T17:00:00+00:00", "title": "Le\u00e9melo"}, {"desc": "Serie documental donde se recorren \u00e1mbitos futbol\u00edsticos donde aprenden a jugar los ni\u00f1os y las ni\u00f1as, se relacionan con adultos y forman parte de un deporte colectivo.", "start_date": "2026-09-01T17:30:00+00:00", "title": "Un gol al arco\u00edris"}, {"desc": "En las monta\u00f1as de Zongolica, Veracruz, una comunidad b\u00e1sicamente de mujeres, extrae de las flores de las monta\u00f1as y sus borregos los colores, los hilos y la inspiraci\u00f3n para producir tejidos y abrigos de enorme belleza.", "start_date": "2026-09-01T18:00:00+00:00", "title": "Flores gemelas"}, {"desc": "Recorrido por pueblos colombianos y algunos pa\u00edses descubriendo las riquezas culturales y naturales de estos lugares y su poblaci\u00f3n.", "start_date": "2026-09-01T18:30:00+00:00", "title": "Relatos de viaje"}, {"desc": "Espacio donde se centra en los problemas del pasado y presente que afectan al continente africano. Se analizan las dicotom\u00edas de \u00c1frica, el porqu\u00e9 unas naciones florecen, otras parecen que est\u00e1n estancadas, entre otros temas.", "start_date": "2026-09-01T19:00:00+00:00", "title": "El \u00c1frica de Lumumba"}, {"desc": "Especialistas y expertos comparten recomendaciones sobre la prevenci\u00f3n de enfermedades y la salud integral.", "start_date": "2026-09-01T19:30:00+00:00", "title": "SanaMente"}, {"desc": "Se enfoca en una de las vetas gastron\u00f3micas de M\u00e9xico que hacen \u00fanica y diversa a su cocina: las salsas. En cada programa, la chef Lourdes Hern\u00e1ndez presenta la preparaci\u00f3n de dos deliciosas salsas.", "start_date": "2026-09-01T20:00:00+00:00", "title": "Enchil\u00e9monos"}, {"desc": "Se resaltan las alteraciones del medio ambiente que est\u00e1n modificando el h\u00e1bitat de algunas especies de animales, como el mono aullador.", "start_date": "2026-09-01T20:30:00+00:00", "title": "Bio guardianes"}, {"desc": "Serie documental que recupera la vida y obra de destacadas figuras del arte y la cultura, cuya trayectoria ha marcado la historia contempor\u00e1nea.", "start_date": "2026-09-01T21:00:00+00:00", "title": "Los indispensables con Reyes Razo"}, {"desc": "Serie documental que recupera la vida y obra de destacadas figuras del arte y la cultura, cuya trayectoria ha marcado la historia contempor\u00e1nea.", "start_date": "2026-09-01T21:30:00+00:00", "title": "Los indispensables con Reyes Razo"}, {"desc": "Una mirada a la cultura y costumbres de Tlaxiaco, Oaxaca.", "start_date": "2026-09-01T22:00:00+00:00", "title": "Ecos ind\u00edgenas: La voz de la diversidad"}, {"desc": "Tras ser nombrado gobernador militar y comandante general de la provincia de Antioquia, Jos\u00e9 Mar\u00eda C\u00f3rdova debe enfrentar la invasi\u00f3n de los espa\u00f1oles que pretenden apoderarse de la regi\u00f3n.", "start_date": "2026-09-01T22:30:00+00:00", "title": "C\u00f3rdova, un general llamado Arrojo"}, {"desc": "Un proyecto musical compuesto por los hermanos Elizabeth y Hugo Valdivieso, de Juchit\u00e1n, Oaxaca, cuyas historias de vida inspiran las letras de sus canciones.", "start_date": "2026-09-01T23:00:00+00:00", "title": "Suena"}, {"desc": "En plena temporada de pesca, la ciudad rusa de Astrac\u00e1n se convierte en un aut\u00e9ntico para\u00edso para los pescadores. Erick, novato en el arte de la pesca, quiere capturar un esturi\u00f3n, el m\u00e1s noble de todos los peces y s\u00edmbolo de Astrac\u00e1n.", "start_date": "2026-09-01T23:30:00+00:00", "title": "La lista de Erick"}, {"desc": null, "start_date": "2026-09-02T00:00:00+00:00", "title": "Festival Ambulante"}], "offset": "+00:00", "timezone": "UTC", "error_code": -1, "start_date": "2026-08-31", "icon": ""}