{"end_date": "2026-09-05", "name": "CANAL 22 INTERNACIONAL", "info_url": "https://epg.pw/channels/464872/20260903.html", "country": "US", "description": null, "error_message": "", "provider": "", "source_url": "https://epg.pw/api/epg.json?channel_id=464872&date=20260903&timezone=None", "epg_list": [{"desc": "La actriz y productora mexicana Daniela Schmidt conversa con Karina Gidi sobre su carrera art\u00edstica y la equidad de g\u00e9nero en la industria cinematogr\u00e1fica.", "start_date": "2026-09-03T00:00:00+00:00", "title": "Ser mujer en el cine mexicano"}, {"desc": "Part 2/4. Un recorrido por cuatro zonas arqueol\u00f3gicas en el estado de Guanajuato que fueron de gran importancia para la civilizaci\u00f3n mesoamericana: Plazuelas en P\u00e9njamo, Ca\u00f1ada de la Virgen en San Miguel de Allende, El C\u00f3poro en Ocampo y Peralta en Abasolo.", "start_date": "2026-09-03T00:30:00+00:00", "title": "Joyas arqueol\u00f3gicas de Guanajuato"}, {"desc": "Noticiario cultural que busca brindar acceso al arte, a las ciencias, a las humanidades y a nuestra actualidad mediante el disfrute y la comprensi\u00f3n.", "start_date": "2026-09-03T01:00:00+00:00", "title": "Culturas veintid\u00f3s"}, {"desc": "Noticiario cultural que busca brindar acceso al arte, a las ciencias, a las humanidades y a nuestra actualidad mediante el disfrute y la comprensi\u00f3n.", "start_date": "2026-09-03T01:30:00+00:00", "title": "Culturas veintid\u00f3s"}, {"desc": "Espacio para discutir temas relevantes de la vida p\u00fablica nacional e internacional con un gran elenco de analistas.", "start_date": "2026-09-03T02:00:00+00:00", "title": "Masiosare"}, {"desc": "Espacio para discutir temas relevantes de la vida p\u00fablica nacional e internacional con un gran elenco de analistas.", "start_date": "2026-09-03T02:30:00+00:00", "title": "Masiosare"}, {"desc": "El acontecer nacional e internacional para armar el rompecabezas cotidiano de la informaci\u00f3n desde una mirada de experiencia y prestigio.", "start_date": "2026-09-03T03:00:00+00:00", "title": "Punto de referencia, tu noticiero"}, {"desc": "El acontecer nacional e internacional para armar el rompecabezas cotidiano de la informaci\u00f3n desde una mirada de experiencia y prestigio.", "start_date": "2026-09-03T03:30:00+00:00", "title": "Punto de referencia, tu noticiero"}, {"desc": "Un espacio dedicado al mundo de la cinematograf\u00eda en el que se presentan entrevistas, cr\u00edticas y noticias relacionadas con el s\u00e9ptimo arte.", "start_date": "2026-09-03T04:00:00+00:00", "title": "Marquesina 22"}, {"desc": "Reflexi\u00f3n sobre el ensayo de Rosario Castellano que explora las caracter\u00edsticas de una cultura femenina.", "start_date": "2026-09-03T04:30:00+00:00", "title": "Sobre cultura femenina: Un acercamiento a Rosario"}, {"desc": "Convocatoria dirigida a j\u00f3venes cantautores e int\u00e9rpretes mexicanos y mexicano-estadounidenses.", "start_date": "2026-09-03T05:00:00+00:00", "title": "M\u00e9xico canta por la paz y contra las adicciones"}, {"desc": "Convocatoria dirigida a j\u00f3venes cantautores e int\u00e9rpretes mexicanos y mexicano-estadounidenses.", "start_date": "2026-09-03T05:30:00+00:00", "title": "M\u00e9xico canta por la paz y contra las adicciones"}, {"desc": "Convocatoria dirigida a j\u00f3venes cantautores e int\u00e9rpretes mexicanos y mexicano-estadounidenses.", "start_date": "2026-09-03T06:00:00+00:00", "title": "M\u00e9xico canta por la paz y contra las adicciones"}, {"desc": "Convocatoria dirigida a j\u00f3venes cantautores e int\u00e9rpretes mexicanos y mexicano-estadounidenses.", "start_date": "2026-09-03T06:30:00+00:00", "title": "M\u00e9xico canta por la paz y contra las adicciones"}, {"desc": "A sus 23 a\u00f1os, Camilo Gonz\u00e1lez canta m\u00fasica urbana y es gobernador del Resguardo Karmata R\u00faa de Jard\u00edn.", "start_date": "2026-09-03T07:00:00+00:00", "title": "So Bia"}, {"desc": "Acompa\u00f1ado del diario de su abuela, un nieto revive los primeros viajes de esta y su historia, y da fe de c\u00f3mo los esp\u00edritus de cocineras y cocineros que marcaron su camino se manifestaron en su casa antes de que muriera.", "start_date": "2026-09-03T07:30:00+00:00", "title": "El sabor de mi tierra"}, {"desc": "Un viaje a las monta\u00f1as doradas de Alt\u00e1i, un territorio milenario lleno de leyendas, riquezas naturales y una comunidad profundamente conectada con su tierra. Se explora la historia y el alma de Xinjiang.", "start_date": "2026-09-03T08:00:00+00:00", "title": "El Macizo de Alt\u00e1i"}, {"desc": "Cuatro j\u00f3venes recorren M\u00e9xico. Cada uno visita diferentes estados para conocer de primera mano la realidad del pa\u00eds. Un diario de viaje con reflexiones, sorpresas y cosas por hacer.", "start_date": "2026-09-03T08:30:00+00:00", "title": "Caminos del sur y otros rumbos"}, {"desc": "Los artistas urbanos son parte importante y significativa en M\u00e9xico.", "start_date": "2026-09-03T09:00:00+00:00", "title": "Culturas urbanas"}, {"desc": "Part 1/2. En la d\u00e9cada de 1970, a la Direcci\u00f3n Federal de Seguridad se le orden\u00f3 destruir a todos los grupos clandestinos infiltr\u00e1ndose en ellos. Al darse cuenta de que la guerrilla mexicana no ten\u00eda una estructura simple, acudieron a m\u00e9todos inhumanos.", "start_date": "2026-09-03T09:30:00+00:00", "title": "Clandestino: Historias de la guerrilla urbana"}, {"desc": "La actriz y productora mexicana Daniela Schmidt conversa con Karina Gidi sobre su carrera art\u00edstica y la equidad de g\u00e9nero en la industria cinematogr\u00e1fica.", "start_date": "2026-09-03T10:00:00+00:00", "title": "Ser mujer en el cine mexicano"}, {"desc": "Part 2/4. Un recorrido por cuatro zonas arqueol\u00f3gicas en el estado de Guanajuato que fueron de gran importancia para la civilizaci\u00f3n mesoamericana: Plazuelas en P\u00e9njamo, Ca\u00f1ada de la Virgen en San Miguel de Allende, El C\u00f3poro en Ocampo y Peralta en Abasolo.", "start_date": "2026-09-03T10:30:00+00:00", "title": "Joyas arqueol\u00f3gicas de Guanajuato"}, {"desc": "Un espacio dedicado al mundo de la cinematograf\u00eda en el que se presentan entrevistas, cr\u00edticas y noticias relacionadas con el s\u00e9ptimo arte.", "start_date": "2026-09-03T11:00:00+00:00", "title": "Marquesina 22"}, {"desc": "Reflexi\u00f3n sobre el ensayo de Rosario Castellano que explora las caracter\u00edsticas de una cultura femenina.", "start_date": "2026-09-03T11:30:00+00:00", "title": "Sobre cultura femenina: Un acercamiento a Rosario"}, {"desc": "Espacio para discutir temas relevantes de la vida p\u00fablica nacional e internacional con un gran elenco de analistas.", "start_date": "2026-09-03T12:00:00+00:00", "title": "Masiosare"}, {"desc": "Espacio para discutir temas relevantes de la vida p\u00fablica nacional e internacional con un gran elenco de analistas.", "start_date": "2026-09-03T12:30:00+00:00", "title": "Masiosare"}, {"desc": "Un programa con reportajes de inter\u00e9s general.", "start_date": "2026-09-03T13:00:00+00:00", "title": "Reportajes generales 24"}, {"desc": "Transmisi\u00f3n de la conferencia de Claudia Sheinbaum, presidenta de M\u00e9xico. Desde el Palacio Nacional.", "start_date": "2026-09-03T13:30:00+00:00", "title": "Conferencia matutina de la presidenta de M\u00e9xico"}, {"desc": "Transmisi\u00f3n de la conferencia de Claudia Sheinbaum, presidenta de M\u00e9xico. Desde el Palacio Nacional.", "start_date": "2026-09-03T14:00:00+00:00", "title": "Conferencia matutina de la presidenta de M\u00e9xico"}, {"desc": "Transmisi\u00f3n de la conferencia de Claudia Sheinbaum, presidenta de M\u00e9xico. Desde el Palacio Nacional.", "start_date": "2026-09-03T14:30:00+00:00", "title": "Conferencia matutina de la presidenta de M\u00e9xico"}, {"desc": "Transmisi\u00f3n de la conferencia de Claudia Sheinbaum, presidenta de M\u00e9xico. Desde el Palacio Nacional.", "start_date": "2026-09-03T15:00:00+00:00", "title": "Conferencia matutina de la presidenta de M\u00e9xico"}, {"desc": "An\u00e1lisis de los temas de mayor inter\u00e9s de la conferencia matutina presidencial, as\u00ed como un balance informativo de lo que sucede en M\u00e9xico.", "start_date": "2026-09-03T15:30:00+00:00", "title": "Ma\u00f1anera 360"}, {"desc": "An\u00e1lisis de los temas de mayor inter\u00e9s de la conferencia matutina presidencial, as\u00ed como un balance informativo de lo que sucede en M\u00e9xico.", "start_date": "2026-09-03T16:00:00+00:00", "title": "Ma\u00f1anera 360"}, {"desc": "Un espacio dedicado al mundo de la cinematograf\u00eda en el que se presentan entrevistas, cr\u00edticas y noticias relacionadas con el s\u00e9ptimo arte.", "start_date": "2026-09-03T16:30:00+00:00", "title": "Marquesina 22"}, {"desc": "Reflexi\u00f3n sobre el ensayo de Rosario Castellano que explora las caracter\u00edsticas de una cultura femenina.", "start_date": "2026-09-03T17:00:00+00:00", "title": "Sobre cultura femenina: Un acercamiento a Rosario"}, {"desc": "Un espacio para conocer las propuestas musicales de solistas y agrupaciones que est\u00e1n surgiendo en la escena musical de Zacatecas.", "start_date": "2026-09-03T17:30:00+00:00", "title": "Sesiones"}, {"desc": "La tierra se prepara, y con ella las vidas de la gente que trabaja el ma\u00edz comienzan una vez m\u00e1s. El ciclo sagrado de la tierra, c\u00f3mo el ma\u00edz al igual que el hombre y el tiempo nace, crece, se reproduce y muere. Todo para iniciar de nuevo.", "start_date": "2026-09-03T18:00:00+00:00", "title": "De los dioses, el ma\u00edz"}, {"desc": "Un proyecto musical compuesto por los hermanos Elizabeth y Hugo Valdivieso, de Juchit\u00e1n, Oaxaca, cuyas historias de vida inspiran las letras de sus canciones.", "start_date": "2026-09-03T18:30:00+00:00", "title": "Suena"}, {"desc": "Espacio donde se centra en los problemas del pasado y presente que afectan al continente africano. Se analizan las dicotom\u00edas de \u00c1frica, el porqu\u00e9 unas naciones florecen, otras parecen que est\u00e1n estancadas, entre otros temas.", "start_date": "2026-09-03T19:00:00+00:00", "title": "El \u00c1frica de Lumumba"}, {"desc": "Espacio que da a conocer las historias de vida de personajes sencillos, inmersos en el d\u00eda a d\u00eda de sus obras, trabajos, pasiones, creencias e historias.", "start_date": "2026-09-03T19:30:00+00:00", "title": "Vidas"}, {"desc": "Serie que busca retratar la historia de aquellos alimentos que surgieron a partir del encuentro de dos pueblos con tradiciones culinarias distintas.", "start_date": "2026-09-03T20:00:00+00:00", "title": "Goloso mestizo"}, {"desc": "Estos hermosos e imponentes volcanes, no solo est\u00e1n ligados al culto de los antepasados. Actualmente, estos dos gigantes y sus alrededores conforman un parque nacional decretado en 1935.", "start_date": "2026-09-03T20:30:00+00:00", "title": "La senda del agua"}, {"desc": "En M\u00fazquiz, Coahuila, existe una comunidad fundada por esclavos que llegaron huyendo desde Estados Unidos en busca de la libertad a mediados del siglo XIX.", "start_date": "2026-09-03T21:00:00+00:00", "title": "M\u00e9xico negro"}, {"desc": "Una mirada a los pueblos originarios de distintas zonas de M\u00e9xico y a sus costumbres, tradiciones, lenguaje, naturaleza, m\u00fasica y cosmovisi\u00f3n.", "start_date": "2026-09-03T21:30:00+00:00", "title": "La ra\u00edz doble: Sabores perif\u00e9ricos"}, {"desc": "Una mirada a las tradiciones y costumbres de Cher\u00e1n a trav\u00e9s de XEPUR, la estaci\u00f3n de la comunidad pur\u00e9pecha.", "start_date": "2026-09-03T22:00:00+00:00", "title": "Ecos ind\u00edgenas: La voz de la diversidad"}, {"desc": null, "start_date": "2026-09-03T22:30:00+00:00", "title": "Esto es tradici\u00f3n"}, {"desc": "De la mano de Ximena, Benjam\u00edn, M\u00f3nica, \u00d3scar y Santiago, el televidente visitar\u00e1 destinos de turismo alternativo ind\u00edgena y sus tradiciones, al mismo tiempo que averigua m\u00e1s acerca de la cultura maya.", "start_date": "2026-09-03T23:00:00+00:00", "title": "Senderos"}, {"desc": "Erick visita la Universidad Rusa de la Amistad de los Pueblos y, por una semana, convive con cinco estudiantes que le muestran lo m\u00e1s importante de la vida y los estudios en la RUDN.", "start_date": "2026-09-03T23:30:00+00:00", "title": "La lista de Erick"}, {"desc": null, "start_date": "2026-09-04T00:00:00+00:00", "title": "Festival Ambulante"}, {"desc": "Un paseo por colecciones de objetos sorprendentes e inusuales y la conexi\u00f3n de la vida cotidiana con el arte, la filosof\u00eda y la historia.", "start_date": "2026-09-04T00:30:00+00:00", "title": "El gabinete de curiosidades del Dr. Zagal"}, {"desc": "Noticiario cultural que busca brindar acceso al arte, a las ciencias, a las humanidades y a nuestra actualidad mediante el disfrute y la comprensi\u00f3n.", "start_date": "2026-09-04T01:00:00+00:00", "title": "Culturas veintid\u00f3s"}, {"desc": "Noticiario cultural que busca brindar acceso al arte, a las ciencias, a las humanidades y a nuestra actualidad mediante el disfrute y la comprensi\u00f3n.", "start_date": "2026-09-04T01:30:00+00:00", "title": "Culturas veintid\u00f3s"}, {"desc": "Espacio para discutir temas relevantes de la vida p\u00fablica nacional e internacional con un gran elenco de analistas.", "start_date": "2026-09-04T02:00:00+00:00", "title": "Masiosare"}, {"desc": "Espacio para discutir temas relevantes de la vida p\u00fablica nacional e internacional con un gran elenco de analistas.", "start_date": "2026-09-04T02:30:00+00:00", "title": "Masiosare"}, {"desc": "El acontecer nacional e internacional para armar el rompecabezas cotidiano de la informaci\u00f3n desde una mirada de experiencia y prestigio.", "start_date": "2026-09-04T03:00:00+00:00", "title": "Punto de referencia, tu noticiero"}, {"desc": "El acontecer nacional e internacional para armar el rompecabezas cotidiano de la informaci\u00f3n desde una mirada de experiencia y prestigio.", "start_date": "2026-09-04T03:30:00+00:00", "title": "Punto de referencia, tu noticiero"}, {"desc": "En 1996, Ricardo Rocha difundi\u00f3 un video que contradec\u00eda la versi\u00f3n oficial de la matanza de Aguas Blancas, en el que se expone la colusi\u00f3n del poder pol\u00edtico, medi\u00e1tico y judicial para ocultar la verdad en casos que han indignado a M\u00e9xico.", "start_date": "2026-09-04T04:00:00+00:00", "title": "Expedientes olvidados"}, {"desc": "En 1996, Ricardo Rocha difundi\u00f3 un video que contradec\u00eda la versi\u00f3n oficial de la matanza de Aguas Blancas, en el que se expone la colusi\u00f3n del poder pol\u00edtico, medi\u00e1tico y judicial para ocultar la verdad en casos que han indignado a M\u00e9xico.", "start_date": "2026-09-04T04:30:00+00:00", "title": "Expedientes olvidados"}, {"desc": "Conversaciones e interpretaciones exclusivas. Una combinaci\u00f3n de canciones del cat\u00e1logo de oro mexicano y charlas \u00edntimas junto a figuras destacadas.", "start_date": "2026-09-04T05:00:00+00:00", "title": "El cancionero y sus amigos"}, {"desc": "Conversaciones e interpretaciones exclusivas. Una combinaci\u00f3n de canciones del cat\u00e1logo de oro mexicano y charlas \u00edntimas junto a figuras destacadas.", "start_date": "2026-09-04T05:30:00+00:00", "title": "El cancionero y sus amigos"}, {"desc": "Espacio donde se centra en los problemas del pasado y presente que afectan al continente africano. Se analizan las dicotom\u00edas de \u00c1frica, el porqu\u00e9 unas naciones florecen, otras parecen que est\u00e1n estancadas, entre otros temas.", "start_date": "2026-09-04T06:00:00+00:00", "title": "El \u00c1frica de Lumumba"}, {"desc": "Espacio que da a conocer las historias de vida de personajes sencillos, inmersos en el d\u00eda a d\u00eda de sus obras, trabajos, pasiones, creencias e historias.", "start_date": "2026-09-04T06:30:00+00:00", "title": "Vidas"}, {"desc": "Un proyecto musical compuesto por los hermanos Elizabeth y Hugo Valdivieso, de Juchit\u00e1n, Oaxaca, cuyas historias de vida inspiran las letras de sus canciones.", "start_date": "2026-09-04T07:00:00+00:00", "title": "Suena"}, {"desc": "Serie que busca retratar la historia de aquellos alimentos que surgieron a partir del encuentro de dos pueblos con tradiciones culinarias distintas.", "start_date": "2026-09-04T07:30:00+00:00", "title": "Goloso mestizo"}, {"desc": "Estos hermosos e imponentes volcanes, no solo est\u00e1n ligados al culto de los antepasados. Actualmente, estos dos gigantes y sus alrededores conforman un parque nacional decretado en 1935.", "start_date": "2026-09-04T08:00:00+00:00", "title": "La senda del agua"}, {"desc": null, "start_date": "2026-09-04T08:30:00+00:00", "title": "Esto es tradici\u00f3n"}, {"desc": "De la mano de Ximena, Benjam\u00edn, M\u00f3nica, \u00d3scar y Santiago, el televidente visitar\u00e1 destinos de turismo alternativo ind\u00edgena y sus tradiciones, al mismo tiempo que averigua m\u00e1s acerca de la cultura maya.", "start_date": "2026-09-04T09:00:00+00:00", "title": "Senderos"}, {"desc": "Erick visita la Universidad Rusa de la Amistad de los Pueblos y, por una semana, convive con cinco estudiantes que le muestran lo m\u00e1s importante de la vida y los estudios en la RUDN.", "start_date": "2026-09-04T09:30:00+00:00", "title": "La lista de Erick"}, {"desc": "Una mirada a las tradiciones y costumbres de Cher\u00e1n a trav\u00e9s de XEPUR, la estaci\u00f3n de la comunidad pur\u00e9pecha.", "start_date": "2026-09-04T10:00:00+00:00", "title": "Ecos ind\u00edgenas: La voz de la diversidad"}, {"desc": "Un paseo por colecciones de objetos sorprendentes e inusuales y la conexi\u00f3n de la vida cotidiana con el arte, la filosof\u00eda y la historia.", "start_date": "2026-09-04T10:30:00+00:00", "title": "El gabinete de curiosidades del Dr. Zagal"}, {"desc": "En 1996, Ricardo Rocha difundi\u00f3 un video que contradec\u00eda la versi\u00f3n oficial de la matanza de Aguas Blancas, en el que se expone la colusi\u00f3n del poder pol\u00edtico, medi\u00e1tico y judicial para ocultar la verdad en casos que han indignado a M\u00e9xico.", "start_date": "2026-09-04T11:00:00+00:00", "title": "Expedientes olvidados"}, {"desc": "En 1996, Ricardo Rocha difundi\u00f3 un video que contradec\u00eda la versi\u00f3n oficial de la matanza de Aguas Blancas, en el que se expone la colusi\u00f3n del poder pol\u00edtico, medi\u00e1tico y judicial para ocultar la verdad en casos que han indignado a M\u00e9xico.", "start_date": "2026-09-04T11:30:00+00:00", "title": "Expedientes olvidados"}, {"desc": "Espacio para discutir temas relevantes de la vida p\u00fablica nacional e internacional con un gran elenco de analistas.", "start_date": "2026-09-04T12:00:00+00:00", "title": "Masiosare"}, {"desc": "Espacio para discutir temas relevantes de la vida p\u00fablica nacional e internacional con un gran elenco de analistas.", "start_date": "2026-09-04T12:30:00+00:00", "title": "Masiosare"}, {"desc": "Espacio donde se centra en los problemas del pasado y presente que afectan al continente africano. Se analizan las dicotom\u00edas de \u00c1frica, el porqu\u00e9 unas naciones florecen, otras parecen que est\u00e1n estancadas, entre otros temas.", "start_date": "2026-09-04T13:00:00+00:00", "title": "El \u00c1frica de Lumumba"}, {"desc": "Transmisi\u00f3n de la conferencia de Claudia Sheinbaum, presidenta de M\u00e9xico. Desde el Palacio Nacional.", "start_date": "2026-09-04T13:30:00+00:00", "title": "Conferencia matutina de la presidenta de M\u00e9xico"}, {"desc": "Transmisi\u00f3n de la conferencia de Claudia Sheinbaum, presidenta de M\u00e9xico. Desde el Palacio Nacional.", "start_date": "2026-09-04T14:00:00+00:00", "title": "Conferencia matutina de la presidenta de M\u00e9xico"}, {"desc": "Transmisi\u00f3n de la conferencia de Claudia Sheinbaum, presidenta de M\u00e9xico. Desde el Palacio Nacional.", "start_date": "2026-09-04T14:30:00+00:00", "title": "Conferencia matutina de la presidenta de M\u00e9xico"}, {"desc": "Transmisi\u00f3n de la conferencia de Claudia Sheinbaum, presidenta de M\u00e9xico. Desde el Palacio Nacional.", "start_date": "2026-09-04T15:00:00+00:00", "title": "Conferencia matutina de la presidenta de M\u00e9xico"}, {"desc": "An\u00e1lisis de los temas de mayor inter\u00e9s de la conferencia matutina presidencial, as\u00ed como un balance informativo de lo que sucede en M\u00e9xico.", "start_date": "2026-09-04T15:30:00+00:00", "title": "Ma\u00f1anera 360"}, {"desc": "An\u00e1lisis de los temas de mayor inter\u00e9s de la conferencia matutina presidencial, as\u00ed como un balance informativo de lo que sucede en M\u00e9xico.", "start_date": "2026-09-04T16:00:00+00:00", "title": "Ma\u00f1anera 360"}, {"desc": "En 1996, Ricardo Rocha difundi\u00f3 un video que contradec\u00eda la versi\u00f3n oficial de la matanza de Aguas Blancas, en el que se expone la colusi\u00f3n del poder pol\u00edtico, medi\u00e1tico y judicial para ocultar la verdad en casos que han indignado a M\u00e9xico.", "start_date": "2026-09-04T16:30:00+00:00", "title": "Expedientes olvidados"}, {"desc": "En 1996, Ricardo Rocha difundi\u00f3 un video que contradec\u00eda la versi\u00f3n oficial de la matanza de Aguas Blancas, en el que se expone la colusi\u00f3n del poder pol\u00edtico, medi\u00e1tico y judicial para ocultar la verdad en casos que han indignado a M\u00e9xico.", "start_date": "2026-09-04T17:00:00+00:00", "title": "Expedientes olvidados"}, {"desc": "Erick visita la Universidad Rusa de la Amistad de los Pueblos y, por una semana, convive con cinco estudiantes que le muestran lo m\u00e1s importante de la vida y los estudios en la RUDN.", "start_date": "2026-09-04T17:30:00+00:00", "title": "La lista de Erick"}, {"desc": null, "start_date": "2026-09-04T18:00:00+00:00", "title": "Esto es tradici\u00f3n"}, {"desc": "D\u00e9bora debe seguir su campa\u00f1a sola, luego del asesinato de Jorge Eliecer Gait\u00e1n. El crimen adem\u00e1s provoca una revoluci\u00f3n que golpea el coraz\u00f3n de los que luchan por el libre pensamiento.", "start_date": "2026-09-04T18:30:00+00:00", "title": "D\u00e9bora, la mujer que desnud\u00f3 a Colombia"}, {"desc": "Un programa con reportajes de inter\u00e9s general.", "start_date": "2026-09-04T19:00:00+00:00", "title": "Reportajes generales 24"}, {"desc": "Una mirada a la batalla contra el cambio clim\u00e1tico en los diferentes sectores socioecon\u00f3micos.", "start_date": "2026-09-04T19:30:00+00:00", "title": "NCC reporte clim\u00e1tico"}, {"desc": "Prep\u00e1rate para un viaje de sabor que despierta todos los sentidos. Dos platillos luchan entre s\u00ed, uno dulce y otro salado, presentando la comida tradicional del Estado de Guanajuato.", "start_date": "2026-09-04T20:00:00+00:00", "title": "Dulce o salado"}, {"desc": "La labor de las personas dedicadas a cuidar a los mam\u00edferos acu\u00e1ticos y sus actividades creadas para involucrar a la comunidad para la conservaci\u00f3n de las especies.", "start_date": "2026-09-04T20:30:00+00:00", "title": "Ecoazul"}, {"desc": "Se relatan las historias de los residentes de una casa con la intenci\u00f3n de crear una etnograf\u00eda de la gran Ciudad de M\u00e9xico, con su diversidad de estratos, clases, or\u00edgenes, niveles culturales, estilos de vida, h\u00e1bitos y costumbres.", "start_date": "2026-09-04T21:00:00+00:00", "title": "Un d\u00eda en la vida"}, {"desc": "Las experiencias de migrantes en busca del sue\u00f1o americano. Las dificultades que enfrentan en su traves\u00eda, como la detenci\u00f3n en la frontera, p\u00e9rdida de familiares en el desierto y la lucha por mantener sus ra\u00edces y cultura.", "start_date": "2026-09-04T21:30:00+00:00", "title": "Me voy pal norte"}, {"desc": "Se exploran historias de la vida rural y urbana en M\u00e9xico, resaltando tradiciones, cultura, oficios y paisajes para destacar su riqueza cultural y natural.", "start_date": "2026-09-04T22:00:00+00:00", "title": "Por esta Tierra"}, {"desc": "Programa que da a conocer las danzas m\u00e1s representativas del estado de Guanajuato, a trav\u00e9s de un viaje lleno de historia, color y tradici\u00f3n.", "start_date": "2026-09-04T22:30:00+00:00", "title": "Identidad en movimiento"}, {"desc": "Un espacio para conocer las propuestas musicales de solistas y agrupaciones que est\u00e1n surgiendo en la escena musical de Zacatecas.", "start_date": "2026-09-04T23:00:00+00:00", "title": "Sesiones"}, {"desc": "El Brasil contempor\u00e1neo visto a trav\u00e9s del f\u00fatbol. Un espacio para quienes aman el f\u00fatbol y tambi\u00e9n para quienes quieren ver a Brasil con otros ojos. Con un lenguaje moderno, salpicado de reflexiones cinematogr\u00e1ficas y culturales.", "start_date": "2026-09-04T23:30:00+00:00", "title": "Deu Bola"}, {"desc": "Un espacio dedicado al mundo de la cinematograf\u00eda en el que se presentan entrevistas, cr\u00edticas y noticias relacionadas con el s\u00e9ptimo arte.", "start_date": "2026-09-05T00:00:00+00:00", "title": "Marquesina 22"}], "offset": "+00:00", "timezone": "UTC", "error_code": -1, "start_date": "2026-09-03", "icon": ""}