{"end_date": "2026-09-07", "name": "AMI-t\u00e9l\u00e9", "info_url": "https://epg.pw/channels/470344/20260905.html", "country": "Canada", "description": null, "error_message": "", "provider": "", "source_url": "https://epg.pw/api/epg.json?channel_id=470344&date=20260905&timezone=None", "epg_list": [{"desc": "Les Fenouillard font face au d\u00e9part de Julie, partie du jour au lendemain.", "start_date": "2026-09-05T00:00:00+00:00", "title": "\u00c0 propos d'Antoine"}, {"desc": "Antoine visite une maison de r\u00e9pit pour un s\u00e9jour de plus de 24 heures.", "start_date": "2026-09-05T00:30:00+00:00", "title": "\u00c0 propos d'Antoine"}, {"desc": "Tout ce qu'il faut savoir sur la vie \u00e0 l'\u00e9cole avec trois professionnels du milieu scolaire et des familles qui se confient sur leurs exp\u00e9riences ; aussi : faire du v\u00e9lo en famille, \u00e9viter l'isolement d'une personne aphasique ou atteinte de d\u00e9mence.", "start_date": "2026-09-05T01:00:00+00:00", "title": "Des familles comme les autres"}, {"desc": "On discute comment les parents accomplissent la double t\u00e2che d'avoir des jumeaux en situation de handicap ; des technologies favorisent l'autonomie des personnes ayant une d\u00e9ficience intellectuelle.", "start_date": "2026-09-05T02:00:00+00:00", "title": "Des familles comme les autres"}, {"desc": "Des reportages originaux rassembl\u00e9s sous un m\u00eame th\u00e8me.", "start_date": "2026-09-05T03:00:00+00:00", "title": "Plan large"}, {"desc": "Des reportages originaux rassembl\u00e9s sous un m\u00eame th\u00e8me.", "start_date": "2026-09-05T03:30:00+00:00", "title": "Plan large"}, {"desc": "Se d\u00e9placer, tout simplement, pour vivre est un enjeu de taille pour plusieurs personnes handicap\u00e9es ; en Suisse et au Canada, chercheurs et ing\u00e9nieurs d\u00e9veloppent des technologies qui pourraient faciliter la vie de bien des gens.", "start_date": "2026-09-05T04:00:00+00:00", "title": "Connect\u00e9s sur l'avenir"}, {"desc": "L'humour permet \u00e0 la fois de d\u00e9tendre l'atmosph\u00e8re, de casser la glace et de d\u00e9dramatiser des situations; avec trois humoristes, on parle de l'importance de l'autod\u00e9rision lorsqu'on vit avec un handicap et de comment l'humour brise des tabous.", "start_date": "2026-09-05T05:00:00+00:00", "title": "Viens souper"}, {"desc": "Hugues, c\u00e9libataire de 41 ans, se dit patient, compr\u00e9hensif et dr\u00f4le; il vit avec une basse vision depuis plus de 20 ans; il vit un moment cocasse avec Genevi\u00e8ve, profite d'un pique-nique avec \u00c9milie et \u00e9change des confidences avec Catheryne.", "start_date": "2026-09-05T06:00:00+00:00", "title": "Et si c'\u00e9tait toi?"}, {"desc": "La vision crie de l'autisme avec Kim O'Bomsawin, Luca Patuelli nous pr\u00e9sente son livre sur la force des diff\u00e9rences, et Audray nous guide vers une mode \u00e9coresponsable et \u00e9conomique.", "start_date": "2026-09-05T06:30:00+00:00", "title": "\u00c7a me regarde"}, {"desc": "La chanteuse autochtone Laura Vinson explique pourquoi elle souhaite partir \u00e0 la recherche d'artistes autochtones en situation de handicap ; elle d\u00e9couvre Esther Auger, une jeune peintre, et Lorrie Lawrence, force motrice d'un march\u00e9 d'artistes.", "start_date": "2026-09-05T07:00:00+00:00", "title": "De coeur et d'esprit"}, {"desc": "Vincent a organis\u00e9 un souper au presbyt\u00e8re avec Martin et Pascal; David les rejoint pour assister \u00e0 la r\u00e9p\u00e9tition d'un concert et vernissage; chacun \u00e0 leur tour, les quatre hommes font le bilan des derniers mois et de ce qui les attend \u00e0 court terme.", "start_date": "2026-09-05T08:00:00+00:00", "title": "Sept pieds sur terre"}, {"desc": "J\u00e9r\u00f4me rencontre Beno\u00eet, un cycliste qui vit avec la r\u00e9tinite pigmentaire, et son pilote Jean-Michel; en tandem, ils l'accompagnent jusqu'\u00e0 Saint-Jean-Port-Joli; le lendemain, malgr\u00e9 une crevaison, J\u00e9r\u00f4me r\u00e9ussit \u00e0 se rendre chez son parrain Joey.", "start_date": "2026-09-05T08:30:00+00:00", "title": "En route libre avec J\u00e9rome Hunt"}, {"desc": "C'est le moment de faire le bilan et de prendre la mesure de tout ce que les membres du personnel m\u00e9dical et leurs patients ont accompli ; on constate tous les b\u00e9n\u00e9fices que retirent les participants et on voit comment ils entrevoient l'avenir.", "start_date": "2026-09-05T09:00:00+00:00", "title": "Reconstruire le corps"}, {"desc": "Chaque semaine, on pratique un yoga accessible et sans pr\u00e9tention, afin de d\u00e9couvrir tous les bienfaits de cette pratique.", "start_date": "2026-09-05T10:00:00+00:00", "title": "Mon guide yoga"}, {"desc": "Comment La bande \u00e0 Elvis a-t-elle vu le jour? On retrace les d\u00e9buts du groupe et explore les milieux de vie de ses membres qui pr\u00e9sentent une d\u00e9ficience intellectuelle ou une trisomie 21. On suit \u00e9galement Ian et Maxime lors d'une sortie sp\u00e9ciale.", "start_date": "2026-09-05T10:30:00+00:00", "title": "La bande \u00e0 Elvis"}, {"desc": "Le cycliste Tarek Dahab revient sur son accident et les s\u00e9quelles qui en d\u00e9coulent ; d\u00e9m\u00e9nag\u00e9e au Texas, \u00c9lodie Tessier \u00e9tudie et joue au basketball ; le cycliste Louis-Albert Corriveau-Jolin jongle entre ses comp\u00e9titions et son r\u00f4le de p\u00e8re.", "start_date": "2026-09-05T11:00:00+00:00", "title": "Nos champions paralympiques"}, {"desc": "Apr\u00e8s un accident de moto l'ayant laiss\u00e9 t\u00e9trapl\u00e9gique \u00e0 26 ans, Mathieu Lamarche s'est tourn\u00e9 vers l'immobilier; victimes de la poliomy\u00e9lite pendant l'enfance, Basile Soulama et Alain Zongo ont d\u00e9fi\u00e9 les pronostics en devenant entrepreneurs.", "start_date": "2026-09-05T11:30:00+00:00", "title": "La bosse des affaires"}, {"desc": "Se d\u00e9placer, tout simplement, pour vivre est un enjeu de taille pour plusieurs personnes handicap\u00e9es ; en Suisse et au Canada, chercheurs et ing\u00e9nieurs d\u00e9veloppent des technologies qui pourraient faciliter la vie de bien des gens.", "start_date": "2026-09-05T12:00:00+00:00", "title": "Connect\u00e9s sur l'avenir"}, {"desc": "Chaque semaine, on pratique un yoga accessible et sans pr\u00e9tention, afin de d\u00e9couvrir tous les bienfaits de cette pratique.", "start_date": "2026-09-05T13:00:00+00:00", "title": "Mon guide yoga"}, {"desc": "J\u00e9r\u00f4me rencontre Beno\u00eet, un cycliste qui vit avec la r\u00e9tinite pigmentaire, et son pilote Jean-Michel; en tandem, ils l'accompagnent jusqu'\u00e0 Saint-Jean-Port-Joli; le lendemain, malgr\u00e9 une crevaison, J\u00e9r\u00f4me r\u00e9ussit \u00e0 se rendre chez son parrain Joey.", "start_date": "2026-09-05T13:30:00+00:00", "title": "En route libre avec J\u00e9rome Hunt"}, {"desc": "Tout ce qu'il faut savoir sur la vie \u00e0 l'\u00e9cole avec trois professionnels du milieu scolaire et des familles qui se confient sur leurs exp\u00e9riences ; aussi : faire du v\u00e9lo en famille, \u00e9viter l'isolement d'une personne aphasique ou atteinte de d\u00e9mence.", "start_date": "2026-09-05T14:00:00+00:00", "title": "Des familles comme les autres"}, {"desc": "On discute comment les parents accomplissent la double t\u00e2che d'avoir des jumeaux en situation de handicap ; des technologies favorisent l'autonomie des personnes ayant une d\u00e9ficience intellectuelle.", "start_date": "2026-09-05T15:00:00+00:00", "title": "Des familles comme les autres"}, {"desc": "\u00c9ric est accompagnateur et entra\u00eeneur de voile; \u00c9rik est athl\u00e8te parapl\u00e9gique; il partage ses connaissances et le plaisir d'\u00eatre sur l'eau; Jean-Marie d\u00e9couvre surtout une passion commune et une amiti\u00e9 sinc\u00e8re.", "start_date": "2026-09-05T16:00:00+00:00", "title": "Victorieux \u00e0 deux"}, {"desc": "Le cycliste Tarek Dahab revient sur son accident et les s\u00e9quelles qui en d\u00e9coulent ; d\u00e9m\u00e9nag\u00e9e au Texas, \u00c9lodie Tessier \u00e9tudie et joue au basketball ; le cycliste Louis-Albert Corriveau-Jolin jongle entre ses comp\u00e9titions et son r\u00f4le de p\u00e8re.", "start_date": "2026-09-05T16:30:00+00:00", "title": "Nos champions paralympiques"}, {"desc": "Vincent a organis\u00e9 un souper au presbyt\u00e8re avec Martin et Pascal; David les rejoint pour assister \u00e0 la r\u00e9p\u00e9tition d'un concert et vernissage; chacun \u00e0 leur tour, les quatre hommes font le bilan des derniers mois et de ce qui les attend \u00e0 court terme.", "start_date": "2026-09-05T17:00:00+00:00", "title": "Sept pieds sur terre"}, {"desc": "Des reportages originaux rassembl\u00e9s sous un m\u00eame th\u00e8me.", "start_date": "2026-09-05T17:30:00+00:00", "title": "Plan large"}, {"desc": "C'est le moment de faire le bilan et de prendre la mesure de tout ce que les membres du personnel m\u00e9dical et leurs patients ont accompli ; on constate tous les b\u00e9n\u00e9fices que retirent les participants et on voit comment ils entrevoient l'avenir.", "start_date": "2026-09-05T18:00:00+00:00", "title": "Reconstruire le corps"}, {"desc": "La jeunesse \u00e0 l'honneur: on discute d'un livre \u00e0 propos d'une jeune fille sur le spectre de l'autisme, d'une clinique dentaire pour enfants \u00e0 besoins particuliers et des ressources en sant\u00e9 mentale pour les jeunes ayant un handicap visuel.", "start_date": "2026-09-05T19:00:00+00:00", "title": "\u00c7a me regarde"}, {"desc": "On rencontre Audrey et son chien Miss Hampton, entra\u00een\u00e9 par Les Chiens Bloom pour l'aider avec son anxi\u00e9t\u00e9 et le contr\u00f4le de sa glyc\u00e9mie ; on assiste aux entra\u00eenements de Rosabelle, futur chien d'assistance psychologique de Jeanne.", "start_date": "2026-09-05T19:30:00+00:00", "title": "Ces animaux qui nous veulent du bien"}, {"desc": "Les Fenouillard font face au d\u00e9part de Julie, partie du jour au lendemain.", "start_date": "2026-09-05T20:00:00+00:00", "title": "\u00c0 propos d'Antoine"}, {"desc": "Antoine visite une maison de r\u00e9pit pour un s\u00e9jour de plus de 24 heures.", "start_date": "2026-09-05T20:30:00+00:00", "title": "\u00c0 propos d'Antoine"}, {"desc": "Bob et V\u00e9ronique pr\u00e9parent un poulet chasseur et un renvers\u00e9 aux ananas ; V\u00e9ronique lance un d\u00e9fi \u00e0 l'aveugle \u00e0 Bob qui doit d\u00e9glacer la po\u00eale avec du vin ; l'astuce du jour r\u00e9v\u00e8le plusieurs id\u00e9es pour bien organiser son espace de travail en cuisine.", "start_date": "2026-09-05T21:00:00+00:00", "title": "Pas de panique, on cuisine!"}, {"desc": "Comment La bande \u00e0 Elvis a-t-elle vu le jour? On retrace les d\u00e9buts du groupe et explore les milieux de vie de ses membres qui pr\u00e9sentent une d\u00e9ficience intellectuelle ou une trisomie 21. On suit \u00e9galement Ian et Maxime lors d'une sortie sp\u00e9ciale.", "start_date": "2026-09-05T21:30:00+00:00", "title": "La bande \u00e0 Elvis"}, {"desc": "Sportive n\u00e9e, Laurie apprend \u00e0 25 ans qu'elle est atteinte de scl\u00e9rose en plaques; elle accroche ses patins pour se tourner vers une nouvelle passion, le ski adapt\u00e9; accompagn\u00e9e de ses proches, Laurie d\u00e9vale les pentes tous les dimanches de l'hiver.", "start_date": "2026-09-05T22:00:00+00:00", "title": "100% passion"}, {"desc": "Hugues, c\u00e9libataire de 41 ans, se dit patient, compr\u00e9hensif et dr\u00f4le; il vit avec une basse vision depuis plus de 20 ans; il vit un moment cocasse avec Genevi\u00e8ve, profite d'un pique-nique avec \u00c9milie et \u00e9change des confidences avec Catheryne.", "start_date": "2026-09-05T22:30:00+00:00", "title": "Et si c'\u00e9tait toi?"}, {"desc": "On suit le parcours de trois familles, dans le processus d'\u00eatre une famille d'accueil ou d'adoption d'un enfant \u00e0 besoins particuliers ; elles sont accompagn\u00e9es par l'Association Emmanuel.", "start_date": "2026-09-05T23:00:00+00:00", "title": "Une famille pour chaque enfant"}, {"desc": "La chanteuse autochtone Laura Vinson explique pourquoi elle souhaite partir \u00e0 la recherche d'artistes autochtones en situation de handicap ; elle d\u00e9couvre Esther Auger, une jeune peintre, et Lorrie Lawrence, force motrice d'un march\u00e9 d'artistes.", "start_date": "2026-09-06T00:00:00+00:00", "title": "De coeur et d'esprit"}, {"desc": "Des reportages originaux rassembl\u00e9s sous un m\u00eame th\u00e8me.", "start_date": "2026-09-06T01:00:00+00:00", "title": "Plan large"}, {"desc": "J\u00e9r\u00f4me rencontre Beno\u00eet, un cycliste qui vit avec la r\u00e9tinite pigmentaire, et son pilote Jean-Michel; en tandem, ils l'accompagnent jusqu'\u00e0 Saint-Jean-Port-Joli; le lendemain, malgr\u00e9 une crevaison, J\u00e9r\u00f4me r\u00e9ussit \u00e0 se rendre chez son parrain Joey.", "start_date": "2026-09-06T01:30:00+00:00", "title": "En route libre avec J\u00e9rome Hunt"}, {"desc": "On rencontre Audrey et son chien Miss Hampton, entra\u00een\u00e9 par Les Chiens Bloom pour l'aider avec son anxi\u00e9t\u00e9 et le contr\u00f4le de sa glyc\u00e9mie ; on assiste aux entra\u00eenements de Rosabelle, futur chien d'assistance psychologique de Jeanne.", "start_date": "2026-09-06T02:00:00+00:00", "title": "Ces animaux qui nous veulent du bien"}, {"desc": "Vincent a organis\u00e9 un souper au presbyt\u00e8re avec Martin et Pascal; David les rejoint pour assister \u00e0 la r\u00e9p\u00e9tition d'un concert et vernissage; chacun \u00e0 leur tour, les quatre hommes font le bilan des derniers mois et de ce qui les attend \u00e0 court terme.", "start_date": "2026-09-06T02:30:00+00:00", "title": "Sept pieds sur terre"}, {"desc": "La jeunesse \u00e0 l'honneur: on discute d'un livre \u00e0 propos d'une jeune fille sur le spectre de l'autisme, d'une clinique dentaire pour enfants \u00e0 besoins particuliers et des ressources en sant\u00e9 mentale pour les jeunes ayant un handicap visuel.", "start_date": "2026-09-06T03:00:00+00:00", "title": "\u00c7a me regarde"}, {"desc": "Sportive n\u00e9e, Laurie apprend \u00e0 25 ans qu'elle est atteinte de scl\u00e9rose en plaques; elle accroche ses patins pour se tourner vers une nouvelle passion, le ski adapt\u00e9; accompagn\u00e9e de ses proches, Laurie d\u00e9vale les pentes tous les dimanches de l'hiver.", "start_date": "2026-09-06T03:30:00+00:00", "title": "100% passion"}, {"desc": "Bob et V\u00e9ronique pr\u00e9parent un poulet chasseur et un renvers\u00e9 aux ananas ; V\u00e9ronique lance un d\u00e9fi \u00e0 l'aveugle \u00e0 Bob qui doit d\u00e9glacer la po\u00eale avec du vin ; l'astuce du jour r\u00e9v\u00e8le plusieurs id\u00e9es pour bien organiser son espace de travail en cuisine.", "start_date": "2026-09-06T04:00:00+00:00", "title": "Pas de panique, on cuisine!"}, {"desc": "Chaque semaine, on pratique un yoga accessible et sans pr\u00e9tention, afin de d\u00e9couvrir tous les bienfaits de cette pratique.", "start_date": "2026-09-06T04:30:00+00:00", "title": "Mon guide yoga"}, {"desc": "Tout ce qu'il faut savoir sur la vie \u00e0 l'\u00e9cole avec trois professionnels du milieu scolaire et des familles qui se confient sur leurs exp\u00e9riences ; aussi : faire du v\u00e9lo en famille, \u00e9viter l'isolement d'une personne aphasique ou atteinte de d\u00e9mence.", "start_date": "2026-09-06T05:00:00+00:00", "title": "Des familles comme les autres"}, {"desc": "On discute comment les parents accomplissent la double t\u00e2che d'avoir des jumeaux en situation de handicap ; des technologies favorisent l'autonomie des personnes ayant une d\u00e9ficience intellectuelle.", "start_date": "2026-09-06T06:00:00+00:00", "title": "Des familles comme les autres"}, {"desc": "Le cycliste Tarek Dahab revient sur son accident et les s\u00e9quelles qui en d\u00e9coulent ; d\u00e9m\u00e9nag\u00e9e au Texas, \u00c9lodie Tessier \u00e9tudie et joue au basketball ; le cycliste Louis-Albert Corriveau-Jolin jongle entre ses comp\u00e9titions et son r\u00f4le de p\u00e8re.", "start_date": "2026-09-06T07:00:00+00:00", "title": "Nos champions paralympiques"}, {"desc": "Apr\u00e8s un accident de moto l'ayant laiss\u00e9 t\u00e9trapl\u00e9gique \u00e0 26 ans, Mathieu Lamarche s'est tourn\u00e9 vers l'immobilier; victimes de la poliomy\u00e9lite pendant l'enfance, Basile Soulama et Alain Zongo ont d\u00e9fi\u00e9 les pronostics en devenant entrepreneurs.", "start_date": "2026-09-06T07:30:00+00:00", "title": "La bosse des affaires"}, {"desc": "On suit le parcours de trois familles, dans le processus d'\u00eatre une famille d'accueil ou d'adoption d'un enfant \u00e0 besoins particuliers ; elles sont accompagn\u00e9es par l'Association Emmanuel.", "start_date": "2026-09-06T08:00:00+00:00", "title": "Une famille pour chaque enfant"}, {"desc": "L'humour permet \u00e0 la fois de d\u00e9tendre l'atmosph\u00e8re, de casser la glace et de d\u00e9dramatiser des situations; avec trois humoristes, on parle de l'importance de l'autod\u00e9rision lorsqu'on vit avec un handicap et de comment l'humour brise des tabous.", "start_date": "2026-09-06T09:00:00+00:00", "title": "Viens souper"}, {"desc": "Chaque semaine, on pratique un yoga accessible et sans pr\u00e9tention, afin de d\u00e9couvrir tous les bienfaits de cette pratique.", "start_date": "2026-09-06T10:00:00+00:00", "title": "Mon guide yoga"}, {"desc": "Hugues, c\u00e9libataire de 41 ans, se dit patient, compr\u00e9hensif et dr\u00f4le; il vit avec une basse vision depuis plus de 20 ans; il vit un moment cocasse avec Genevi\u00e8ve, profite d'un pique-nique avec \u00c9milie et \u00e9change des confidences avec Catheryne.", "start_date": "2026-09-06T10:30:00+00:00", "title": "Et si c'\u00e9tait toi?"}, {"desc": "La jeunesse \u00e0 l'honneur: on discute d'un livre \u00e0 propos d'une jeune fille sur le spectre de l'autisme, d'une clinique dentaire pour enfants \u00e0 besoins particuliers et des ressources en sant\u00e9 mentale pour les jeunes ayant un handicap visuel.", "start_date": "2026-09-06T11:00:00+00:00", "title": "\u00c7a me regarde"}, {"desc": "Le cycliste Tarek Dahab revient sur son accident et les s\u00e9quelles qui en d\u00e9coulent ; d\u00e9m\u00e9nag\u00e9e au Texas, \u00c9lodie Tessier \u00e9tudie et joue au basketball ; le cycliste Louis-Albert Corriveau-Jolin jongle entre ses comp\u00e9titions et son r\u00f4le de p\u00e8re.", "start_date": "2026-09-06T11:30:00+00:00", "title": "Nos champions paralympiques"}, {"desc": "On suit le parcours de trois familles, dans le processus d'\u00eatre une famille d'accueil ou d'adoption d'un enfant \u00e0 besoins particuliers ; elles sont accompagn\u00e9es par l'Association Emmanuel.", "start_date": "2026-09-06T12:00:00+00:00", "title": "Une famille pour chaque enfant"}, {"desc": "Chaque semaine, on pratique un yoga accessible et sans pr\u00e9tention, afin de d\u00e9couvrir tous les bienfaits de cette pratique.", "start_date": "2026-09-06T13:00:00+00:00", "title": "Mon guide yoga"}, {"desc": "Sportive n\u00e9e, Laurie apprend \u00e0 25 ans qu'elle est atteinte de scl\u00e9rose en plaques; elle accroche ses patins pour se tourner vers une nouvelle passion, le ski adapt\u00e9; accompagn\u00e9e de ses proches, Laurie d\u00e9vale les pentes tous les dimanches de l'hiver.", "start_date": "2026-09-06T13:30:00+00:00", "title": "100% passion"}, {"desc": "La chanteuse autochtone Laura Vinson explique pourquoi elle souhaite partir \u00e0 la recherche d'artistes autochtones en situation de handicap ; elle d\u00e9couvre Esther Auger, une jeune peintre, et Lorrie Lawrence, force motrice d'un march\u00e9 d'artistes.", "start_date": "2026-09-06T14:00:00+00:00", "title": "De coeur et d'esprit"}, {"desc": "Comment La bande \u00e0 Elvis a-t-elle vu le jour? On retrace les d\u00e9buts du groupe et explore les milieux de vie de ses membres qui pr\u00e9sentent une d\u00e9ficience intellectuelle ou une trisomie 21. On suit \u00e9galement Ian et Maxime lors d'une sortie sp\u00e9ciale.", "start_date": "2026-09-06T15:00:00+00:00", "title": "La bande \u00e0 Elvis"}, {"desc": "Vincent a organis\u00e9 un souper au presbyt\u00e8re avec Martin et Pascal; David les rejoint pour assister \u00e0 la r\u00e9p\u00e9tition d'un concert et vernissage; chacun \u00e0 leur tour, les quatre hommes font le bilan des derniers mois et de ce qui les attend \u00e0 court terme.", "start_date": "2026-09-06T15:30:00+00:00", "title": "Sept pieds sur terre"}, {"desc": "Se d\u00e9placer, tout simplement, pour vivre est un enjeu de taille pour plusieurs personnes handicap\u00e9es ; en Suisse et au Canada, chercheurs et ing\u00e9nieurs d\u00e9veloppent des technologies qui pourraient faciliter la vie de bien des gens.", "start_date": "2026-09-06T16:00:00+00:00", "title": "Connect\u00e9s sur l'avenir"}, {"desc": "Tout ce qu'il faut savoir sur la vie \u00e0 l'\u00e9cole avec trois professionnels du milieu scolaire et des familles qui se confient sur leurs exp\u00e9riences ; aussi : faire du v\u00e9lo en famille, \u00e9viter l'isolement d'une personne aphasique ou atteinte de d\u00e9mence.", "start_date": "2026-09-06T17:00:00+00:00", "title": "Des familles comme les autres"}, {"desc": "On discute comment les parents accomplissent la double t\u00e2che d'avoir des jumeaux en situation de handicap ; des technologies favorisent l'autonomie des personnes ayant une d\u00e9ficience intellectuelle.", "start_date": "2026-09-06T18:00:00+00:00", "title": "Des familles comme les autres"}, {"desc": "J\u00e9r\u00f4me rencontre Beno\u00eet, un cycliste qui vit avec la r\u00e9tinite pigmentaire, et son pilote Jean-Michel; en tandem, ils l'accompagnent jusqu'\u00e0 Saint-Jean-Port-Joli; le lendemain, malgr\u00e9 une crevaison, J\u00e9r\u00f4me r\u00e9ussit \u00e0 se rendre chez son parrain Joey.", "start_date": "2026-09-06T19:00:00+00:00", "title": "En route libre avec J\u00e9rome Hunt"}, {"desc": "Apr\u00e8s un accident de moto l'ayant laiss\u00e9 t\u00e9trapl\u00e9gique \u00e0 26 ans, Mathieu Lamarche s'est tourn\u00e9 vers l'immobilier; victimes de la poliomy\u00e9lite pendant l'enfance, Basile Soulama et Alain Zongo ont d\u00e9fi\u00e9 les pronostics en devenant entrepreneurs.", "start_date": "2026-09-06T19:30:00+00:00", "title": "La bosse des affaires"}, {"desc": "Sportive n\u00e9e, Laurie apprend \u00e0 25 ans qu'elle est atteinte de scl\u00e9rose en plaques; elle accroche ses patins pour se tourner vers une nouvelle passion, le ski adapt\u00e9; accompagn\u00e9e de ses proches, Laurie d\u00e9vale les pentes tous les dimanches de l'hiver.", "start_date": "2026-09-06T20:00:00+00:00", "title": "100% passion"}, {"desc": "Des reportages originaux rassembl\u00e9s sous un m\u00eame th\u00e8me.", "start_date": "2026-09-06T20:30:00+00:00", "title": "Plan large"}, {"desc": "C\u00f4telettes de porc et pommes caram\u00e9lis\u00e9es, salade pommes-navet et pommes au four sont au menu ; le d\u00e9fi \u00e0 l'aveugle de Bob consiste \u00e0 peler et retirer le c\u0153ur des pommes ; l'astuce du jour montre des trucs pour bien organiser son garde-manger.", "start_date": "2026-09-06T21:00:00+00:00", "title": "Pas de panique, on cuisine!"}, {"desc": "Vincent a organis\u00e9 un souper au presbyt\u00e8re avec Martin et Pascal; David les rejoint pour assister \u00e0 la r\u00e9p\u00e9tition d'un concert et vernissage; chacun \u00e0 leur tour, les quatre hommes font le bilan des derniers mois et de ce qui les attend \u00e0 court terme.", "start_date": "2026-09-06T21:30:00+00:00", "title": "Sept pieds sur terre"}, {"desc": "Le cycliste Tarek Dahab revient sur son accident et les s\u00e9quelles qui en d\u00e9coulent ; d\u00e9m\u00e9nag\u00e9e au Texas, \u00c9lodie Tessier \u00e9tudie et joue au basketball ; le cycliste Louis-Albert Corriveau-Jolin jongle entre ses comp\u00e9titions et son r\u00f4le de p\u00e8re.", "start_date": "2026-09-06T22:00:00+00:00", "title": "Nos champions paralympiques"}, {"desc": "Comment La bande \u00e0 Elvis a-t-elle vu le jour? On retrace les d\u00e9buts du groupe et explore les milieux de vie de ses membres qui pr\u00e9sentent une d\u00e9ficience intellectuelle ou une trisomie 21. On suit \u00e9galement Ian et Maxime lors d'une sortie sp\u00e9ciale.", "start_date": "2026-09-06T22:30:00+00:00", "title": "La bande \u00e0 Elvis"}, {"desc": "Jean-Marie rencontre Jos\u00e9e, qui accompagne sa fille Marylou, une athl\u00e8te paralympique de Boccia; Jean-Marie d\u00e9couvre une m\u00e8re, entra\u00eeneure et partenaire de comp\u00e9tition hors norme accompagnant une athl\u00e8te r\u00e9siliente.", "start_date": "2026-09-06T23:00:00+00:00", "title": "Victorieux \u00e0 deux"}, {"desc": "La jeunesse \u00e0 l'honneur: on discute d'un livre \u00e0 propos d'une jeune fille sur le spectre de l'autisme, d'une clinique dentaire pour enfants \u00e0 besoins particuliers et des ressources en sant\u00e9 mentale pour les jeunes ayant un handicap visuel.", "start_date": "2026-09-06T23:30:00+00:00", "title": "\u00c7a me regarde"}, {"desc": "J\u00e9r\u00f4me rencontre Beno\u00eet, un cycliste qui vit avec la r\u00e9tinite pigmentaire, et son pilote Jean-Michel; en tandem, ils l'accompagnent jusqu'\u00e0 Saint-Jean-Port-Joli; le lendemain, malgr\u00e9 une crevaison, J\u00e9r\u00f4me r\u00e9ussit \u00e0 se rendre chez son parrain Joey.", "start_date": "2026-09-07T00:00:00+00:00", "title": "En route libre avec J\u00e9rome Hunt"}], "offset": "+00:00", "timezone": "UTC", "error_code": -1, "start_date": "2026-09-05", "icon": ""}