{"end_date": "2026-08-31", "name": "CKSH", "info_url": "https://epg.pw/channels/470495/20260829.html", "country": "Canada", "description": null, "error_message": "", "provider": "", "source_url": "https://epg.pw/api/epg.json?channel_id=470495&date=20260829&timezone=None", "epg_list": [{"desc": "\u00c0 mesure qu'ils et elles gagnent en exp\u00e9rience, les \u00e9tudiants et \u00e9tudiantes gagnent de la confiance par rapport \u00e0 leur avenir.", "start_date": "2026-08-30T18:30:00+00:00", "title": "Bient\u00f4t dans nos h\u00f4pitaux"}, {"desc": "Un p\u00e8re de famille est retrouv\u00e9 mort au pied du complexe r\u00e9sidentiel du port ; l'homme portait une combinaison de plong\u00e9e lorsque quelqu'un l'a d\u00e9fenestr\u00e9 ; les partenaires Dan et Flemming d\u00e9couvrent un conflit entre la victime et un autre r\u00e9sident.", "start_date": "2026-08-30T19:00:00+00:00", "title": "Les enqu\u00eates de Dan Sommerdahl"}, {"desc": "Les dragons accueillent Dominique Brown et rencontrent les entreprises Unique Plastique, Flyos, Mountain Coffee Co et Zensor Care. On prend aussi des nouvelles de l'entreprise KSL, de la saison 1.", "start_date": "2026-08-30T21:00:00+00:00", "title": "Dans l'oeil du dragon"}, {"desc": "L'actualit\u00e9 de la r\u00e9gion de l'Estrie avec des reportages approfondis sur les grands enjeux, des explications, des analyses et des mises en contexte.", "start_date": "2026-08-30T22:00:00+00:00", "title": "Live: Le t\u00e9l\u00e9journal Estrie weekend"}, {"desc": "Des ph\u00e9nom\u00e8nes \u00e9tourdissants tels que des tourbillons de poussi\u00e8re g\u00e9ants de Mars, du givre m\u00e9tallique de V\u00e9nus et des orages aux \u00e9clairs dix fois plus puissants que ceux sur Terre.", "start_date": "2026-08-30T22:30:00+00:00", "title": "D\u00e9couverte"}, {"desc": "Cette semaine, Korine explore diff\u00e9rents sujets et nous pr\u00e9sente les num\u00e9ros de Phil Laprise, de Christine Morency et de Guillaume Pineault.", "start_date": "2026-08-30T23:30:00+00:00", "title": "Le grand rire"}, {"desc": "S\u00e9bastien Bovet et son \u00e9quipe chevronn\u00e9e analysent avec rigueur et en toute camaraderie le d\u00e9but de la campagne \u00e9lectorale au Qu\u00e9bec devant un public mordu de politique.", "start_date": "2026-08-31T00:00:00+00:00", "title": "Live: Mordus de politique"}], "offset": "+00:00", "timezone": "UTC", "error_code": -1, "start_date": "2026-08-30", "icon": ""}