{"end_date": "2026-08-30", "name": "Cable Public Affairs Channel (French)", "info_url": "https://epg.pw/channels/470580/20260828.html", "country": "Canada", "description": null, "error_message": "", "provider": "", "source_url": "https://epg.pw/api/epg.json?channel_id=470580&date=20260828&timezone=None", "epg_list": [{"desc": "Au Sommet sur le progr\u00e8s 2026, des militants, des dirigeants et des vedettes de l'actualit\u00e9 pr\u00e9sentent des t\u00e9moignages captivants et racontent leurs exp\u00e9riences dans le cadre de la mobilisation locale pour le changement.", "start_date": "2026-08-28T18:10:00+00:00", "title": "Dossier public"}, {"desc": "Couverture int\u00e9grale des conf\u00e9rences, des enqu\u00eates et des d\u00e9lib\u00e9rations parlementaires.", "start_date": "2026-08-28T19:00:00+00:00", "title": "Dossier public"}, {"desc": "Global Progress Action Summit de 2026 : le premier ministre Mark Carney.", "start_date": "2026-08-28T19:40:00+00:00", "title": "Dossier public"}, {"desc": "Lors de la conf\u00e9rence du r\u00e9seau \"Canada Strong and Free,\" \u00e0 Ottawa, les pan\u00e9listes examinent la d\u00e9rive culturelle per\u00e7ue au Canada et en Occident et ses implications soci\u00e9tales.", "start_date": "2026-08-28T20:10:00+00:00", "title": "Dossier public"}, {"desc": "Lors de la conf\u00e9rence du r\u00e9seau \u00ab Canada Strong and Free \u00bb, \u00e0 Ottawa, Bryan Brulotte (philanthrope, officier militaire et entrepreneur) prononce un discours-programme.", "start_date": "2026-08-28T20:50:00+00:00", "title": "Dossier public"}, {"desc": "Couverture compl\u00e8te d'\u00e9v\u00e9nements politiques.", "start_date": "2026-08-28T21:00:00+00:00", "title": "\u00c0 la une"}, {"desc": "Lors de la conf\u00e9rence du r\u00e9seau \u00ab Canada Strong and Free \u00bb, \u00e0 Ottawa, l'ancien secr\u00e9taire d'\u00c9tat am\u00e9ricain Mike Pompeo participe \u00e0 une discussion portant sur les relations canado-am\u00e9ricaines, les tensions g\u00e9opolitiques, la r\u00e9silience \u00e9conomique, les d\u00e9fis pos\u00e9s par la Chine et la crise au Moyen-Orient.", "start_date": "2026-08-28T23:00:00+00:00", "title": "Dossier public"}, {"desc": "Couverture compl\u00e8te d'\u00e9v\u00e9nements politiques.", "start_date": "2026-08-29T00:00:00+00:00", "title": "\u00c0 la une"}, {"desc": "Couverture compl\u00e8te d'\u00e9v\u00e9nements politiques.", "start_date": "2026-08-29T02:00:00+00:00", "title": "\u00c0 la une"}, {"desc": "Gouverner pour la classe moyenne.", "start_date": "2026-08-29T04:00:00+00:00", "title": "Dossier public"}, {"desc": "Couverture int\u00e9grale des conf\u00e9rences, des enqu\u00eates et des d\u00e9lib\u00e9rations parlementaires.", "start_date": "2026-08-29T04:40:00+00:00", "title": "Dossier public"}, {"desc": "Transformation des \u00e9quilibres militaires : table ronde sur la dissuasion nucl\u00e9aire et forces conventionnelles.", "start_date": "2026-08-29T06:10:00+00:00", "title": "Dossier public"}, {"desc": "L'innovation comme pouvoir.", "start_date": "2026-08-29T07:50:00+00:00", "title": "Dossier public"}, {"desc": "Sommet Canada-\u00c9.-U. 2026: entretien avec Mike Greenley.", "start_date": "2026-08-29T08:40:00+00:00", "title": "Dossier public"}, {"desc": "No du dossier 40986, Deborah Carol Riddle c. ivari.", "start_date": "2026-08-29T09:00:00+00:00", "title": "Audiences de la Cour supr\u00eame"}, {"desc": "Couverture compl\u00e8te des plaidoiries \u00e0 la Cour supr\u00eame du Canada et autres judiciaires historiques.", "start_date": "2026-08-29T10:50:00+00:00", "title": "Audiences de la Cour supr\u00eame"}, {"desc": "L'innovation comme pouvoir.", "start_date": "2026-08-29T12:50:00+00:00", "title": "Dossier public"}, {"desc": "Au Sommet Progress 2026, le secr\u00e9taire g\u00e9n\u00e9ral du Mouvement R\u00e9volution citoyenne de l'\u00c9quateur, Andr\u00e9s Arauz, discute des relations Canada-\u00c9quateur, des droits de la personne et des d\u00e9fis du d\u00e9veloppement durable.", "start_date": "2026-08-29T13:40:00+00:00", "title": "Dossier public"}, {"desc": "Construire le pouvoir d\u00e9mocratique.", "start_date": "2026-08-29T14:10:00+00:00", "title": "Dossier public"}, {"desc": "Conf\u00e9rence Intersect 26 : entretien d'Andrew Coyne avec John Bolton.", "start_date": "2026-08-29T14:40:00+00:00", "title": "Dossier public"}, {"desc": "Couverture int\u00e9grale des conf\u00e9rences, des enqu\u00eates et des d\u00e9lib\u00e9rations parlementaires.", "start_date": "2026-08-29T15:10:00+00:00", "title": "Dossier public"}, {"desc": "38e Banquet annuel et remise des prix d'honneur du Forum des politiques publiques.", "start_date": "2026-08-29T16:20:00+00:00", "title": "Dossier public"}, {"desc": "La promesse du Nord.", "start_date": "2026-08-29T19:10:00+00:00", "title": "Dossier public"}, {"desc": "Couverture int\u00e9grale des conf\u00e9rences, des enqu\u00eates et des d\u00e9lib\u00e9rations parlementaires.", "start_date": "2026-08-29T19:30:00+00:00", "title": "Dossier public"}, {"desc": "Sommet sur la croissance du FPP : propri\u00e9t\u00e9 autochtone et croissance inclusive.", "start_date": "2026-08-29T20:50:00+00:00", "title": "Dossier public"}, {"desc": "Couverture int\u00e9grale des conf\u00e9rences, des enqu\u00eates et des d\u00e9lib\u00e9rations parlementaires.", "start_date": "2026-08-29T21:40:00+00:00", "title": "Dossier public"}, {"desc": "Sommet Canada-\u00c9.-U. 2026: entretien avec le ministre Dominic Barton.", "start_date": "2026-08-29T23:10:00+00:00", "title": "Dossier public"}, {"desc": "Au Sommet Progress 2026, le secr\u00e9taire g\u00e9n\u00e9ral du Mouvement R\u00e9volution citoyenne de l'\u00c9quateur, Andr\u00e9s Arauz, discute des relations Canada-\u00c9quateur, des droits de la personne et des d\u00e9fis du d\u00e9veloppement durable.", "start_date": "2026-08-29T23:20:00+00:00", "title": "Dossier public"}, {"desc": "Couverture int\u00e9grale des conf\u00e9rences, des enqu\u00eates et des d\u00e9lib\u00e9rations parlementaires.", "start_date": "2026-08-30T00:00:00+00:00", "title": "Dossier public"}], "offset": "+00:00", "timezone": "UTC", "error_code": -1, "start_date": "2026-08-28", "icon": ""}