{"end_date": "2026-08-30", "name": "Cable Public Affairs Channel (French)", "info_url": "https://epg.pw/channels/470580/20260829.html", "country": "Canada", "description": null, "error_message": "", "provider": "", "source_url": "https://epg.pw/api/epg.json?channel_id=470580&date=20260829&timezone=None", "epg_list": [{"desc": "Couverture compl\u00e8te d'\u00e9v\u00e9nements politiques.", "start_date": "2026-08-29T00:00:00+00:00", "title": "\u00c0 la une"}, {"desc": "Couverture compl\u00e8te d'\u00e9v\u00e9nements politiques.", "start_date": "2026-08-29T02:00:00+00:00", "title": "\u00c0 la une"}, {"desc": "Gouverner pour la classe moyenne.", "start_date": "2026-08-29T04:00:00+00:00", "title": "Dossier public"}, {"desc": "Couverture int\u00e9grale des conf\u00e9rences, des enqu\u00eates et des d\u00e9lib\u00e9rations parlementaires.", "start_date": "2026-08-29T04:40:00+00:00", "title": "Dossier public"}, {"desc": "Transformation des \u00e9quilibres militaires : table ronde sur la dissuasion nucl\u00e9aire et forces conventionnelles.", "start_date": "2026-08-29T06:10:00+00:00", "title": "Dossier public"}, {"desc": "L'innovation comme pouvoir.", "start_date": "2026-08-29T07:50:00+00:00", "title": "Dossier public"}, {"desc": "Sommet Canada-\u00c9.-U. 2026: entretien avec Mike Greenley.", "start_date": "2026-08-29T08:40:00+00:00", "title": "Dossier public"}, {"desc": "No du dossier 40986, Deborah Carol Riddle c. ivari.", "start_date": "2026-08-29T09:00:00+00:00", "title": "Audiences de la Cour supr\u00eame"}, {"desc": "Couverture compl\u00e8te des plaidoiries \u00e0 la Cour supr\u00eame du Canada et autres judiciaires historiques.", "start_date": "2026-08-29T10:50:00+00:00", "title": "Audiences de la Cour supr\u00eame"}, {"desc": "L'innovation comme pouvoir.", "start_date": "2026-08-29T12:50:00+00:00", "title": "Dossier public"}, {"desc": "Au Sommet Progress 2026, le secr\u00e9taire g\u00e9n\u00e9ral du Mouvement R\u00e9volution citoyenne de l'\u00c9quateur, Andr\u00e9s Arauz, discute des relations Canada-\u00c9quateur, des droits de la personne et des d\u00e9fis du d\u00e9veloppement durable.", "start_date": "2026-08-29T13:40:00+00:00", "title": "Dossier public"}, {"desc": "Construire le pouvoir d\u00e9mocratique.", "start_date": "2026-08-29T14:10:00+00:00", "title": "Dossier public"}, {"desc": "Conf\u00e9rence Intersect 26 : entretien d'Andrew Coyne avec John Bolton.", "start_date": "2026-08-29T14:40:00+00:00", "title": "Dossier public"}, {"desc": "Couverture int\u00e9grale des conf\u00e9rences, des enqu\u00eates et des d\u00e9lib\u00e9rations parlementaires.", "start_date": "2026-08-29T15:10:00+00:00", "title": "Dossier public"}, {"desc": "38e Banquet annuel et remise des prix d'honneur du Forum des politiques publiques.", "start_date": "2026-08-29T16:20:00+00:00", "title": "Dossier public"}, {"desc": "La promesse du Nord.", "start_date": "2026-08-29T19:10:00+00:00", "title": "Dossier public"}, {"desc": "Couverture int\u00e9grale des conf\u00e9rences, des enqu\u00eates et des d\u00e9lib\u00e9rations parlementaires.", "start_date": "2026-08-29T19:30:00+00:00", "title": "Dossier public"}, {"desc": "Sommet sur la croissance du FPP : propri\u00e9t\u00e9 autochtone et croissance inclusive.", "start_date": "2026-08-29T20:50:00+00:00", "title": "Dossier public"}, {"desc": "Couverture int\u00e9grale des conf\u00e9rences, des enqu\u00eates et des d\u00e9lib\u00e9rations parlementaires.", "start_date": "2026-08-29T21:40:00+00:00", "title": "Dossier public"}, {"desc": "Sommet Canada-\u00c9.-U. 2026: entretien avec le ministre Dominic Barton.", "start_date": "2026-08-29T23:10:00+00:00", "title": "Dossier public"}, {"desc": "Au Sommet Progress 2026, le secr\u00e9taire g\u00e9n\u00e9ral du Mouvement R\u00e9volution citoyenne de l'\u00c9quateur, Andr\u00e9s Arauz, discute des relations Canada-\u00c9quateur, des droits de la personne et des d\u00e9fis du d\u00e9veloppement durable.", "start_date": "2026-08-29T23:20:00+00:00", "title": "Dossier public"}, {"desc": "Couverture int\u00e9grale des conf\u00e9rences, des enqu\u00eates et des d\u00e9lib\u00e9rations parlementaires.", "start_date": "2026-08-30T00:00:00+00:00", "title": "Dossier public"}, {"desc": "Symposium sur le virus des in\u00e9galit\u00e9s : s\u00e9natrice Henkel et Isabelle Fortier.", "start_date": "2026-08-30T01:30:00+00:00", "title": "Dossier public"}, {"desc": "Au Sommet sur le progr\u00e8s 2026, les pan\u00e9listes discutent des changements \u00e9conomiques mondiaux qui ont des r\u00e9percussions sur les travailleurs par l'instabilit\u00e9 et les pertes d'emplois g\u00e9n\u00e9ralis\u00e9es.", "start_date": "2026-08-30T02:00:00+00:00", "title": "Dossier public"}, {"desc": "Lors de la 94e Conf\u00e9rence d'Ottawa sur la s\u00e9curit\u00e9 et la d\u00e9fense, les pan\u00e9listes discutent du renforcement de la d\u00e9fense nationale et territoriale gr\u00e2ce \u00e0 des strat\u00e9gies civiles et militaires int\u00e9gr\u00e9es.", "start_date": "2026-08-30T02:20:00+00:00", "title": "Dossier public"}, {"desc": "Lors de la conf\u00e9rence du r\u00e9seau \u00ab Canada Strong and Free \u00bb, \u00e0 Ottawa, les pan\u00e9listes examinent la d\u00e9rive culturelle per\u00e7ue au Canada et en Occident et ses implications soci\u00e9tales.", "start_date": "2026-08-30T03:30:00+00:00", "title": "Dossier public"}, {"desc": "Virus des in\u00e9galit\u00e9s : s\u00e9natrice Bernadette Clement et Katie Verhoeven.", "start_date": "2026-08-30T04:10:00+00:00", "title": "Dossier public"}, {"desc": "Sommet sur la r\u00e9conciliation \u00e9conomique - cheffe nationale de l'APN Cindy Woodhouse Nepinak.", "start_date": "2026-08-30T04:40:00+00:00", "title": "Dossier public"}, {"desc": "No du dossier 41398, Soci\u00e9t\u00e9 de l'Acadie du Nouveau-Brunswick c. Le tr\u00e8s honorable premier ministre du Canada, et al.", "start_date": "2026-08-30T05:00:00+00:00", "title": "Audiences de la Cour supr\u00eame"}, {"desc": "No du dossier #41543, SS&C Technologies Canada Corporation c. Bank of New York Mellon Corporation.", "start_date": "2026-08-30T07:40:00+00:00", "title": "Audiences de la Cour supr\u00eame"}, {"desc": "Couverture des d\u00e9lib\u00e9rations \u00e0 la Cour supr\u00eame du Canada; num\u00e9ro du dossier 41350, Sophia Hemmings, par sa tutrice \u00e0 l'instance, Rosalie Brown, et autres c. Lloyd Gregory Padmore, et autres.", "start_date": "2026-08-30T10:00:00+00:00", "title": "Audiences de la Cour supr\u00eame"}, {"desc": "Des comit\u00e9s de la Chambre des communes se r\u00e9unissent pour \u00e9tudier des dossiers et entendre les Canadiens et les sp\u00e9cialistes sur les questions d'importance nationale tout en \u00e9laborant les lois.", "start_date": "2026-08-30T13:10:00+00:00", "title": "Les comit\u00e9s de la Chambre des communes"}, {"desc": "Des comit\u00e9s de la Chambre des communes se r\u00e9unissent pour \u00e9tudier des dossiers et entendre les Canadiens et les sp\u00e9cialistes sur les questions d'importance nationale tout en \u00e9laborant les lois.", "start_date": "2026-08-30T15:30:00+00:00", "title": "Les comit\u00e9s de la Chambre des communes"}, {"desc": "Les \u00e9v\u00e9nements exclusifs dans la politique am\u00e9ricaine, de C-SPAN.", "start_date": "2026-08-30T17:00:00+00:00", "title": "C-SPAN hebdo"}, {"desc": "Faits saillants des \u00e9v\u00e8nements internationaux, discussions et conf\u00e9rences qui touchent le Canada.", "start_date": "2026-08-30T19:00:00+00:00", "title": "Vitrine sur le monde"}, {"desc": "Andrew Coyne, journaliste et chroniqueur, The Globe and Mail.", "start_date": "2026-08-30T20:00:00+00:00", "title": "Dossier public"}, {"desc": "Au Sommet sur le progr\u00e8s 2026, les pan\u00e9listes examinent les strat\u00e9gies de campagne d'Olivia Chow et de Zohran Mamdani ainsi que leurs r\u00e9alisations politiques.", "start_date": "2026-08-30T20:30:00+00:00", "title": "Dossier public"}, {"desc": "\u00c0 la conf\u00e9rence du R\u00e9seau \u00abCanada Strong and Free\u00bb tenue \u00e0 Ottawa, les pan\u00e9listes explorent des strat\u00e9gies pour b\u00e2tir le Canada plus rapidement gr\u00e2ce \u00e0 des r\u00e9formes r\u00e9glementaires et des politiques publiques.", "start_date": "2026-08-30T21:30:00+00:00", "title": "Dossier public"}, {"desc": "Sommet sur la croissance du Forum des politiques publiques : le capital intellectuel.", "start_date": "2026-08-30T22:10:00+00:00", "title": "Dossier public"}, {"desc": "Virus des in\u00e9galit\u00e9s : s\u00e9natrice Paulette Senior et Anuradha Dugal.", "start_date": "2026-08-30T22:40:00+00:00", "title": "Dossier public"}, {"desc": "Couverture int\u00e9grale des conf\u00e9rences, des enqu\u00eates et des d\u00e9lib\u00e9rations parlementaires.", "start_date": "2026-08-30T23:10:00+00:00", "title": "Dossier public"}], "offset": "+00:00", "timezone": "UTC", "error_code": -1, "start_date": "2026-08-29", "icon": ""}