{"end_date": "2026-09-04", "name": "Cable Public Affairs Channel (French)", "info_url": "https://epg.pw/channels/470580/20260902.html", "country": "Canada", "description": null, "error_message": "", "provider": "", "source_url": "https://epg.pw/api/epg.json?channel_id=470580&date=20260902&timezone=None", "epg_list": [{"desc": "Couverture compl\u00e8te d'\u00e9v\u00e9nements politiques.", "start_date": "2026-09-02T00:00:00+00:00", "title": "\u00c0 la une"}, {"desc": "Couverture compl\u00e8te d'\u00e9v\u00e9nements politiques.", "start_date": "2026-09-02T02:00:00+00:00", "title": "\u00c0 la une"}, {"desc": "Couverture int\u00e9grale des conf\u00e9rences, des enqu\u00eates et des d\u00e9lib\u00e9rations parlementaires.", "start_date": "2026-09-02T04:00:00+00:00", "title": "Dossier public"}, {"desc": "Stephen Harper inaugure sa collection aux Archives nationales.", "start_date": "2026-09-02T04:50:00+00:00", "title": "Dossier public"}, {"desc": "Lors de la conf\u00e9rence du R\u00e9seau \"Canada Strong and Free\" \u00e0 Ottawa, les pan\u00e9listes parlent de la pr\u00e9servation de l'h\u00e9ritage canadien sans qu'il ne s'appauvrisse.", "start_date": "2026-09-02T05:50:00+00:00", "title": "Dossier public"}, {"desc": "Global Progress Action Summit de 2026 : la prosp\u00e9rit\u00e9 au service de tous.", "start_date": "2026-09-02T06:30:00+00:00", "title": "Dossier public"}, {"desc": "Lors de la conf\u00e9rence du R\u00e9seau Canada Strong and Free \u00e0 Ottawa, les pan\u00e9listes d\u00e9battent du f\u00e9d\u00e9ralisme et des diff\u00e9rentes visions de l'identit\u00e9 nationale.", "start_date": "2026-09-02T07:20:00+00:00", "title": "Dossier public"}, {"desc": "Conf\u00e9rence d'Ottawa sur la d\u00e9fense et la s\u00e9curit\u00e9 : forces terrestres alli\u00e9es en premi\u00e8re ligne.", "start_date": "2026-09-02T08:10:00+00:00", "title": "Dossier public"}, {"desc": "Affaires juridiques et constitutionnelles.", "start_date": "2026-09-02T09:00:00+00:00", "title": "Les comit\u00e9s du S\u00e9nat"}, {"desc": "Les r\u00e9unions des s\u00e9nateurs lors desquelles ils \u00e9tudient des textes de loi au moyen de discussions, d'expos\u00e9s, de t\u00e9moignages de sp\u00e9cialistes, entre autres.", "start_date": "2026-09-02T11:10:00+00:00", "title": "Les comit\u00e9s du S\u00e9nat"}, {"desc": "Sommet Canada-\u00c9.-U. 2026: entretien avec le ministre Dominic Barton.", "start_date": "2026-09-02T14:00:00+00:00", "title": "Dossier public"}, {"desc": "Couverture int\u00e9grale des conf\u00e9rences, des enqu\u00eates et des d\u00e9lib\u00e9rations parlementaires.", "start_date": "2026-09-02T14:30:00+00:00", "title": "Dossier public"}, {"desc": "Au Sommet sur le progr\u00e8s 2026, les pan\u00e9listes examinant comment faire de la souverainet\u00e9 num\u00e9rique et de l'IA contr\u00f4l\u00e9e d\u00e9mocratiquement une initiative d'\u00e9dification de la nation pour le Canada.", "start_date": "2026-09-02T15:10:00+00:00", "title": "Dossier public"}, {"desc": "Couverture int\u00e9grale des conf\u00e9rences, des enqu\u00eates et des d\u00e9lib\u00e9rations parlementaires.", "start_date": "2026-09-02T16:00:00+00:00", "title": "Dossier public"}, {"desc": "Couverture int\u00e9grale des conf\u00e9rences, des enqu\u00eates et des d\u00e9lib\u00e9rations parlementaires.", "start_date": "2026-09-02T16:20:00+00:00", "title": "Dossier public"}, {"desc": "Lors de la conf\u00e9rence du r\u00e9seau \u00ab Canada Strong and Free \u00bb, \u00e0 Ottawa, les pan\u00e9listes examinent la d\u00e9rive culturelle per\u00e7ue au Canada et en Occident et ses implications soci\u00e9tales.", "start_date": "2026-09-02T17:00:00+00:00", "title": "Dossier public"}, {"desc": "Couverture int\u00e9grale des conf\u00e9rences, des enqu\u00eates et des d\u00e9lib\u00e9rations parlementaires.", "start_date": "2026-09-02T17:40:00+00:00", "title": "Dossier public"}, {"desc": "Pr\u00e9sentation de fiche d'\u00e9valuation 2026 de la Coalition pour un avenir meilleur: table ronde sur l'\u00e9conomie et la main-d'\u0153uvre du Canada.", "start_date": "2026-09-02T19:10:00+00:00", "title": "Dossier public"}, {"desc": "Cap plein nord: l'Arctique et les relations entre le Canada et les \u00c9tats-Unis.", "start_date": "2026-09-02T19:40:00+00:00", "title": "Dossier public"}, {"desc": "Lors de la conf\u00e9rence du r\u00e9seau \"Canada Strong and Free,\" \u00e0 Ottawa, les pan\u00e9listes examinent la d\u00e9rive culturelle per\u00e7ue au Canada et en Occident et ses implications soci\u00e9tales.", "start_date": "2026-09-02T20:20:00+00:00", "title": "Dossier public"}, {"desc": "Couverture compl\u00e8te d'\u00e9v\u00e9nements politiques.", "start_date": "2026-09-02T21:00:00+00:00", "title": "\u00c0 la une"}, {"desc": "Couverture int\u00e9grale des conf\u00e9rences, des enqu\u00eates et des d\u00e9lib\u00e9rations parlementaires.", "start_date": "2026-09-02T23:00:00+00:00", "title": "Dossier public"}, {"desc": "Couverture compl\u00e8te d'\u00e9v\u00e9nements politiques.", "start_date": "2026-09-03T00:00:00+00:00", "title": "\u00c0 la une"}, {"desc": "Couverture compl\u00e8te d'\u00e9v\u00e9nements politiques.", "start_date": "2026-09-03T02:00:00+00:00", "title": "\u00c0 la une"}, {"desc": "Virages continentaux: investir en p\u00e9riode d'incertitude.", "start_date": "2026-09-03T04:00:00+00:00", "title": "Dossier public"}, {"desc": "Quatre ans de guerre en Ukraine : table ronde sur la s\u00e9curit\u00e9 transatlantique apr\u00e8s l'Ukraine.", "start_date": "2026-09-03T04:40:00+00:00", "title": "Dossier public"}, {"desc": "Les m\u00e9tiers du pouvoir: la participation publique comme outil de gouvernance.", "start_date": "2026-09-03T06:30:00+00:00", "title": "Dossier public"}, {"desc": "Lors de la conf\u00e9rence du r\u00e9seau \u00ab Canada Strong and Free \u00bb, \u00e0 Ottawa, les pan\u00e9listes discutent de l'\u00e9volution des \u00e9cosyst\u00e8mes m\u00e9diatiques, de l'int\u00e9r\u00eat croissant pour les balados et d'autres m\u00e9dias non traditionnels, ainsi que du r\u00f4le des influenceurs et des cr\u00e9ateurs ind\u00e9pendants dans l'\u00e9laboration du dialogue politique.", "start_date": "2026-09-03T08:00:00+00:00", "title": "Dossier public"}, {"desc": "Conf\u00e9rence Intersect 26 : entretien d'Andrew Coyne avec Jason Kenney.", "start_date": "2026-09-03T08:30:00+00:00", "title": "Dossier public"}, {"desc": "Les r\u00e9unions des s\u00e9nateurs lors desquelles ils \u00e9tudient des textes de loi au moyen de discussions, d'expos\u00e9s, de t\u00e9moignages de sp\u00e9cialistes, entre autres.", "start_date": "2026-09-03T09:00:00+00:00", "title": "Les comit\u00e9s du S\u00e9nat"}, {"desc": "Droits de la personne.", "start_date": "2026-09-03T11:10:00+00:00", "title": "Les comit\u00e9s du S\u00e9nat"}, {"desc": "Combler l'\u00e9cart : le d\u00e9fi des infrastructures transfrontali\u00e8res.", "start_date": "2026-09-03T14:00:00+00:00", "title": "Dossier public"}, {"desc": "Rendez-Vous G\u00e9rin-Lajoie: table ronde sur les droits des femmes.", "start_date": "2026-09-03T14:40:00+00:00", "title": "Dossier public"}, {"desc": "Canada 2020, Panel 1 : renforcer l'avantage concurrentiel du Canada \u00e0 l'exportation dans les secteurs p\u00e9trolier et gazier.", "start_date": "2026-09-03T16:00:00+00:00", "title": "Dossier public"}, {"desc": "Virus des in\u00e9galit\u00e9s : s\u00e9natrice Farah Mohamed et Jennifer Corriero.", "start_date": "2026-09-03T16:10:00+00:00", "title": "Dossier public"}, {"desc": "Sommet Canada-\u00c9.-U. 2026: entretien avec le ministre Dominic LeBlanc.", "start_date": "2026-09-03T16:40:00+00:00", "title": "Dossier public"}, {"desc": "Couverture int\u00e9grale des conf\u00e9rences, des enqu\u00eates et des d\u00e9lib\u00e9rations parlementaires.", "start_date": "2026-09-03T17:00:00+00:00", "title": "Dossier public"}, {"desc": "Couverture int\u00e9grale des conf\u00e9rences, des enqu\u00eates et des d\u00e9lib\u00e9rations parlementaires.", "start_date": "2026-09-03T18:30:00+00:00", "title": "Dossier public"}, {"desc": "Lors de la conf\u00e9rence du r\u00e9seau Canada Strong and Free, \u00e0 Ottawa, les pan\u00e9listes examinent la d\u00e9rive culturelle per\u00e7ue au Canada et en Occident et ses implications soci\u00e9tales.", "start_date": "2026-09-03T19:10:00+00:00", "title": "Dossier public"}, {"desc": "Sommet sur la r\u00e9conciliation \u00e9conomique - cheffe nationale de l'APN Cindy Woodhouse Nepinak.", "start_date": "2026-09-03T19:50:00+00:00", "title": "Dossier public"}, {"desc": "Couverture int\u00e9grale des conf\u00e9rences, des enqu\u00eates et des d\u00e9lib\u00e9rations parlementaires.", "start_date": "2026-09-03T20:20:00+00:00", "title": "Dossier public"}, {"desc": "Sommet Canada-\u00c9.-U. 2026: entretien avec le ministre Dominic Barton.", "start_date": "2026-09-03T20:40:00+00:00", "title": "Dossier public"}, {"desc": "Couverture compl\u00e8te d'\u00e9v\u00e9nements politiques.", "start_date": "2026-09-03T21:00:00+00:00", "title": "\u00c0 la une"}, {"desc": "Sommet sur la croissance du Canada 2026 du Forum des politiques publiques : repenser une strat\u00e9gie canadienne.", "start_date": "2026-09-03T23:00:00+00:00", "title": "Dossier public"}, {"desc": "Andrew Coyne, journaliste et chroniqueur, The Globe and Mail.", "start_date": "2026-09-03T23:30:00+00:00", "title": "Dossier public"}, {"desc": "Couverture compl\u00e8te d'\u00e9v\u00e9nements politiques.", "start_date": "2026-09-04T00:00:00+00:00", "title": "\u00c0 la une"}], "offset": "+00:00", "timezone": "UTC", "error_code": -1, "start_date": "2026-09-02", "icon": ""}