{"end_date": "2026-09-07", "name": "Cable Public Affairs HD Channel (French)", "info_url": "https://epg.pw/channels/470747/20260905.html", "country": "Canada", "description": null, "error_message": "", "provider": "", "source_url": "https://epg.pw/api/epg.json?channel_id=470747&date=20260905&timezone=None", "epg_list": [{"desc": "Couverture compl\u00e8te d'\u00e9v\u00e9nements politiques.", "start_date": "2026-09-05T00:00:00+00:00", "title": "\u00c0 la une"}, {"desc": "Couverture compl\u00e8te d'\u00e9v\u00e9nements politiques.", "start_date": "2026-09-05T02:00:00+00:00", "title": "\u00c0 la une"}, {"desc": "Couverture int\u00e9grale des conf\u00e9rences, des enqu\u00eates et des d\u00e9lib\u00e9rations parlementaires.", "start_date": "2026-09-05T04:00:00+00:00", "title": "Dossier public"}, {"desc": "Couverture int\u00e9grale des conf\u00e9rences, des enqu\u00eates et des d\u00e9lib\u00e9rations parlementaires.", "start_date": "2026-09-05T05:00:00+00:00", "title": "Dossier public"}, {"desc": "Sommet Canada-\u00c9.-U. 2026: entretien avec Ian Bremmer.", "start_date": "2026-09-05T05:30:00+00:00", "title": "Dossier public"}, {"desc": "\u00c0 la conf\u00e9rence du R\u00e9seau \u00abCanada Strong and Free\u00bb tenue \u00e0 Ottawa, les pan\u00e9listes discutent de l'\u00e9volution des menaces \u00e0 la s\u00e9curit\u00e9 du Canada et des strat\u00e9gies visant \u00e0 renforcer l'\u00e9tat de pr\u00e9paration de la d\u00e9fense nationale.", "start_date": "2026-09-05T05:50:00+00:00", "title": "Dossier public"}, {"desc": "\u00c0 la conf\u00e9rence du R\u00e9seau \u00ab Canada Strong & Free \u00bb tenue \u00e0 Ottawa, les pan\u00e9listes discutent de la s\u00e9curit\u00e9 publique, des peines impos\u00e9es par les tribunaux et de la n\u00e9cessit\u00e9 de modifier le Code criminel.", "start_date": "2026-09-05T06:40:00+00:00", "title": "Dossier public"}, {"desc": "Conf\u00e9rence Intersect 26 : entretien d'Andrew Coyne avec Jason Kenney.", "start_date": "2026-09-05T07:40:00+00:00", "title": "Dossier public"}, {"desc": "Assembl\u00e9e g\u00e9n\u00e9rale annuelle de l'APN 2026: L'obligation de consulter.", "start_date": "2026-09-05T08:10:00+00:00", "title": "Dossier public"}, {"desc": "No du dossier # 41651, Administration de l'a\u00e9roport international de St. John's c. Michel Thibodeau.", "start_date": "2026-09-05T09:00:00+00:00", "title": "Audiences de la Cour supr\u00eame"}, {"desc": "Couverture compl\u00e8te des plaidoiries \u00e0 la Cour supr\u00eame du Canada et autres judiciaires historiques.", "start_date": "2026-09-05T11:50:00+00:00", "title": "Audiences de la Cour supr\u00eame"}, {"desc": "Sommet sur la croissance du Canada 2026 : faire du Canada une destination d'investissement.", "start_date": "2026-09-05T13:50:00+00:00", "title": "Dossier public"}, {"desc": "Couverture int\u00e9grale des conf\u00e9rences, des enqu\u00eates et des d\u00e9lib\u00e9rations parlementaires.", "start_date": "2026-09-05T14:20:00+00:00", "title": "Dossier public"}, {"desc": "Lors de la conf\u00e9rence du r\u00e9seau \"Canada Strong and Free,\" \u00e0 Ottawa, les pan\u00e9listes examinent la d\u00e9rive culturelle per\u00e7ue au Canada et en Occident et ses implications soci\u00e9tales.", "start_date": "2026-09-05T15:20:00+00:00", "title": "Dossier public"}, {"desc": "Lors de la 94e Conf\u00e9rence d'Ottawa sur la s\u00e9curit\u00e9 et la d\u00e9fense, les pan\u00e9listes analysent l'escalade des tensions en Iran et au Moyen-Orient.", "start_date": "2026-09-05T16:10:00+00:00", "title": "Dossier public"}, {"desc": "Couverture int\u00e9grale des conf\u00e9rences, des enqu\u00eates et des d\u00e9lib\u00e9rations parlementaires.", "start_date": "2026-09-05T16:40:00+00:00", "title": "Dossier public"}, {"desc": "Lors de la conf\u00e9rence du r\u00e9seau \u00ab Canada Strong and Free \u00bb, \u00e0 Ottawa, Brenda Shaffer (chercheuse internationale, Atlantic Council) prononce un discours-programme portant sur les tendances et les politiques \u00e9nerg\u00e9tiques mondiales, soulignant l'importance des combustibles fossiles dans la promotion de la prosp\u00e9rit\u00e9.", "start_date": "2026-09-05T17:30:00+00:00", "title": "Dossier public"}, {"desc": "Sommet \u00c9tats-Unis-Canada 2026: entretien avec la ministre M\u00e9lanie Joly.", "start_date": "2026-09-05T18:00:00+00:00", "title": "Dossier public"}, {"desc": "Lors de la conf\u00e9rence du r\u00e9seau \u00ab Canada Strong and Free \u00bb, \u00e0 Ottawa, les pan\u00e9listes David Clement (gestionnaire des affaires nord-am\u00e9ricaines, Consumer Choice Centre) et Josh Tabish (directeur principal, Chamber of Progress) discutent des menaces \u00e0 la libert\u00e9 num\u00e9rique et de son impact sur les taxes et la r\u00e9glementation impos\u00e9es \u00e0 l'Internet.", "start_date": "2026-09-05T18:20:00+00:00", "title": "Dossier public"}, {"desc": "Couverture int\u00e9grale des conf\u00e9rences, des enqu\u00eates et des d\u00e9lib\u00e9rations parlementaires.", "start_date": "2026-09-05T19:10:00+00:00", "title": "Dossier public"}, {"desc": "Les m\u00e9tiers du pouvoir: de la communication \u00e9lectorale \u00e0 la communication gouvernementale.", "start_date": "2026-09-05T20:30:00+00:00", "title": "Dossier public"}, {"desc": "Lors de la conf\u00e9rence du R\u00e9seau \"Canada Strong and Free\" \u00e0 Ottawa, les pan\u00e9listes discutent de la Loi 21, Loi sur la la\u00efcit\u00e9 de l'\u00c9tat.", "start_date": "2026-09-05T21:40:00+00:00", "title": "Dossier public"}, {"desc": "Couverture int\u00e9grale des conf\u00e9rences, des enqu\u00eates et des d\u00e9lib\u00e9rations parlementaires.", "start_date": "2026-09-05T22:30:00+00:00", "title": "Dossier public"}, {"desc": "Lors de la 94e Conf\u00e9rence d'Ottawa sur la s\u00e9curit\u00e9 et la d\u00e9fense, les intervenants discutent des menaces qui p\u00e8sent sur la s\u00e9curit\u00e9 et la d\u00e9fense nationale du Canada.", "start_date": "2026-09-05T22:50:00+00:00", "title": "Dossier public"}, {"desc": "Sommet Canada-\u00c9.-U. 2026: entretien avec l'ambassadeur Mark Wiseman.", "start_date": "2026-09-05T23:40:00+00:00", "title": "Dossier public"}, {"desc": "Virus des in\u00e9galit\u00e9s : s\u00e9natrice Rebecca Patterson et Katrina Leclerc.", "start_date": "2026-09-06T00:00:00+00:00", "title": "Dossier public"}, {"desc": "Couverture int\u00e9grale des conf\u00e9rences, des enqu\u00eates et des d\u00e9lib\u00e9rations parlementaires.", "start_date": "2026-09-06T00:20:00+00:00", "title": "Dossier public"}, {"desc": "Sommet sur la r\u00e9conciliation \u00e9conomique : Dr Alika Lafontaine, conseiller autochtone en r\u00e9sidence, Association m\u00e9dicale canadienne.", "start_date": "2026-09-06T00:50:00+00:00", "title": "Dossier public"}, {"desc": "Construire le pouvoir d\u00e9mocratique.", "start_date": "2026-09-06T01:10:00+00:00", "title": "Dossier public"}, {"desc": "Lors de la conf\u00e9rence du r\u00e9seau Canada Strong and Free, \u00e0 Ottawa, les pan\u00e9listes examinent la d\u00e9rive culturelle per\u00e7ue au Canada et en Occident et ses implications soci\u00e9tales.", "start_date": "2026-09-06T01:40:00+00:00", "title": "Dossier public"}, {"desc": "Sommet sur la croissance du Forum des politiques publiques : le moment de l'IA pour le Canada.", "start_date": "2026-09-06T02:20:00+00:00", "title": "Dossier public"}, {"desc": "Conf\u00e9rence d'Ottawa sur la d\u00e9fense et la s\u00e9curit\u00e9 : forces terrestres alli\u00e9es en premi\u00e8re ligne.", "start_date": "2026-09-06T02:50:00+00:00", "title": "Dossier public"}, {"desc": "Sommet \u00c9tats-Unis-Canada 2026: entretien avec la ministre M\u00e9lanie Joly.", "start_date": "2026-09-06T03:50:00+00:00", "title": "Dossier public"}, {"desc": "\u00c0 l'\u00e9v\u00e9nement annuel Horizons Espace Canada, Ewan Reid, Andrew Lockhart, David Musson, Jason Tremblay, Kevin Whale et Andi Sharma s'adressent aux participants.", "start_date": "2026-09-06T04:10:00+00:00", "title": "Dossier public"}, {"desc": "Andrew Coyne, journaliste et chroniqueur, The Globe and Mail.", "start_date": "2026-09-06T04:30:00+00:00", "title": "Dossier public"}, {"desc": "No Du dossier 41730, W.W. c. Sa Majest\u00e9 le Roi.", "start_date": "2026-09-06T05:00:00+00:00", "title": "Audiences de la Cour supr\u00eame"}, {"desc": "No du dossier 41291, Zardev Inc. c. Joseph J. Dydzak, et al.", "start_date": "2026-09-06T06:00:00+00:00", "title": "Audiences de la Cour supr\u00eame"}, {"desc": "No du dossier #42152, Procureur g\u00e9n\u00e9ral du Qu\u00e9bec c. Xavier-Antoine Lalande, et al.", "start_date": "2026-09-06T08:10:00+00:00", "title": "Audiences de la Cour supr\u00eame"}, {"desc": "Des comit\u00e9s de la Chambre des communes se r\u00e9unissent pour \u00e9tudier des dossiers et entendre les Canadiens et les sp\u00e9cialistes sur les questions d'importance nationale tout en \u00e9laborant les lois.", "start_date": "2026-09-06T11:20:00+00:00", "title": "Les comit\u00e9s de la Chambre des communes"}, {"desc": "Des comit\u00e9s de la Chambre des communes se r\u00e9unissent pour \u00e9tudier des dossiers et entendre les Canadiens et les sp\u00e9cialistes sur les questions d'importance nationale tout en \u00e9laborant les lois.", "start_date": "2026-09-06T13:20:00+00:00", "title": "Les comit\u00e9s de la Chambre des communes"}, {"desc": "Canada 2020 panel 2 : \u00e9nergies renouvelables, production d'\u00e9lectricit\u00e9 et \u00e9volution du mix \u00e9nerg\u00e9tique du Canada.", "start_date": "2026-09-06T15:10:00+00:00", "title": "Dossier public"}, {"desc": "Le premier ministre britannique r\u00e9pond aux questions pos\u00e9es aux Communes.", "start_date": "2026-09-06T16:00:00+00:00", "title": "British Prime Minister's Question Time"}, {"desc": "Les \u00e9v\u00e9nements exclusifs dans la politique am\u00e9ricaine, de C-SPAN.", "start_date": "2026-09-06T17:00:00+00:00", "title": "C-SPAN hebdo"}, {"desc": "Faits saillants des \u00e9v\u00e8nements internationaux, discussions et conf\u00e9rences qui touchent le Canada.", "start_date": "2026-09-06T19:00:00+00:00", "title": "Vitrine sur le monde"}, {"desc": "Le premier ministre britannique r\u00e9pond aux questions pos\u00e9es aux Communes.", "start_date": "2026-09-06T20:00:00+00:00", "title": "British Prime Minister's Question Time"}, {"desc": "Journ\u00e9e mondiale de la libert\u00e9 de la presse : le courage de ses convictions.", "start_date": "2026-09-06T21:00:00+00:00", "title": "Dossier public"}, {"desc": "Couverture int\u00e9grale des conf\u00e9rences, des enqu\u00eates et des d\u00e9lib\u00e9rations parlementaires.", "start_date": "2026-09-06T21:50:00+00:00", "title": "Dossier public"}, {"desc": "Global Progress Action Summit de 2026 : le premier ministre Mark Carney.", "start_date": "2026-09-06T22:10:00+00:00", "title": "Dossier public"}, {"desc": "Sommet sur la croissance du FPP : le Canada dans le nouvel ordre mondial.", "start_date": "2026-09-06T22:40:00+00:00", "title": "Dossier public"}, {"desc": "Couverture int\u00e9grale des conf\u00e9rences, des enqu\u00eates et des d\u00e9lib\u00e9rations parlementaires.", "start_date": "2026-09-06T23:30:00+00:00", "title": "Dossier public"}, {"desc": "Conf\u00e9rence Intersect 26 : entretien d'Andrew Coyne avec John Bolton.", "start_date": "2026-09-07T00:00:00+00:00", "title": "Dossier public"}], "offset": "+00:00", "timezone": "UTC", "error_code": -1, "start_date": "2026-09-05", "icon": ""}