{"end_date": "2026-09-07", "name": "Cable Public Affairs HD Channel (French)", "info_url": "https://epg.pw/channels/470747/20260906.html", "country": "Canada", "description": null, "error_message": "", "provider": "", "source_url": "https://epg.pw/api/epg.json?channel_id=470747&date=20260906&timezone=None", "epg_list": [{"desc": "Virus des in\u00e9galit\u00e9s : s\u00e9natrice Rebecca Patterson et Katrina Leclerc.", "start_date": "2026-09-06T00:00:00+00:00", "title": "Dossier public"}, {"desc": "Couverture int\u00e9grale des conf\u00e9rences, des enqu\u00eates et des d\u00e9lib\u00e9rations parlementaires.", "start_date": "2026-09-06T00:20:00+00:00", "title": "Dossier public"}, {"desc": "Sommet sur la r\u00e9conciliation \u00e9conomique : Dr Alika Lafontaine, conseiller autochtone en r\u00e9sidence, Association m\u00e9dicale canadienne.", "start_date": "2026-09-06T00:50:00+00:00", "title": "Dossier public"}, {"desc": "Construire le pouvoir d\u00e9mocratique.", "start_date": "2026-09-06T01:10:00+00:00", "title": "Dossier public"}, {"desc": "Lors de la conf\u00e9rence du r\u00e9seau Canada Strong and Free, \u00e0 Ottawa, les pan\u00e9listes examinent la d\u00e9rive culturelle per\u00e7ue au Canada et en Occident et ses implications soci\u00e9tales.", "start_date": "2026-09-06T01:40:00+00:00", "title": "Dossier public"}, {"desc": "Sommet sur la croissance du Forum des politiques publiques : le moment de l'IA pour le Canada.", "start_date": "2026-09-06T02:20:00+00:00", "title": "Dossier public"}, {"desc": "Conf\u00e9rence d'Ottawa sur la d\u00e9fense et la s\u00e9curit\u00e9 : forces terrestres alli\u00e9es en premi\u00e8re ligne.", "start_date": "2026-09-06T02:50:00+00:00", "title": "Dossier public"}, {"desc": "Sommet \u00c9tats-Unis-Canada 2026: entretien avec la ministre M\u00e9lanie Joly.", "start_date": "2026-09-06T03:50:00+00:00", "title": "Dossier public"}, {"desc": "\u00c0 l'\u00e9v\u00e9nement annuel Horizons Espace Canada, Ewan Reid, Andrew Lockhart, David Musson, Jason Tremblay, Kevin Whale et Andi Sharma s'adressent aux participants.", "start_date": "2026-09-06T04:10:00+00:00", "title": "Dossier public"}, {"desc": "Andrew Coyne, journaliste et chroniqueur, The Globe and Mail.", "start_date": "2026-09-06T04:30:00+00:00", "title": "Dossier public"}, {"desc": "No Du dossier 41730, W.W. c. Sa Majest\u00e9 le Roi.", "start_date": "2026-09-06T05:00:00+00:00", "title": "Audiences de la Cour supr\u00eame"}, {"desc": "No du dossier 41291, Zardev Inc. c. Joseph J. Dydzak, et al.", "start_date": "2026-09-06T06:00:00+00:00", "title": "Audiences de la Cour supr\u00eame"}, {"desc": "No du dossier #42152, Procureur g\u00e9n\u00e9ral du Qu\u00e9bec c. Xavier-Antoine Lalande, et al.", "start_date": "2026-09-06T08:10:00+00:00", "title": "Audiences de la Cour supr\u00eame"}, {"desc": "Des comit\u00e9s de la Chambre des communes se r\u00e9unissent pour \u00e9tudier des dossiers et entendre les Canadiens et les sp\u00e9cialistes sur les questions d'importance nationale tout en \u00e9laborant les lois.", "start_date": "2026-09-06T11:20:00+00:00", "title": "Les comit\u00e9s de la Chambre des communes"}, {"desc": "Des comit\u00e9s de la Chambre des communes se r\u00e9unissent pour \u00e9tudier des dossiers et entendre les Canadiens et les sp\u00e9cialistes sur les questions d'importance nationale tout en \u00e9laborant les lois.", "start_date": "2026-09-06T13:20:00+00:00", "title": "Les comit\u00e9s de la Chambre des communes"}, {"desc": "Canada 2020 panel 2 : \u00e9nergies renouvelables, production d'\u00e9lectricit\u00e9 et \u00e9volution du mix \u00e9nerg\u00e9tique du Canada.", "start_date": "2026-09-06T15:10:00+00:00", "title": "Dossier public"}, {"desc": "Le premier ministre britannique r\u00e9pond aux questions pos\u00e9es aux Communes.", "start_date": "2026-09-06T16:00:00+00:00", "title": "British Prime Minister's Question Time"}, {"desc": "Les \u00e9v\u00e9nements exclusifs dans la politique am\u00e9ricaine, de C-SPAN.", "start_date": "2026-09-06T17:00:00+00:00", "title": "C-SPAN hebdo"}, {"desc": "Faits saillants des \u00e9v\u00e8nements internationaux, discussions et conf\u00e9rences qui touchent le Canada.", "start_date": "2026-09-06T19:00:00+00:00", "title": "Vitrine sur le monde"}, {"desc": "Le premier ministre britannique r\u00e9pond aux questions pos\u00e9es aux Communes.", "start_date": "2026-09-06T20:00:00+00:00", "title": "British Prime Minister's Question Time"}, {"desc": "Journ\u00e9e mondiale de la libert\u00e9 de la presse : le courage de ses convictions.", "start_date": "2026-09-06T21:00:00+00:00", "title": "Dossier public"}, {"desc": "Couverture int\u00e9grale des conf\u00e9rences, des enqu\u00eates et des d\u00e9lib\u00e9rations parlementaires.", "start_date": "2026-09-06T21:50:00+00:00", "title": "Dossier public"}, {"desc": "Global Progress Action Summit de 2026 : le premier ministre Mark Carney.", "start_date": "2026-09-06T22:10:00+00:00", "title": "Dossier public"}, {"desc": "Sommet sur la croissance du FPP : le Canada dans le nouvel ordre mondial.", "start_date": "2026-09-06T22:40:00+00:00", "title": "Dossier public"}, {"desc": "Couverture int\u00e9grale des conf\u00e9rences, des enqu\u00eates et des d\u00e9lib\u00e9rations parlementaires.", "start_date": "2026-09-06T23:30:00+00:00", "title": "Dossier public"}, {"desc": "Conf\u00e9rence Intersect 26 : entretien d'Andrew Coyne avec John Bolton.", "start_date": "2026-09-07T00:00:00+00:00", "title": "Dossier public"}, {"desc": "Couverture int\u00e9grale des conf\u00e9rences, des enqu\u00eates et des d\u00e9lib\u00e9rations parlementaires.", "start_date": "2026-09-07T00:30:00+00:00", "title": "Dossier public"}, {"desc": "Au Sommet sur le progr\u00e8s 2026, des militants, des dirigeants et des vedettes de l'actualit\u00e9 pr\u00e9sentent des t\u00e9moignages captivants et racontent leurs exp\u00e9riences dans le cadre de la mobilisation locale pour le changement.", "start_date": "2026-09-07T01:00:00+00:00", "title": "Dossier public"}, {"desc": "Couverture int\u00e9grale des conf\u00e9rences, des enqu\u00eates et des d\u00e9lib\u00e9rations parlementaires.", "start_date": "2026-09-07T01:40:00+00:00", "title": "Dossier public"}, {"desc": "Couverture int\u00e9grale des conf\u00e9rences, des enqu\u00eates et des d\u00e9lib\u00e9rations parlementaires.", "start_date": "2026-09-07T03:00:00+00:00", "title": "Dossier public"}, {"desc": "Couverture int\u00e9grale des conf\u00e9rences, des enqu\u00eates et des d\u00e9lib\u00e9rations parlementaires.", "start_date": "2026-09-07T03:40:00+00:00", "title": "Dossier public"}, {"desc": "Rendez-Vous G\u00e9rin-Lajoie: table ronde sur la s\u00e9curit\u00e9 \u00e9conomique du Qu\u00e9bec dans un contexte d'incertitude g\u00e9opolitique.", "start_date": "2026-09-07T05:10:00+00:00", "title": "Dossier public"}, {"desc": "Quatre ans de guerre en Ukraine : table ronde sur la s\u00e9curit\u00e9 transatlantique apr\u00e8s l'Ukraine.", "start_date": "2026-09-07T06:40:00+00:00", "title": "Dossier public"}, {"desc": "Virages continentaux: investir en p\u00e9riode d'incertitude.", "start_date": "2026-09-07T08:20:00+00:00", "title": "Dossier public"}, {"desc": "Les r\u00e9unions des s\u00e9nateurs lors desquelles ils \u00e9tudient des textes de loi au moyen de discussions, d'expos\u00e9s, de t\u00e9moignages de sp\u00e9cialistes, entre autres.", "start_date": "2026-09-07T09:00:00+00:00", "title": "Les comit\u00e9s du S\u00e9nat"}, {"desc": "Peuples autochtones.", "start_date": "2026-09-07T10:40:00+00:00", "title": "Les comit\u00e9s du S\u00e9nat"}, {"desc": "Les r\u00e9unions des s\u00e9nateurs lors desquelles ils \u00e9tudient des textes de loi au moyen de discussions, d'expos\u00e9s, de t\u00e9moignages de sp\u00e9cialistes, entre autres.", "start_date": "2026-09-07T12:40:00+00:00", "title": "Les comit\u00e9s du S\u00e9nat"}, {"desc": "Virus des in\u00e9galit\u00e9s : s\u00e9natrice Marilou McPhedran et Susan Bazilli.", "start_date": "2026-09-07T14:00:00+00:00", "title": "Dossier public"}, {"desc": "Sommet sur la r\u00e9conciliation \u00e9conomique - ministre des Services aux Autochtones Mandy Gull-Masty.", "start_date": "2026-09-07T14:40:00+00:00", "title": "Dossier public"}, {"desc": "Global Progress Action Summit de 2026 : force et diplomatie.", "start_date": "2026-09-07T15:00:00+00:00", "title": "Dossier public"}, {"desc": "Sommet sur la r\u00e9conciliation \u00e9conomique : Permis, \u00e9ch\u00e9ances, consultation des Autochtones.", "start_date": "2026-09-07T15:50:00+00:00", "title": "Dossier public"}, {"desc": "Andrew Coyne, journaliste et chroniqueur, The Globe and Mail.", "start_date": "2026-09-07T16:20:00+00:00", "title": "Dossier public"}, {"desc": "Les m\u00e9tiers du pouvoir: les m\u00e9tiers du politique \u00e0 l'interface du politique et du m\u00e9diatique.", "start_date": "2026-09-07T17:00:00+00:00", "title": "Dossier public"}, {"desc": "38e Banquet annuel et remise des prix d'honneur du Forum des politiques publiques.", "start_date": "2026-09-07T18:20:00+00:00", "title": "Dossier public"}, {"desc": "L'innovation comme pouvoir.", "start_date": "2026-09-07T21:00:00+00:00", "title": "Dossier public"}, {"desc": "Couverture int\u00e9grale des conf\u00e9rences, des enqu\u00eates et des d\u00e9lib\u00e9rations parlementaires.", "start_date": "2026-09-07T21:50:00+00:00", "title": "Dossier public"}, {"desc": "Sommet sur la r\u00e9conciliation \u00e9conomique : Personnel politique autochtone.", "start_date": "2026-09-07T23:00:00+00:00", "title": "Dossier public"}, {"desc": "Couverture int\u00e9grale des conf\u00e9rences, des enqu\u00eates et des d\u00e9lib\u00e9rations parlementaires.", "start_date": "2026-09-07T23:50:00+00:00", "title": "Dossier public"}], "offset": "+00:00", "timezone": "UTC", "error_code": -1, "start_date": "2026-09-06", "icon": ""}