{"end_date": "2026-04-29", "name": "TV 5 Qu\u00e9bec Canada HD", "info_url": "https://epg.pw/channels/470795/20260421.html", "country": "Canada", "description": null, "error_message": "", "provider": "", "source_url": "https://epg.pw/api/epg.json?channel_id=470795&date=20260421&timezone=None", "epg_list": [{"desc": "De retour en Martinique, la plaque tournante du trafic aux Cara\u00efbes, Lepage retrouve un nouveau co\u00e9quipier avec qui il embarque une cargaison de coca\u00efne; Martin Lepage raconte le spectaculaire transbordement des ballots en pleine mer des Cara\u00efbes.", "start_date": "2026-04-27T00:00:00+00:00", "title": "Une tonne cinq"}, {"desc": "Un talk-show dr\u00f4le et festif, une \u00e9mission de soci\u00e9t\u00e9 et de divertissement qui raconte cette \u00e9poque et interroge la soci\u00e9t\u00e9 ; un lieu de rencontres et de d\u00e9bats entre les personnalit\u00e9s qui marquent l'actualit\u00e9.", "start_date": "2026-04-27T01:00:00+00:00", "title": "Quelle \u00e9poque!"}, {"desc": "Si elle \u00e9tait d'abord la muse inoubliable de Serge Gainsbourg, Jane Birkin a su se r\u00e9inventer; nous plongeons dans son univers musical et nous red\u00e9couvrons les plus belles chansons de l'ind\u00e9modable, l'unique et l'iconique Jane Birkin.", "start_date": "2026-04-27T03:20:00+00:00", "title": "La vie secr\u00e8te des chansons"}, {"desc": "TV5 propose en exclusivit\u00e9 le Journal Afrique, un rendez-vous avec l'actualit\u00e9 panafricaine. Pour un point de vue diff\u00e9rent, une information privil\u00e9gi\u00e9e et une meilleure compr\u00e9hension sur les enjeux qui nous entourent.", "start_date": "2026-04-27T04:30:00+00:00", "title": "Journal Afrique"}, {"desc": "Quoi de neuf dans les mondes arabes ? Le journaliste Mohamed Kaci re\u00e7oit les personnalit\u00e9s qui font l'actualit\u00e9 culturelle \u00e0 Alger, Tunis, Rabat, Beyrouth et Duba\u00ef.", "start_date": "2026-04-27T05:00:00+00:00", "title": "Maghreb-Orient Express"}, {"desc": "Le magazine de l'art de vivre \u00e0 Monaco, en Provence et sur la C\u00f4te d'Azur.", "start_date": "2026-04-27T05:30:00+00:00", "title": "Le magazine de la Riviera"}, {"desc": "Invit\u00e9s : Benjamin Castaldi, Olivier M\u00e9nard, Ga\u00ebl Leforestier, Jean-Pierre Castaldi, Catherine Jacob, Philippe Lellouche, Jeanne Cherhal.", "start_date": "2026-04-27T06:00:00+00:00", "title": "Vivement dimanche"}, {"desc": "L'enfant de la cit\u00e9 de Montfermeil, aujourd'hui mondialement reconnu, retrace son parcours. Depuis ses 17 ans, en passant par les \"Les Mis\u00e9rables\" ou la cr\u00e9ation des \u00e9coles d'art et de cin\u00e9ma Kourtrajm\u00e9 jusqu'\u00e0 \"B\u00e2timent 5.\".", "start_date": "2026-04-27T06:55:00+00:00", "title": "Hep taxi!"}, {"desc": "Rendez-vous \u00e0 l'Op\u00e9ra wallon de Li\u00e8ge! De l'atelier des costumes en passant par les d\u00e9cors ou le stock d'accessoires, la magie op\u00e8re dans ce lieu o\u00f9 se produit en ce moment la Traviata.", "start_date": "2026-04-27T07:30:00+00:00", "title": "C'est du Belge"}, {"desc": "Les premi\u00e8res visites de maisons laissent un go\u00fbt amer \u00e0 Adriano et Deniz; en France, Sandro et Aleksandra Wieser mettent la main au portefeuille pour acheter leur grande ferme; \u00e0 Tampa, c'est l'heure des courses avant l'ouverture de la gaufrerie.", "start_date": "2026-04-27T08:00:00+00:00", "title": "Bye Bye la Suisse"}, {"desc": "Le magazine de l'art de vivre \u00e0 Monaco, en Provence et sur la C\u00f4te d'Azur.", "start_date": "2026-04-27T09:00:00+00:00", "title": "Le magazine de la Riviera"}, {"desc": "R\u00e9sum\u00e9s et meilleurs moments des matchs du Championnat de France de rugby.", "start_date": "2026-04-27T09:30:00+00:00", "title": "Live: Top 14 rugby le mag"}, {"desc": "Marc-Andr\u00e9 poursuit sa qu\u00eate au Danemark en visitant une garderie en plein air et en assistant \u00e0 un cours d'empathie dans une \u00e9cole primaire; il d\u00e9couvre la beaut\u00e9 du design \u00e0 travers l'architecture des \u00e9difices du Playhouse et de Copenhill.", "start_date": "2026-04-27T10:00:00+00:00", "title": "Au pays du bonheur"}, {"desc": "Les Zafimaniry vivent dans les montagnes du sud-est de Madagascar et sont r\u00e9put\u00e9s pour leur ma\u00eetrise de la sculpture sur bois.", "start_date": "2026-04-27T11:00:00+00:00", "title": "Peuples des sommets"}, {"desc": "Dans la Dr\u00f4me, Carine Teyssandier d\u00e9couvre la fabrication traditionnelle du picodon, ce c\u00e9l\u00e8bre petit fromage de ch\u00e8vre qui pique.", "start_date": "2026-04-27T12:00:00+00:00", "title": "Nos terres gourmandes en balade"}, {"desc": "Pour un point de vue diff\u00e9rent, un regard \u00e9largi, une nouvelle intelligente et une information privil\u00e9gi\u00e9e. Chaque jour, pour compl\u00e9ter le portrait de l'info francophone, TV5 propose en exclusivit\u00e9 le Journal belge de la RTBF.", "start_date": "2026-04-27T12:30:00+00:00", "title": "Journal Belge"}, {"desc": "Vie familiale, sentimentale, amicale, professionnelle : tous les jours, Faustine Bollaert accueille des femmes et des hommes venus t\u00e9moigner de leur parcours. Ils partagent leur exp\u00e9rience et l'enrichissent d'\u00e9changes avec d'autres t\u00e9moins.", "start_date": "2026-04-27T13:00:00+00:00", "title": "\u00c7a commence aujourd'hui"}, {"desc": "Le jeu dans lequel tout le monde peut devenir champion ; un jeu-questionnaire, des candidats, et un champion que tous r\u00eavent de d\u00e9loger.", "start_date": "2026-04-27T14:00:00+00:00", "title": "Tout le monde veut prendre sa place"}, {"desc": "C'est \u00e0 Laval que s'est r\u00e9cemment \u00e9tablie la famille d'Abdou, coiffeur d'origine marocaine; Sophie va \u00e0 son salon o\u00f9 les clients discutent de leur int\u00e9gration qu\u00e9b\u00e9coise et de l'importance de briser les pr\u00e9jug\u00e9s \u00e0 l'\u00e9gard de la communaut\u00e9 musulmane.", "start_date": "2026-04-27T15:00:00+00:00", "title": "Tenir salon"}, {"desc": "Au salon d'Abisara, la coiffure n'est pas qu'une affaire de beaut\u00e9; c'est aussi un geste politique; \u00e0 travers l'histoire d'Abisara et celle de Sophie, qui plonge dans ses racines ha\u00eftiennes, on raconte la r\u00e9alit\u00e9 de la communaut\u00e9 afrodescendante.", "start_date": "2026-04-27T15:30:00+00:00", "title": "Tenir salon"}, {"desc": "Le nouveau rendez-vous de l'information et de la culture francophone.", "start_date": "2026-04-27T16:00:00+00:00", "title": "64', le monde en fran\u00e7ais"}, {"desc": "La v\u00e9ritable identit\u00e9 de Violette \u00e9clate au grand jour et fait d\u00e9bat au commissariat. Manon et Nordine doivent g\u00e9rer une prise d'otage. Gilles, \u00e9mu, se confie sur son passif.", "start_date": "2026-04-27T17:05:00+00:00", "title": "Demain nous appartient"}, {"desc": "La prise d'otage se d\u00e9roule sous haute tension, Manon commet une erreur qui met des vies en danger. B\u00e9n\u00e9dicte interf\u00e8re dans la vie amoureuse de son fils.", "start_date": "2026-04-27T17:40:00+00:00", "title": "Demain nous appartient"}, {"desc": "William a \u00e9t\u00e9 renvers\u00e9 par un individu bien connu des services de police. Nathan sort le grand jeu pour s\u00e9duire Luna. La famille Roussel met les petits plats dans les grands pour accueillir Violette.", "start_date": "2026-04-27T18:20:00+00:00", "title": "Demain nous appartient"}, {"desc": "Les probl\u00e8mes de sant\u00e9 de Bruno s'aggravent, Nathan se sent coupable. Gilles se confie sur son pass\u00e9. Gabriel est aux petits soins pour Soraya, charg\u00e9e d'une affaire m\u00e9diatis\u00e9e.", "start_date": "2026-04-27T18:55:00+00:00", "title": "Demain nous appartient"}, {"desc": "Pour compl\u00e9ter le portrait de l'information francophone, on propose le Journal Suisse de la RTS. Pour un point de vue diff\u00e9rent, une information privil\u00e9gi\u00e9e et une meilleure compr\u00e9hension sur les enjeux qui nous entourent.", "start_date": "2026-04-27T19:30:00+00:00", "title": "Journal Suisse"}, {"desc": "Vie familiale, sentimentale, amicale, professionnelle : tous les jours, Faustine Bollaert accueille des femmes et des hommes venus t\u00e9moigner de leur parcours. Ils partagent leur exp\u00e9rience et l'enrichissent d'\u00e9changes avec d'autres t\u00e9moins.", "start_date": "2026-04-27T20:00:00+00:00", "title": "\u00c7a commence aujourd'hui"}, {"desc": "Le jeu dans lequel tout le monde peut devenir champion ; un jeu-questionnaire, des candidats, et un champion que tous r\u00eavent de d\u00e9loger.", "start_date": "2026-04-27T21:00:00+00:00", "title": "Tout le monde veut prendre sa place"}, {"desc": "Trois candidats s'affrontent sur des grilles de mots fl\u00e9ch\u00e9s qu'ils tentent de remplir en trouvant les r\u00e9ponses aux d\u00e9finitions propos\u00e9es ; mais pour avoir acc\u00e8s aux d\u00e9finitions, ils doivent d'abord r\u00e9pondre \u00e0 des questions.", "start_date": "2026-04-27T21:50:00+00:00", "title": "Slam"}, {"desc": "Les derniers d\u00e9veloppements des dossiers internationaux d'un point de vue europ\u00e9en.", "start_date": "2026-04-27T22:30:00+00:00", "title": "Le journal de France 2"}, {"desc": "Un v\u00e9ritable nid de serpents complote autour de Cl\u00e9op\u00e2tre \u00e0 la cour d'Alexandrie ; la reine va devoir \u00e9liminer tous ses ennemis, y compris au sein de sa propre famille ; pour r\u00e9gner, Cl\u00e9op\u00e2tre va s'allier avec le g\u00e9n\u00e9ral romain Marc Antoine.", "start_date": "2026-04-27T23:00:00+00:00", "title": "Cl\u00e9op\u00e2tre, \u00e0 la recherche du tombeau disparu"}, {"desc": "Avril 1867; alors qu'en apparence, l'empire fran\u00e7ais semble plus fort que jamais, il est en r\u00e9alit\u00e9 secou\u00e9 par une profonde crise politique; Napol\u00e9on III a, depuis 1860, d\u00e9cid\u00e9 de lib\u00e9raliser les institutions du pays; il se retrouve isol\u00e9.", "start_date": "2026-04-28T00:00:00+00:00", "title": "Napol\u00e9on III, le prix de l'audace"}, {"desc": "Les membres progressistes de l'\u00c9glise r\u00e9clament la fin du c\u00e9libat pour sauver les paroisses qui se vident de leurs pr\u00e9dicateurs; mais le vent de r\u00e9volte qui traverse l'\u00c9glise engendre in\u00e9vitablement des scissions.", "start_date": "2026-04-28T01:00:00+00:00", "title": "C\u00e9libat des pr\u00eatres, le spectre d'un schisme"}, {"desc": "Lucien, le mari de la passeuse dont Suzanne a pris l'identit\u00e9, est admis \u00e0 l'h\u00f4pital.", "start_date": "2026-04-28T02:00:00+00:00", "title": "Les combattantes"}, {"desc": "Invit\u00e9s et journalistes analysent les grands faits du moment, mais \u00e9galement les sujets qui font pol\u00e9miques, nous permettant ainsi de mieux comprendre l'actualit\u00e9 sociale, politique, culturelle qui rythme notre quotidien.", "start_date": "2026-04-28T03:00:00+00:00", "title": "C dans l'air"}, {"desc": "TV5 propose en exclusivit\u00e9 le Journal Afrique, un rendez-vous avec l'actualit\u00e9 panafricaine. Pour un point de vue diff\u00e9rent, une information privil\u00e9gi\u00e9e et une meilleure compr\u00e9hension sur les enjeux qui nous entourent.", "start_date": "2026-04-28T04:15:00+00:00", "title": "Journal Afrique"}, {"desc": "Le journal de TVMONACO.", "start_date": "2026-04-28T04:45:00+00:00", "title": "Journal TV Monaco"}, {"desc": "Le\u00efla Albert accueille Martine Peltre, maire du petit village d'Assenoncourt de 120 habitants, en Moselle ; l'ancienne \u00e9leveuse cuisine beaucoup ; son cr\u00e9do : le fait maison, de pr\u00e9f\u00e9rence avec les produits de son potager.", "start_date": "2026-04-28T05:15:00+00:00", "title": "C'est succulent!"}, {"desc": "La v\u00e9ritable identit\u00e9 de Violette \u00e9clate au grand jour et fait d\u00e9bat au commissariat. Manon et Nordine doivent g\u00e9rer une prise d'otage. Gilles, \u00e9mu, se confie sur son passif.", "start_date": "2026-04-28T05:45:00+00:00", "title": "Demain nous appartient"}, {"desc": "La prise d'otage se d\u00e9roule sous haute tension, Manon commet une erreur qui met des vies en danger. B\u00e9n\u00e9dicte interf\u00e8re dans la vie amoureuse de son fils.", "start_date": "2026-04-28T06:20:00+00:00", "title": "Demain nous appartient"}, {"desc": "William a \u00e9t\u00e9 renvers\u00e9 par un individu bien connu des services de police. Nathan sort le grand jeu pour s\u00e9duire Luna. La famille Roussel met les petits plats dans les grands pour accueillir Violette.", "start_date": "2026-04-28T06:50:00+00:00", "title": "Demain nous appartient"}, {"desc": "Les probl\u00e8mes de sant\u00e9 de Bruno s'aggravent, Nathan se sent coupable. Gilles se confie sur son pass\u00e9. Gabriel est aux petits soins pour Soraya, charg\u00e9e d'une affaire m\u00e9diatis\u00e9e.", "start_date": "2026-04-28T07:25:00+00:00", "title": "Demain nous appartient"}, {"desc": "Les travaux commencent au Costa Rica: Adriano et Deniz ne sont pas au bout de leurs peines; en France, la ferme des Aubiers appartient d\u00e9sormais aux Wieser: leur fils fait sa rentr\u00e9e scolaire.", "start_date": "2026-04-28T08:00:00+00:00", "title": "Bye Bye la Suisse"}, {"desc": "Le\u00efla Albert accueille Martine Peltre, maire du petit village d'Assenoncourt de 120 habitants, en Moselle ; l'ancienne \u00e9leveuse cuisine beaucoup ; son cr\u00e9do : le fait maison, de pr\u00e9f\u00e9rence avec les produits de son potager.", "start_date": "2026-04-28T09:00:00+00:00", "title": "C'est succulent!"}, {"desc": "Dans la Dr\u00f4me, Carine Teyssandier d\u00e9couvre la fabrication traditionnelle du picodon, ce c\u00e9l\u00e8bre petit fromage de ch\u00e8vre qui pique.", "start_date": "2026-04-28T09:30:00+00:00", "title": "Nos terres gourmandes en balade"}, {"desc": "Les Zafimaniry vivent dans les montagnes du sud-est de Madagascar et sont r\u00e9put\u00e9s pour leur ma\u00eetrise de la sculpture sur bois.", "start_date": "2026-04-28T10:00:00+00:00", "title": "Peuples des sommets"}, {"desc": "Guy Jodoin et Bruno Blanchet d\u00e9couvrent les Maldives avec curiosit\u00e9 et humour, entre luxe \u00e9coresponsable, plong\u00e9e en sous-marin, culture urbaine, traditions insulaires et engagement \u00e9cologique.", "start_date": "2026-04-28T11:00:00+00:00", "title": "Partir autrement entre amis"}, {"desc": "Elon Musk divise et d\u00e9stabilise ses propres affaires, \u00e0 commencer par Tesla. Chahut\u00e9e en bourse, la marque automobile voit ses ventes reculer fortement depuis le d\u00e9but de l'ann\u00e9e et fait aussi face \u00e0 une forte concurrence europ\u00e9enne et chinoise.", "start_date": "2026-04-28T12:00:00+00:00", "title": "Basik"}, {"desc": "Pour un point de vue diff\u00e9rent, un regard \u00e9largi, une nouvelle intelligente et une information privil\u00e9gi\u00e9e. Chaque jour, pour compl\u00e9ter le portrait de l'info francophone, TV5 propose en exclusivit\u00e9 le Journal belge de la RTBF.", "start_date": "2026-04-28T12:30:00+00:00", "title": "Journal Belge"}, {"desc": "Vie familiale, sentimentale, amicale, professionnelle : tous les jours, Faustine Bollaert accueille des femmes et des hommes venus t\u00e9moigner de leur parcours. Ils partagent leur exp\u00e9rience et l'enrichissent d'\u00e9changes avec d'autres t\u00e9moins.", "start_date": "2026-04-28T13:00:00+00:00", "title": "\u00c7a commence aujourd'hui"}, {"desc": "Le jeu dans lequel tout le monde peut devenir champion ; un jeu-questionnaire, des candidats, et un champion que tous r\u00eavent de d\u00e9loger.", "start_date": "2026-04-28T14:00:00+00:00", "title": "Tout le monde veut prendre sa place"}, {"desc": "Invit\u00e9s et journalistes analysent les grands faits du moment, mais \u00e9galement les sujets qui font pol\u00e9miques, nous permettant ainsi de mieux comprendre l'actualit\u00e9 sociale, politique, culturelle qui rythme notre quotidien.", "start_date": "2026-04-28T14:50:00+00:00", "title": "C dans l'air"}, {"desc": "Le nouveau rendez-vous de l'information et de la culture francophone.", "start_date": "2026-04-28T16:00:00+00:00", "title": "64', le monde en fran\u00e7ais"}, {"desc": "Les vacanciers commencent \u00e0 recouper les pistes. Thelma en d\u00e9couvre de plus en plus sur Gary. Le restaurant \u00e9ph\u00e9m\u00e8re de Vic et Enzo est victime de son succ\u00e8s.", "start_date": "2026-04-28T17:05:00+00:00", "title": "Ici tout commence"}, {"desc": "Pour Jasmine, Jim et Carla, le cauchemar touche \u00e0 sa fin. \u00c0 l'Institut, Lionel r\u00e8gle ses comptes. Billie sauve Enzo et Vic.", "start_date": "2026-04-28T17:40:00+00:00", "title": "Ici tout commence"}, {"desc": "Jasmine s'embarque dans des retrouvailles improbables. \u00c0 d\u00e9faut de garde-malade, Lionel devient entra\u00eeneur. Au d\u00e9sespoir de Souleymane, Antoine a du mal \u00e0 couper le cordon.", "start_date": "2026-04-28T18:20:00+00:00", "title": "Ici tout commence"}, {"desc": "Paul, Rose, Jim et B\u00e9r\u00e9nice s'engagent dans un jeu de piste g\u00e9ant. Kelly pourrit la vie de Stanislas. De son c\u00f4t\u00e9, Antoine lance accidentellement une rumeur.", "start_date": "2026-04-28T18:55:00+00:00", "title": "Ici tout commence"}, {"desc": "Pour compl\u00e9ter le portrait de l'information francophone, on propose le Journal Suisse de la RTS. Pour un point de vue diff\u00e9rent, une information privil\u00e9gi\u00e9e et une meilleure compr\u00e9hension sur les enjeux qui nous entourent.", "start_date": "2026-04-28T19:30:00+00:00", "title": "Journal Suisse"}, {"desc": "Vie familiale, sentimentale, amicale, professionnelle : tous les jours, Faustine Bollaert accueille des femmes et des hommes venus t\u00e9moigner de leur parcours. Ils partagent leur exp\u00e9rience et l'enrichissent d'\u00e9changes avec d'autres t\u00e9moins.", "start_date": "2026-04-28T20:00:00+00:00", "title": "\u00c7a commence aujourd'hui"}, {"desc": "Le jeu dans lequel tout le monde peut devenir champion ; un jeu-questionnaire, des candidats, et un champion que tous r\u00eavent de d\u00e9loger.", "start_date": "2026-04-28T21:00:00+00:00", "title": "Tout le monde veut prendre sa place"}, {"desc": "Trois candidats s'affrontent sur des grilles de mots fl\u00e9ch\u00e9s qu'ils tentent de remplir en trouvant les r\u00e9ponses aux d\u00e9finitions propos\u00e9es ; mais pour avoir acc\u00e8s aux d\u00e9finitions, ils doivent d'abord r\u00e9pondre \u00e0 des questions.", "start_date": "2026-04-28T21:50:00+00:00", "title": "Slam"}, {"desc": "Les derniers d\u00e9veloppements des dossiers internationaux d'un point de vue europ\u00e9en.", "start_date": "2026-04-28T22:30:00+00:00", "title": "Le journal de France 2"}, {"desc": "Au nord du Kenya, Lucas plonge dans le quotidien des Samburu. \u00c9levage, vie nomade, survie en milieu aride et rites ancestraux rythment l'existence d'un peuple fa\u00e7onn\u00e9 par la s\u00e9cheresse.", "start_date": "2026-04-28T23:00:00+00:00", "title": "Les vivalistes"}, {"desc": "Sur plus de deux mille kilom\u00e8tres, de la Namibie \u00e0 l'Afrique du Sud, les dunes du Namib, le plus vieux d\u00e9sert du monde, se jettent dans l'Atlantique. Sur ce littoral, les otaries sont victimes de la pollution marine et de la p\u00eache. Diego Bu\u00f1uel tente de leur venir en aide.", "start_date": "2026-04-29T00:00:00+00:00", "title": "Thalassa, aventures extr\u00eames"}], "offset": "+00:00", "timezone": "UTC", "error_code": -1, "start_date": "2026-04-27", "icon": ""}