{"end_date": "2026-09-03", "name": "TV 5 Qu\u00e9bec Canada HD", "info_url": "https://epg.pw/channels/470795/20260901.html", "country": "Canada", "description": null, "error_message": "", "provider": "", "source_url": "https://epg.pw/api/epg.json?channel_id=470795&date=20260901&timezone=None", "epg_list": [{"desc": "Comment et pourquoi est n\u00e9e Montr\u00e9al. Les r\u00e9ponses se trouvent dans un manuscrit du XVIIe si\u00e8cle qui, de toute \u00e9vidence, serait les m\u00e9moires cach\u00e9s de Jeanne Mance.", "start_date": "2026-09-01T00:00:00+00:00", "title": "La ville d'un r\u00eave"}, {"desc": "R\u00e9alis\u00e9e au 14e si\u00e8cle, la tapisserie de l'Apocalypse est le plus important ensemble de tentures m\u00e9di\u00e9vales au monde; l'oeuvre cr\u00e9\u00e9e par Hennequin de Bruges est inscrite au registre international M\u00e9moire du monde de l'UNESCO.", "start_date": "2026-09-01T01:35:00+00:00", "title": "La folle histoire de l'Apocalypse"}, {"desc": "Invit\u00e9s et journalistes analysent les grands faits du moment, mais \u00e9galement les sujets qui font pol\u00e9miques, nous permettant ainsi de mieux comprendre l'actualit\u00e9 sociale, politique, culturelle qui rythme notre quotidien.", "start_date": "2026-09-01T03:00:00+00:00", "title": "C dans l'air"}, {"desc": "TV5 propose en exclusivit\u00e9 le Journal Afrique, un rendez-vous avec l'actualit\u00e9 panafricaine. Pour un point de vue diff\u00e9rent, une information privil\u00e9gi\u00e9e et une meilleure compr\u00e9hension sur les enjeux qui nous entourent.", "start_date": "2026-09-01T04:15:00+00:00", "title": "Journal Afrique"}, {"desc": "Le journal de TV MONACO.", "start_date": "2026-09-01T04:45:00+00:00", "title": "Journal TV Monaco"}, {"desc": "Le\u00efla Albert accueille Martine Peltre, maire du petit village d'Assenoncourt de 120 habitants, en Moselle ; l'ancienne \u00e9leveuse cuisine beaucoup ; son cr\u00e9do : le fait maison, de pr\u00e9f\u00e9rence avec les produits de son potager.", "start_date": "2026-09-01T05:15:00+00:00", "title": "C'est succulent!"}, {"desc": "Le moment est venu pour l'ultime confrontation entre les jumelles. Une s\u00e9ance de sport trouble Georges. Nathan tente de retenir son amie pr\u00e8s de lui.", "start_date": "2026-09-01T05:45:00+00:00", "title": "Demain nous appartient"}, {"desc": "La culpabilit\u00e9 hante Bart. La r\u00e9alit\u00e9 rattrape son couple. Bastien est au coeur de questionnements. Georges se m\u00e9prend et M\u00e9lody tire des conclusions.", "start_date": "2026-09-01T06:20:00+00:00", "title": "Demain nous appartient"}, {"desc": "Bastien commence ses premiers traitements; une enqu\u00eate d\u00e9voile un nouveau suspect; Chlo\u00e9 est pr\u00eate pour une nouvelle vie; un habitant fait son grand retour!", "start_date": "2026-09-01T06:50:00+00:00", "title": "Demain nous appartient"}, {"desc": "John est au centre des interrogations. Benjamin lui r\u00e9v\u00e8le une information capitale. Nathan se prend le bec avec un \u00e9trange oiseau. Victor signe un nouvel accord.", "start_date": "2026-09-01T07:25:00+00:00", "title": "Demain nous appartient"}, {"desc": "Nus et sans argent, Nans et Mouts partent de Limoux, dans l'Aude, avec le r\u00eave de rejoindre la Dordogne et d'y organiser un rassemblement pour c\u00e9l\u00e9brer les grands-m\u00e8res; en chemin, ils ont l'id\u00e9e de fabriquer un four.", "start_date": "2026-09-01T08:00:00+00:00", "title": "Nus et culott\u00e9s"}, {"desc": "Le\u00efla Albert accueille Martine Peltre, maire du petit village d'Assenoncourt de 120 habitants, en Moselle ; l'ancienne \u00e9leveuse cuisine beaucoup ; son cr\u00e9do : le fait maison, de pr\u00e9f\u00e9rence avec les produits de son potager.", "start_date": "2026-09-01T09:00:00+00:00", "title": "C'est succulent!"}, {"desc": "Carinne Teyssandier se rend dans un march\u00e9 de la r\u00e9gion Auvergne-Rh\u00f4ne-Alpes, point de d\u00e9part d'un circuit gourmand \u00e0 la d\u00e9couverte des sp\u00e9cialit\u00e9s locales d'un microterritoire, elle rencontre les acteurs qui dynamisent la r\u00e9gion.", "start_date": "2026-09-01T09:30:00+00:00", "title": "Nos terres gourmandes"}, {"desc": "Les bidonvilles de Dacca d\u00e9bordent de r\u00e9fugi\u00e9s climatiques victimes de catastrophes naturelles au sein de leur propre pays; dans le sud, l'\u00e9l\u00e9vation du niveau de la mer force les agriculteurs \u00e0 se r\u00e9inventer ou \u00e0 d\u00e9velopper de nouvelles techniques.", "start_date": "2026-09-01T10:00:00+00:00", "title": "Climat d'urgence"}, {"desc": "Pier-Luc Funk et Antoine Pilon d\u00e9couvrent la r\u00e9gion de Ouarzazate, au Maroc, endroit qui leur r\u00e9serve des rencontres inoubliables, des aventures \u00e0 l'image de leurs r\u00eaves d'enfants et des exp\u00e9riences \u00e9picuriennes qui donnent l'eau \u00e0 la bouche.", "start_date": "2026-09-01T11:00:00+00:00", "title": "Partir autrement entre amis"}, {"desc": "Le cours de l'or atteint des sommets, ce qui pousse de plus en plus de gens \u00e0 vendre bijoux, montres, voire m\u00eame lingots; les Suisses sont tr\u00e8s attach\u00e9s au m\u00e9tal pr\u00e9cieux: les priv\u00e9s n'en poss\u00e9deraient pas moins de 200 tonnes!", "start_date": "2026-09-01T12:00:00+00:00", "title": "Basik"}, {"desc": "Pour un point de vue diff\u00e9rent, un regard \u00e9largi, une nouvelle intelligente et une information privil\u00e9gi\u00e9e. Chaque jour, pour compl\u00e9ter le portrait de l'info francophone, TV5 propose en exclusivit\u00e9 le Journal belge de la RTBF.", "start_date": "2026-09-01T12:30:00+00:00", "title": "Journal Belge"}, {"desc": "On nage avec les dauphins dans les eaux turquoise du large de Saint-Gilles-les-Bains, on fait une randonn\u00e9e autour du Piton de la Fournaise, volcan toujours en activit\u00e9, ou l'on explore l'une des derni\u00e8res for\u00eats primaires au monde.", "start_date": "2026-09-01T13:00:00+00:00", "title": "Les 100 lieux qu'il faut voir"}, {"desc": "Le jeu dans lequel tout le monde peut devenir champion ; un jeu-questionnaire, des candidats, et un champion que tous r\u00eavent de d\u00e9loger.", "start_date": "2026-09-01T14:00:00+00:00", "title": "Tout le monde veut prendre sa place"}, {"desc": "Invit\u00e9s et journalistes analysent les grands faits du moment, mais \u00e9galement les sujets qui font pol\u00e9miques, nous permettant ainsi de mieux comprendre l'actualit\u00e9 sociale, politique, culturelle qui rythme notre quotidien.", "start_date": "2026-09-01T14:50:00+00:00", "title": "C dans l'air"}, {"desc": "Le nouveau rendez-vous de l'information et de la culture francophone.", "start_date": "2026-09-01T16:00:00+00:00", "title": "64', le monde en fran\u00e7ais"}, {"desc": "Teyssier oblige Ana\u00efs \u00e0 avoir une confiance aveugle en lui. \u00c0 l'Atelier, il est temps pour Jude de passer le flambeau. En cuisine, Alice fait un scandale.", "start_date": "2026-09-01T17:05:00+00:00", "title": "Ici tout commence"}, {"desc": "Au Double A, Milan met le feu aux poudres. Pour faire leurs preuves, les \u00e9l\u00e8ves du Master n'ont pas froid aux yeux! En cours de p\u00e2tisserie, Gaspard devient une cr\u00e8me.", "start_date": "2026-09-01T17:35:00+00:00", "title": "Ici tout commence"}, {"desc": "Ana\u00efs laisse sa casserole d\u00e9border. De son c\u00f4t\u00e9, Coline se met dans la panade. Alice d\u00e9couvre quelque chose qui pourrait bien lui changer la vie.", "start_date": "2026-09-01T18:10:00+00:00", "title": "Ici tout commence"}, {"desc": "Ana\u00efs et Milan forment un cocktail explosif! Lors du cours de Teyssier, Thelma fait face \u00e0 une puissante crise identitaire. Rose retrouve un vieil ami.", "start_date": "2026-09-01T18:40:00+00:00", "title": "Ici tout commence"}, {"desc": "Pour compl\u00e9ter le portrait de l'information francophone, on propose le Journal Suisse de la RTS. Pour un point de vue diff\u00e9rent, une information privil\u00e9gi\u00e9e et une meilleure compr\u00e9hension sur les enjeux qui nous entourent.", "start_date": "2026-09-01T19:30:00+00:00", "title": "Journal Suisse"}, {"desc": "Aux fronti\u00e8res de Paris, le d\u00e9partement de l'Oise accueille des bijoux d'architecture; le somptueux domaine de Chantilly, enti\u00e8rement reconstruit par le duc d'Aumale au 19e si\u00e8cle, a \u00e9t\u00e9 transform\u00e9 en un fabuleux \u00e9crin de collections.", "start_date": "2026-09-01T20:00:00+00:00", "title": "Les 100 lieux qu'il faut voir"}, {"desc": "Le jeu dans lequel tout le monde peut devenir champion ; un jeu-questionnaire, des candidats, et un champion que tous r\u00eavent de d\u00e9loger.", "start_date": "2026-09-01T21:00:00+00:00", "title": "Tout le monde veut prendre sa place"}, {"desc": "Trois candidats s'affrontent sur des grilles de mots fl\u00e9ch\u00e9s qu'ils tentent de remplir en trouvant les r\u00e9ponses aux d\u00e9finitions propos\u00e9es ; mais pour avoir acc\u00e8s aux d\u00e9finitions, ils doivent d'abord r\u00e9pondre \u00e0 des questions.", "start_date": "2026-09-01T21:50:00+00:00", "title": "Slam"}, {"desc": "Les derniers d\u00e9veloppements des dossiers internationaux d'un point de vue europ\u00e9en.", "start_date": "2026-09-01T22:30:00+00:00", "title": "Le journal de France 2"}, {"desc": "Entre plong\u00e9es avec des requins, science, p\u00eache et conservation, Mario et Marie-Pier explorent la relation complexe entre humains et requins en Afrique du Sud.", "start_date": "2026-09-01T23:00:00+00:00", "title": "M\u00e9tiers des profondeurs"}, {"desc": "L\u00e9o Urban se rend au Qu\u00e9bec pour r\u00e9pondre \u00e0 l'appel d'un gardien du territoire Innu, qui cherche \u00e0 pr\u00e9server ses terres face \u00e0 l'une des plus grandes industries du bois au monde.", "start_date": "2026-09-02T00:00:00+00:00", "title": "L'enfant de la for\u00eat"}, {"desc": "Hydrobiologiste et photographe subaquatique, Anne-C\u00e9cile Monnier part \u00e0 la recherche des ouassous, myst\u00e9rieuses crevettes des rivi\u00e8res guadeloup\u00e9ennes. Ces crustac\u00e9s d'eau douce, remarquables par leur agilit\u00e9, fascinent les chercheurs.", "start_date": "2026-09-02T01:00:00+00:00", "title": "Au fil de l'eau"}, {"desc": "Roxane s'inqui\u00e8te de la disparition de Rudy; enlev\u00e9 et s\u00e9questr\u00e9 par les Boutaleb, il tente de s'\u00e9chapper; Bilal d\u00e9couvre son garage incendi\u00e9: rien ne peut en sortir pendant l'enqu\u00eate; or, Karim exige de r\u00e9cup\u00e9rer la voiture-cache.", "start_date": "2026-09-02T02:00:00+00:00", "title": "66-5"}, {"desc": "Invit\u00e9s et journalistes analysent les grands faits du moment, mais \u00e9galement les sujets qui font pol\u00e9miques, nous permettant ainsi de mieux comprendre l'actualit\u00e9 sociale, politique, culturelle qui rythme notre quotidien.", "start_date": "2026-09-02T03:00:00+00:00", "title": "C dans l'air"}, {"desc": "TV5 propose en exclusivit\u00e9 le Journal Afrique, un rendez-vous avec l'actualit\u00e9 panafricaine. Pour un point de vue diff\u00e9rent, une information privil\u00e9gi\u00e9e et une meilleure compr\u00e9hension sur les enjeux qui nous entourent.", "start_date": "2026-09-02T04:15:00+00:00", "title": "Journal Afrique"}, {"desc": "Le journal de TV MONACO.", "start_date": "2026-09-02T04:45:00+00:00", "title": "Journal TV Monaco"}, {"desc": "Quand on dit Suisse et logement, on pense chalet. On va \u00e9galement explorer des maisons et des appartements compl\u00e8tement dingues. Et puis, on ira au sous-sol, car ici, chaque habitation poss\u00e8de son abri antiatomique.", "start_date": "2026-09-02T05:15:00+00:00", "title": "Le miracle suisse"}, {"desc": "De son enfance dans Paris occup\u00e9 jusqu'\u00e0 ses frasques des ann\u00e9es 1980, la vie et la carri\u00e8re fabuleuse de Serge Gainsbourg, fils d'immigr\u00e9s russes, devenu un monstre sacr\u00e9 de la chanson fran\u00e7aise.", "start_date": "2026-09-02T05:45:00+00:00", "title": "Gainsbourg (Vie h\u00e9ro\u00efque)"}, {"desc": "Nus et sans argent, Nans et Mouts partent de Limoux, dans l'Aude, avec le r\u00eave de rejoindre la Dordogne et d'y organiser un rassemblement pour c\u00e9l\u00e9brer les grands-m\u00e8res; en chemin, ils ont l'id\u00e9e de fabriquer un four.", "start_date": "2026-09-02T08:00:00+00:00", "title": "Nus et culott\u00e9s"}, {"desc": "Quand on dit Suisse et logement, on pense chalet. On va \u00e9galement explorer des maisons et des appartements compl\u00e8tement dingues. Et puis, on ira au sous-sol, car ici, chaque habitation poss\u00e8de son abri antiatomique.", "start_date": "2026-09-02T09:00:00+00:00", "title": "Le miracle suisse"}, {"desc": "Le cours de l'or atteint des sommets, ce qui pousse de plus en plus de gens \u00e0 vendre bijoux, montres, voire m\u00eame lingots; les Suisses sont tr\u00e8s attach\u00e9s au m\u00e9tal pr\u00e9cieux: les priv\u00e9s n'en poss\u00e9deraient pas moins de 200 tonnes!", "start_date": "2026-09-02T09:30:00+00:00", "title": "Basik"}, {"desc": "Pier-Luc Funk et Antoine Pilon d\u00e9couvrent la r\u00e9gion de Ouarzazate, au Maroc, endroit qui leur r\u00e9serve des rencontres inoubliables, des aventures \u00e0 l'image de leurs r\u00eaves d'enfants et des exp\u00e9riences \u00e9picuriennes qui donnent l'eau \u00e0 la bouche.", "start_date": "2026-09-02T10:00:00+00:00", "title": "Partir autrement entre amis"}, {"desc": "Claudia se rend \u00e0 C\u00f3rdoba, en Argentine, pour d\u00e9couvrir l'histoire touchante de Kai Pacha et Estanislao, un puma aveugle qu'elle a \u00e9lev\u00e9 et avec qui elle entretient une relation unique.", "start_date": "2026-09-02T11:00:00+00:00", "title": "Connexion sauvage"}, {"desc": "Coralie et \u00c9l\u00e9onore ont investi un ancien h\u00f4tel datant du 20e si\u00e8cle, pr\u00e8s de Reims, pour en faire leur maison de campagne partag\u00e9e.", "start_date": "2026-09-02T12:00:00+00:00", "title": "Cosy, le mag d\u00e9co"}, {"desc": "Pour un point de vue diff\u00e9rent, un regard \u00e9largi, une nouvelle intelligente et une information privil\u00e9gi\u00e9e. Chaque jour, pour compl\u00e9ter le portrait de l'info francophone, TV5 propose en exclusivit\u00e9 le Journal belge de la RTBF.", "start_date": "2026-09-02T12:30:00+00:00", "title": "Journal Belge"}, {"desc": "Aux fronti\u00e8res de Paris, le d\u00e9partement de l'Oise accueille des bijoux d'architecture; le somptueux domaine de Chantilly, enti\u00e8rement reconstruit par le duc d'Aumale au 19e si\u00e8cle, a \u00e9t\u00e9 transform\u00e9 en un fabuleux \u00e9crin de collections.", "start_date": "2026-09-02T13:00:00+00:00", "title": "Les 100 lieux qu'il faut voir"}, {"desc": "Le jeu dans lequel tout le monde peut devenir champion ; un jeu-questionnaire, des candidats, et un champion que tous r\u00eavent de d\u00e9loger.", "start_date": "2026-09-02T14:00:00+00:00", "title": "Tout le monde veut prendre sa place"}, {"desc": "Invit\u00e9s et journalistes analysent les grands faits du moment, mais \u00e9galement les sujets qui font pol\u00e9miques, nous permettant ainsi de mieux comprendre l'actualit\u00e9 sociale, politique, culturelle qui rythme notre quotidien.", "start_date": "2026-09-02T14:50:00+00:00", "title": "C dans l'air"}, {"desc": "Le nouveau rendez-vous de l'information et de la culture francophone.", "start_date": "2026-09-02T16:00:00+00:00", "title": "64', le monde en fran\u00e7ais"}, {"desc": "M\u00eame si sa plainte a \u00e9t\u00e9 class\u00e9e, Kira ne compte pas baisser les bras. Catherine, elle, en veut \u00e0 Muriel d'avoir entra\u00een\u00e9 Boris dans sa chute.", "start_date": "2026-09-02T17:05:00+00:00", "title": "Un si grand soleil"}, {"desc": "Alors qu'Alix n'arrive pas \u00e0 tirer un trait sur Lucas, Eve d\u00e9clare la guerre \u00e0 Muriel.", "start_date": "2026-09-02T17:35:00+00:00", "title": "Un si grand soleil"}, {"desc": "Kira compte raconter son histoire au journal. En ce qui concerne l'enqu\u00eate, un nouvel \u00e9l\u00e9ment change la donne pour Muriel.", "start_date": "2026-09-02T18:00:00+00:00", "title": "Un si grand soleil"}, {"desc": "Lucas pr\u00e9pare une grosse surprise \u00e0 Emma. De son c\u00f4t\u00e9, Eve soup\u00e7onne Muriel d'en savoir plus sur l'enqu\u00eate qu'elle ne le dit.", "start_date": "2026-09-02T18:30:00+00:00", "title": "Un si grand soleil"}, {"desc": "Kira peine \u00e0 faire valoir son article au sein de la r\u00e9daction. Quant \u00e0 Muriel, elle est pr\u00eate \u00e0 prendre de gros risques pour sauver Boris.", "start_date": "2026-09-02T19:00:00+00:00", "title": "Un si grand soleil"}, {"desc": "Pour compl\u00e9ter le portrait de l'information francophone, on propose le Journal Suisse de la RTS. Pour un point de vue diff\u00e9rent, une information privil\u00e9gi\u00e9e et une meilleure compr\u00e9hension sur les enjeux qui nous entourent.", "start_date": "2026-09-02T19:30:00+00:00", "title": "Journal Suisse"}, {"desc": "Embl\u00e8me de la cha\u00eene des Puys, des volcans endormis depuis 11 000 ans, le Puy-de-D\u00f4me est l'un des endroits fran\u00e7ais les plus r\u00e9put\u00e9s parmi les adeptes du parapente qui aiment se jeter dans le vide sous l'oeil impressionn\u00e9 des visiteurs de passage.", "start_date": "2026-09-02T20:00:00+00:00", "title": "Les 100 lieux qu'il faut voir"}, {"desc": "Le jeu dans lequel tout le monde peut devenir champion ; un jeu-questionnaire, des candidats, et un champion que tous r\u00eavent de d\u00e9loger.", "start_date": "2026-09-02T21:00:00+00:00", "title": "Tout le monde veut prendre sa place"}, {"desc": "Trois candidats s'affrontent sur des grilles de mots fl\u00e9ch\u00e9s qu'ils tentent de remplir en trouvant les r\u00e9ponses aux d\u00e9finitions propos\u00e9es ; mais pour avoir acc\u00e8s aux d\u00e9finitions, ils doivent d'abord r\u00e9pondre \u00e0 des questions.", "start_date": "2026-09-02T21:50:00+00:00", "title": "Slam"}, {"desc": "Les derniers d\u00e9veloppements des dossiers internationaux d'un point de vue europ\u00e9en.", "start_date": "2026-09-02T22:30:00+00:00", "title": "Le journal de France 2"}, {"desc": "Bien plus qu'une simple comp\u00e9tition sportive, le Tour de France est un mythe national, une f\u00eate populaire et un symbole de la culture fran\u00e7aise. \u00c0 travers le r\u00e9cit de Christian Laborde, retour sur la plus grande course cycliste du monde.", "start_date": "2026-09-02T23:00:00+00:00", "title": "Dictionnaire amoureux"}, {"desc": "La vie n'est pas simple pour Val\u00e9rie et Saman; la conseill\u00e8re en investissement travaille beaucoup et le sportif de l'extr\u00eame part seul dans les montagnes valaisannes; \u00e0 Salvador de Bahia au Br\u00e9sil, Alain se marie avec Reyce dans une villa de luxe.", "start_date": "2026-09-03T00:00:00+00:00", "title": "60 jours pour se marier"}], "offset": "+00:00", "timezone": "UTC", "error_code": -1, "start_date": "2026-09-01", "icon": ""}