{"end_date": "2026-09-04", "name": "TV 5 Qu\u00e9bec Canada HD", "info_url": "https://epg.pw/channels/470795/20260902.html", "country": "Canada", "description": null, "error_message": "", "provider": "", "source_url": "https://epg.pw/api/epg.json?channel_id=470795&date=20260902&timezone=None", "epg_list": [{"desc": "L\u00e9o Urban se rend au Qu\u00e9bec pour r\u00e9pondre \u00e0 l'appel d'un gardien du territoire Innu, qui cherche \u00e0 pr\u00e9server ses terres face \u00e0 l'une des plus grandes industries du bois au monde.", "start_date": "2026-09-02T00:00:00+00:00", "title": "L'enfant de la for\u00eat"}, {"desc": "Hydrobiologiste et photographe subaquatique, Anne-C\u00e9cile Monnier part \u00e0 la recherche des ouassous, myst\u00e9rieuses crevettes des rivi\u00e8res guadeloup\u00e9ennes. Ces crustac\u00e9s d'eau douce, remarquables par leur agilit\u00e9, fascinent les chercheurs.", "start_date": "2026-09-02T01:00:00+00:00", "title": "Au fil de l'eau"}, {"desc": "Roxane s'inqui\u00e8te de la disparition de Rudy; enlev\u00e9 et s\u00e9questr\u00e9 par les Boutaleb, il tente de s'\u00e9chapper; Bilal d\u00e9couvre son garage incendi\u00e9: rien ne peut en sortir pendant l'enqu\u00eate; or, Karim exige de r\u00e9cup\u00e9rer la voiture-cache.", "start_date": "2026-09-02T02:00:00+00:00", "title": "66-5"}, {"desc": "Invit\u00e9s et journalistes analysent les grands faits du moment, mais \u00e9galement les sujets qui font pol\u00e9miques, nous permettant ainsi de mieux comprendre l'actualit\u00e9 sociale, politique, culturelle qui rythme notre quotidien.", "start_date": "2026-09-02T03:00:00+00:00", "title": "C dans l'air"}, {"desc": "TV5 propose en exclusivit\u00e9 le Journal Afrique, un rendez-vous avec l'actualit\u00e9 panafricaine. Pour un point de vue diff\u00e9rent, une information privil\u00e9gi\u00e9e et une meilleure compr\u00e9hension sur les enjeux qui nous entourent.", "start_date": "2026-09-02T04:15:00+00:00", "title": "Journal Afrique"}, {"desc": "Le journal de TV MONACO.", "start_date": "2026-09-02T04:45:00+00:00", "title": "Journal TV Monaco"}, {"desc": "Quand on dit Suisse et logement, on pense chalet. On va \u00e9galement explorer des maisons et des appartements compl\u00e8tement dingues. Et puis, on ira au sous-sol, car ici, chaque habitation poss\u00e8de son abri antiatomique.", "start_date": "2026-09-02T05:15:00+00:00", "title": "Le miracle suisse"}, {"desc": "De son enfance dans Paris occup\u00e9 jusqu'\u00e0 ses frasques des ann\u00e9es 1980, la vie et la carri\u00e8re fabuleuse de Serge Gainsbourg, fils d'immigr\u00e9s russes, devenu un monstre sacr\u00e9 de la chanson fran\u00e7aise.", "start_date": "2026-09-02T05:45:00+00:00", "title": "Gainsbourg (Vie h\u00e9ro\u00efque)"}, {"desc": "Nus et sans argent, Nans et Mouts partent de Limoux, dans l'Aude, avec le r\u00eave de rejoindre la Dordogne et d'y organiser un rassemblement pour c\u00e9l\u00e9brer les grands-m\u00e8res; en chemin, ils ont l'id\u00e9e de fabriquer un four.", "start_date": "2026-09-02T08:00:00+00:00", "title": "Nus et culott\u00e9s"}, {"desc": "Quand on dit Suisse et logement, on pense chalet. On va \u00e9galement explorer des maisons et des appartements compl\u00e8tement dingues. Et puis, on ira au sous-sol, car ici, chaque habitation poss\u00e8de son abri antiatomique.", "start_date": "2026-09-02T09:00:00+00:00", "title": "Le miracle suisse"}, {"desc": "Le cours de l'or atteint des sommets, ce qui pousse de plus en plus de gens \u00e0 vendre bijoux, montres, voire m\u00eame lingots; les Suisses sont tr\u00e8s attach\u00e9s au m\u00e9tal pr\u00e9cieux: les priv\u00e9s n'en poss\u00e9deraient pas moins de 200 tonnes!", "start_date": "2026-09-02T09:30:00+00:00", "title": "Basik"}, {"desc": "Pier-Luc Funk et Antoine Pilon d\u00e9couvrent la r\u00e9gion de Ouarzazate, au Maroc, endroit qui leur r\u00e9serve des rencontres inoubliables, des aventures \u00e0 l'image de leurs r\u00eaves d'enfants et des exp\u00e9riences \u00e9picuriennes qui donnent l'eau \u00e0 la bouche.", "start_date": "2026-09-02T10:00:00+00:00", "title": "Partir autrement entre amis"}, {"desc": "Claudia se rend \u00e0 C\u00f3rdoba, en Argentine, pour d\u00e9couvrir l'histoire touchante de Kai Pacha et Estanislao, un puma aveugle qu'elle a \u00e9lev\u00e9 et avec qui elle entretient une relation unique.", "start_date": "2026-09-02T11:00:00+00:00", "title": "Connexion sauvage"}, {"desc": "Coralie et \u00c9l\u00e9onore ont investi un ancien h\u00f4tel datant du 20e si\u00e8cle, pr\u00e8s de Reims, pour en faire leur maison de campagne partag\u00e9e.", "start_date": "2026-09-02T12:00:00+00:00", "title": "Cosy, le mag d\u00e9co"}, {"desc": "Pour un point de vue diff\u00e9rent, un regard \u00e9largi, une nouvelle intelligente et une information privil\u00e9gi\u00e9e. Chaque jour, pour compl\u00e9ter le portrait de l'info francophone, TV5 propose en exclusivit\u00e9 le Journal belge de la RTBF.", "start_date": "2026-09-02T12:30:00+00:00", "title": "Journal Belge"}, {"desc": "Aux fronti\u00e8res de Paris, le d\u00e9partement de l'Oise accueille des bijoux d'architecture; le somptueux domaine de Chantilly, enti\u00e8rement reconstruit par le duc d'Aumale au 19e si\u00e8cle, a \u00e9t\u00e9 transform\u00e9 en un fabuleux \u00e9crin de collections.", "start_date": "2026-09-02T13:00:00+00:00", "title": "Les 100 lieux qu'il faut voir"}, {"desc": "Le jeu dans lequel tout le monde peut devenir champion ; un jeu-questionnaire, des candidats, et un champion que tous r\u00eavent de d\u00e9loger.", "start_date": "2026-09-02T14:00:00+00:00", "title": "Tout le monde veut prendre sa place"}, {"desc": "Invit\u00e9s et journalistes analysent les grands faits du moment, mais \u00e9galement les sujets qui font pol\u00e9miques, nous permettant ainsi de mieux comprendre l'actualit\u00e9 sociale, politique, culturelle qui rythme notre quotidien.", "start_date": "2026-09-02T14:50:00+00:00", "title": "C dans l'air"}, {"desc": "Le nouveau rendez-vous de l'information et de la culture francophone.", "start_date": "2026-09-02T16:00:00+00:00", "title": "64', le monde en fran\u00e7ais"}, {"desc": "M\u00eame si sa plainte a \u00e9t\u00e9 class\u00e9e, Kira ne compte pas baisser les bras. Catherine, elle, en veut \u00e0 Muriel d'avoir entra\u00een\u00e9 Boris dans sa chute.", "start_date": "2026-09-02T17:05:00+00:00", "title": "Un si grand soleil"}, {"desc": "Alors qu'Alix n'arrive pas \u00e0 tirer un trait sur Lucas, Eve d\u00e9clare la guerre \u00e0 Muriel.", "start_date": "2026-09-02T17:35:00+00:00", "title": "Un si grand soleil"}, {"desc": "Kira compte raconter son histoire au journal. En ce qui concerne l'enqu\u00eate, un nouvel \u00e9l\u00e9ment change la donne pour Muriel.", "start_date": "2026-09-02T18:00:00+00:00", "title": "Un si grand soleil"}, {"desc": "Lucas pr\u00e9pare une grosse surprise \u00e0 Emma. De son c\u00f4t\u00e9, Eve soup\u00e7onne Muriel d'en savoir plus sur l'enqu\u00eate qu'elle ne le dit.", "start_date": "2026-09-02T18:30:00+00:00", "title": "Un si grand soleil"}, {"desc": "Kira peine \u00e0 faire valoir son article au sein de la r\u00e9daction. Quant \u00e0 Muriel, elle est pr\u00eate \u00e0 prendre de gros risques pour sauver Boris.", "start_date": "2026-09-02T19:00:00+00:00", "title": "Un si grand soleil"}, {"desc": "Pour compl\u00e9ter le portrait de l'information francophone, on propose le Journal Suisse de la RTS. Pour un point de vue diff\u00e9rent, une information privil\u00e9gi\u00e9e et une meilleure compr\u00e9hension sur les enjeux qui nous entourent.", "start_date": "2026-09-02T19:30:00+00:00", "title": "Journal Suisse"}, {"desc": "Embl\u00e8me de la cha\u00eene des Puys, des volcans endormis depuis 11 000 ans, le Puy-de-D\u00f4me est l'un des endroits fran\u00e7ais les plus r\u00e9put\u00e9s parmi les adeptes du parapente qui aiment se jeter dans le vide sous l'oeil impressionn\u00e9 des visiteurs de passage.", "start_date": "2026-09-02T20:00:00+00:00", "title": "Les 100 lieux qu'il faut voir"}, {"desc": "Le jeu dans lequel tout le monde peut devenir champion ; un jeu-questionnaire, des candidats, et un champion que tous r\u00eavent de d\u00e9loger.", "start_date": "2026-09-02T21:00:00+00:00", "title": "Tout le monde veut prendre sa place"}, {"desc": "Trois candidats s'affrontent sur des grilles de mots fl\u00e9ch\u00e9s qu'ils tentent de remplir en trouvant les r\u00e9ponses aux d\u00e9finitions propos\u00e9es ; mais pour avoir acc\u00e8s aux d\u00e9finitions, ils doivent d'abord r\u00e9pondre \u00e0 des questions.", "start_date": "2026-09-02T21:50:00+00:00", "title": "Slam"}, {"desc": "Les derniers d\u00e9veloppements des dossiers internationaux d'un point de vue europ\u00e9en.", "start_date": "2026-09-02T22:30:00+00:00", "title": "Le journal de France 2"}, {"desc": "Bien plus qu'une simple comp\u00e9tition sportive, le Tour de France est un mythe national, une f\u00eate populaire et un symbole de la culture fran\u00e7aise. \u00c0 travers le r\u00e9cit de Christian Laborde, retour sur la plus grande course cycliste du monde.", "start_date": "2026-09-02T23:00:00+00:00", "title": "Dictionnaire amoureux"}, {"desc": "La vie n'est pas simple pour Val\u00e9rie et Saman; la conseill\u00e8re en investissement travaille beaucoup et le sportif de l'extr\u00eame part seul dans les montagnes valaisannes; \u00e0 Salvador de Bahia au Br\u00e9sil, Alain se marie avec Reyce dans une villa de luxe.", "start_date": "2026-09-03T00:00:00+00:00", "title": "60 jours pour se marier"}, {"desc": "Une famille venant de Paris vit totalement repli\u00e9e sur elle-m\u00eame, dans un petit village du Larzac. \u00c0 l'\u00e9t\u00e9 2019, la grand-m\u00e8re appelle les gendarmes pour pr\u00e9venir qu'un drame se d\u00e9roule. Les victimes: Samantha Adde et sa fille Ombeline, 20 mois.", "start_date": "2026-09-03T01:00:00+00:00", "title": "Au bout de l'enqu\u00eate, la fin du crime parfait?"}, {"desc": "\u00c9ric Perez, un voyou indic de Patrick, cherche \u00e0 pr\u00e9venir Sa\u00efd qu'une guerre des gangs menace d'embraser la capitale; une fusillade \u00e9clate, un homme et un enfant sont \u00e0 terre.", "start_date": "2026-09-03T02:00:00+00:00", "title": "B.R.I"}, {"desc": "Invit\u00e9s et journalistes analysent les grands faits du moment, mais \u00e9galement les sujets qui font pol\u00e9miques, nous permettant ainsi de mieux comprendre l'actualit\u00e9 sociale, politique, culturelle qui rythme notre quotidien.", "start_date": "2026-09-03T03:00:00+00:00", "title": "C dans l'air"}, {"desc": "TV5 propose en exclusivit\u00e9 le Journal Afrique, un rendez-vous avec l'actualit\u00e9 panafricaine. Pour un point de vue diff\u00e9rent, une information privil\u00e9gi\u00e9e et une meilleure compr\u00e9hension sur les enjeux qui nous entourent.", "start_date": "2026-09-03T04:15:00+00:00", "title": "Journal Afrique"}, {"desc": "Le journal de TV MONACO.", "start_date": "2026-09-03T04:45:00+00:00", "title": "Journal TV Monaco"}, {"desc": "D\u00e9couverte et visite du Touquet-Paris-Plage, la station baln\u00e9aire situ\u00e9e sur la C\u00f4te d'Opale, au sud de Boulogne-sur-Mer, au bord de la Manche et \u00e0 l'embouchure de la Canche.", "start_date": "2026-09-03T05:15:00+00:00", "title": "Les gens des Hauts"}, {"desc": "Du jour au lendemain, Rapha\u00ebl se retrouve plong\u00e9 dans un monde o\u00f9 il n'a jamais rencontr\u00e9 Olivia, la femme de sa vie. Rapha\u00ebl doit reconqu\u00e9rir sa femme, devenue une parfaite inconnue.", "start_date": "2026-09-03T05:45:00+00:00", "title": "Mon inconnue"}, {"desc": "Nans et Mouts quittent le village de Guillaume, dans l'arri\u00e8re-pays ni\u00e7ois, avec pour objectif de d\u00e9poser un tr\u00e9sor dans la M\u00e9diterran\u00e9e. Ils vont devoir cheminer jusqu'\u00e0 la mer, trouver un tr\u00e9sor et apprendre la plong\u00e9e en apn\u00e9e.", "start_date": "2026-09-03T08:00:00+00:00", "title": "Nus et culott\u00e9s"}, {"desc": "D\u00e9couverte et visite du Touquet-Paris-Plage, la station baln\u00e9aire situ\u00e9e sur la C\u00f4te d'Opale, au sud de Boulogne-sur-Mer, au bord de la Manche et \u00e0 l'embouchure de la Canche.", "start_date": "2026-09-03T09:00:00+00:00", "title": "Les gens des Hauts"}, {"desc": "Coralie et \u00c9l\u00e9onore ont investi un ancien h\u00f4tel datant du 20e si\u00e8cle, pr\u00e8s de Reims, pour en faire leur maison de campagne partag\u00e9e.", "start_date": "2026-09-03T09:30:00+00:00", "title": "Cosy, le mag d\u00e9co"}, {"desc": "Claudia se rend \u00e0 C\u00f3rdoba, en Argentine, pour d\u00e9couvrir l'histoire touchante de Kai Pacha et Estanislao, un puma aveugle qu'elle a \u00e9lev\u00e9 et avec qui elle entretient une relation unique.", "start_date": "2026-09-03T10:00:00+00:00", "title": "Connexion sauvage"}, {"desc": "L'Argentine a de quoi \u00eatre fi\u00e8re de sa laine, son cuir et ses autres textiles ; Karine Vanasse d\u00e9barque \u00e0 Buenos Aires pour rencontrer des cr\u00e9ateurs qui ont le sens du style, mais aussi le souci d'adapter leurs cr\u00e9ations au climat chaud du pays.", "start_date": "2026-09-03T11:00:00+00:00", "title": "Cousu"}, {"desc": "En 2001, une prouesse technologique exceptionnelle d\u00e9clenche un engouement m\u00e9diatique: le mont Blanc ne mesure pas 4807 m\u00e8tres, mais 4810 m\u00e8tres; depuis, sa mesure exacte a lieu tous les deux ans, avec une pr\u00e9cision toujours plus affirm\u00e9e.", "start_date": "2026-09-03T12:00:00+00:00", "title": "Chroniques d'en haut"}, {"desc": "Pour un point de vue diff\u00e9rent, un regard \u00e9largi, une nouvelle intelligente et une information privil\u00e9gi\u00e9e. Chaque jour, pour compl\u00e9ter le portrait de l'info francophone, TV5 propose en exclusivit\u00e9 le Journal belge de la RTBF.", "start_date": "2026-09-03T12:30:00+00:00", "title": "Journal Belge"}, {"desc": "Embl\u00e8me de la cha\u00eene des Puys, des volcans endormis depuis 11 000 ans, le Puy-de-D\u00f4me est l'un des endroits fran\u00e7ais les plus r\u00e9put\u00e9s parmi les adeptes du parapente qui aiment se jeter dans le vide sous l'oeil impressionn\u00e9 des visiteurs de passage.", "start_date": "2026-09-03T13:00:00+00:00", "title": "Les 100 lieux qu'il faut voir"}, {"desc": "Le jeu dans lequel tout le monde peut devenir champion ; un jeu-questionnaire, des candidats, et un champion que tous r\u00eavent de d\u00e9loger.", "start_date": "2026-09-03T14:00:00+00:00", "title": "Tout le monde veut prendre sa place"}, {"desc": "Invit\u00e9s et journalistes analysent les grands faits du moment, mais \u00e9galement les sujets qui font pol\u00e9miques, nous permettant ainsi de mieux comprendre l'actualit\u00e9 sociale, politique, culturelle qui rythme notre quotidien.", "start_date": "2026-09-03T14:50:00+00:00", "title": "C dans l'air"}, {"desc": "Le nouveau rendez-vous de l'information et de la culture francophone.", "start_date": "2026-09-03T16:00:00+00:00", "title": "64', le monde en fran\u00e7ais"}, {"desc": "Oph\u00e9lie d\u00e9cide de prendre les choses en main en confrontant Vanessa. Pour Idriss, l'heure est aux retrouvailles comme aux nouveaux projets. Au quartier du Mistral, malgr\u00e9 l'amour dans l'air, certains doivent assumer leurs responsabilit\u00e9s.", "start_date": "2026-09-03T17:05:00+00:00", "title": "Plus belle la vie, encore plus belle"}, {"desc": "Oph\u00e9lie est en mauvaise posture et Vanessa met tout en oeuvre pour lui venir en aide. Un quiproquo oblige Ariane \u00e0 agir vite et discr\u00e8tement au commissariat. De son c\u00f4t\u00e9, Baptiste trouvera-t-il le courage d'annoncer \u00e0 ses proches une triste nouvelle?", "start_date": "2026-09-03T17:35:00+00:00", "title": "Plus belle la vie, encore plus belle"}, {"desc": "Le temps presse pour Vanessa alors qu'Oph\u00e9lie se trouve dans une situation p\u00e9rilleuse. Des diff\u00e9rends professionnels vont-ils venir ternir la relation de Baptiste avec son p\u00e8re? Au cabinet m\u00e9dical, L\u00e9a re\u00e7oit une patiente quelque peu r\u00e9ticente.", "start_date": "2026-09-03T18:00:00+00:00", "title": "Plus belle la vie, encore plus belle"}, {"desc": "Au comble du stress, Vanessa et Ulysse font une d\u00e9couverte qui va tout changer. Au Mistral, les th\u00e9ories sur les petits secrets d'Ariane vont bon train. De son c\u00f4t\u00e9, L\u00e9a fait preuve de maladresse avec sa nouvelle patiente.", "start_date": "2026-09-03T18:30:00+00:00", "title": "Plus belle la vie, encore plus belle"}, {"desc": "Apolline, fid\u00e8le \u00e0 Vanessa, met tout en oeuvre pour la pr\u00e9venir d'un danger. Djawad, quant \u00e0 lui, refuse de rester passif face aux probl\u00e8mes d'Ariane. Malgr\u00e9 les doutes de certains proches, Baptiste est d\u00e9termin\u00e9 \u00e0 s'en sortir.", "start_date": "2026-09-03T18:55:00+00:00", "title": "Plus belle la vie, encore plus belle"}, {"desc": "Pour compl\u00e9ter le portrait de l'information francophone, on propose le Journal Suisse de la RTS. Pour un point de vue diff\u00e9rent, une information privil\u00e9gi\u00e9e et une meilleure compr\u00e9hension sur les enjeux qui nous entourent.", "start_date": "2026-09-03T19:30:00+00:00", "title": "Journal Suisse"}, {"desc": "Depuis l'envo\u00fbtant lac du Bourget et les tr\u00e9sors d'Aix-les-Bains jusqu'aux confins de la Haute Maurienne en passant par les incontournables bijoux du Beaufortain, on d\u00e9couvre les plus belles p\u00e9pites de la r\u00e9gion de montagnards.", "start_date": "2026-09-03T20:00:00+00:00", "title": "Les 100 lieux qu'il faut voir"}, {"desc": "Le jeu dans lequel tout le monde peut devenir champion ; un jeu-questionnaire, des candidats, et un champion que tous r\u00eavent de d\u00e9loger.", "start_date": "2026-09-03T21:00:00+00:00", "title": "Tout le monde veut prendre sa place"}, {"desc": "Trois candidats s'affrontent sur des grilles de mots fl\u00e9ch\u00e9s qu'ils tentent de remplir en trouvant les r\u00e9ponses aux d\u00e9finitions propos\u00e9es ; mais pour avoir acc\u00e8s aux d\u00e9finitions, ils doivent d'abord r\u00e9pondre \u00e0 des questions.", "start_date": "2026-09-03T21:50:00+00:00", "title": "Slam"}, {"desc": "Les derniers d\u00e9veloppements des dossiers internationaux d'un point de vue europ\u00e9en.", "start_date": "2026-09-03T22:30:00+00:00", "title": "Le journal de France 2"}, {"desc": "Longtemps situ\u00e9es \u00e0 l'\u00e9cart des grands axes, les vall\u00e9es entourant le Rh\u00f4ne autour de Mont\u00e9limar rec\u00e8lent de nombreux tr\u00e9sors. Ces territoires singuliers, au carrefour des influences alpines et m\u00e9diterran\u00e9ennes, portent des noms m\u00e9connus : Comtat Venaissin, Baronnies proven\u00e7ales, Diois, Dr\u00f4me. Ici, on f\u00eate le tilleul, la lavande, les vendanges.", "start_date": "2026-09-03T23:00:00+00:00", "title": "Dr\u00f4me, la France au naturel"}, {"desc": "Long de 1750 kilom\u00e8tres, le fleuve Congo est aussi vaste qu'impr\u00e9visible; c'est le plus puissant d'Afrique et l'un des plus dangereux du monde; chaque ann\u00e9e, il engloutit des embarcations enti\u00e8res et fait des centaines de victimes.", "start_date": "2026-09-04T00:00:00+00:00", "title": "Les routes de l'impossible"}], "offset": "+00:00", "timezone": "UTC", "error_code": -1, "start_date": "2026-09-02", "icon": ""}